{"id":116383,"date":"2025-05-23T11:45:27","date_gmt":"2025-05-23T17:45:27","guid":{"rendered":"https:\/\/quehacerpolitico.mx\/?p=116383"},"modified":"2025-05-23T11:45:30","modified_gmt":"2025-05-23T17:45:30","slug":"sheinbaum-celebra-sentencia-contra-garcia-luna-en-eu","status":"publish","type":"post","link":"https:\/\/quehacerpolitico.mx\/?p=116383","title":{"rendered":"Sheinbaum celebra sentencia contra Garc\u00eda Luna en EU"},"content":{"rendered":"\n<p>Por Redacci\u00f3n QP<\/p>\n\n\n\n<p>La Mandataria se\u00f1al\u00f3 que la sentencia es \u201cmuy importante\u201d, pues con ello se reconoce que \u201chab\u00eda un modus operandi de esta persona con funcionarios\u201d<\/p>\n\n\n\n<p>Claudia Sheinbaum, tras la sentencia contra el exsecretario de Seguridad P\u00fablica del pa\u00eds,&nbsp;<mark>Genaro Garc\u00eda Luna<\/mark>, y su esposa,&nbsp;<mark>Linda Cristina Pereyra<\/mark>, consider\u00f3 este viernes, durante &#8220;La Ma\u00f1anera&#8221;, que &#8220;hay justicia&#8221;.<\/p>\n\n\n\n<p><mark><strong>Garc\u00eda Luna y su esposa deber\u00e1n pagar en conjunto 2 mil 488 millones de d\u00f3lares al Estado mexicano<\/strong><\/mark>&nbsp;por su participaci\u00f3n en una red de sobornos en licitaciones p\u00fablicas.<\/p>\n\n\n\n<figure class=\"wp-block-embed is-type-rich is-provider-twitter wp-block-embed-twitter\"><div class=\"wp-block-embed__wrapper\">\n<blockquote class=\"twitter-tweet\" data-width=\"550\" data-dnt=\"true\"><p lang=\"es\" dir=\"ltr\">El dinero \u20142,488 mdd\u2014 que se recuperar\u00e1 tras la sentencia contra Genaro Garc\u00eda Luna y su esposa equivale a 48 mil mdp, lo que representa todo un a\u00f1o del programa Mujeres Bienestar o la inversi\u00f3n en el tren a Pachuca, explic\u00f3 <a href=\"https:\/\/twitter.com\/Claudiashein?ref_src=twsrc%5Etfw\">@Claudiashein<\/a>. <a href=\"https:\/\/t.co\/ayEpCKDwDP\">pic.twitter.com\/ayEpCKDwDP<\/a><\/p>&mdash; Manuel Lopez San Martin (@MLopezSanMartin) <a href=\"https:\/\/twitter.com\/MLopezSanMartin\/status\/1925937725577859291?ref_src=twsrc%5Etfw\">May 23, 2025<\/a><\/blockquote><script async src=\"https:\/\/platform.twitter.com\/widgets.js\" charset=\"utf-8\"><\/script>\n<\/div><\/figure>\n\n\n\n<p>&#8220;Hay justicia. Que el problema no solamente es de este personaje y su vinculaci\u00f3n con la delincuencia organizada, sino que adem\u00e1s&nbsp;<strong>despu\u00e9s de que sali\u00f3 del Gobierno segu\u00eda haciendo negocios con recursos p\u00fablicos<\/strong>&#8220;, se\u00f1al\u00f3 la Mandataria.<\/p>\n\n\n\n<p>La Presidenta reaccion\u00f3 as\u00ed a&nbsp;<mark>la sentencia dictada por la jueza Lisa Walsh, de la corte del condado de Miami<\/mark>, tras la demanda interpuesta por el Gobierno de M\u00e9xico contra el exfuncionario, quien est\u00e1 preso en Estados Unidos luego de ser&nbsp;<strong>condenado por tr\u00e1fico de drogas, lavado de dinero, conspiraci\u00f3n y enriquecimiento il\u00edcito<\/strong>.<\/p>\n\n\n\n<p>Garc\u00eda Luna&nbsp;<mark><strong>fue jefe de seguridad en el sexenio del presidente Felipe Calder\u00f3n<\/strong><\/mark>, y ahora&nbsp;<mark><strong>deber\u00e1 pagar al Estado mexicano 748 millones 829 mil 676 d\u00f3lares<\/strong><\/mark>; su esposa, Linda Cristina, deber\u00e1 cubrir el monto de algo m\u00e1s de&nbsp;<strong>mil 740 millones de d\u00f3lares<\/strong>.<\/p>\n\n\n\n<p>Sheinbaum se\u00f1al\u00f3 que la sentencia es &#8220;muy importante&#8221;, ya que con ello se reconoce que &#8220;<strong>en efecto, hab\u00eda un modus operandi de esta persona con funcionarios<\/strong>&#8221; de los gobiernos de los expresidentes Felipe Calder\u00f3n y de Enrique Pe\u00f1a Nieto.<\/p>\n\n\n\n<p>Por su parte, el titular de la Unidad de Inteligencia Financiera (UIF), Pablo G\u00f3mez, afirm\u00f3 que&nbsp;<mark><strong>la resoluci\u00f3n de la jueza Walsh demuestra que exist\u00eda &#8220;una trama corrupta&#8221; durante los sexenios de Calder\u00f3n y Pe\u00f1a Nieto<\/strong><\/mark>&nbsp;y que el dinero que ser\u00e1 devuelto al Estado mexicano &#8220;fue producto de un esquema de defraudaci\u00f3n durante dos sexenios&#8221;.<\/p>\n\n\n\n<p>G\u00f3mez explic\u00f3 que entre 2009 y 2018, diversas dependencias del Gobierno federal otorgaron 30 contratos a empresas relacionadas con Garc\u00eda Luna y su esposa.<\/p>\n\n\n\n<p><strong>Garc\u00eda Luna cumple una condena de 39 a\u00f1os de prisi\u00f3n<\/strong>, luego de que un jurado en Nueva York lo declarara culpable de cinco delitos relacionados con el narcotr\u00e1fico y de mentir en su solicitud de ciudadan\u00eda estadounidense.<\/p>\n\n\n\n<p>El exfuncionario, de 56 a\u00f1os, que fue arrestado en Dallas en 2019,&nbsp;<strong>fue declarado culpable de tr\u00e1fico de coca\u00edna en febrero de 2023 por su relaci\u00f3n con una empresa criminal<\/strong>&nbsp;(el Cartel de Sinaloa) y de&nbsp;<strong>falso testimonio<\/strong>&nbsp;tras un juicio con jurado.<\/p>\n\n\n\n<p>Garc\u00eda Luna fue el m\u00e1ximo responsable de la seguridad p\u00fablica en el sexenio del presidente Felipe Calder\u00f3n, \u00e9poca en la que lider\u00f3 la estrategia de la conocida como &#8220;guerra contra las drogas&#8221;.<\/p>\n\n\n\n<p>Con informaci\u00f3n de EFE<\/p>\n","protected":false},"excerpt":{"rendered":"<p>Por Redacci\u00f3n QP La Mandataria se\u00f1al\u00f3 que la sentencia es \u201cmuy importante\u201d, pues con ello&#8230;<\/p>\n","protected":false},"author":2,"featured_media":116384,"comment_status":"open","ping_status":"open","sticky":false,"template":"","format":"standard","meta":{"_monsterinsights_skip_tracking":false,"_monsterinsights_sitenote_active":false,"_monsterinsights_sitenote_note":"","_monsterinsights_sitenote_category":0,"footnotes":""},"categories":[280,2],"tags":[],"class_list":["post-116383","post","type-post","status-publish","format-standard","has-post-thumbnail","hentry","category-nacionales","category-noticias"],"yoast_head":"<!-- This site is optimized with the Yoast SEO plugin v27.3 - https:\/\/yoast.com\/product\/yoast-seo-wordpress\/ -->\n<title>Sheinbaum celebra sentencia contra Garc\u00eda Luna en EU -<\/title>\n<meta name=\"robots\" content=\"index, follow, max-snippet:-1, max-image-preview:large, max-video-preview:-1\" \/>\n<link rel=\"canonical\" href=\"https:\/\/quehacerpolitico.mx\/?p=116383\" \/>\n<meta property=\"og:locale\" content=\"es_MX\" \/>\n<meta property=\"og:type\" content=\"article\" \/>\n<meta property=\"og:title\" content=\"Sheinbaum celebra sentencia contra Garc\u00eda Luna en EU -\" \/>\n<meta property=\"og:description\" content=\"Por Redacci\u00f3n QP La Mandataria se\u00f1al\u00f3 que la sentencia es \u201cmuy importante\u201d, pues con ello...\" \/>\n<meta property=\"og:url\" content=\"https:\/\/quehacerpolitico.mx\/?p=116383\" \/>\n<meta property=\"article:published_time\" content=\"2025-05-23T17:45:27+00:00\" \/>\n<meta property=\"article:modified_time\" content=\"2025-05-23T17:45:30+00:00\" \/>\n<meta property=\"og:image\" content=\"https:\/\/quehacerpolitico.mx\/wp-content\/uploads\/2025\/05\/IMG_0154.jpeg\" \/>\n\t<meta property=\"og:image:width\" content=\"1170\" \/>\n\t<meta property=\"og:image:height\" content=\"648\" \/>\n\t<meta property=\"og:image:type\" content=\"image\/jpeg\" \/>\n<meta name=\"author\" content=\"Redacci\u00f3n QP\" \/>\n<meta name=\"twitter:card\" content=\"summary_large_image\" \/>\n<meta name=\"twitter:label1\" content=\"Escrito por\" \/>\n\t<meta name=\"twitter:data1\" content=\"Redacci\u00f3n QP\" \/>\n\t<meta name=\"twitter:label2\" content=\"Tiempo de lectura\" \/>\n\t<meta name=\"twitter:data2\" content=\"3 minutos\" \/>\n<script type=\"application\/ld+json\" class=\"yoast-schema-graph\">{\"@context\":\"https:\\\/\\\/schema.org\",\"@graph\":[{\"@type\":\"Article\",\"@id\":\"https:\\\/\\\/quehacerpolitico.mx\\\/?p=116383#article\",\"isPartOf\":{\"@id\":\"https:\\\/\\\/quehacerpolitico.mx\\\/?p=116383\"},\"author\":{\"name\":\"Redacci\u00f3n QP\",\"@id\":\"https:\\\/\\\/quehacerpolitico.mx\\\/#\\\/schema\\\/person\\\/496d8ad2d1d3f8036101dca7ee39e585\"},\"headline\":\"Sheinbaum celebra sentencia contra Garc\u00eda Luna en EU\",\"datePublished\":\"2025-05-23T17:45:27+00:00\",\"dateModified\":\"2025-05-23T17:45:30+00:00\",\"mainEntityOfPage\":{\"@id\":\"https:\\\/\\\/quehacerpolitico.mx\\\/?p=116383\"},\"wordCount\":524,\"commentCount\":0,\"image\":{\"@id\":\"https:\\\/\\\/quehacerpolitico.mx\\\/?p=116383#primaryimage\"},\"thumbnailUrl\":\"https:\\\/\\\/quehacerpolitico.mx\\\/wp-content\\\/uploads\\\/2025\\\/05\\\/IMG_0154.jpeg\",\"articleSection\":[\"Nacionales\",\"Noticias\"],\"inLanguage\":\"es\",\"potentialAction\":[{\"@type\":\"CommentAction\",\"name\":\"Comment\",\"target\":[\"https:\\\/\\\/quehacerpolitico.mx\\\/?p=116383#respond\"]}]},{\"@type\":\"WebPage\",\"@id\":\"https:\\\/\\\/quehacerpolitico.mx\\\/?p=116383\",\"url\":\"https:\\\/\\\/quehacerpolitico.mx\\\/?p=116383\",\"name\":\"Sheinbaum celebra sentencia contra Garc\u00eda Luna en EU -\",\"isPartOf\":{\"@id\":\"https:\\\/\\\/quehacerpolitico.mx\\\/#website\"},\"primaryImageOfPage\":{\"@id\":\"https:\\\/\\\/quehacerpolitico.mx\\\/?p=116383#primaryimage\"},\"image\":{\"@id\":\"https:\\\/\\\/quehacerpolitico.mx\\\/?p=116383#primaryimage\"},\"thumbnailUrl\":\"https:\\\/\\\/quehacerpolitico.mx\\\/wp-content\\\/uploads\\\/2025\\\/05\\\/IMG_0154.jpeg\",\"datePublished\":\"2025-05-23T17:45:27+00:00\",\"dateModified\":\"2025-05-23T17:45:30+00:00\",\"author\":{\"@id\":\"https:\\\/\\\/quehacerpolitico.mx\\\/#\\\/schema\\\/person\\\/496d8ad2d1d3f8036101dca7ee39e585\"},\"breadcrumb\":{\"@id\":\"https:\\\/\\\/quehacerpolitico.mx\\\/?p=116383#breadcrumb\"},\"inLanguage\":\"es\",\"potentialAction\":[{\"@type\":\"ReadAction\",\"target\":[\"https:\\\/\\\/quehacerpolitico.mx\\\/?p=116383\"]}]},{\"@type\":\"ImageObject\",\"inLanguage\":\"es\",\"@id\":\"https:\\\/\\\/quehacerpolitico.mx\\\/?p=116383#primaryimage\",\"url\":\"https:\\\/\\\/quehacerpolitico.mx\\\/wp-content\\\/uploads\\\/2025\\\/05\\\/IMG_0154.jpeg\",\"contentUrl\":\"https:\\\/\\\/quehacerpolitico.mx\\\/wp-content\\\/uploads\\\/2025\\\/05\\\/IMG_0154.jpeg\",\"width\":1170,\"height\":648,\"caption\":\"Screenshot\"},{\"@type\":\"BreadcrumbList\",\"@id\":\"https:\\\/\\\/quehacerpolitico.mx\\\/?p=116383#breadcrumb\",\"itemListElement\":[{\"@type\":\"ListItem\",\"position\":1,\"name\":\"Inicio\",\"item\":\"https:\\\/\\\/quehacerpolitico.mx\\\/\"},{\"@type\":\"ListItem\",\"position\":2,\"name\":\"Sheinbaum celebra sentencia contra Garc\u00eda Luna en EU\"}]},{\"@type\":\"WebSite\",\"@id\":\"https:\\\/\\\/quehacerpolitico.mx\\\/#website\",\"url\":\"https:\\\/\\\/quehacerpolitico.mx\\\/\",\"name\":\"\",\"description\":\"\",\"potentialAction\":[{\"@type\":\"SearchAction\",\"target\":{\"@type\":\"EntryPoint\",\"urlTemplate\":\"https:\\\/\\\/quehacerpolitico.mx\\\/?s={search_term_string}\"},\"query-input\":{\"@type\":\"PropertyValueSpecification\",\"valueRequired\":true,\"valueName\":\"search_term_string\"}}],\"inLanguage\":\"es\"},{\"@type\":\"Person\",\"@id\":\"https:\\\/\\\/quehacerpolitico.mx\\\/#\\\/schema\\\/person\\\/496d8ad2d1d3f8036101dca7ee39e585\",\"name\":\"Redacci\u00f3n QP\",\"image\":{\"@type\":\"ImageObject\",\"inLanguage\":\"es\",\"@id\":\"https:\\\/\\\/secure.gravatar.com\\\/avatar\\\/c7164ed6fdec453195284ad24a5ae5b6e1eed2b848477fa2a4787ba9adf39a41?s=96&d=mm&r=g\",\"url\":\"https:\\\/\\\/secure.gravatar.com\\\/avatar\\\/c7164ed6fdec453195284ad24a5ae5b6e1eed2b848477fa2a4787ba9adf39a41?s=96&d=mm&r=g\",\"contentUrl\":\"https:\\\/\\\/secure.gravatar.com\\\/avatar\\\/c7164ed6fdec453195284ad24a5ae5b6e1eed2b848477fa2a4787ba9adf39a41?s=96&d=mm&r=g\",\"caption\":\"Redacci\u00f3n QP\"},\"url\":\"https:\\\/\\\/quehacerpolitico.mx\\\/?author=2\"}]}<\/script>\n<!-- \/ Yoast SEO plugin. -->","yoast_head_json":{"title":"Sheinbaum celebra sentencia contra Garc\u00eda Luna en EU -","robots":{"index":"index","follow":"follow","max-snippet":"max-snippet:-1","max-image-preview":"max-image-preview:large","max-video-preview":"max-video-preview:-1"},"canonical":"https:\/\/quehacerpolitico.mx\/?p=116383","og_locale":"es_MX","og_type":"article","og_title":"Sheinbaum celebra sentencia contra Garc\u00eda Luna en EU -","og_description":"Por Redacci\u00f3n QP La Mandataria se\u00f1al\u00f3 que la sentencia es \u201cmuy importante\u201d, pues con ello...","og_url":"https:\/\/quehacerpolitico.mx\/?p=116383","article_published_time":"2025-05-23T17:45:27+00:00","article_modified_time":"2025-05-23T17:45:30+00:00","og_image":[{"width":1170,"height":648,"url":"https:\/\/quehacerpolitico.mx\/wp-content\/uploads\/2025\/05\/IMG_0154.jpeg","type":"image\/jpeg"}],"author":"Redacci\u00f3n QP","twitter_card":"summary_large_image","twitter_misc":{"Escrito por":"Redacci\u00f3n QP","Tiempo de lectura":"3 minutos"},"schema":{"@context":"https:\/\/schema.org","@graph":[{"@type":"Article","@id":"https:\/\/quehacerpolitico.mx\/?p=116383#article","isPartOf":{"@id":"https:\/\/quehacerpolitico.mx\/?p=116383"},"author":{"name":"Redacci\u00f3n QP","@id":"https:\/\/quehacerpolitico.mx\/#\/schema\/person\/496d8ad2d1d3f8036101dca7ee39e585"},"headline":"Sheinbaum celebra sentencia contra Garc\u00eda Luna en EU","datePublished":"2025-05-23T17:45:27+00:00","dateModified":"2025-05-23T17:45:30+00:00","mainEntityOfPage":{"@id":"https:\/\/quehacerpolitico.mx\/?p=116383"},"wordCount":524,"commentCount":0,"image":{"@id":"https:\/\/quehacerpolitico.mx\/?p=116383#primaryimage"},"thumbnailUrl":"https:\/\/quehacerpolitico.mx\/wp-content\/uploads\/2025\/05\/IMG_0154.jpeg","articleSection":["Nacionales","Noticias"],"inLanguage":"es","potentialAction":[{"@type":"CommentAction","name":"Comment","target":["https:\/\/quehacerpolitico.mx\/?p=116383#respond"]}]},{"@type":"WebPage","@id":"https:\/\/quehacerpolitico.mx\/?p=116383","url":"https:\/\/quehacerpolitico.mx\/?p=116383","name":"Sheinbaum celebra sentencia contra Garc\u00eda Luna en EU -","isPartOf":{"@id":"https:\/\/quehacerpolitico.mx\/#website"},"primaryImageOfPage":{"@id":"https:\/\/quehacerpolitico.mx\/?p=116383#primaryimage"},"image":{"@id":"https:\/\/quehacerpolitico.mx\/?p=116383#primaryimage"},"thumbnailUrl":"https:\/\/quehacerpolitico.mx\/wp-content\/uploads\/2025\/05\/IMG_0154.jpeg","datePublished":"2025-05-23T17:45:27+00:00","dateModified":"2025-05-23T17:45:30+00:00","author":{"@id":"https:\/\/quehacerpolitico.mx\/#\/schema\/person\/496d8ad2d1d3f8036101dca7ee39e585"},"breadcrumb":{"@id":"https:\/\/quehacerpolitico.mx\/?p=116383#breadcrumb"},"inLanguage":"es","potentialAction":[{"@type":"ReadAction","target":["https:\/\/quehacerpolitico.mx\/?p=116383"]}]},{"@type":"ImageObject","inLanguage":"es","@id":"https:\/\/quehacerpolitico.mx\/?p=116383#primaryimage","url":"https:\/\/quehacerpolitico.mx\/wp-content\/uploads\/2025\/05\/IMG_0154.jpeg","contentUrl":"https:\/\/quehacerpolitico.mx\/wp-content\/uploads\/2025\/05\/IMG_0154.jpeg","width":1170,"height":648,"caption":"Screenshot"},{"@type":"BreadcrumbList","@id":"https:\/\/quehacerpolitico.mx\/?p=116383#breadcrumb","itemListElement":[{"@type":"ListItem","position":1,"name":"Inicio","item":"https:\/\/quehacerpolitico.mx\/"},{"@type":"ListItem","position":2,"name":"Sheinbaum celebra sentencia contra Garc\u00eda Luna en EU"}]},{"@type":"WebSite","@id":"https:\/\/quehacerpolitico.mx\/#website","url":"https:\/\/quehacerpolitico.mx\/","name":"","description":"","potentialAction":[{"@type":"SearchAction","target":{"@type":"EntryPoint","urlTemplate":"https:\/\/quehacerpolitico.mx\/?s={search_term_string}"},"query-input":{"@type":"PropertyValueSpecification","valueRequired":true,"valueName":"search_term_string"}}],"inLanguage":"es"},{"@type":"Person","@id":"https:\/\/quehacerpolitico.mx\/#\/schema\/person\/496d8ad2d1d3f8036101dca7ee39e585","name":"Redacci\u00f3n QP","image":{"@type":"ImageObject","inLanguage":"es","@id":"https:\/\/secure.gravatar.com\/avatar\/c7164ed6fdec453195284ad24a5ae5b6e1eed2b848477fa2a4787ba9adf39a41?s=96&d=mm&r=g","url":"https:\/\/secure.gravatar.com\/avatar\/c7164ed6fdec453195284ad24a5ae5b6e1eed2b848477fa2a4787ba9adf39a41?s=96&d=mm&r=g","contentUrl":"https:\/\/secure.gravatar.com\/avatar\/c7164ed6fdec453195284ad24a5ae5b6e1eed2b848477fa2a4787ba9adf39a41?s=96&d=mm&r=g","caption":"Redacci\u00f3n QP"},"url":"https:\/\/quehacerpolitico.mx\/?author=2"}]}},"featured_image_urls":{"full":["https:\/\/quehacerpolitico.mx\/wp-content\/uploads\/2025\/05\/IMG_0154.jpeg",1170,648,false],"thumbnail":["https:\/\/quehacerpolitico.mx\/wp-content\/uploads\/2025\/05\/IMG_0154-150x150.jpeg",150,150,true],"medium":["https:\/\/quehacerpolitico.mx\/wp-content\/uploads\/2025\/05\/IMG_0154-300x166.jpeg",300,166,true],"medium_large":["https:\/\/quehacerpolitico.mx\/wp-content\/uploads\/2025\/05\/IMG_0154-768x425.jpeg",640,354,true],"large":["https:\/\/quehacerpolitico.mx\/wp-content\/uploads\/2025\/05\/IMG_0154-1024x567.jpeg",640,354,true],"1536x1536":["https:\/\/quehacerpolitico.mx\/wp-content\/uploads\/2025\/05\/IMG_0154.jpeg",1170,648,false],"2048x2048":["https:\/\/quehacerpolitico.mx\/wp-content\/uploads\/2025\/05\/IMG_0154.jpeg",1170,648,false],"covernews-featured":["https:\/\/quehacerpolitico.mx\/wp-content\/uploads\/2025\/05\/IMG_0154-1024x567.jpeg",1024,567,true],"covernews-medium":["https:\/\/quehacerpolitico.mx\/wp-content\/uploads\/2025\/05\/IMG_0154-540x340.jpeg",540,340,true]},"author_info":{"display_name":"Redacci\u00f3n QP","author_link":"https:\/\/quehacerpolitico.mx\/?author=2"},"category_info":"<a href=\"https:\/\/quehacerpolitico.mx\/?cat=280\" rel=\"category\">Nacionales<\/a> <a href=\"https:\/\/quehacerpolitico.mx\/?cat=2\" rel=\"category\">Noticias<\/a>","tag_info":"Noticias","comment_count":"0","_links":{"self":[{"href":"https:\/\/quehacerpolitico.mx\/index.php?rest_route=\/wp\/v2\/posts\/116383","targetHints":{"allow":["GET"]}}],"collection":[{"href":"https:\/\/quehacerpolitico.mx\/index.php?rest_route=\/wp\/v2\/posts"}],"about":[{"href":"https:\/\/quehacerpolitico.mx\/index.php?rest_route=\/wp\/v2\/types\/post"}],"author":[{"embeddable":true,"href":"https:\/\/quehacerpolitico.mx\/index.php?rest_route=\/wp\/v2\/users\/2"}],"replies":[{"embeddable":true,"href":"https:\/\/quehacerpolitico.mx\/index.php?rest_route=%2Fwp%2Fv2%2Fcomments&post=116383"}],"version-history":[{"count":1,"href":"https:\/\/quehacerpolitico.mx\/index.php?rest_route=\/wp\/v2\/posts\/116383\/revisions"}],"predecessor-version":[{"id":116385,"href":"https:\/\/quehacerpolitico.mx\/index.php?rest_route=\/wp\/v2\/posts\/116383\/revisions\/116385"}],"wp:featuredmedia":[{"embeddable":true,"href":"https:\/\/quehacerpolitico.mx\/index.php?rest_route=\/wp\/v2\/media\/116384"}],"wp:attachment":[{"href":"https:\/\/quehacerpolitico.mx\/index.php?rest_route=%2Fwp%2Fv2%2Fmedia&parent=116383"}],"wp:term":[{"taxonomy":"category","embeddable":true,"href":"https:\/\/quehacerpolitico.mx\/index.php?rest_route=%2Fwp%2Fv2%2Fcategories&post=116383"},{"taxonomy":"post_tag","embeddable":true,"href":"https:\/\/quehacerpolitico.mx\/index.php?rest_route=%2Fwp%2Fv2%2Ftags&post=116383"}],"curies":[{"name":"wp","href":"https:\/\/api.w.org\/{rel}","templated":true}]}}