{"id":116377,"date":"2025-05-23T11:27:33","date_gmt":"2025-05-23T17:27:33","guid":{"rendered":"https:\/\/quehacerpolitico.mx\/?p=116377"},"modified":"2025-05-23T11:27:37","modified_gmt":"2025-05-23T17:27:37","slug":"retiran-concesion-del-parque-bicentenario","status":"publish","type":"post","link":"https:\/\/quehacerpolitico.mx\/?p=116377","title":{"rendered":"Retiran concesi\u00f3n del Parque Bicentenario"},"content":{"rendered":"\n<p>Por Redacci\u00f3n QP<\/p>\n\n\n\n<p>El sitio quedar\u00e1 a cargo de la Secretar\u00eda de Cultura, de acuerdo con lo establecido en el DOF<\/p>\n\n\n\n<p>El d\u00eda de hoy el&nbsp;<strong>Gobierno federal&nbsp;<\/strong>anunci\u00f3 que ha retirado la concesi\u00f3n del&nbsp;<strong>Parque Bicentenario&nbsp;<\/strong>a la empresa&nbsp;<strong>Operadora de Proyectos de Entretenimiento NLP, S.A. de C.V.<\/strong>&nbsp;Autoridades buscaban recuperar el parque tras el&nbsp;<strong>fallecimiento de dos fot\u00f3grafos q<\/strong>ue cubrian el&nbsp;<strong>Festival Ceremonia&nbsp;<\/strong>en abril.<\/p>\n\n\n\n<figure class=\"wp-block-embed is-type-rich is-provider-twitter wp-block-embed-twitter\"><div class=\"wp-block-embed__wrapper\">\n<blockquote class=\"twitter-tweet\" data-width=\"550\" data-dnt=\"true\"><p lang=\"es\" dir=\"ltr\">Confirma <a href=\"https:\/\/twitter.com\/Claudiashein?ref_src=twsrc%5Etfw\">@Claudiashein<\/a> que el gobierno federal rescindi\u00f3 la concesi\u00f3n del <a href=\"https:\/\/twitter.com\/hashtag\/ParqueBicentenario?src=hash&amp;ref_src=twsrc%5Etfw\">#ParqueBicentenario<\/a> tras la muerte de dos fot\u00f3grafos en el festival Axe Ceremonia. Ahora ser\u00e1 administrado por la Secretar\u00eda de Cultura.<br><br>\u00bfY los responsables del evento? <a href=\"https:\/\/t.co\/uNXPOh3mJ1\">pic.twitter.com\/uNXPOh3mJ1<\/a><\/p>&mdash; Manuel Lopez San Martin (@MLopezSanMartin) <a href=\"https:\/\/twitter.com\/MLopezSanMartin\/status\/1925925183971295475?ref_src=twsrc%5Etfw\">May 23, 2025<\/a><\/blockquote><script async src=\"https:\/\/platform.twitter.com\/widgets.js\" charset=\"utf-8\"><\/script>\n<\/div><\/figure>\n\n\n\n<p>Lo anterior fue<strong>&nbsp;establecido en el Diario Oficial de la Naci\u00f3n (DOF)<\/strong>, en una declaratoria donde tambi\u00e9n se establece que<strong>&nbsp;el sitio quedar\u00e1 a cargo de la Secretar\u00eda de Cultura<\/strong>.<\/p>\n\n\n\n<p>En el documento se explica que el<strong>&nbsp;5 de abril de 2025&nbsp;<\/strong>durante un evento en el&nbsp;<strong>Parque Bicentenario&nbsp;<\/strong>&#8220;se suscit\u00f3 un&nbsp;<strong>incidente que atent\u00f3 contra la integridad de las personas que acudieron<\/strong>, es decir, el Concesionario dej\u00f3 de prever las medidas apropiadas para asegurar la integridad de los asistentes al evento, adem\u00e1s sin haber informado lo conducente a<strong>l Instituto de Administraci\u00f3n y Aval\u00faos de Bienes Nacionales<\/strong>&#8220;.<\/p>\n\n\n\n<p>&#8220;Por lo expuesto, y reiterando que es obligaci\u00f3n del Estado en t\u00e9rminos del art\u00edculo 1\u00b0 de la Constituci\u00f3n Pol\u00edtica de los Estados Unidos Mexicanos, &#8220;&#8230; promover, respetar, proteger y garantizar los derechos humanos&#8230;&#8221;, adem\u00e1s, de que el art\u00edculo 19 de la Ley General de Bienes Nacional, establece qu<strong>e el rescate de la concesi\u00f3n aplica por causas de utilidad, de inter\u00e9s p\u00fablico o de seguridad nacional,<\/strong>&nbsp;en el caso, se considera de&nbsp;<strong>inter\u00e9s p\u00fablico<\/strong>, a fin de que&nbsp;<strong>el Estado mismo sea el encargado de garantizar los referidos derechos<\/strong>&nbsp;fundamentales, como lo es la integridad y la vida de las personas.<\/p>\n\n\n\n<p>En ese contexto, tenemos que&nbsp;<strong>una de las obligaciones generales del Estado es la de proteger y salvaguardar la vida&nbsp;<\/strong>y la integridad de las personas, la cual, le impone el deber de asegurar que no sufran violaciones de derechos por parte de alg\u00fan particular&#8221;.<\/p>\n\n\n\n<p>La declaratoria tambi\u00e9n establece que el 9 de mayo de 2025, la&nbsp;<strong>Secretar\u00eda de Cultura<\/strong>, por conducto de su Direcci\u00f3n General de Administraci\u00f3n, solicit\u00f3 que el&nbsp;<strong>Parque Bicentenario&nbsp;<\/strong>le fuera destinado, para desarrollar &#8220;un&nbsp;<strong>proyecto cultural, que garantice el derecho humano a la cultura para todas las personas,<\/strong>&nbsp;bajo el principio de igualdad y no discriminaci\u00f3n&#8221;.<\/p>\n\n\n\n<h2 class=\"wp-block-heading\">Sheinbaum confirma recuperaci\u00f3n del Parque Bicentenario<\/h2>\n\n\n\n<p><mark>La<strong>&nbsp;Presidenta Claudia Sheinbaum Pardo confirm\u00f3 que el gobierno federal recuper\u00f3 el Parque Bicentenario<\/strong>&nbsp;-en donde en abril pasado durante el&nbsp;<strong>Festival Ceremonia<\/strong>, fallecieron dos fot\u00f3grafos \u2013 y el cual pasar\u00e1 a manos de la&nbsp;<strong>Secretar\u00eda de Cultura&nbsp;<\/strong>(<strong>SC<\/strong>).<\/mark><\/p>\n\n\n\n<p>La jefa del Ejecutivo federal indic\u00f3 que en la conferencia ma\u00f1anera,<strong>&nbsp;Claudia Curiel de Icaza<\/strong>, titular de la&nbsp;<strong>Secretar\u00eda de Cultura<\/strong>, dar\u00e1 los detalles de este retiro a la concesi\u00f3n de la e<strong>mpresa Operadora de Proyectos de Entretenimiento NLP, S.A. de C.V.<\/strong><\/p>\n\n\n\n<p>&#8220;Claudia (Curiel de Icaza) nos va a platicar porque el d\u00eda de<strong>&nbsp;hoy fue recuperado el<\/strong>&nbsp;<strong>Parque Bicentenario<\/strong>. Ya est\u00e1 en manos de la&nbsp;<strong>Secretar\u00eda de Cultura<\/strong>&nbsp;y ella nos va a platicar cu\u00e1les fueron las razones, cu\u00e1l fue el juicio que se llev\u00f3 a partir de las instituciones del gobierno de M\u00e9xico&#8221;, dijo en Palacio Nacional.<\/p>\n\n\n\n<p>Con informaci\u00f3n de SUN<\/p>\n","protected":false},"excerpt":{"rendered":"<p>Por Redacci\u00f3n QP El sitio quedar\u00e1 a cargo de la Secretar\u00eda de Cultura, de acuerdo&#8230;<\/p>\n","protected":false},"author":2,"featured_media":116378,"comment_status":"open","ping_status":"open","sticky":false,"template":"","format":"standard","meta":{"_monsterinsights_skip_tracking":false,"_monsterinsights_sitenote_active":false,"_monsterinsights_sitenote_note":"","_monsterinsights_sitenote_category":0,"footnotes":""},"categories":[280,2],"tags":[],"class_list":["post-116377","post","type-post","status-publish","format-standard","has-post-thumbnail","hentry","category-nacionales","category-noticias"],"yoast_head":"<!-- This site is optimized with the Yoast SEO plugin v27.3 - https:\/\/yoast.com\/product\/yoast-seo-wordpress\/ -->\n<title>Retiran concesi\u00f3n del Parque Bicentenario -<\/title>\n<meta name=\"robots\" content=\"index, follow, max-snippet:-1, max-image-preview:large, max-video-preview:-1\" \/>\n<link rel=\"canonical\" href=\"https:\/\/quehacerpolitico.mx\/?p=116377\" \/>\n<meta property=\"og:locale\" content=\"es_MX\" \/>\n<meta property=\"og:type\" content=\"article\" \/>\n<meta property=\"og:title\" content=\"Retiran concesi\u00f3n del Parque Bicentenario -\" \/>\n<meta property=\"og:description\" content=\"Por Redacci\u00f3n QP El sitio quedar\u00e1 a cargo de la Secretar\u00eda de Cultura, de acuerdo...\" \/>\n<meta property=\"og:url\" content=\"https:\/\/quehacerpolitico.mx\/?p=116377\" \/>\n<meta property=\"article:published_time\" content=\"2025-05-23T17:27:33+00:00\" \/>\n<meta property=\"article:modified_time\" content=\"2025-05-23T17:27:37+00:00\" \/>\n<meta property=\"og:image\" content=\"https:\/\/quehacerpolitico.mx\/wp-content\/uploads\/2025\/05\/IMG_0152.jpeg\" \/>\n\t<meta property=\"og:image:width\" content=\"1170\" \/>\n\t<meta property=\"og:image:height\" content=\"654\" \/>\n\t<meta property=\"og:image:type\" content=\"image\/jpeg\" \/>\n<meta name=\"author\" content=\"Redacci\u00f3n QP\" \/>\n<meta name=\"twitter:card\" content=\"summary_large_image\" \/>\n<meta name=\"twitter:label1\" content=\"Escrito por\" \/>\n\t<meta name=\"twitter:data1\" content=\"Redacci\u00f3n QP\" \/>\n\t<meta name=\"twitter:label2\" content=\"Tiempo de lectura\" \/>\n\t<meta name=\"twitter:data2\" content=\"3 minutos\" \/>\n<script type=\"application\/ld+json\" class=\"yoast-schema-graph\">{\"@context\":\"https:\\\/\\\/schema.org\",\"@graph\":[{\"@type\":\"Article\",\"@id\":\"https:\\\/\\\/quehacerpolitico.mx\\\/?p=116377#article\",\"isPartOf\":{\"@id\":\"https:\\\/\\\/quehacerpolitico.mx\\\/?p=116377\"},\"author\":{\"name\":\"Redacci\u00f3n QP\",\"@id\":\"https:\\\/\\\/quehacerpolitico.mx\\\/#\\\/schema\\\/person\\\/496d8ad2d1d3f8036101dca7ee39e585\"},\"headline\":\"Retiran concesi\u00f3n del Parque Bicentenario\",\"datePublished\":\"2025-05-23T17:27:33+00:00\",\"dateModified\":\"2025-05-23T17:27:37+00:00\",\"mainEntityOfPage\":{\"@id\":\"https:\\\/\\\/quehacerpolitico.mx\\\/?p=116377\"},\"wordCount\":600,\"commentCount\":0,\"image\":{\"@id\":\"https:\\\/\\\/quehacerpolitico.mx\\\/?p=116377#primaryimage\"},\"thumbnailUrl\":\"https:\\\/\\\/quehacerpolitico.mx\\\/wp-content\\\/uploads\\\/2025\\\/05\\\/IMG_0152.jpeg\",\"articleSection\":[\"Nacionales\",\"Noticias\"],\"inLanguage\":\"es\",\"potentialAction\":[{\"@type\":\"CommentAction\",\"name\":\"Comment\",\"target\":[\"https:\\\/\\\/quehacerpolitico.mx\\\/?p=116377#respond\"]}]},{\"@type\":\"WebPage\",\"@id\":\"https:\\\/\\\/quehacerpolitico.mx\\\/?p=116377\",\"url\":\"https:\\\/\\\/quehacerpolitico.mx\\\/?p=116377\",\"name\":\"Retiran concesi\u00f3n del Parque Bicentenario -\",\"isPartOf\":{\"@id\":\"https:\\\/\\\/quehacerpolitico.mx\\\/#website\"},\"primaryImageOfPage\":{\"@id\":\"https:\\\/\\\/quehacerpolitico.mx\\\/?p=116377#primaryimage\"},\"image\":{\"@id\":\"https:\\\/\\\/quehacerpolitico.mx\\\/?p=116377#primaryimage\"},\"thumbnailUrl\":\"https:\\\/\\\/quehacerpolitico.mx\\\/wp-content\\\/uploads\\\/2025\\\/05\\\/IMG_0152.jpeg\",\"datePublished\":\"2025-05-23T17:27:33+00:00\",\"dateModified\":\"2025-05-23T17:27:37+00:00\",\"author\":{\"@id\":\"https:\\\/\\\/quehacerpolitico.mx\\\/#\\\/schema\\\/person\\\/496d8ad2d1d3f8036101dca7ee39e585\"},\"breadcrumb\":{\"@id\":\"https:\\\/\\\/quehacerpolitico.mx\\\/?p=116377#breadcrumb\"},\"inLanguage\":\"es\",\"potentialAction\":[{\"@type\":\"ReadAction\",\"target\":[\"https:\\\/\\\/quehacerpolitico.mx\\\/?p=116377\"]}]},{\"@type\":\"ImageObject\",\"inLanguage\":\"es\",\"@id\":\"https:\\\/\\\/quehacerpolitico.mx\\\/?p=116377#primaryimage\",\"url\":\"https:\\\/\\\/quehacerpolitico.mx\\\/wp-content\\\/uploads\\\/2025\\\/05\\\/IMG_0152.jpeg\",\"contentUrl\":\"https:\\\/\\\/quehacerpolitico.mx\\\/wp-content\\\/uploads\\\/2025\\\/05\\\/IMG_0152.jpeg\",\"width\":1170,\"height\":654,\"caption\":\"Screenshot\"},{\"@type\":\"BreadcrumbList\",\"@id\":\"https:\\\/\\\/quehacerpolitico.mx\\\/?p=116377#breadcrumb\",\"itemListElement\":[{\"@type\":\"ListItem\",\"position\":1,\"name\":\"Inicio\",\"item\":\"https:\\\/\\\/quehacerpolitico.mx\\\/\"},{\"@type\":\"ListItem\",\"position\":2,\"name\":\"Retiran concesi\u00f3n del Parque Bicentenario\"}]},{\"@type\":\"WebSite\",\"@id\":\"https:\\\/\\\/quehacerpolitico.mx\\\/#website\",\"url\":\"https:\\\/\\\/quehacerpolitico.mx\\\/\",\"name\":\"\",\"description\":\"\",\"potentialAction\":[{\"@type\":\"SearchAction\",\"target\":{\"@type\":\"EntryPoint\",\"urlTemplate\":\"https:\\\/\\\/quehacerpolitico.mx\\\/?s={search_term_string}\"},\"query-input\":{\"@type\":\"PropertyValueSpecification\",\"valueRequired\":true,\"valueName\":\"search_term_string\"}}],\"inLanguage\":\"es\"},{\"@type\":\"Person\",\"@id\":\"https:\\\/\\\/quehacerpolitico.mx\\\/#\\\/schema\\\/person\\\/496d8ad2d1d3f8036101dca7ee39e585\",\"name\":\"Redacci\u00f3n QP\",\"image\":{\"@type\":\"ImageObject\",\"inLanguage\":\"es\",\"@id\":\"https:\\\/\\\/secure.gravatar.com\\\/avatar\\\/c7164ed6fdec453195284ad24a5ae5b6e1eed2b848477fa2a4787ba9adf39a41?s=96&d=mm&r=g\",\"url\":\"https:\\\/\\\/secure.gravatar.com\\\/avatar\\\/c7164ed6fdec453195284ad24a5ae5b6e1eed2b848477fa2a4787ba9adf39a41?s=96&d=mm&r=g\",\"contentUrl\":\"https:\\\/\\\/secure.gravatar.com\\\/avatar\\\/c7164ed6fdec453195284ad24a5ae5b6e1eed2b848477fa2a4787ba9adf39a41?s=96&d=mm&r=g\",\"caption\":\"Redacci\u00f3n QP\"},\"url\":\"https:\\\/\\\/quehacerpolitico.mx\\\/?author=2\"}]}<\/script>\n<!-- \/ Yoast SEO plugin. -->","yoast_head_json":{"title":"Retiran concesi\u00f3n del Parque Bicentenario -","robots":{"index":"index","follow":"follow","max-snippet":"max-snippet:-1","max-image-preview":"max-image-preview:large","max-video-preview":"max-video-preview:-1"},"canonical":"https:\/\/quehacerpolitico.mx\/?p=116377","og_locale":"es_MX","og_type":"article","og_title":"Retiran concesi\u00f3n del Parque Bicentenario -","og_description":"Por Redacci\u00f3n QP El sitio quedar\u00e1 a cargo de la Secretar\u00eda de Cultura, de acuerdo...","og_url":"https:\/\/quehacerpolitico.mx\/?p=116377","article_published_time":"2025-05-23T17:27:33+00:00","article_modified_time":"2025-05-23T17:27:37+00:00","og_image":[{"width":1170,"height":654,"url":"https:\/\/quehacerpolitico.mx\/wp-content\/uploads\/2025\/05\/IMG_0152.jpeg","type":"image\/jpeg"}],"author":"Redacci\u00f3n QP","twitter_card":"summary_large_image","twitter_misc":{"Escrito por":"Redacci\u00f3n QP","Tiempo de lectura":"3 minutos"},"schema":{"@context":"https:\/\/schema.org","@graph":[{"@type":"Article","@id":"https:\/\/quehacerpolitico.mx\/?p=116377#article","isPartOf":{"@id":"https:\/\/quehacerpolitico.mx\/?p=116377"},"author":{"name":"Redacci\u00f3n QP","@id":"https:\/\/quehacerpolitico.mx\/#\/schema\/person\/496d8ad2d1d3f8036101dca7ee39e585"},"headline":"Retiran concesi\u00f3n del Parque Bicentenario","datePublished":"2025-05-23T17:27:33+00:00","dateModified":"2025-05-23T17:27:37+00:00","mainEntityOfPage":{"@id":"https:\/\/quehacerpolitico.mx\/?p=116377"},"wordCount":600,"commentCount":0,"image":{"@id":"https:\/\/quehacerpolitico.mx\/?p=116377#primaryimage"},"thumbnailUrl":"https:\/\/quehacerpolitico.mx\/wp-content\/uploads\/2025\/05\/IMG_0152.jpeg","articleSection":["Nacionales","Noticias"],"inLanguage":"es","potentialAction":[{"@type":"CommentAction","name":"Comment","target":["https:\/\/quehacerpolitico.mx\/?p=116377#respond"]}]},{"@type":"WebPage","@id":"https:\/\/quehacerpolitico.mx\/?p=116377","url":"https:\/\/quehacerpolitico.mx\/?p=116377","name":"Retiran concesi\u00f3n del Parque Bicentenario -","isPartOf":{"@id":"https:\/\/quehacerpolitico.mx\/#website"},"primaryImageOfPage":{"@id":"https:\/\/quehacerpolitico.mx\/?p=116377#primaryimage"},"image":{"@id":"https:\/\/quehacerpolitico.mx\/?p=116377#primaryimage"},"thumbnailUrl":"https:\/\/quehacerpolitico.mx\/wp-content\/uploads\/2025\/05\/IMG_0152.jpeg","datePublished":"2025-05-23T17:27:33+00:00","dateModified":"2025-05-23T17:27:37+00:00","author":{"@id":"https:\/\/quehacerpolitico.mx\/#\/schema\/person\/496d8ad2d1d3f8036101dca7ee39e585"},"breadcrumb":{"@id":"https:\/\/quehacerpolitico.mx\/?p=116377#breadcrumb"},"inLanguage":"es","potentialAction":[{"@type":"ReadAction","target":["https:\/\/quehacerpolitico.mx\/?p=116377"]}]},{"@type":"ImageObject","inLanguage":"es","@id":"https:\/\/quehacerpolitico.mx\/?p=116377#primaryimage","url":"https:\/\/quehacerpolitico.mx\/wp-content\/uploads\/2025\/05\/IMG_0152.jpeg","contentUrl":"https:\/\/quehacerpolitico.mx\/wp-content\/uploads\/2025\/05\/IMG_0152.jpeg","width":1170,"height":654,"caption":"Screenshot"},{"@type":"BreadcrumbList","@id":"https:\/\/quehacerpolitico.mx\/?p=116377#breadcrumb","itemListElement":[{"@type":"ListItem","position":1,"name":"Inicio","item":"https:\/\/quehacerpolitico.mx\/"},{"@type":"ListItem","position":2,"name":"Retiran concesi\u00f3n del Parque Bicentenario"}]},{"@type":"WebSite","@id":"https:\/\/quehacerpolitico.mx\/#website","url":"https:\/\/quehacerpolitico.mx\/","name":"","description":"","potentialAction":[{"@type":"SearchAction","target":{"@type":"EntryPoint","urlTemplate":"https:\/\/quehacerpolitico.mx\/?s={search_term_string}"},"query-input":{"@type":"PropertyValueSpecification","valueRequired":true,"valueName":"search_term_string"}}],"inLanguage":"es"},{"@type":"Person","@id":"https:\/\/quehacerpolitico.mx\/#\/schema\/person\/496d8ad2d1d3f8036101dca7ee39e585","name":"Redacci\u00f3n QP","image":{"@type":"ImageObject","inLanguage":"es","@id":"https:\/\/secure.gravatar.com\/avatar\/c7164ed6fdec453195284ad24a5ae5b6e1eed2b848477fa2a4787ba9adf39a41?s=96&d=mm&r=g","url":"https:\/\/secure.gravatar.com\/avatar\/c7164ed6fdec453195284ad24a5ae5b6e1eed2b848477fa2a4787ba9adf39a41?s=96&d=mm&r=g","contentUrl":"https:\/\/secure.gravatar.com\/avatar\/c7164ed6fdec453195284ad24a5ae5b6e1eed2b848477fa2a4787ba9adf39a41?s=96&d=mm&r=g","caption":"Redacci\u00f3n QP"},"url":"https:\/\/quehacerpolitico.mx\/?author=2"}]}},"featured_image_urls":{"full":["https:\/\/quehacerpolitico.mx\/wp-content\/uploads\/2025\/05\/IMG_0152.jpeg",1170,654,false],"thumbnail":["https:\/\/quehacerpolitico.mx\/wp-content\/uploads\/2025\/05\/IMG_0152-150x150.jpeg",150,150,true],"medium":["https:\/\/quehacerpolitico.mx\/wp-content\/uploads\/2025\/05\/IMG_0152-300x168.jpeg",300,168,true],"medium_large":["https:\/\/quehacerpolitico.mx\/wp-content\/uploads\/2025\/05\/IMG_0152-768x429.jpeg",640,358,true],"large":["https:\/\/quehacerpolitico.mx\/wp-content\/uploads\/2025\/05\/IMG_0152-1024x572.jpeg",640,358,true],"1536x1536":["https:\/\/quehacerpolitico.mx\/wp-content\/uploads\/2025\/05\/IMG_0152.jpeg",1170,654,false],"2048x2048":["https:\/\/quehacerpolitico.mx\/wp-content\/uploads\/2025\/05\/IMG_0152.jpeg",1170,654,false],"covernews-featured":["https:\/\/quehacerpolitico.mx\/wp-content\/uploads\/2025\/05\/IMG_0152-1024x572.jpeg",1024,572,true],"covernews-medium":["https:\/\/quehacerpolitico.mx\/wp-content\/uploads\/2025\/05\/IMG_0152-540x340.jpeg",540,340,true]},"author_info":{"display_name":"Redacci\u00f3n QP","author_link":"https:\/\/quehacerpolitico.mx\/?author=2"},"category_info":"<a href=\"https:\/\/quehacerpolitico.mx\/?cat=280\" rel=\"category\">Nacionales<\/a> <a href=\"https:\/\/quehacerpolitico.mx\/?cat=2\" rel=\"category\">Noticias<\/a>","tag_info":"Noticias","comment_count":"0","_links":{"self":[{"href":"https:\/\/quehacerpolitico.mx\/index.php?rest_route=\/wp\/v2\/posts\/116377","targetHints":{"allow":["GET"]}}],"collection":[{"href":"https:\/\/quehacerpolitico.mx\/index.php?rest_route=\/wp\/v2\/posts"}],"about":[{"href":"https:\/\/quehacerpolitico.mx\/index.php?rest_route=\/wp\/v2\/types\/post"}],"author":[{"embeddable":true,"href":"https:\/\/quehacerpolitico.mx\/index.php?rest_route=\/wp\/v2\/users\/2"}],"replies":[{"embeddable":true,"href":"https:\/\/quehacerpolitico.mx\/index.php?rest_route=%2Fwp%2Fv2%2Fcomments&post=116377"}],"version-history":[{"count":2,"href":"https:\/\/quehacerpolitico.mx\/index.php?rest_route=\/wp\/v2\/posts\/116377\/revisions"}],"predecessor-version":[{"id":116380,"href":"https:\/\/quehacerpolitico.mx\/index.php?rest_route=\/wp\/v2\/posts\/116377\/revisions\/116380"}],"wp:featuredmedia":[{"embeddable":true,"href":"https:\/\/quehacerpolitico.mx\/index.php?rest_route=\/wp\/v2\/media\/116378"}],"wp:attachment":[{"href":"https:\/\/quehacerpolitico.mx\/index.php?rest_route=%2Fwp%2Fv2%2Fmedia&parent=116377"}],"wp:term":[{"taxonomy":"category","embeddable":true,"href":"https:\/\/quehacerpolitico.mx\/index.php?rest_route=%2Fwp%2Fv2%2Fcategories&post=116377"},{"taxonomy":"post_tag","embeddable":true,"href":"https:\/\/quehacerpolitico.mx\/index.php?rest_route=%2Fwp%2Fv2%2Ftags&post=116377"}],"curies":[{"name":"wp","href":"https:\/\/api.w.org\/{rel}","templated":true}]}}