{"id":116331,"date":"2025-05-19T08:54:13","date_gmt":"2025-05-19T14:54:13","guid":{"rendered":"https:\/\/quehacerpolitico.mx\/?p=116331"},"modified":"2025-05-19T08:54:16","modified_gmt":"2025-05-19T14:54:16","slug":"el-quehacer-politico-a-traves-jose-alberto-prado-angeles-juan-ramon-de-la-fuente-y-su-pesimo-desempeno-como-canciller","status":"publish","type":"post","link":"https:\/\/quehacerpolitico.mx\/?p=116331","title":{"rendered":"El Quehacer Pol\u00edtico a trav\u00e9s\/\/\/Jose Alberto Prado Angeles\/\/\/Juan Ram\u00f3n de la Fuente y su p\u00e9simo desempe\u00f1o como Canciller"},"content":{"rendered":"\n<p>Por Jos\u00e9 Alberto Prado Angeles<\/p>\n\n\n\n<p>Director General y Editor<\/p>\n\n\n\n<p>El ex rector de la Universidad Nacional Aut\u00f3noma de M\u00e9xico (UNAM), Juan Ram\u00f3n de la Fuente \u2014del 17 de noviembre de 1999 al 16 de septiembre de 2007\u2014 donde se gradu\u00f3 como m\u00e9dico psiquiatra, adem\u00e1s de contar con una maestr\u00eda en Ciencias por la Universidad de Minnesota y con 20 doctorados Honoris Causa en diferentes universidades del mundo, y quien actualmente se desempe\u00f1a como secretario de Relaciones Exteriores, est\u00e1 considerado como uno de los mejores rectores que ha tenido la m\u00e1xima casa de estudios del pa\u00eds, \u201cdebido a su liderazgo acad\u00e9mico, su compromiso con la excelencia y su influencia en la transformaci\u00f3n de la Universidad\u201d se\u00f1alan diferentes b\u00fasquedas en sitios de internet.<\/p>\n\n\n\n<p>Su experiencia diplom\u00e1tica se inicia con la llegada de Andr\u00e9s Manuel L\u00f3pez Obrador en el 2018, quien lo nombra representante permanente ante la Organizaci\u00f3n de las Naciones Unidas (ONU), donde permaneci\u00f3 hasta el 29 de junio de 2023, para posteriormente integrarse a la campa\u00f1a de Claudia Sheinbaum y ser el encargado de la transici\u00f3n entre gobiernos despu\u00e9s del triunfo electoral. En su paso por la ONU, De la Fuente cumpli\u00f3 con la representaci\u00f3n \u2014en el sentido expl\u00edcito de la palabra\u2014 y su m\u00e1xima exposici\u00f3n fue cuando nuestro pa\u00eds \u2014por quinta ocasi\u00f3n en la historia\u2014 pas\u00f3 a formar parte temporal del Consejo de Seguridad del organismo internacional, a partir del 17 de junio de 2020.<\/p>\n\n\n\n<p>Sin embargo, su paso por la secretar\u00eda de Relaciones Exteriores no ha marcado una presencia destacada como cuando estuvo en la UNAM. Ha cumplido con el encargo como un funcionario serio y responsable, pero ha demostrado que la diplomacia no \u201ccorre por sus venas\u201d. Y dos ejemplos a manera de muestra. Cuando Donald Trump empez\u00f3 con sus amenazas en contra de los migrantes indocumentados, ofreci\u00f3 la implementaci\u00f3n de dos mil abogados a trav\u00e9s de la red consular de M\u00e9xico en Estados Unidos, \u201cpara brindar asistencia legal a los ciudadanos mexicanos\u2026 y si se requieren m\u00e1s, incorporaremos m\u00e1s\u201d. Y la semana anterior, con motivo de la amenaza de Washington de gravar con un 5% a las remesas de dinero, De la Fuente dijo en la conferencia ma\u00f1anera: \u201cNo estamos de acuerdo, vamos a dar la mejor defensa que se pueda, en t\u00e9rminos pol\u00edticos, en t\u00e9rminos legales\u201d.<\/p>\n\n\n\n<p>Habr\u00e1 que recordarle al secretario de Relaciones Exteriores que, en el caso de los migrantes sin documentos, no hay \u201casistencia legal\u201d que pueda contrarrestar lo establecido en la Constituci\u00f3n del pa\u00eds vecino, de que quienes est\u00e1n en su territorio sin el permiso correspondiente, corren el riesgo de ser detenidos y deportados, y en el caso de las aplicaci\u00f3n de impuesto al env\u00edo de dinero al exterior, podr\u00e1 o no estar \u201cde acuerdo\u201d, pero tampoco hay \u201cen t\u00e9rminos legales\u201d procedimientos que puedan impedir su aplicaci\u00f3n cuando lo hacen dentro de su jurisdicci\u00f3n y de acuerdo a su soberan\u00eda. As\u00ed que Juan Ramon de la Fuente, como Canciller, es un excelente Rector.<\/p>\n\n\n\n<p>As\u00ed el Quehacer Pol\u00edtico Desde 1980, 44 a\u00f1os inquiriendo en la pol\u00edtica de M\u00e9xico, cuestionando, exponiendo, revelando y razonando.Es cuanto.<\/p>\n","protected":false},"excerpt":{"rendered":"<p>Por Jos\u00e9 Alberto Prado Angeles Director General y Editor El ex rector de la Universidad&#8230;<\/p>\n","protected":false},"author":2,"featured_media":116332,"comment_status":"open","ping_status":"open","sticky":false,"template":"","format":"standard","meta":{"_monsterinsights_skip_tracking":false,"_monsterinsights_sitenote_active":false,"_monsterinsights_sitenote_note":"","_monsterinsights_sitenote_category":0,"footnotes":""},"categories":[280,2],"tags":[],"class_list":["post-116331","post","type-post","status-publish","format-standard","has-post-thumbnail","hentry","category-nacionales","category-noticias"],"yoast_head":"<!-- This site is optimized with the Yoast SEO plugin v27.3 - https:\/\/yoast.com\/product\/yoast-seo-wordpress\/ -->\n<title>El Quehacer Pol\u00edtico a trav\u00e9s\/\/\/Jose Alberto Prado Angeles\/\/\/Juan Ram\u00f3n de la Fuente y su p\u00e9simo desempe\u00f1o como Canciller -<\/title>\n<meta name=\"robots\" content=\"index, follow, max-snippet:-1, max-image-preview:large, max-video-preview:-1\" \/>\n<link rel=\"canonical\" href=\"https:\/\/quehacerpolitico.mx\/?p=116331\" \/>\n<meta property=\"og:locale\" content=\"es_MX\" \/>\n<meta property=\"og:type\" content=\"article\" \/>\n<meta property=\"og:title\" content=\"El Quehacer Pol\u00edtico a trav\u00e9s\/\/\/Jose Alberto Prado Angeles\/\/\/Juan Ram\u00f3n de la Fuente y su p\u00e9simo desempe\u00f1o como Canciller -\" \/>\n<meta property=\"og:description\" content=\"Por Jos\u00e9 Alberto Prado Angeles Director General y Editor El ex rector de la Universidad...\" \/>\n<meta property=\"og:url\" content=\"https:\/\/quehacerpolitico.mx\/?p=116331\" \/>\n<meta property=\"article:published_time\" content=\"2025-05-19T14:54:13+00:00\" \/>\n<meta property=\"article:modified_time\" content=\"2025-05-19T14:54:16+00:00\" \/>\n<meta property=\"og:image\" content=\"https:\/\/quehacerpolitico.mx\/wp-content\/uploads\/2025\/05\/fb07bd44-0f95-41a8-8353-f61c55b6d960-1.jpeg\" \/>\n\t<meta property=\"og:image:width\" content=\"963\" \/>\n\t<meta property=\"og:image:height\" content=\"493\" \/>\n\t<meta property=\"og:image:type\" content=\"image\/jpeg\" \/>\n<meta name=\"author\" content=\"Redacci\u00f3n QP\" \/>\n<meta name=\"twitter:card\" content=\"summary_large_image\" \/>\n<meta name=\"twitter:label1\" content=\"Escrito por\" \/>\n\t<meta name=\"twitter:data1\" content=\"Redacci\u00f3n QP\" \/>\n\t<meta name=\"twitter:label2\" content=\"Tiempo de lectura\" \/>\n\t<meta name=\"twitter:data2\" content=\"3 minutos\" \/>\n<script type=\"application\/ld+json\" class=\"yoast-schema-graph\">{\"@context\":\"https:\\\/\\\/schema.org\",\"@graph\":[{\"@type\":\"Article\",\"@id\":\"https:\\\/\\\/quehacerpolitico.mx\\\/?p=116331#article\",\"isPartOf\":{\"@id\":\"https:\\\/\\\/quehacerpolitico.mx\\\/?p=116331\"},\"author\":{\"name\":\"Redacci\u00f3n QP\",\"@id\":\"https:\\\/\\\/quehacerpolitico.mx\\\/#\\\/schema\\\/person\\\/496d8ad2d1d3f8036101dca7ee39e585\"},\"headline\":\"El Quehacer Pol\u00edtico a trav\u00e9s\\\/\\\/\\\/Jose Alberto Prado Angeles\\\/\\\/\\\/Juan Ram\u00f3n de la Fuente y su p\u00e9simo desempe\u00f1o como Canciller\",\"datePublished\":\"2025-05-19T14:54:13+00:00\",\"dateModified\":\"2025-05-19T14:54:16+00:00\",\"mainEntityOfPage\":{\"@id\":\"https:\\\/\\\/quehacerpolitico.mx\\\/?p=116331\"},\"wordCount\":572,\"commentCount\":0,\"image\":{\"@id\":\"https:\\\/\\\/quehacerpolitico.mx\\\/?p=116331#primaryimage\"},\"thumbnailUrl\":\"https:\\\/\\\/quehacerpolitico.mx\\\/wp-content\\\/uploads\\\/2025\\\/05\\\/fb07bd44-0f95-41a8-8353-f61c55b6d960-1.jpeg\",\"articleSection\":[\"Nacionales\",\"Noticias\"],\"inLanguage\":\"es\",\"potentialAction\":[{\"@type\":\"CommentAction\",\"name\":\"Comment\",\"target\":[\"https:\\\/\\\/quehacerpolitico.mx\\\/?p=116331#respond\"]}]},{\"@type\":\"WebPage\",\"@id\":\"https:\\\/\\\/quehacerpolitico.mx\\\/?p=116331\",\"url\":\"https:\\\/\\\/quehacerpolitico.mx\\\/?p=116331\",\"name\":\"El Quehacer Pol\u00edtico a trav\u00e9s\\\/\\\/\\\/Jose Alberto Prado Angeles\\\/\\\/\\\/Juan Ram\u00f3n de la Fuente y su p\u00e9simo desempe\u00f1o como Canciller -\",\"isPartOf\":{\"@id\":\"https:\\\/\\\/quehacerpolitico.mx\\\/#website\"},\"primaryImageOfPage\":{\"@id\":\"https:\\\/\\\/quehacerpolitico.mx\\\/?p=116331#primaryimage\"},\"image\":{\"@id\":\"https:\\\/\\\/quehacerpolitico.mx\\\/?p=116331#primaryimage\"},\"thumbnailUrl\":\"https:\\\/\\\/quehacerpolitico.mx\\\/wp-content\\\/uploads\\\/2025\\\/05\\\/fb07bd44-0f95-41a8-8353-f61c55b6d960-1.jpeg\",\"datePublished\":\"2025-05-19T14:54:13+00:00\",\"dateModified\":\"2025-05-19T14:54:16+00:00\",\"author\":{\"@id\":\"https:\\\/\\\/quehacerpolitico.mx\\\/#\\\/schema\\\/person\\\/496d8ad2d1d3f8036101dca7ee39e585\"},\"breadcrumb\":{\"@id\":\"https:\\\/\\\/quehacerpolitico.mx\\\/?p=116331#breadcrumb\"},\"inLanguage\":\"es\",\"potentialAction\":[{\"@type\":\"ReadAction\",\"target\":[\"https:\\\/\\\/quehacerpolitico.mx\\\/?p=116331\"]}]},{\"@type\":\"ImageObject\",\"inLanguage\":\"es\",\"@id\":\"https:\\\/\\\/quehacerpolitico.mx\\\/?p=116331#primaryimage\",\"url\":\"https:\\\/\\\/quehacerpolitico.mx\\\/wp-content\\\/uploads\\\/2025\\\/05\\\/fb07bd44-0f95-41a8-8353-f61c55b6d960-1.jpeg\",\"contentUrl\":\"https:\\\/\\\/quehacerpolitico.mx\\\/wp-content\\\/uploads\\\/2025\\\/05\\\/fb07bd44-0f95-41a8-8353-f61c55b6d960-1.jpeg\",\"width\":963,\"height\":493},{\"@type\":\"BreadcrumbList\",\"@id\":\"https:\\\/\\\/quehacerpolitico.mx\\\/?p=116331#breadcrumb\",\"itemListElement\":[{\"@type\":\"ListItem\",\"position\":1,\"name\":\"Inicio\",\"item\":\"https:\\\/\\\/quehacerpolitico.mx\\\/\"},{\"@type\":\"ListItem\",\"position\":2,\"name\":\"El Quehacer Pol\u00edtico a trav\u00e9s\\\/\\\/\\\/Jose Alberto Prado Angeles\\\/\\\/\\\/Juan Ram\u00f3n de la Fuente y su p\u00e9simo desempe\u00f1o como Canciller\"}]},{\"@type\":\"WebSite\",\"@id\":\"https:\\\/\\\/quehacerpolitico.mx\\\/#website\",\"url\":\"https:\\\/\\\/quehacerpolitico.mx\\\/\",\"name\":\"\",\"description\":\"\",\"potentialAction\":[{\"@type\":\"SearchAction\",\"target\":{\"@type\":\"EntryPoint\",\"urlTemplate\":\"https:\\\/\\\/quehacerpolitico.mx\\\/?s={search_term_string}\"},\"query-input\":{\"@type\":\"PropertyValueSpecification\",\"valueRequired\":true,\"valueName\":\"search_term_string\"}}],\"inLanguage\":\"es\"},{\"@type\":\"Person\",\"@id\":\"https:\\\/\\\/quehacerpolitico.mx\\\/#\\\/schema\\\/person\\\/496d8ad2d1d3f8036101dca7ee39e585\",\"name\":\"Redacci\u00f3n QP\",\"image\":{\"@type\":\"ImageObject\",\"inLanguage\":\"es\",\"@id\":\"https:\\\/\\\/secure.gravatar.com\\\/avatar\\\/c7164ed6fdec453195284ad24a5ae5b6e1eed2b848477fa2a4787ba9adf39a41?s=96&d=mm&r=g\",\"url\":\"https:\\\/\\\/secure.gravatar.com\\\/avatar\\\/c7164ed6fdec453195284ad24a5ae5b6e1eed2b848477fa2a4787ba9adf39a41?s=96&d=mm&r=g\",\"contentUrl\":\"https:\\\/\\\/secure.gravatar.com\\\/avatar\\\/c7164ed6fdec453195284ad24a5ae5b6e1eed2b848477fa2a4787ba9adf39a41?s=96&d=mm&r=g\",\"caption\":\"Redacci\u00f3n QP\"},\"url\":\"https:\\\/\\\/quehacerpolitico.mx\\\/?author=2\"}]}<\/script>\n<!-- \/ Yoast SEO plugin. -->","yoast_head_json":{"title":"El Quehacer Pol\u00edtico a trav\u00e9s\/\/\/Jose Alberto Prado Angeles\/\/\/Juan Ram\u00f3n de la Fuente y su p\u00e9simo desempe\u00f1o como Canciller -","robots":{"index":"index","follow":"follow","max-snippet":"max-snippet:-1","max-image-preview":"max-image-preview:large","max-video-preview":"max-video-preview:-1"},"canonical":"https:\/\/quehacerpolitico.mx\/?p=116331","og_locale":"es_MX","og_type":"article","og_title":"El Quehacer Pol\u00edtico a trav\u00e9s\/\/\/Jose Alberto Prado Angeles\/\/\/Juan Ram\u00f3n de la Fuente y su p\u00e9simo desempe\u00f1o como Canciller -","og_description":"Por Jos\u00e9 Alberto Prado Angeles Director General y Editor El ex rector de la Universidad...","og_url":"https:\/\/quehacerpolitico.mx\/?p=116331","article_published_time":"2025-05-19T14:54:13+00:00","article_modified_time":"2025-05-19T14:54:16+00:00","og_image":[{"width":963,"height":493,"url":"https:\/\/quehacerpolitico.mx\/wp-content\/uploads\/2025\/05\/fb07bd44-0f95-41a8-8353-f61c55b6d960-1.jpeg","type":"image\/jpeg"}],"author":"Redacci\u00f3n QP","twitter_card":"summary_large_image","twitter_misc":{"Escrito por":"Redacci\u00f3n QP","Tiempo de lectura":"3 minutos"},"schema":{"@context":"https:\/\/schema.org","@graph":[{"@type":"Article","@id":"https:\/\/quehacerpolitico.mx\/?p=116331#article","isPartOf":{"@id":"https:\/\/quehacerpolitico.mx\/?p=116331"},"author":{"name":"Redacci\u00f3n QP","@id":"https:\/\/quehacerpolitico.mx\/#\/schema\/person\/496d8ad2d1d3f8036101dca7ee39e585"},"headline":"El Quehacer Pol\u00edtico a trav\u00e9s\/\/\/Jose Alberto Prado Angeles\/\/\/Juan Ram\u00f3n de la Fuente y su p\u00e9simo desempe\u00f1o como Canciller","datePublished":"2025-05-19T14:54:13+00:00","dateModified":"2025-05-19T14:54:16+00:00","mainEntityOfPage":{"@id":"https:\/\/quehacerpolitico.mx\/?p=116331"},"wordCount":572,"commentCount":0,"image":{"@id":"https:\/\/quehacerpolitico.mx\/?p=116331#primaryimage"},"thumbnailUrl":"https:\/\/quehacerpolitico.mx\/wp-content\/uploads\/2025\/05\/fb07bd44-0f95-41a8-8353-f61c55b6d960-1.jpeg","articleSection":["Nacionales","Noticias"],"inLanguage":"es","potentialAction":[{"@type":"CommentAction","name":"Comment","target":["https:\/\/quehacerpolitico.mx\/?p=116331#respond"]}]},{"@type":"WebPage","@id":"https:\/\/quehacerpolitico.mx\/?p=116331","url":"https:\/\/quehacerpolitico.mx\/?p=116331","name":"El Quehacer Pol\u00edtico a trav\u00e9s\/\/\/Jose Alberto Prado Angeles\/\/\/Juan Ram\u00f3n de la Fuente y su p\u00e9simo desempe\u00f1o como Canciller -","isPartOf":{"@id":"https:\/\/quehacerpolitico.mx\/#website"},"primaryImageOfPage":{"@id":"https:\/\/quehacerpolitico.mx\/?p=116331#primaryimage"},"image":{"@id":"https:\/\/quehacerpolitico.mx\/?p=116331#primaryimage"},"thumbnailUrl":"https:\/\/quehacerpolitico.mx\/wp-content\/uploads\/2025\/05\/fb07bd44-0f95-41a8-8353-f61c55b6d960-1.jpeg","datePublished":"2025-05-19T14:54:13+00:00","dateModified":"2025-05-19T14:54:16+00:00","author":{"@id":"https:\/\/quehacerpolitico.mx\/#\/schema\/person\/496d8ad2d1d3f8036101dca7ee39e585"},"breadcrumb":{"@id":"https:\/\/quehacerpolitico.mx\/?p=116331#breadcrumb"},"inLanguage":"es","potentialAction":[{"@type":"ReadAction","target":["https:\/\/quehacerpolitico.mx\/?p=116331"]}]},{"@type":"ImageObject","inLanguage":"es","@id":"https:\/\/quehacerpolitico.mx\/?p=116331#primaryimage","url":"https:\/\/quehacerpolitico.mx\/wp-content\/uploads\/2025\/05\/fb07bd44-0f95-41a8-8353-f61c55b6d960-1.jpeg","contentUrl":"https:\/\/quehacerpolitico.mx\/wp-content\/uploads\/2025\/05\/fb07bd44-0f95-41a8-8353-f61c55b6d960-1.jpeg","width":963,"height":493},{"@type":"BreadcrumbList","@id":"https:\/\/quehacerpolitico.mx\/?p=116331#breadcrumb","itemListElement":[{"@type":"ListItem","position":1,"name":"Inicio","item":"https:\/\/quehacerpolitico.mx\/"},{"@type":"ListItem","position":2,"name":"El Quehacer Pol\u00edtico a trav\u00e9s\/\/\/Jose Alberto Prado Angeles\/\/\/Juan Ram\u00f3n de la Fuente y su p\u00e9simo desempe\u00f1o como Canciller"}]},{"@type":"WebSite","@id":"https:\/\/quehacerpolitico.mx\/#website","url":"https:\/\/quehacerpolitico.mx\/","name":"","description":"","potentialAction":[{"@type":"SearchAction","target":{"@type":"EntryPoint","urlTemplate":"https:\/\/quehacerpolitico.mx\/?s={search_term_string}"},"query-input":{"@type":"PropertyValueSpecification","valueRequired":true,"valueName":"search_term_string"}}],"inLanguage":"es"},{"@type":"Person","@id":"https:\/\/quehacerpolitico.mx\/#\/schema\/person\/496d8ad2d1d3f8036101dca7ee39e585","name":"Redacci\u00f3n QP","image":{"@type":"ImageObject","inLanguage":"es","@id":"https:\/\/secure.gravatar.com\/avatar\/c7164ed6fdec453195284ad24a5ae5b6e1eed2b848477fa2a4787ba9adf39a41?s=96&d=mm&r=g","url":"https:\/\/secure.gravatar.com\/avatar\/c7164ed6fdec453195284ad24a5ae5b6e1eed2b848477fa2a4787ba9adf39a41?s=96&d=mm&r=g","contentUrl":"https:\/\/secure.gravatar.com\/avatar\/c7164ed6fdec453195284ad24a5ae5b6e1eed2b848477fa2a4787ba9adf39a41?s=96&d=mm&r=g","caption":"Redacci\u00f3n QP"},"url":"https:\/\/quehacerpolitico.mx\/?author=2"}]}},"featured_image_urls":{"full":["https:\/\/quehacerpolitico.mx\/wp-content\/uploads\/2025\/05\/fb07bd44-0f95-41a8-8353-f61c55b6d960-1.jpeg",963,493,false],"thumbnail":["https:\/\/quehacerpolitico.mx\/wp-content\/uploads\/2025\/05\/fb07bd44-0f95-41a8-8353-f61c55b6d960-1-150x150.jpeg",150,150,true],"medium":["https:\/\/quehacerpolitico.mx\/wp-content\/uploads\/2025\/05\/fb07bd44-0f95-41a8-8353-f61c55b6d960-1-300x154.jpeg",300,154,true],"medium_large":["https:\/\/quehacerpolitico.mx\/wp-content\/uploads\/2025\/05\/fb07bd44-0f95-41a8-8353-f61c55b6d960-1-768x393.jpeg",640,328,true],"large":["https:\/\/quehacerpolitico.mx\/wp-content\/uploads\/2025\/05\/fb07bd44-0f95-41a8-8353-f61c55b6d960-1.jpeg",640,328,false],"1536x1536":["https:\/\/quehacerpolitico.mx\/wp-content\/uploads\/2025\/05\/fb07bd44-0f95-41a8-8353-f61c55b6d960-1.jpeg",963,493,false],"2048x2048":["https:\/\/quehacerpolitico.mx\/wp-content\/uploads\/2025\/05\/fb07bd44-0f95-41a8-8353-f61c55b6d960-1.jpeg",963,493,false],"covernews-featured":["https:\/\/quehacerpolitico.mx\/wp-content\/uploads\/2025\/05\/fb07bd44-0f95-41a8-8353-f61c55b6d960-1.jpeg",963,493,false],"covernews-medium":["https:\/\/quehacerpolitico.mx\/wp-content\/uploads\/2025\/05\/fb07bd44-0f95-41a8-8353-f61c55b6d960-1-540x340.jpeg",540,340,true]},"author_info":{"display_name":"Redacci\u00f3n QP","author_link":"https:\/\/quehacerpolitico.mx\/?author=2"},"category_info":"<a href=\"https:\/\/quehacerpolitico.mx\/?cat=280\" rel=\"category\">Nacionales<\/a> <a href=\"https:\/\/quehacerpolitico.mx\/?cat=2\" rel=\"category\">Noticias<\/a>","tag_info":"Noticias","comment_count":"0","_links":{"self":[{"href":"https:\/\/quehacerpolitico.mx\/index.php?rest_route=\/wp\/v2\/posts\/116331","targetHints":{"allow":["GET"]}}],"collection":[{"href":"https:\/\/quehacerpolitico.mx\/index.php?rest_route=\/wp\/v2\/posts"}],"about":[{"href":"https:\/\/quehacerpolitico.mx\/index.php?rest_route=\/wp\/v2\/types\/post"}],"author":[{"embeddable":true,"href":"https:\/\/quehacerpolitico.mx\/index.php?rest_route=\/wp\/v2\/users\/2"}],"replies":[{"embeddable":true,"href":"https:\/\/quehacerpolitico.mx\/index.php?rest_route=%2Fwp%2Fv2%2Fcomments&post=116331"}],"version-history":[{"count":1,"href":"https:\/\/quehacerpolitico.mx\/index.php?rest_route=\/wp\/v2\/posts\/116331\/revisions"}],"predecessor-version":[{"id":116333,"href":"https:\/\/quehacerpolitico.mx\/index.php?rest_route=\/wp\/v2\/posts\/116331\/revisions\/116333"}],"wp:featuredmedia":[{"embeddable":true,"href":"https:\/\/quehacerpolitico.mx\/index.php?rest_route=\/wp\/v2\/media\/116332"}],"wp:attachment":[{"href":"https:\/\/quehacerpolitico.mx\/index.php?rest_route=%2Fwp%2Fv2%2Fmedia&parent=116331"}],"wp:term":[{"taxonomy":"category","embeddable":true,"href":"https:\/\/quehacerpolitico.mx\/index.php?rest_route=%2Fwp%2Fv2%2Fcategories&post=116331"},{"taxonomy":"post_tag","embeddable":true,"href":"https:\/\/quehacerpolitico.mx\/index.php?rest_route=%2Fwp%2Fv2%2Ftags&post=116331"}],"curies":[{"name":"wp","href":"https:\/\/api.w.org\/{rel}","templated":true}]}}