{"id":116315,"date":"2025-05-15T22:00:22","date_gmt":"2025-05-16T04:00:22","guid":{"rendered":"https:\/\/quehacerpolitico.mx\/?p=116315"},"modified":"2025-05-15T22:00:26","modified_gmt":"2025-05-16T04:00:26","slug":"de-acuerdo-a-propublica-es-verdad-y-esta-confirmado-la-existencia-de-la-lista-de-politicos-mexicanos-acusados-de-relacion-con-el-narco","status":"publish","type":"post","link":"https:\/\/quehacerpolitico.mx\/?p=116315","title":{"rendered":"De acuerdo a ProPublica es verdad y est\u00e1 confirmado la existencia de la lista de pol\u00edticos mexicanos acusados de relaci\u00f3n con el narco"},"content":{"rendered":"\n<p>Por Redacci\u00f3n QP<\/p>\n\n\n\n<p>Funcionarios de EUA habr\u00edan confirmado la existencia de una lista con los nombres de varias docenas de pol\u00edticos.<\/p>\n\n\n\n<p>Tras el caso de la gobernadora Marina del Pilar \u00c1vila, se ha confirmado la existencia de una lista de pol\u00edticos mexicanos cercanos al expresidente\u00a0Andres Manuel L\u00f3pez Obrador a quienes se les podr\u00edan imponer duras sanciones.\u00a0<\/p>\n\n\n\n<p>Un art\u00edculo de&nbsp;<a href=\"https:\/\/www.propublica.org\/article\/trump-mexico-travel-visa-restrictions-politicians-sheinbaum\" target=\"_blank\" rel=\"noreferrer noopener\">ProPublica<\/a>&nbsp;se\u00f1al\u00f3 que la administraci\u00f3n del republicano busca bloquear los viajes a Estados Unidos de pol\u00edticos que, acusan, estar\u00edan vinculados al narcotr\u00e1fico.<\/p>\n\n\n\n<p>El \u00fanico caso confirmado de visa revocada, es el de la gobernadora de Baja California, Marina del Pilar \u00c1vila, y su esposo Carlos Torres Torres, quien fue expulsado del PAN y actualmente est\u00e1 al frente de la Coordinaci\u00f3n de Proyectos de esa entidad.&nbsp;<\/p>\n\n\n\n<p><strong>El caso encendi\u00f3 las alarmas en Palacio Nacional.<\/strong>&nbsp;La presidenta Sheinbaum se\u00f1al\u00f3 que el gobierno de Estados Unidos no le inform\u00f3 sobre estas acciones en contra de la gobernadora, emanada de Morena, ni si habr\u00eda medidas similares sobre otros gobernadores.<\/p>\n\n\n\n<figure class=\"wp-block-embed is-type-rich is-provider-twitter wp-block-embed-twitter\"><div class=\"wp-block-embed__wrapper\">\n<blockquote class=\"twitter-tweet\" data-width=\"550\" data-dnt=\"true\"><p lang=\"es\" dir=\"ltr\">El gobierno de M\u00e9xico no fue notificado del retiro de la visa de la gobernadora de Baja California Marina del Pilar y su esposo Carlos Torres, vamos a esperar y no nos vamos a adelantar: presidenta Claudia Sheinbaum. <a href=\"https:\/\/t.co\/LpyIYeQSJA\">pic.twitter.com\/LpyIYeQSJA<\/a><\/p>&mdash; JorgeArmandoRocha (@JorgeArmandoR_) <a href=\"https:\/\/twitter.com\/JorgeArmandoR_\/status\/1921930972498432191?ref_src=twsrc%5Etfw\">May 12, 2025<\/a><\/blockquote><script async src=\"https:\/\/platform.twitter.com\/widgets.js\" charset=\"utf-8\"><\/script>\n<\/div><\/figure>\n\n\n\n<h2 class=\"wp-block-heading\"><strong>S\u00ed existe lista negra<\/strong><\/h2>\n\n\n\n<p>Funcionarios estadounidenses que solicitaron a ProPublica el anonimato, anticiparon que m\u00e1s mexicanos ser\u00e1n blanco de una persecuci\u00f3n por parte de aquel pa\u00eds.<\/p>\n\n\n\n<p>Se tratar\u00eda de una lista de varias docenas de pol\u00edticos que han sido identificados gracias a las agencias policiales y de inteligencia de Estados Unidos, que estar\u00edan vinculados al narcotr\u00e1fico.&nbsp;<\/p>\n\n\n\n<p><strong>La lista incluir\u00eda a l\u00edderes de Morena, el partido gobernante de la presidenta Claudia Sheinbaum,<\/strong>&nbsp;as\u00ed como varios gobernadores estatales y figuras pol\u00edticas cercanas a su antecesor, el expresidente Andr\u00e9s Manuel L\u00f3pez Obrador.&nbsp;<\/p>\n\n\n\n<p><img loading=\"lazy\" decoding=\"async\" alt=\"AMLO\" src=\"https:\/\/politicomx-politicomx-prod.web.arc-cdn.net\/resizer\/v2\/KDY7M6Q46JFZFLETJ4H27W6HME.jpg?auth=dea4bed1f971ed0c3207aecc77027ed00862f790a74af3fac4817b4467991e03&amp;width=800&amp;height=533\" srcset=\"https:\/\/politicomx-politicomx-prod.web.arc-cdn.net\/resizer\/v2\/KDY7M6Q46JFZFLETJ4H27W6HME.jpg?auth=dea4bed1f971ed0c3207aecc77027ed00862f790a74af3fac4817b4467991e03&amp;width=400&amp;height=266 400w, https:\/\/politicomx-politicomx-prod.web.arc-cdn.net\/resizer\/v2\/KDY7M6Q46JFZFLETJ4H27W6HME.jpg?auth=dea4bed1f971ed0c3207aecc77027ed00862f790a74af3fac4817b4467991e03&amp;width=600&amp;height=399 600w, https:\/\/politicomx-politicomx-prod.web.arc-cdn.net\/resizer\/v2\/KDY7M6Q46JFZFLETJ4H27W6HME.jpg?auth=dea4bed1f971ed0c3207aecc77027ed00862f790a74af3fac4817b4467991e03&amp;width=800&amp;height=533 800w\" width=\"800\" height=\"533\"><\/p>\n\n\n\n<p>Foto:&nbsp;Cuartoscuro<\/p>\n\n\n\n<h2 class=\"wp-block-heading\"><strong>\u00bfQui\u00e9nes estar\u00edan en la \u2018lista negra\u2019?&nbsp;<\/strong><\/h2>\n\n\n\n<p>Aunque ProPublica no mencion\u00f3 nombres, m\u00e1s all\u00e1 de los de Marina del Pilar y su esposo, el medio el medio conservador The Way and Thruth,\u00a0filtr\u00f3 d\u00edas atr\u00e1s la supuesta \u201clista negra\u201d del gobierno de Estados Unidos, conocida como \u201cLista Marco\u201d.<\/p>\n\n\n\n<p>Ah\u00ed aparecer\u00eda un total de 44 nombres de pol\u00edticos mexicanos por presuntos v\u00ednculos con los c\u00e1rteles de la droga.<\/p>\n\n\n\n<p>Seg\u00fan el texto, entre los nombres de gobernadores, adem\u00e1s de Marina del Pilar, presuntamente se encontrar\u00edan:<\/p>\n\n\n\n<ul class=\"wp-block-list\">\n<li>Alfonso Durazo, gobernador de Sonora<\/li>\n\n\n\n<li>Alfredo Ram\u00edrez Bedolla, de Michoac\u00e1n<\/li>\n\n\n\n<li>Layda Sansores, de Campeche<\/li>\n\n\n\n<li>Miguel \u00c1ngel Navarro Quintero, de Nayarit<\/li>\n\n\n\n<li>Am\u00e9rico Villarreal, de Tamaulipas<\/li>\n\n\n\n<li>Enrique Alfaro, exgobernador de Jalisco<\/li>\n\n\n\n<li>Rub\u00e9n Rocha Moya de Sinaloa<\/li>\n\n\n\n<li>Samuel Garc\u00eda de Nuevo Le\u00f3n<\/li>\n<\/ul>\n\n\n\n<p><img loading=\"lazy\" decoding=\"async\" alt=\"Sheinbaum y gobernadores\" src=\"https:\/\/politicomx-politicomx-prod.web.arc-cdn.net\/resizer\/v2\/Q5YMNRA725GK5NR7DHXXBI5R6A.jpg?auth=14c08a9c4f7dff05395357129acac37b47823cee730c910be53ad9cb00bc6fcb&amp;width=800&amp;height=577\" srcset=\"https:\/\/politicomx-politicomx-prod.web.arc-cdn.net\/resizer\/v2\/Q5YMNRA725GK5NR7DHXXBI5R6A.jpg?auth=14c08a9c4f7dff05395357129acac37b47823cee730c910be53ad9cb00bc6fcb&amp;width=400&amp;height=288 400w, https:\/\/politicomx-politicomx-prod.web.arc-cdn.net\/resizer\/v2\/Q5YMNRA725GK5NR7DHXXBI5R6A.jpg?auth=14c08a9c4f7dff05395357129acac37b47823cee730c910be53ad9cb00bc6fcb&amp;width=600&amp;height=432 600w, https:\/\/politicomx-politicomx-prod.web.arc-cdn.net\/resizer\/v2\/Q5YMNRA725GK5NR7DHXXBI5R6A.jpg?auth=14c08a9c4f7dff05395357129acac37b47823cee730c910be53ad9cb00bc6fcb&amp;width=800&amp;height=577 800w\" width=\"800\" height=\"577\"><\/p>\n\n\n\n<p>Foto:&nbsp;Cuartoscuro<\/p>\n\n\n\n<p>Asimismo mencion\u00f3 a funcionarios del Gabinete de la presidenta Claudia Sheinbaum, as\u00ed como los coordinadores de Morena en la C\u00e1mara de Diputados y el Senado, Ricardo Monreal y Ad\u00e1n Augusto L\u00f3pez, respectivamente.<\/p>\n\n\n\n<figure class=\"wp-block-embed is-type-rich is-provider-twitter wp-block-embed-twitter\"><div class=\"wp-block-embed__wrapper\">\n<blockquote class=\"twitter-tweet\" data-width=\"550\" data-dnt=\"true\"><p lang=\"en\" dir=\"ltr\">\ud83d\udee1\ufe0f U.S. Confirms \u201cMarco List\u201d \u2013 Sanctions Tool Targeting Mexican Officials<br>\ud83d\udd0d Overview:\u2070U.S. intelligence confirms the existence and activation of a secretive sanctions mechanism informally called the \u201cMarco List\u201d, named after Secretary of State Marco Rubio. It targets 44\u2026 <a href=\"https:\/\/t.co\/sZH4tDP5JU\">pic.twitter.com\/sZH4tDP5JU<\/a><\/p>&mdash; RC MAGA (@TheWayandThruth) <a href=\"https:\/\/twitter.com\/TheWayandThruth\/status\/1922027938486354051?ref_src=twsrc%5Etfw\">May 12, 2025<\/a><\/blockquote><script async src=\"https:\/\/platform.twitter.com\/widgets.js\" charset=\"utf-8\"><\/script>\n<\/div><\/figure>\n","protected":false},"excerpt":{"rendered":"<p>Por Redacci\u00f3n QP Funcionarios de EUA habr\u00edan confirmado la existencia de una lista con los&#8230;<\/p>\n","protected":false},"author":2,"featured_media":116316,"comment_status":"open","ping_status":"open","sticky":false,"template":"","format":"standard","meta":{"_monsterinsights_skip_tracking":false,"_monsterinsights_sitenote_active":false,"_monsterinsights_sitenote_note":"","_monsterinsights_sitenote_category":0,"footnotes":""},"categories":[280,2],"tags":[],"class_list":["post-116315","post","type-post","status-publish","format-standard","has-post-thumbnail","hentry","category-nacionales","category-noticias"],"yoast_head":"<!-- This site is optimized with the Yoast SEO plugin v27.3 - https:\/\/yoast.com\/product\/yoast-seo-wordpress\/ -->\n<title>De acuerdo a ProPublica es verdad y est\u00e1 confirmado la existencia de la lista de pol\u00edticos mexicanos acusados de relaci\u00f3n con el narco -<\/title>\n<meta name=\"robots\" content=\"index, follow, max-snippet:-1, max-image-preview:large, max-video-preview:-1\" \/>\n<link rel=\"canonical\" href=\"https:\/\/quehacerpolitico.mx\/?p=116315\" \/>\n<meta property=\"og:locale\" content=\"es_MX\" \/>\n<meta property=\"og:type\" content=\"article\" \/>\n<meta property=\"og:title\" content=\"De acuerdo a ProPublica es verdad y est\u00e1 confirmado la existencia de la lista de pol\u00edticos mexicanos acusados de relaci\u00f3n con el narco -\" \/>\n<meta property=\"og:description\" content=\"Por Redacci\u00f3n QP Funcionarios de EUA habr\u00edan confirmado la existencia de una lista con los...\" \/>\n<meta property=\"og:url\" content=\"https:\/\/quehacerpolitico.mx\/?p=116315\" \/>\n<meta property=\"article:published_time\" content=\"2025-05-16T04:00:22+00:00\" \/>\n<meta property=\"article:modified_time\" content=\"2025-05-16T04:00:26+00:00\" \/>\n<meta property=\"og:image\" content=\"https:\/\/quehacerpolitico.mx\/wp-content\/uploads\/2025\/05\/IMG_0030.jpeg\" \/>\n\t<meta property=\"og:image:width\" content=\"739\" \/>\n\t<meta property=\"og:image:height\" content=\"415\" \/>\n\t<meta property=\"og:image:type\" content=\"image\/jpeg\" \/>\n<meta name=\"author\" content=\"Redacci\u00f3n QP\" \/>\n<meta name=\"twitter:card\" content=\"summary_large_image\" \/>\n<meta name=\"twitter:label1\" content=\"Escrito por\" \/>\n\t<meta name=\"twitter:data1\" content=\"Redacci\u00f3n QP\" \/>\n\t<meta name=\"twitter:label2\" content=\"Tiempo de lectura\" \/>\n\t<meta name=\"twitter:data2\" content=\"2 minutos\" \/>\n<script type=\"application\/ld+json\" class=\"yoast-schema-graph\">{\"@context\":\"https:\\\/\\\/schema.org\",\"@graph\":[{\"@type\":\"Article\",\"@id\":\"https:\\\/\\\/quehacerpolitico.mx\\\/?p=116315#article\",\"isPartOf\":{\"@id\":\"https:\\\/\\\/quehacerpolitico.mx\\\/?p=116315\"},\"author\":{\"name\":\"Redacci\u00f3n QP\",\"@id\":\"https:\\\/\\\/quehacerpolitico.mx\\\/#\\\/schema\\\/person\\\/496d8ad2d1d3f8036101dca7ee39e585\"},\"headline\":\"De acuerdo a ProPublica es verdad y est\u00e1 confirmado la existencia de la lista de pol\u00edticos mexicanos acusados de relaci\u00f3n con el narco\",\"datePublished\":\"2025-05-16T04:00:22+00:00\",\"dateModified\":\"2025-05-16T04:00:26+00:00\",\"mainEntityOfPage\":{\"@id\":\"https:\\\/\\\/quehacerpolitico.mx\\\/?p=116315\"},\"wordCount\":506,\"commentCount\":0,\"image\":{\"@id\":\"https:\\\/\\\/quehacerpolitico.mx\\\/?p=116315#primaryimage\"},\"thumbnailUrl\":\"https:\\\/\\\/quehacerpolitico.mx\\\/wp-content\\\/uploads\\\/2025\\\/05\\\/IMG_0030.jpeg\",\"articleSection\":[\"Nacionales\",\"Noticias\"],\"inLanguage\":\"es\",\"potentialAction\":[{\"@type\":\"CommentAction\",\"name\":\"Comment\",\"target\":[\"https:\\\/\\\/quehacerpolitico.mx\\\/?p=116315#respond\"]}]},{\"@type\":\"WebPage\",\"@id\":\"https:\\\/\\\/quehacerpolitico.mx\\\/?p=116315\",\"url\":\"https:\\\/\\\/quehacerpolitico.mx\\\/?p=116315\",\"name\":\"De acuerdo a ProPublica es verdad y est\u00e1 confirmado la existencia de la lista de pol\u00edticos mexicanos acusados de relaci\u00f3n con el narco -\",\"isPartOf\":{\"@id\":\"https:\\\/\\\/quehacerpolitico.mx\\\/#website\"},\"primaryImageOfPage\":{\"@id\":\"https:\\\/\\\/quehacerpolitico.mx\\\/?p=116315#primaryimage\"},\"image\":{\"@id\":\"https:\\\/\\\/quehacerpolitico.mx\\\/?p=116315#primaryimage\"},\"thumbnailUrl\":\"https:\\\/\\\/quehacerpolitico.mx\\\/wp-content\\\/uploads\\\/2025\\\/05\\\/IMG_0030.jpeg\",\"datePublished\":\"2025-05-16T04:00:22+00:00\",\"dateModified\":\"2025-05-16T04:00:26+00:00\",\"author\":{\"@id\":\"https:\\\/\\\/quehacerpolitico.mx\\\/#\\\/schema\\\/person\\\/496d8ad2d1d3f8036101dca7ee39e585\"},\"breadcrumb\":{\"@id\":\"https:\\\/\\\/quehacerpolitico.mx\\\/?p=116315#breadcrumb\"},\"inLanguage\":\"es\",\"potentialAction\":[{\"@type\":\"ReadAction\",\"target\":[\"https:\\\/\\\/quehacerpolitico.mx\\\/?p=116315\"]}]},{\"@type\":\"ImageObject\",\"inLanguage\":\"es\",\"@id\":\"https:\\\/\\\/quehacerpolitico.mx\\\/?p=116315#primaryimage\",\"url\":\"https:\\\/\\\/quehacerpolitico.mx\\\/wp-content\\\/uploads\\\/2025\\\/05\\\/IMG_0030.jpeg\",\"contentUrl\":\"https:\\\/\\\/quehacerpolitico.mx\\\/wp-content\\\/uploads\\\/2025\\\/05\\\/IMG_0030.jpeg\",\"width\":739,\"height\":415},{\"@type\":\"BreadcrumbList\",\"@id\":\"https:\\\/\\\/quehacerpolitico.mx\\\/?p=116315#breadcrumb\",\"itemListElement\":[{\"@type\":\"ListItem\",\"position\":1,\"name\":\"Inicio\",\"item\":\"https:\\\/\\\/quehacerpolitico.mx\\\/\"},{\"@type\":\"ListItem\",\"position\":2,\"name\":\"De acuerdo a ProPublica es verdad y est\u00e1 confirmado la existencia de la lista de pol\u00edticos mexicanos acusados de relaci\u00f3n con el narco\"}]},{\"@type\":\"WebSite\",\"@id\":\"https:\\\/\\\/quehacerpolitico.mx\\\/#website\",\"url\":\"https:\\\/\\\/quehacerpolitico.mx\\\/\",\"name\":\"\",\"description\":\"\",\"potentialAction\":[{\"@type\":\"SearchAction\",\"target\":{\"@type\":\"EntryPoint\",\"urlTemplate\":\"https:\\\/\\\/quehacerpolitico.mx\\\/?s={search_term_string}\"},\"query-input\":{\"@type\":\"PropertyValueSpecification\",\"valueRequired\":true,\"valueName\":\"search_term_string\"}}],\"inLanguage\":\"es\"},{\"@type\":\"Person\",\"@id\":\"https:\\\/\\\/quehacerpolitico.mx\\\/#\\\/schema\\\/person\\\/496d8ad2d1d3f8036101dca7ee39e585\",\"name\":\"Redacci\u00f3n QP\",\"image\":{\"@type\":\"ImageObject\",\"inLanguage\":\"es\",\"@id\":\"https:\\\/\\\/secure.gravatar.com\\\/avatar\\\/c7164ed6fdec453195284ad24a5ae5b6e1eed2b848477fa2a4787ba9adf39a41?s=96&d=mm&r=g\",\"url\":\"https:\\\/\\\/secure.gravatar.com\\\/avatar\\\/c7164ed6fdec453195284ad24a5ae5b6e1eed2b848477fa2a4787ba9adf39a41?s=96&d=mm&r=g\",\"contentUrl\":\"https:\\\/\\\/secure.gravatar.com\\\/avatar\\\/c7164ed6fdec453195284ad24a5ae5b6e1eed2b848477fa2a4787ba9adf39a41?s=96&d=mm&r=g\",\"caption\":\"Redacci\u00f3n QP\"},\"url\":\"https:\\\/\\\/quehacerpolitico.mx\\\/?author=2\"}]}<\/script>\n<!-- \/ Yoast SEO plugin. -->","yoast_head_json":{"title":"De acuerdo a ProPublica es verdad y est\u00e1 confirmado la existencia de la lista de pol\u00edticos mexicanos acusados de relaci\u00f3n con el narco -","robots":{"index":"index","follow":"follow","max-snippet":"max-snippet:-1","max-image-preview":"max-image-preview:large","max-video-preview":"max-video-preview:-1"},"canonical":"https:\/\/quehacerpolitico.mx\/?p=116315","og_locale":"es_MX","og_type":"article","og_title":"De acuerdo a ProPublica es verdad y est\u00e1 confirmado la existencia de la lista de pol\u00edticos mexicanos acusados de relaci\u00f3n con el narco -","og_description":"Por Redacci\u00f3n QP Funcionarios de EUA habr\u00edan confirmado la existencia de una lista con los...","og_url":"https:\/\/quehacerpolitico.mx\/?p=116315","article_published_time":"2025-05-16T04:00:22+00:00","article_modified_time":"2025-05-16T04:00:26+00:00","og_image":[{"width":739,"height":415,"url":"https:\/\/quehacerpolitico.mx\/wp-content\/uploads\/2025\/05\/IMG_0030.jpeg","type":"image\/jpeg"}],"author":"Redacci\u00f3n QP","twitter_card":"summary_large_image","twitter_misc":{"Escrito por":"Redacci\u00f3n QP","Tiempo de lectura":"2 minutos"},"schema":{"@context":"https:\/\/schema.org","@graph":[{"@type":"Article","@id":"https:\/\/quehacerpolitico.mx\/?p=116315#article","isPartOf":{"@id":"https:\/\/quehacerpolitico.mx\/?p=116315"},"author":{"name":"Redacci\u00f3n QP","@id":"https:\/\/quehacerpolitico.mx\/#\/schema\/person\/496d8ad2d1d3f8036101dca7ee39e585"},"headline":"De acuerdo a ProPublica es verdad y est\u00e1 confirmado la existencia de la lista de pol\u00edticos mexicanos acusados de relaci\u00f3n con el narco","datePublished":"2025-05-16T04:00:22+00:00","dateModified":"2025-05-16T04:00:26+00:00","mainEntityOfPage":{"@id":"https:\/\/quehacerpolitico.mx\/?p=116315"},"wordCount":506,"commentCount":0,"image":{"@id":"https:\/\/quehacerpolitico.mx\/?p=116315#primaryimage"},"thumbnailUrl":"https:\/\/quehacerpolitico.mx\/wp-content\/uploads\/2025\/05\/IMG_0030.jpeg","articleSection":["Nacionales","Noticias"],"inLanguage":"es","potentialAction":[{"@type":"CommentAction","name":"Comment","target":["https:\/\/quehacerpolitico.mx\/?p=116315#respond"]}]},{"@type":"WebPage","@id":"https:\/\/quehacerpolitico.mx\/?p=116315","url":"https:\/\/quehacerpolitico.mx\/?p=116315","name":"De acuerdo a ProPublica es verdad y est\u00e1 confirmado la existencia de la lista de pol\u00edticos mexicanos acusados de relaci\u00f3n con el narco -","isPartOf":{"@id":"https:\/\/quehacerpolitico.mx\/#website"},"primaryImageOfPage":{"@id":"https:\/\/quehacerpolitico.mx\/?p=116315#primaryimage"},"image":{"@id":"https:\/\/quehacerpolitico.mx\/?p=116315#primaryimage"},"thumbnailUrl":"https:\/\/quehacerpolitico.mx\/wp-content\/uploads\/2025\/05\/IMG_0030.jpeg","datePublished":"2025-05-16T04:00:22+00:00","dateModified":"2025-05-16T04:00:26+00:00","author":{"@id":"https:\/\/quehacerpolitico.mx\/#\/schema\/person\/496d8ad2d1d3f8036101dca7ee39e585"},"breadcrumb":{"@id":"https:\/\/quehacerpolitico.mx\/?p=116315#breadcrumb"},"inLanguage":"es","potentialAction":[{"@type":"ReadAction","target":["https:\/\/quehacerpolitico.mx\/?p=116315"]}]},{"@type":"ImageObject","inLanguage":"es","@id":"https:\/\/quehacerpolitico.mx\/?p=116315#primaryimage","url":"https:\/\/quehacerpolitico.mx\/wp-content\/uploads\/2025\/05\/IMG_0030.jpeg","contentUrl":"https:\/\/quehacerpolitico.mx\/wp-content\/uploads\/2025\/05\/IMG_0030.jpeg","width":739,"height":415},{"@type":"BreadcrumbList","@id":"https:\/\/quehacerpolitico.mx\/?p=116315#breadcrumb","itemListElement":[{"@type":"ListItem","position":1,"name":"Inicio","item":"https:\/\/quehacerpolitico.mx\/"},{"@type":"ListItem","position":2,"name":"De acuerdo a ProPublica es verdad y est\u00e1 confirmado la existencia de la lista de pol\u00edticos mexicanos acusados de relaci\u00f3n con el narco"}]},{"@type":"WebSite","@id":"https:\/\/quehacerpolitico.mx\/#website","url":"https:\/\/quehacerpolitico.mx\/","name":"","description":"","potentialAction":[{"@type":"SearchAction","target":{"@type":"EntryPoint","urlTemplate":"https:\/\/quehacerpolitico.mx\/?s={search_term_string}"},"query-input":{"@type":"PropertyValueSpecification","valueRequired":true,"valueName":"search_term_string"}}],"inLanguage":"es"},{"@type":"Person","@id":"https:\/\/quehacerpolitico.mx\/#\/schema\/person\/496d8ad2d1d3f8036101dca7ee39e585","name":"Redacci\u00f3n QP","image":{"@type":"ImageObject","inLanguage":"es","@id":"https:\/\/secure.gravatar.com\/avatar\/c7164ed6fdec453195284ad24a5ae5b6e1eed2b848477fa2a4787ba9adf39a41?s=96&d=mm&r=g","url":"https:\/\/secure.gravatar.com\/avatar\/c7164ed6fdec453195284ad24a5ae5b6e1eed2b848477fa2a4787ba9adf39a41?s=96&d=mm&r=g","contentUrl":"https:\/\/secure.gravatar.com\/avatar\/c7164ed6fdec453195284ad24a5ae5b6e1eed2b848477fa2a4787ba9adf39a41?s=96&d=mm&r=g","caption":"Redacci\u00f3n QP"},"url":"https:\/\/quehacerpolitico.mx\/?author=2"}]}},"featured_image_urls":{"full":["https:\/\/quehacerpolitico.mx\/wp-content\/uploads\/2025\/05\/IMG_0030.jpeg",739,415,false],"thumbnail":["https:\/\/quehacerpolitico.mx\/wp-content\/uploads\/2025\/05\/IMG_0030-150x150.jpeg",150,150,true],"medium":["https:\/\/quehacerpolitico.mx\/wp-content\/uploads\/2025\/05\/IMG_0030-300x168.jpeg",300,168,true],"medium_large":["https:\/\/quehacerpolitico.mx\/wp-content\/uploads\/2025\/05\/IMG_0030.jpeg",640,359,false],"large":["https:\/\/quehacerpolitico.mx\/wp-content\/uploads\/2025\/05\/IMG_0030.jpeg",640,359,false],"1536x1536":["https:\/\/quehacerpolitico.mx\/wp-content\/uploads\/2025\/05\/IMG_0030.jpeg",739,415,false],"2048x2048":["https:\/\/quehacerpolitico.mx\/wp-content\/uploads\/2025\/05\/IMG_0030.jpeg",739,415,false],"covernews-featured":["https:\/\/quehacerpolitico.mx\/wp-content\/uploads\/2025\/05\/IMG_0030.jpeg",739,415,false],"covernews-medium":["https:\/\/quehacerpolitico.mx\/wp-content\/uploads\/2025\/05\/IMG_0030-540x340.jpeg",540,340,true]},"author_info":{"display_name":"Redacci\u00f3n QP","author_link":"https:\/\/quehacerpolitico.mx\/?author=2"},"category_info":"<a href=\"https:\/\/quehacerpolitico.mx\/?cat=280\" rel=\"category\">Nacionales<\/a> <a href=\"https:\/\/quehacerpolitico.mx\/?cat=2\" rel=\"category\">Noticias<\/a>","tag_info":"Noticias","comment_count":"0","_links":{"self":[{"href":"https:\/\/quehacerpolitico.mx\/index.php?rest_route=\/wp\/v2\/posts\/116315","targetHints":{"allow":["GET"]}}],"collection":[{"href":"https:\/\/quehacerpolitico.mx\/index.php?rest_route=\/wp\/v2\/posts"}],"about":[{"href":"https:\/\/quehacerpolitico.mx\/index.php?rest_route=\/wp\/v2\/types\/post"}],"author":[{"embeddable":true,"href":"https:\/\/quehacerpolitico.mx\/index.php?rest_route=\/wp\/v2\/users\/2"}],"replies":[{"embeddable":true,"href":"https:\/\/quehacerpolitico.mx\/index.php?rest_route=%2Fwp%2Fv2%2Fcomments&post=116315"}],"version-history":[{"count":1,"href":"https:\/\/quehacerpolitico.mx\/index.php?rest_route=\/wp\/v2\/posts\/116315\/revisions"}],"predecessor-version":[{"id":116317,"href":"https:\/\/quehacerpolitico.mx\/index.php?rest_route=\/wp\/v2\/posts\/116315\/revisions\/116317"}],"wp:featuredmedia":[{"embeddable":true,"href":"https:\/\/quehacerpolitico.mx\/index.php?rest_route=\/wp\/v2\/media\/116316"}],"wp:attachment":[{"href":"https:\/\/quehacerpolitico.mx\/index.php?rest_route=%2Fwp%2Fv2%2Fmedia&parent=116315"}],"wp:term":[{"taxonomy":"category","embeddable":true,"href":"https:\/\/quehacerpolitico.mx\/index.php?rest_route=%2Fwp%2Fv2%2Fcategories&post=116315"},{"taxonomy":"post_tag","embeddable":true,"href":"https:\/\/quehacerpolitico.mx\/index.php?rest_route=%2Fwp%2Fv2%2Ftags&post=116315"}],"curies":[{"name":"wp","href":"https:\/\/api.w.org\/{rel}","templated":true}]}}