{"id":11625,"date":"2018-12-14T03:10:10","date_gmt":"2018-12-14T03:10:10","guid":{"rendered":"http:\/\/quehacerpolitico.mx\/la-cidh-condena-asesinatos-de-periodistas-durante-los-primeros-dias-del-gobierno-de-amlo\/"},"modified":"2018-12-14T03:10:10","modified_gmt":"2018-12-14T03:10:10","slug":"la-cidh-condena-asesinatos-de-periodistas-durante-los-primeros-dias-del-gobierno-de-amlo","status":"publish","type":"post","link":"https:\/\/quehacerpolitico.mx\/?p=11625","title":{"rendered":"La CIDH condena asesinatos de periodistas durante los primeros d\u00edas del Gobierno de AMLO"},"content":{"rendered":"<h1>La CIDH condena asesinatos de periodistas durante los primeros d\u00edas del Gobierno de AMLO<\/h1>\n<p>Por Redacci\u00f3n QP<\/p>\n<p>La<strong> Comisi\u00f3n Interamericana de Derechos Humanos (CIDH)<\/strong> conden\u00f3 los asesinatos de <strong>periodistas<\/strong> que han ocurrido durante los primeros d\u00edas del sexenio de<strong>Andr\u00e9s Manuel L\u00f3pez Obrador<\/strong>.<\/p>\n<blockquote>\n<p>\u201cPara la <strong>Relator\u00eda Especial<\/strong> es fundamental que las autoridades p\u00fablicas <strong>se pronuncien en contra de estos cr\u00edmenes<\/strong> que buscan socavar la libertad de expresi\u00f3n\u201d, indic\u00f3.<\/p>\n<\/blockquote>\n<p>El Gobierno de AMLO tiene que enviar mensajes claros sobre la tolerancia cero contra cr\u00edmenes de esta naturaleza, apunt\u00f3.<\/p>\n<p>El periodista Diego Garc\u00eda Corona, reportero del <em>semanario Morelos,<\/em> fue asesinado la noche del 5 de diciembre mientras circulaba a bordo de su autom\u00f3vil, en Ecatepec, Estado de M\u00e9xico.<\/p>\n<p>Garc\u00eda, de 35 a\u00f1os, fue interceptado en la colonia Jardines de Morelos por un grupo de hombres armados. Le dispararon en las calles Playa de Marquelia y Avenida Jardines.<\/p>\n<p>Despu\u00e9s del ataque los agresores huyeron. Las autoridades encontraron el cuerpo del comunicador, que fue identificado gracias a una credencial. Personal de la Fiscal\u00eda del Estado de M\u00e9xico recibi\u00f3 reporte por parte de vecinos, y procedi\u00f3 a acordonar el lugar.<\/p>\n<p>El vocero de la presidencia de la Rep\u00fablica, Jes\u00fas Ram\u00edrez Cuevas, confirm\u00f3 el crimen con mensaje en su cuenta de Twitter:<\/p>\n<blockquote class=\"twitter-tweet\" data-width=\"550\" data-dnt=\"true\">\n<p lang=\"es\" dir=\"ltr\">Condenamos el homicidio de Diego Garc\u00eda Corona, reportero del semanario Morelos, <a href=\"https:\/\/twitter.com\/hashtag\/Edomex?src=hash&amp;ref_src=twsrc%5Etfw\">#Edomex<\/a> y externamos condolencias a su familia. Trabajamos en un plan de prevenci\u00f3n, protecci\u00f3n, acceso a la justicia y reparaci\u00f3n del da\u00f1o que d\u00e9 garant\u00edas a periodistas <a href=\"https:\/\/twitter.com\/hashtag\/LibertadDeExpresi%C3%B3n?src=hash&amp;ref_src=twsrc%5Etfw\">#LibertadDeExpresi\u00f3n<\/a><\/p>\n<p>&mdash; Jes\u00fas Ram\u00edrez Cuevas (@JesusRCuevas) <a href=\"https:\/\/twitter.com\/JesusRCuevas\/status\/1070746462873501696?ref_src=twsrc%5Etfw\">December 6, 2018<\/a><\/p><\/blockquote>\n<p><script async src=\"https:\/\/platform.twitter.com\/widgets.js\" charset=\"utf-8\"><\/script><\/p>\n<p>Con el asesinato del reportero, son ya dos periodistas v\u00edctimas de homicidio durante la administraci\u00f3n del Presidente Andr\u00e9s Manuel L\u00f3pez Obrador. El director del medio digital <em>Ori\u00f3n Informativo<\/em>, Jes\u00fas Alejandro M\u00e1rquez Jim\u00e9nez, fue hallado muerto con tres impactos de bala en Tepic Nayarit, el s\u00e1bado 1 de diciembre de 2018, justo el d\u00eda en que AMLO tom\u00f3 protesta.<\/p>\n<p>De acuerdo con la organizaci\u00f3n internacional Art\u00edculo 19, \u201cel periodista habr\u00eda recibido una llamada telef\u00f3nica el s\u00e1bado 1 de diciembre en la tarde despu\u00e9s de comer. Tras dicha llamada, el periodista sali\u00f3 de su domicilio a bordo de una motocicleta de su propiedad sin avisar con qui\u00e9n se encontrar\u00eda. A partir de ese momento, se desconoce qu\u00e9 sucedi\u00f3 con el periodista\u201d.<\/p>\n<p>Al percatarse que M\u00e1rquez Jim\u00e9nez no hab\u00eda llegado a casa en toda la noche, sus familiares acudieron a la Fiscal\u00eda local para denunciar su desaparici\u00f3n. \u201cAh\u00ed se les inform\u00f3 que hab\u00eda sido encontrada una persona con caracter\u00edsticas f\u00edsicas que coincid\u00edan con las de M\u00e1rquez Jim\u00e9nez, hecho que fue confirmado por la esposa del periodista\u201d, dijo la organizaci\u00f3n.<\/p>\n","protected":false},"excerpt":{"rendered":"<p>La CIDH condena asesinatos de periodistas durante los primeros d\u00edas del Gobierno de AMLO<br \/>\nPor Redacci\u00f3n QP<\/p>\n","protected":false},"author":2,"featured_media":11624,"comment_status":"open","ping_status":"open","sticky":false,"template":"","format":"standard","meta":{"_monsterinsights_skip_tracking":false,"_monsterinsights_sitenote_active":false,"_monsterinsights_sitenote_note":"","_monsterinsights_sitenote_category":0,"footnotes":""},"categories":[2],"tags":[],"class_list":["post-11625","post","type-post","status-publish","format-standard","has-post-thumbnail","hentry","category-noticias"],"yoast_head":"<!-- This site is optimized with the Yoast SEO plugin v27.3 - https:\/\/yoast.com\/product\/yoast-seo-wordpress\/ -->\n<title>La CIDH condena asesinatos de periodistas durante los primeros d\u00edas del Gobierno de AMLO -<\/title>\n<meta name=\"robots\" content=\"index, follow, max-snippet:-1, max-image-preview:large, max-video-preview:-1\" \/>\n<link rel=\"canonical\" href=\"https:\/\/quehacerpolitico.mx\/?p=11625\" \/>\n<meta property=\"og:locale\" content=\"es_MX\" \/>\n<meta property=\"og:type\" content=\"article\" \/>\n<meta property=\"og:title\" content=\"La CIDH condena asesinatos de periodistas durante los primeros d\u00edas del Gobierno de AMLO -\" \/>\n<meta property=\"og:description\" content=\"La CIDH condena asesinatos de periodistas durante los primeros d\u00edas del Gobierno de AMLO Por Redacci\u00f3n QP\" \/>\n<meta property=\"og:url\" content=\"https:\/\/quehacerpolitico.mx\/?p=11625\" \/>\n<meta property=\"article:published_time\" content=\"2018-12-14T03:10:10+00:00\" \/>\n<meta name=\"author\" content=\"Redacci\u00f3n QP\" \/>\n<meta name=\"twitter:card\" content=\"summary_large_image\" \/>\n<meta name=\"twitter:label1\" content=\"Escrito por\" \/>\n\t<meta name=\"twitter:data1\" content=\"Redacci\u00f3n QP\" \/>\n\t<meta name=\"twitter:label2\" content=\"Tiempo de lectura\" \/>\n\t<meta name=\"twitter:data2\" content=\"2 minutos\" \/>\n<script type=\"application\/ld+json\" class=\"yoast-schema-graph\">{\"@context\":\"https:\\\/\\\/schema.org\",\"@graph\":[{\"@type\":\"Article\",\"@id\":\"https:\\\/\\\/quehacerpolitico.mx\\\/?p=11625#article\",\"isPartOf\":{\"@id\":\"https:\\\/\\\/quehacerpolitico.mx\\\/?p=11625\"},\"author\":{\"name\":\"Redacci\u00f3n QP\",\"@id\":\"https:\\\/\\\/quehacerpolitico.mx\\\/#\\\/schema\\\/person\\\/496d8ad2d1d3f8036101dca7ee39e585\"},\"headline\":\"La CIDH condena asesinatos de periodistas durante los primeros d\u00edas del Gobierno de AMLO\",\"datePublished\":\"2018-12-14T03:10:10+00:00\",\"mainEntityOfPage\":{\"@id\":\"https:\\\/\\\/quehacerpolitico.mx\\\/?p=11625\"},\"wordCount\":448,\"commentCount\":0,\"image\":{\"@id\":\"https:\\\/\\\/quehacerpolitico.mx\\\/?p=11625#primaryimage\"},\"thumbnailUrl\":\"\",\"articleSection\":[\"Noticias\"],\"inLanguage\":\"es\",\"potentialAction\":[{\"@type\":\"CommentAction\",\"name\":\"Comment\",\"target\":[\"https:\\\/\\\/quehacerpolitico.mx\\\/?p=11625#respond\"]}]},{\"@type\":\"WebPage\",\"@id\":\"https:\\\/\\\/quehacerpolitico.mx\\\/?p=11625\",\"url\":\"https:\\\/\\\/quehacerpolitico.mx\\\/?p=11625\",\"name\":\"La CIDH condena asesinatos de periodistas durante los primeros d\u00edas del Gobierno de AMLO -\",\"isPartOf\":{\"@id\":\"https:\\\/\\\/quehacerpolitico.mx\\\/#website\"},\"primaryImageOfPage\":{\"@id\":\"https:\\\/\\\/quehacerpolitico.mx\\\/?p=11625#primaryimage\"},\"image\":{\"@id\":\"https:\\\/\\\/quehacerpolitico.mx\\\/?p=11625#primaryimage\"},\"thumbnailUrl\":\"\",\"datePublished\":\"2018-12-14T03:10:10+00:00\",\"author\":{\"@id\":\"https:\\\/\\\/quehacerpolitico.mx\\\/#\\\/schema\\\/person\\\/496d8ad2d1d3f8036101dca7ee39e585\"},\"breadcrumb\":{\"@id\":\"https:\\\/\\\/quehacerpolitico.mx\\\/?p=11625#breadcrumb\"},\"inLanguage\":\"es\",\"potentialAction\":[{\"@type\":\"ReadAction\",\"target\":[\"https:\\\/\\\/quehacerpolitico.mx\\\/?p=11625\"]}]},{\"@type\":\"ImageObject\",\"inLanguage\":\"es\",\"@id\":\"https:\\\/\\\/quehacerpolitico.mx\\\/?p=11625#primaryimage\",\"url\":\"\",\"contentUrl\":\"\"},{\"@type\":\"BreadcrumbList\",\"@id\":\"https:\\\/\\\/quehacerpolitico.mx\\\/?p=11625#breadcrumb\",\"itemListElement\":[{\"@type\":\"ListItem\",\"position\":1,\"name\":\"Inicio\",\"item\":\"https:\\\/\\\/quehacerpolitico.mx\\\/\"},{\"@type\":\"ListItem\",\"position\":2,\"name\":\"La CIDH condena asesinatos de periodistas durante los primeros d\u00edas del Gobierno de AMLO\"}]},{\"@type\":\"WebSite\",\"@id\":\"https:\\\/\\\/quehacerpolitico.mx\\\/#website\",\"url\":\"https:\\\/\\\/quehacerpolitico.mx\\\/\",\"name\":\"\",\"description\":\"\",\"potentialAction\":[{\"@type\":\"SearchAction\",\"target\":{\"@type\":\"EntryPoint\",\"urlTemplate\":\"https:\\\/\\\/quehacerpolitico.mx\\\/?s={search_term_string}\"},\"query-input\":{\"@type\":\"PropertyValueSpecification\",\"valueRequired\":true,\"valueName\":\"search_term_string\"}}],\"inLanguage\":\"es\"},{\"@type\":\"Person\",\"@id\":\"https:\\\/\\\/quehacerpolitico.mx\\\/#\\\/schema\\\/person\\\/496d8ad2d1d3f8036101dca7ee39e585\",\"name\":\"Redacci\u00f3n QP\",\"image\":{\"@type\":\"ImageObject\",\"inLanguage\":\"es\",\"@id\":\"https:\\\/\\\/secure.gravatar.com\\\/avatar\\\/c7164ed6fdec453195284ad24a5ae5b6e1eed2b848477fa2a4787ba9adf39a41?s=96&d=mm&r=g\",\"url\":\"https:\\\/\\\/secure.gravatar.com\\\/avatar\\\/c7164ed6fdec453195284ad24a5ae5b6e1eed2b848477fa2a4787ba9adf39a41?s=96&d=mm&r=g\",\"contentUrl\":\"https:\\\/\\\/secure.gravatar.com\\\/avatar\\\/c7164ed6fdec453195284ad24a5ae5b6e1eed2b848477fa2a4787ba9adf39a41?s=96&d=mm&r=g\",\"caption\":\"Redacci\u00f3n QP\"},\"url\":\"https:\\\/\\\/quehacerpolitico.mx\\\/?author=2\"}]}<\/script>\n<!-- \/ Yoast SEO plugin. -->","yoast_head_json":{"title":"La CIDH condena asesinatos de periodistas durante los primeros d\u00edas del Gobierno de AMLO -","robots":{"index":"index","follow":"follow","max-snippet":"max-snippet:-1","max-image-preview":"max-image-preview:large","max-video-preview":"max-video-preview:-1"},"canonical":"https:\/\/quehacerpolitico.mx\/?p=11625","og_locale":"es_MX","og_type":"article","og_title":"La CIDH condena asesinatos de periodistas durante los primeros d\u00edas del Gobierno de AMLO -","og_description":"La CIDH condena asesinatos de periodistas durante los primeros d\u00edas del Gobierno de AMLO Por Redacci\u00f3n QP","og_url":"https:\/\/quehacerpolitico.mx\/?p=11625","article_published_time":"2018-12-14T03:10:10+00:00","author":"Redacci\u00f3n QP","twitter_card":"summary_large_image","twitter_misc":{"Escrito por":"Redacci\u00f3n QP","Tiempo de lectura":"2 minutos"},"schema":{"@context":"https:\/\/schema.org","@graph":[{"@type":"Article","@id":"https:\/\/quehacerpolitico.mx\/?p=11625#article","isPartOf":{"@id":"https:\/\/quehacerpolitico.mx\/?p=11625"},"author":{"name":"Redacci\u00f3n QP","@id":"https:\/\/quehacerpolitico.mx\/#\/schema\/person\/496d8ad2d1d3f8036101dca7ee39e585"},"headline":"La CIDH condena asesinatos de periodistas durante los primeros d\u00edas del Gobierno de AMLO","datePublished":"2018-12-14T03:10:10+00:00","mainEntityOfPage":{"@id":"https:\/\/quehacerpolitico.mx\/?p=11625"},"wordCount":448,"commentCount":0,"image":{"@id":"https:\/\/quehacerpolitico.mx\/?p=11625#primaryimage"},"thumbnailUrl":"","articleSection":["Noticias"],"inLanguage":"es","potentialAction":[{"@type":"CommentAction","name":"Comment","target":["https:\/\/quehacerpolitico.mx\/?p=11625#respond"]}]},{"@type":"WebPage","@id":"https:\/\/quehacerpolitico.mx\/?p=11625","url":"https:\/\/quehacerpolitico.mx\/?p=11625","name":"La CIDH condena asesinatos de periodistas durante los primeros d\u00edas del Gobierno de AMLO -","isPartOf":{"@id":"https:\/\/quehacerpolitico.mx\/#website"},"primaryImageOfPage":{"@id":"https:\/\/quehacerpolitico.mx\/?p=11625#primaryimage"},"image":{"@id":"https:\/\/quehacerpolitico.mx\/?p=11625#primaryimage"},"thumbnailUrl":"","datePublished":"2018-12-14T03:10:10+00:00","author":{"@id":"https:\/\/quehacerpolitico.mx\/#\/schema\/person\/496d8ad2d1d3f8036101dca7ee39e585"},"breadcrumb":{"@id":"https:\/\/quehacerpolitico.mx\/?p=11625#breadcrumb"},"inLanguage":"es","potentialAction":[{"@type":"ReadAction","target":["https:\/\/quehacerpolitico.mx\/?p=11625"]}]},{"@type":"ImageObject","inLanguage":"es","@id":"https:\/\/quehacerpolitico.mx\/?p=11625#primaryimage","url":"","contentUrl":""},{"@type":"BreadcrumbList","@id":"https:\/\/quehacerpolitico.mx\/?p=11625#breadcrumb","itemListElement":[{"@type":"ListItem","position":1,"name":"Inicio","item":"https:\/\/quehacerpolitico.mx\/"},{"@type":"ListItem","position":2,"name":"La CIDH condena asesinatos de periodistas durante los primeros d\u00edas del Gobierno de AMLO"}]},{"@type":"WebSite","@id":"https:\/\/quehacerpolitico.mx\/#website","url":"https:\/\/quehacerpolitico.mx\/","name":"","description":"","potentialAction":[{"@type":"SearchAction","target":{"@type":"EntryPoint","urlTemplate":"https:\/\/quehacerpolitico.mx\/?s={search_term_string}"},"query-input":{"@type":"PropertyValueSpecification","valueRequired":true,"valueName":"search_term_string"}}],"inLanguage":"es"},{"@type":"Person","@id":"https:\/\/quehacerpolitico.mx\/#\/schema\/person\/496d8ad2d1d3f8036101dca7ee39e585","name":"Redacci\u00f3n QP","image":{"@type":"ImageObject","inLanguage":"es","@id":"https:\/\/secure.gravatar.com\/avatar\/c7164ed6fdec453195284ad24a5ae5b6e1eed2b848477fa2a4787ba9adf39a41?s=96&d=mm&r=g","url":"https:\/\/secure.gravatar.com\/avatar\/c7164ed6fdec453195284ad24a5ae5b6e1eed2b848477fa2a4787ba9adf39a41?s=96&d=mm&r=g","contentUrl":"https:\/\/secure.gravatar.com\/avatar\/c7164ed6fdec453195284ad24a5ae5b6e1eed2b848477fa2a4787ba9adf39a41?s=96&d=mm&r=g","caption":"Redacci\u00f3n QP"},"url":"https:\/\/quehacerpolitico.mx\/?author=2"}]}},"featured_image_urls":{"full":"","thumbnail":"","medium":"","medium_large":"","large":"","1536x1536":"","2048x2048":"","covernews-featured":"","covernews-medium":""},"author_info":{"display_name":"Redacci\u00f3n QP","author_link":"https:\/\/quehacerpolitico.mx\/?author=2"},"category_info":"<a href=\"https:\/\/quehacerpolitico.mx\/?cat=2\" rel=\"category\">Noticias<\/a>","tag_info":"Noticias","comment_count":"0","_links":{"self":[{"href":"https:\/\/quehacerpolitico.mx\/index.php?rest_route=\/wp\/v2\/posts\/11625","targetHints":{"allow":["GET"]}}],"collection":[{"href":"https:\/\/quehacerpolitico.mx\/index.php?rest_route=\/wp\/v2\/posts"}],"about":[{"href":"https:\/\/quehacerpolitico.mx\/index.php?rest_route=\/wp\/v2\/types\/post"}],"author":[{"embeddable":true,"href":"https:\/\/quehacerpolitico.mx\/index.php?rest_route=\/wp\/v2\/users\/2"}],"replies":[{"embeddable":true,"href":"https:\/\/quehacerpolitico.mx\/index.php?rest_route=%2Fwp%2Fv2%2Fcomments&post=11625"}],"version-history":[{"count":0,"href":"https:\/\/quehacerpolitico.mx\/index.php?rest_route=\/wp\/v2\/posts\/11625\/revisions"}],"wp:featuredmedia":[{"embeddable":true,"href":"https:\/\/quehacerpolitico.mx\/index.php?rest_route=\/"}],"wp:attachment":[{"href":"https:\/\/quehacerpolitico.mx\/index.php?rest_route=%2Fwp%2Fv2%2Fmedia&parent=11625"}],"wp:term":[{"taxonomy":"category","embeddable":true,"href":"https:\/\/quehacerpolitico.mx\/index.php?rest_route=%2Fwp%2Fv2%2Fcategories&post=11625"},{"taxonomy":"post_tag","embeddable":true,"href":"https:\/\/quehacerpolitico.mx\/index.php?rest_route=%2Fwp%2Fv2%2Ftags&post=11625"}],"curies":[{"name":"wp","href":"https:\/\/api.w.org\/{rel}","templated":true}]}}