{"id":11621,"date":"2018-12-13T23:15:14","date_gmt":"2018-12-13T23:15:14","guid":{"rendered":"http:\/\/quehacerpolitico.mx\/el-presidente-de-la-scjn-sale-en-defensa-de-su-autonomia-amlo-no-asiste-a-la-comida-tradicional\/"},"modified":"2018-12-13T23:15:14","modified_gmt":"2018-12-13T23:15:14","slug":"el-presidente-de-la-scjn-sale-en-defensa-de-su-autonomia-amlo-no-asiste-a-la-comida-tradicional","status":"publish","type":"post","link":"https:\/\/quehacerpolitico.mx\/?p=11621","title":{"rendered":"El Presidente de la SCJN sale en defensa de su autonom\u00eda; AMLO no asiste a la comida tradicional"},"content":{"rendered":"<h1>El Presidente de la SCJN sale en defensa de su autonom\u00eda; AMLO no asiste a la comida tradicional<\/h1>\n<p>Por Redacci\u00f3n QP<\/p>\n<p>El Ministro presidente de la Suprema Corte de Justicia de la Naci\u00f3n (<strong>SCJN<\/strong>), <strong>Luis Mar\u00eda Aguilar<\/strong>, destac\u00f3 que sin independencia un juez se convierte en un mandatario. Sentado a la derecha del <strong>Presidente Andr\u00e9s Manuel L\u00f3pez Obrador<\/strong>, el Ministro dijo: \u201c<strong>Nada ni nadie sobre la Constituci\u00f3n<\/strong>\u201d.<\/p>\n<p>Durante el mensaje de su cuarto informe de labores, Luis Mar\u00eda Aguilar dijo:<\/p>\n<blockquote>\n<p>\u201cMi convicci\u00f3n es que si un juez no goza de condiciones de independencia deja de ser juez para convertirse en mandatario de alguien\u201d.<\/p>\n<\/blockquote>\n<p>El Ministro presidente de la Suprema Corte tambi\u00e9n habl\u00f3 de que el esfuerzo, vocaci\u00f3n y disciplina de los juzgadores del Poder Judicial debe ser reconocido.<\/p>\n<p>Agradeci\u00f3 la presencia del Presidente L\u00f3pez Obrador en el recinto y dijo que era una \u201cexpresi\u00f3n de la normalidad democr\u00e1tica con la que estamos obligados a conducirnos quienes representamos a las instituciones del Estado de M\u00e9xico\u201d.<\/p>\n<blockquote>\n<p>\u201cLa independencia del Poder Judicial deber\u00eda ser considerada por todos los ciudadanos como una garant\u00eda de verdad, libertad y el respeto de los derechos humanos, esta cualidad es un corolario del principio democr\u00e1tico de la separaci\u00f3n de poderes, en virtud del cual los poderes ejecutivo, legislativo y judicial constituyen tres ramas separadas e independientes del Estado\u201d, expres\u00f3 Luis Mar\u00eda Aguilar.<\/p>\n<\/blockquote>\n<p>El Ministro presidente tambi\u00e9n cit\u00f3 al Consejo de Derechos Humanos de al Asamblea General de las Naciones Unidas quien afirm\u00f3: \u201cEl requisito de la independencia e imparcialidad de los jueces no es una prerrogativa ni un privilegio que se les reconozca en su propio beneficio, sino que se justifica por la necesidad de que puedan ejercer su funci\u00f3n de guardianes del Estado de Derecho y de los derechos humanos y las libertades fundamentales de las personas\u201d.<\/p>\n<p>Aguilar dijo que el Poder judicial de la federaci\u00f3n est\u00e1 consciente de que es uno de los tres poderes de la uni\u00f3n, y que debe estar articulados y en concordancia con los otros poderes.<\/p>\n<p>\u201cQueremos trabajar en conjunto por un M\u00e9xico mejor, resolviendo las controversias conforme a las leyes que expide el Congreso de la Uni\u00f3n acordes con la Constituci\u00f3n, protegiendo los derechos de todos. Queremos, en fin, como todo buen mexicano quiere, lograr, en la medida de nuestras competencias, un pa\u00eds m\u00e1s fuerte, m\u00e1s democr\u00e1tico, m\u00e1s libre, sin corrupci\u00f3n y sin simulaci\u00f3n, y con la Justicia que corresponde, como derecho inalienable, al Pueblo de nuestra Naci\u00f3n\u201d, dijo al finalizar su mensaje.<\/p>\n<p>Luego de que finaliz\u00f3 el informe del Ministro, el Presidente L\u00f3pez Obrador se retir\u00f3. Se anunci\u00f3 que Andr\u00e9s Manuel no asistir\u00e1 a la comida que se ofrece despu\u00e9s del informe. Por la ma\u00f1ana, en su conferencia, dijo que asist\u00eda a la Corte hoy \u201cpor gusto y con convicci\u00f3n\u201d.<\/p>\n<p>Al evento tambi\u00e9n arribaron los presidente de la C\u00e1mara de Senadores y Diputados, Mart\u00ed Batres Guadarrama y Porfirio Mu\u00f1oz Ledo, respectivamente.<\/p>\n<p>As\u00ed como la Secretaria de Gobernaci\u00f3n, Olga S\u00e1nchez Cordero,\u00a0el Secretario de Seguridad, Alfonso Durazo, el titular del Instituto Nacional Electoral, Lorenzo C\u00f3rdova, y el de la Comisi\u00f3n Nacional de los Derechos Humanos (CNDH), Luis Ra\u00fal Gonz\u00e1lez P\u00e9rez.<\/p>\n<p>El evento se da justo en medio de la pol\u00e9mica desatada por la aplicaci\u00f3n de la Ley de Remuneraciones que busca poner tope a los salarios de los funcionarios y luego de que la Suprema Corte suspendiera el uso de la legislaci\u00f3n para definir el Presupuesto de Egresos de 2019.<\/p>\n<p>Por un lado, el Presidente ha dicho que los funcionarios del Poder Judicial son los mejor pagados del mundo y que algunos ganan 600 mil pesos al mes. La Suprema Corte y la Asociaci\u00f3n de Magistrados de Circuito y Jueces de Distrito salieron a decir que era falso.<\/p>\n","protected":false},"excerpt":{"rendered":"<p>El Presidente de la SCJN sale en defensa de su autonom\u00eda; AMLO no asiste a la comida tradicional<br \/>\nPor Redacci\u00f3n QP<\/p>\n","protected":false},"author":2,"featured_media":11620,"comment_status":"open","ping_status":"open","sticky":false,"template":"","format":"standard","meta":{"_monsterinsights_skip_tracking":false,"_monsterinsights_sitenote_active":false,"_monsterinsights_sitenote_note":"","_monsterinsights_sitenote_category":0,"footnotes":""},"categories":[2],"tags":[],"class_list":["post-11621","post","type-post","status-publish","format-standard","has-post-thumbnail","hentry","category-noticias"],"yoast_head":"<!-- This site is optimized with the Yoast SEO plugin v27.3 - https:\/\/yoast.com\/product\/yoast-seo-wordpress\/ -->\n<title>El Presidente de la SCJN sale en defensa de su autonom\u00eda; AMLO no asiste a la comida tradicional -<\/title>\n<meta name=\"robots\" content=\"index, follow, max-snippet:-1, max-image-preview:large, max-video-preview:-1\" \/>\n<link rel=\"canonical\" href=\"https:\/\/quehacerpolitico.mx\/?p=11621\" \/>\n<meta property=\"og:locale\" content=\"es_MX\" \/>\n<meta property=\"og:type\" content=\"article\" \/>\n<meta property=\"og:title\" content=\"El Presidente de la SCJN sale en defensa de su autonom\u00eda; AMLO no asiste a la comida tradicional -\" \/>\n<meta property=\"og:description\" content=\"El Presidente de la SCJN sale en defensa de su autonom\u00eda; AMLO no asiste a la comida tradicional Por Redacci\u00f3n QP\" \/>\n<meta property=\"og:url\" content=\"https:\/\/quehacerpolitico.mx\/?p=11621\" \/>\n<meta property=\"article:published_time\" content=\"2018-12-13T23:15:14+00:00\" \/>\n<meta name=\"author\" content=\"Redacci\u00f3n QP\" \/>\n<meta name=\"twitter:card\" content=\"summary_large_image\" \/>\n<meta name=\"twitter:label1\" content=\"Escrito por\" \/>\n\t<meta name=\"twitter:data1\" content=\"Redacci\u00f3n QP\" \/>\n\t<meta name=\"twitter:label2\" content=\"Tiempo de lectura\" \/>\n\t<meta name=\"twitter:data2\" content=\"3 minutos\" \/>\n<script type=\"application\/ld+json\" class=\"yoast-schema-graph\">{\"@context\":\"https:\\\/\\\/schema.org\",\"@graph\":[{\"@type\":\"Article\",\"@id\":\"https:\\\/\\\/quehacerpolitico.mx\\\/?p=11621#article\",\"isPartOf\":{\"@id\":\"https:\\\/\\\/quehacerpolitico.mx\\\/?p=11621\"},\"author\":{\"name\":\"Redacci\u00f3n QP\",\"@id\":\"https:\\\/\\\/quehacerpolitico.mx\\\/#\\\/schema\\\/person\\\/496d8ad2d1d3f8036101dca7ee39e585\"},\"headline\":\"El Presidente de la SCJN sale en defensa de su autonom\u00eda; AMLO no asiste a la comida tradicional\",\"datePublished\":\"2018-12-13T23:15:14+00:00\",\"mainEntityOfPage\":{\"@id\":\"https:\\\/\\\/quehacerpolitico.mx\\\/?p=11621\"},\"wordCount\":689,\"commentCount\":0,\"image\":{\"@id\":\"https:\\\/\\\/quehacerpolitico.mx\\\/?p=11621#primaryimage\"},\"thumbnailUrl\":\"\",\"articleSection\":[\"Noticias\"],\"inLanguage\":\"es\",\"potentialAction\":[{\"@type\":\"CommentAction\",\"name\":\"Comment\",\"target\":[\"https:\\\/\\\/quehacerpolitico.mx\\\/?p=11621#respond\"]}]},{\"@type\":\"WebPage\",\"@id\":\"https:\\\/\\\/quehacerpolitico.mx\\\/?p=11621\",\"url\":\"https:\\\/\\\/quehacerpolitico.mx\\\/?p=11621\",\"name\":\"El Presidente de la SCJN sale en defensa de su autonom\u00eda; AMLO no asiste a la comida tradicional -\",\"isPartOf\":{\"@id\":\"https:\\\/\\\/quehacerpolitico.mx\\\/#website\"},\"primaryImageOfPage\":{\"@id\":\"https:\\\/\\\/quehacerpolitico.mx\\\/?p=11621#primaryimage\"},\"image\":{\"@id\":\"https:\\\/\\\/quehacerpolitico.mx\\\/?p=11621#primaryimage\"},\"thumbnailUrl\":\"\",\"datePublished\":\"2018-12-13T23:15:14+00:00\",\"author\":{\"@id\":\"https:\\\/\\\/quehacerpolitico.mx\\\/#\\\/schema\\\/person\\\/496d8ad2d1d3f8036101dca7ee39e585\"},\"breadcrumb\":{\"@id\":\"https:\\\/\\\/quehacerpolitico.mx\\\/?p=11621#breadcrumb\"},\"inLanguage\":\"es\",\"potentialAction\":[{\"@type\":\"ReadAction\",\"target\":[\"https:\\\/\\\/quehacerpolitico.mx\\\/?p=11621\"]}]},{\"@type\":\"ImageObject\",\"inLanguage\":\"es\",\"@id\":\"https:\\\/\\\/quehacerpolitico.mx\\\/?p=11621#primaryimage\",\"url\":\"\",\"contentUrl\":\"\"},{\"@type\":\"BreadcrumbList\",\"@id\":\"https:\\\/\\\/quehacerpolitico.mx\\\/?p=11621#breadcrumb\",\"itemListElement\":[{\"@type\":\"ListItem\",\"position\":1,\"name\":\"Inicio\",\"item\":\"https:\\\/\\\/quehacerpolitico.mx\\\/\"},{\"@type\":\"ListItem\",\"position\":2,\"name\":\"El Presidente de la SCJN sale en defensa de su autonom\u00eda; AMLO no asiste a la comida tradicional\"}]},{\"@type\":\"WebSite\",\"@id\":\"https:\\\/\\\/quehacerpolitico.mx\\\/#website\",\"url\":\"https:\\\/\\\/quehacerpolitico.mx\\\/\",\"name\":\"\",\"description\":\"\",\"potentialAction\":[{\"@type\":\"SearchAction\",\"target\":{\"@type\":\"EntryPoint\",\"urlTemplate\":\"https:\\\/\\\/quehacerpolitico.mx\\\/?s={search_term_string}\"},\"query-input\":{\"@type\":\"PropertyValueSpecification\",\"valueRequired\":true,\"valueName\":\"search_term_string\"}}],\"inLanguage\":\"es\"},{\"@type\":\"Person\",\"@id\":\"https:\\\/\\\/quehacerpolitico.mx\\\/#\\\/schema\\\/person\\\/496d8ad2d1d3f8036101dca7ee39e585\",\"name\":\"Redacci\u00f3n QP\",\"image\":{\"@type\":\"ImageObject\",\"inLanguage\":\"es\",\"@id\":\"https:\\\/\\\/secure.gravatar.com\\\/avatar\\\/c7164ed6fdec453195284ad24a5ae5b6e1eed2b848477fa2a4787ba9adf39a41?s=96&d=mm&r=g\",\"url\":\"https:\\\/\\\/secure.gravatar.com\\\/avatar\\\/c7164ed6fdec453195284ad24a5ae5b6e1eed2b848477fa2a4787ba9adf39a41?s=96&d=mm&r=g\",\"contentUrl\":\"https:\\\/\\\/secure.gravatar.com\\\/avatar\\\/c7164ed6fdec453195284ad24a5ae5b6e1eed2b848477fa2a4787ba9adf39a41?s=96&d=mm&r=g\",\"caption\":\"Redacci\u00f3n QP\"},\"url\":\"https:\\\/\\\/quehacerpolitico.mx\\\/?author=2\"}]}<\/script>\n<!-- \/ Yoast SEO plugin. -->","yoast_head_json":{"title":"El Presidente de la SCJN sale en defensa de su autonom\u00eda; AMLO no asiste a la comida tradicional -","robots":{"index":"index","follow":"follow","max-snippet":"max-snippet:-1","max-image-preview":"max-image-preview:large","max-video-preview":"max-video-preview:-1"},"canonical":"https:\/\/quehacerpolitico.mx\/?p=11621","og_locale":"es_MX","og_type":"article","og_title":"El Presidente de la SCJN sale en defensa de su autonom\u00eda; AMLO no asiste a la comida tradicional -","og_description":"El Presidente de la SCJN sale en defensa de su autonom\u00eda; AMLO no asiste a la comida tradicional Por Redacci\u00f3n QP","og_url":"https:\/\/quehacerpolitico.mx\/?p=11621","article_published_time":"2018-12-13T23:15:14+00:00","author":"Redacci\u00f3n QP","twitter_card":"summary_large_image","twitter_misc":{"Escrito por":"Redacci\u00f3n QP","Tiempo de lectura":"3 minutos"},"schema":{"@context":"https:\/\/schema.org","@graph":[{"@type":"Article","@id":"https:\/\/quehacerpolitico.mx\/?p=11621#article","isPartOf":{"@id":"https:\/\/quehacerpolitico.mx\/?p=11621"},"author":{"name":"Redacci\u00f3n QP","@id":"https:\/\/quehacerpolitico.mx\/#\/schema\/person\/496d8ad2d1d3f8036101dca7ee39e585"},"headline":"El Presidente de la SCJN sale en defensa de su autonom\u00eda; AMLO no asiste a la comida tradicional","datePublished":"2018-12-13T23:15:14+00:00","mainEntityOfPage":{"@id":"https:\/\/quehacerpolitico.mx\/?p=11621"},"wordCount":689,"commentCount":0,"image":{"@id":"https:\/\/quehacerpolitico.mx\/?p=11621#primaryimage"},"thumbnailUrl":"","articleSection":["Noticias"],"inLanguage":"es","potentialAction":[{"@type":"CommentAction","name":"Comment","target":["https:\/\/quehacerpolitico.mx\/?p=11621#respond"]}]},{"@type":"WebPage","@id":"https:\/\/quehacerpolitico.mx\/?p=11621","url":"https:\/\/quehacerpolitico.mx\/?p=11621","name":"El Presidente de la SCJN sale en defensa de su autonom\u00eda; AMLO no asiste a la comida tradicional -","isPartOf":{"@id":"https:\/\/quehacerpolitico.mx\/#website"},"primaryImageOfPage":{"@id":"https:\/\/quehacerpolitico.mx\/?p=11621#primaryimage"},"image":{"@id":"https:\/\/quehacerpolitico.mx\/?p=11621#primaryimage"},"thumbnailUrl":"","datePublished":"2018-12-13T23:15:14+00:00","author":{"@id":"https:\/\/quehacerpolitico.mx\/#\/schema\/person\/496d8ad2d1d3f8036101dca7ee39e585"},"breadcrumb":{"@id":"https:\/\/quehacerpolitico.mx\/?p=11621#breadcrumb"},"inLanguage":"es","potentialAction":[{"@type":"ReadAction","target":["https:\/\/quehacerpolitico.mx\/?p=11621"]}]},{"@type":"ImageObject","inLanguage":"es","@id":"https:\/\/quehacerpolitico.mx\/?p=11621#primaryimage","url":"","contentUrl":""},{"@type":"BreadcrumbList","@id":"https:\/\/quehacerpolitico.mx\/?p=11621#breadcrumb","itemListElement":[{"@type":"ListItem","position":1,"name":"Inicio","item":"https:\/\/quehacerpolitico.mx\/"},{"@type":"ListItem","position":2,"name":"El Presidente de la SCJN sale en defensa de su autonom\u00eda; AMLO no asiste a la comida tradicional"}]},{"@type":"WebSite","@id":"https:\/\/quehacerpolitico.mx\/#website","url":"https:\/\/quehacerpolitico.mx\/","name":"","description":"","potentialAction":[{"@type":"SearchAction","target":{"@type":"EntryPoint","urlTemplate":"https:\/\/quehacerpolitico.mx\/?s={search_term_string}"},"query-input":{"@type":"PropertyValueSpecification","valueRequired":true,"valueName":"search_term_string"}}],"inLanguage":"es"},{"@type":"Person","@id":"https:\/\/quehacerpolitico.mx\/#\/schema\/person\/496d8ad2d1d3f8036101dca7ee39e585","name":"Redacci\u00f3n QP","image":{"@type":"ImageObject","inLanguage":"es","@id":"https:\/\/secure.gravatar.com\/avatar\/c7164ed6fdec453195284ad24a5ae5b6e1eed2b848477fa2a4787ba9adf39a41?s=96&d=mm&r=g","url":"https:\/\/secure.gravatar.com\/avatar\/c7164ed6fdec453195284ad24a5ae5b6e1eed2b848477fa2a4787ba9adf39a41?s=96&d=mm&r=g","contentUrl":"https:\/\/secure.gravatar.com\/avatar\/c7164ed6fdec453195284ad24a5ae5b6e1eed2b848477fa2a4787ba9adf39a41?s=96&d=mm&r=g","caption":"Redacci\u00f3n QP"},"url":"https:\/\/quehacerpolitico.mx\/?author=2"}]}},"featured_image_urls":{"full":"","thumbnail":"","medium":"","medium_large":"","large":"","1536x1536":"","2048x2048":"","covernews-featured":"","covernews-medium":""},"author_info":{"display_name":"Redacci\u00f3n QP","author_link":"https:\/\/quehacerpolitico.mx\/?author=2"},"category_info":"<a href=\"https:\/\/quehacerpolitico.mx\/?cat=2\" rel=\"category\">Noticias<\/a>","tag_info":"Noticias","comment_count":"0","_links":{"self":[{"href":"https:\/\/quehacerpolitico.mx\/index.php?rest_route=\/wp\/v2\/posts\/11621","targetHints":{"allow":["GET"]}}],"collection":[{"href":"https:\/\/quehacerpolitico.mx\/index.php?rest_route=\/wp\/v2\/posts"}],"about":[{"href":"https:\/\/quehacerpolitico.mx\/index.php?rest_route=\/wp\/v2\/types\/post"}],"author":[{"embeddable":true,"href":"https:\/\/quehacerpolitico.mx\/index.php?rest_route=\/wp\/v2\/users\/2"}],"replies":[{"embeddable":true,"href":"https:\/\/quehacerpolitico.mx\/index.php?rest_route=%2Fwp%2Fv2%2Fcomments&post=11621"}],"version-history":[{"count":0,"href":"https:\/\/quehacerpolitico.mx\/index.php?rest_route=\/wp\/v2\/posts\/11621\/revisions"}],"wp:featuredmedia":[{"embeddable":true,"href":"https:\/\/quehacerpolitico.mx\/index.php?rest_route=\/"}],"wp:attachment":[{"href":"https:\/\/quehacerpolitico.mx\/index.php?rest_route=%2Fwp%2Fv2%2Fmedia&parent=11621"}],"wp:term":[{"taxonomy":"category","embeddable":true,"href":"https:\/\/quehacerpolitico.mx\/index.php?rest_route=%2Fwp%2Fv2%2Fcategories&post=11621"},{"taxonomy":"post_tag","embeddable":true,"href":"https:\/\/quehacerpolitico.mx\/index.php?rest_route=%2Fwp%2Fv2%2Ftags&post=11621"}],"curies":[{"name":"wp","href":"https:\/\/api.w.org\/{rel}","templated":true}]}}