{"id":11619,"date":"2018-12-13T21:18:56","date_gmt":"2018-12-13T21:18:56","guid":{"rendered":"http:\/\/quehacerpolitico.mx\/martha-erika-se-apresta-a-tomar-protesta-en-el-tribunal-opositores-le-piden-que-vaya-al-congreso\/"},"modified":"2018-12-13T21:18:56","modified_gmt":"2018-12-13T21:18:56","slug":"martha-erika-se-apresta-a-tomar-protesta-en-el-tribunal-opositores-le-piden-que-vaya-al-congreso","status":"publish","type":"post","link":"https:\/\/quehacerpolitico.mx\/?p=11619","title":{"rendered":"Martha \u00c9rika se apresta a tomar protesta en el Tribunal; opositores le piden que vaya al Congreso"},"content":{"rendered":"<h1>Martha \u00c9rika se apresta a tomar protesta en el Tribunal; opositores le piden que vaya al Congreso<\/h1>\n<p>Por Redacci\u00f3n QP<\/p>\n<p>Los diputados locales de <strong>Juntos Haremos Historia<\/strong>(Morena, PES y PT)levantaron su huelga para que <strong>Martha Erika Alonso<\/strong> rinda protesta como <strong>Gobernadora de Puebla<\/strong> ante ellos. Ofrecieron restringir el acceso a ciudadanos durante la sesi\u00f3n solemne y aprobar las leyes de Ingresos y Egresos 2019 del estado este s\u00e1bado 15 de diciembre.<\/p>\n<p>En rueda de prensa, el presidente de la <strong>Mesa Directiva de la LX Legislatura<\/strong>, Jos\u00e9 Juan Espinosa Torres insisti\u00f3 en que existen las condiciones para que se presente en el pleno, por lo que notificaron al presidente del Tribunal Superior de Justicia, H\u00e9ctor S\u00e1nchez, que no hay motivos para que la panista tome posesi\u00f3n a su cargo ante \u00e9l.<\/p>\n<blockquote class=\"twitter-tweet twitter-tweet-error\" data-twitter-extracted-i1544735798178635957=\"true\">\n<p dir=\"ltr\" lang=\"es\">En virtud de no existir las condiciones necesarias para que la gobernadora electa <a href=\"https:\/\/twitter.com\/MarthaErikaA?ref_src=twsrc%5Etfw\">@MarthaErikaA<\/a> rinda protesta de ley ante el <a href=\"https:\/\/twitter.com\/CongresoPue?ref_src=twsrc%5Etfw\">@CongresoPue<\/a>, lo har\u00e1 ante el pleno del <a href=\"https:\/\/twitter.com\/htsjpuebla?ref_src=twsrc%5Etfw\">@htsjpuebla<\/a> como lo establece el Art\u00edculo 75 de la Constituci\u00f3n local. <a href=\"https:\/\/t.co\/Hf4kQY6PlT\">pic.twitter.com\/Hf4kQY6PlT<\/a><\/p>\n<p>\u2014 SGG Puebla (@SGGPuebla) <a href=\"https:\/\/twitter.com\/SGGPuebla\/status\/1073235981963280387?ref_src=twsrc%5Etfw\">13 de diciembre de 2018<\/a><\/p>\n<\/blockquote>\n<p>Revel\u00f3 que el gobierno de <strong>Tony Gali<\/strong> envi\u00f3 un escrito en donde refiere que no existen condiciones para que la gobernadora electa rinda protesta ante el Pleno. No obstante, insisti\u00f3 en que eso no es verdad. El petista agreg\u00f3 que, aunque no se presente la panista, realizar\u00e1n la sesi\u00f3n solemne en donde permitir\u00e1n a cada bancada emitir alg\u00fan pronunciamiento respecto al nuevo gobierno.<\/p>\n<p><em>Central<\/em> public\u00f3 que Martha Erika Alonso se prepara para rendir protesta este viernes 14 de diciembre ante el Tribunal Superior de Justicia (TSJ). Ser\u00e1 la primera vez que un mandatario acuda ante el Poder Judicial y no ante el Legislativo, como hist\u00f3ricamente ha sucedido. La decisi\u00f3n la ha tomado bajo el argumento de que no hay condiciones para asistir al Congreso.<\/p>\n<p><strong>LEY DE INGRESOS Y EGRESOS 2019<\/strong><\/p>\n<p>A pesar de no sesionar por su huelga de brazos ca\u00eddos, Jos\u00e9 Juan Espinosa confirm\u00f3 que este s\u00e1bado 15 de diciembre realizar\u00e1n la \u00faltima sesi\u00f3n del primer periodo ordinario, en la que aprobar\u00e1n las leyes de Ingresos y Egresos 2019 del estado.<\/p>\n<p>Indic\u00f3 que de \u00faltimo momento las comisiones de Hacienda y de Presupuesto sesionar\u00e1n para hacer modificaciones a los proyectos que envi\u00f3 el Ejecutivo. No obstante, evit\u00f3 se\u00f1alar si s\u00ed habr\u00e1 una disminuci\u00f3n al ISN o a los salarios de funcionarios.<\/p>\n<p>De acuerdo con la Ley de Egresos de 2019, por un monto de 89 mil millones de pesos, el gobernador tendr\u00e1 una reducci\u00f3n en su sueldo del 14 por ciento y los secretarios del 15 por ciento.<\/p>\n<p>Sin embargo, el resto de los sueldos de los servidores p\u00fablicos aparecen o con el mismo monto o con un peque\u00f1o aumento.<\/p>\n","protected":false},"excerpt":{"rendered":"<p>Martha \u00c9rika se apresta a tomar protesta en el Tribunal; opositores le piden que vaya al Congreso<br \/>\nPor Redacci\u00f3n QP<\/p>\n","protected":false},"author":2,"featured_media":11618,"comment_status":"open","ping_status":"open","sticky":false,"template":"","format":"standard","meta":{"_monsterinsights_skip_tracking":false,"_monsterinsights_sitenote_active":false,"_monsterinsights_sitenote_note":"","_monsterinsights_sitenote_category":0,"footnotes":""},"categories":[2],"tags":[],"class_list":["post-11619","post","type-post","status-publish","format-standard","has-post-thumbnail","hentry","category-noticias"],"yoast_head":"<!-- This site is optimized with the Yoast SEO plugin v27.3 - https:\/\/yoast.com\/product\/yoast-seo-wordpress\/ -->\n<title>Martha \u00c9rika se apresta a tomar protesta en el Tribunal; opositores le piden que vaya al Congreso -<\/title>\n<meta name=\"robots\" content=\"index, follow, max-snippet:-1, max-image-preview:large, max-video-preview:-1\" \/>\n<link rel=\"canonical\" href=\"https:\/\/quehacerpolitico.mx\/?p=11619\" \/>\n<meta property=\"og:locale\" content=\"es_MX\" \/>\n<meta property=\"og:type\" content=\"article\" \/>\n<meta property=\"og:title\" content=\"Martha \u00c9rika se apresta a tomar protesta en el Tribunal; opositores le piden que vaya al Congreso -\" \/>\n<meta property=\"og:description\" content=\"Martha \u00c9rika se apresta a tomar protesta en el Tribunal; opositores le piden que vaya al Congreso Por Redacci\u00f3n QP\" \/>\n<meta property=\"og:url\" content=\"https:\/\/quehacerpolitico.mx\/?p=11619\" \/>\n<meta property=\"article:published_time\" content=\"2018-12-13T21:18:56+00:00\" \/>\n<meta name=\"author\" content=\"Redacci\u00f3n QP\" \/>\n<meta name=\"twitter:card\" content=\"summary_large_image\" \/>\n<meta name=\"twitter:label1\" content=\"Escrito por\" \/>\n\t<meta name=\"twitter:data1\" content=\"Redacci\u00f3n QP\" \/>\n\t<meta name=\"twitter:label2\" content=\"Tiempo de lectura\" \/>\n\t<meta name=\"twitter:data2\" content=\"2 minutos\" \/>\n<script type=\"application\/ld+json\" class=\"yoast-schema-graph\">{\"@context\":\"https:\\\/\\\/schema.org\",\"@graph\":[{\"@type\":\"Article\",\"@id\":\"https:\\\/\\\/quehacerpolitico.mx\\\/?p=11619#article\",\"isPartOf\":{\"@id\":\"https:\\\/\\\/quehacerpolitico.mx\\\/?p=11619\"},\"author\":{\"name\":\"Redacci\u00f3n QP\",\"@id\":\"https:\\\/\\\/quehacerpolitico.mx\\\/#\\\/schema\\\/person\\\/496d8ad2d1d3f8036101dca7ee39e585\"},\"headline\":\"Martha \u00c9rika se apresta a tomar protesta en el Tribunal; opositores le piden que vaya al Congreso\",\"datePublished\":\"2018-12-13T21:18:56+00:00\",\"mainEntityOfPage\":{\"@id\":\"https:\\\/\\\/quehacerpolitico.mx\\\/?p=11619\"},\"wordCount\":484,\"commentCount\":0,\"image\":{\"@id\":\"https:\\\/\\\/quehacerpolitico.mx\\\/?p=11619#primaryimage\"},\"thumbnailUrl\":\"\",\"articleSection\":[\"Noticias\"],\"inLanguage\":\"es\",\"potentialAction\":[{\"@type\":\"CommentAction\",\"name\":\"Comment\",\"target\":[\"https:\\\/\\\/quehacerpolitico.mx\\\/?p=11619#respond\"]}]},{\"@type\":\"WebPage\",\"@id\":\"https:\\\/\\\/quehacerpolitico.mx\\\/?p=11619\",\"url\":\"https:\\\/\\\/quehacerpolitico.mx\\\/?p=11619\",\"name\":\"Martha \u00c9rika se apresta a tomar protesta en el Tribunal; opositores le piden que vaya al Congreso -\",\"isPartOf\":{\"@id\":\"https:\\\/\\\/quehacerpolitico.mx\\\/#website\"},\"primaryImageOfPage\":{\"@id\":\"https:\\\/\\\/quehacerpolitico.mx\\\/?p=11619#primaryimage\"},\"image\":{\"@id\":\"https:\\\/\\\/quehacerpolitico.mx\\\/?p=11619#primaryimage\"},\"thumbnailUrl\":\"\",\"datePublished\":\"2018-12-13T21:18:56+00:00\",\"author\":{\"@id\":\"https:\\\/\\\/quehacerpolitico.mx\\\/#\\\/schema\\\/person\\\/496d8ad2d1d3f8036101dca7ee39e585\"},\"breadcrumb\":{\"@id\":\"https:\\\/\\\/quehacerpolitico.mx\\\/?p=11619#breadcrumb\"},\"inLanguage\":\"es\",\"potentialAction\":[{\"@type\":\"ReadAction\",\"target\":[\"https:\\\/\\\/quehacerpolitico.mx\\\/?p=11619\"]}]},{\"@type\":\"ImageObject\",\"inLanguage\":\"es\",\"@id\":\"https:\\\/\\\/quehacerpolitico.mx\\\/?p=11619#primaryimage\",\"url\":\"\",\"contentUrl\":\"\"},{\"@type\":\"BreadcrumbList\",\"@id\":\"https:\\\/\\\/quehacerpolitico.mx\\\/?p=11619#breadcrumb\",\"itemListElement\":[{\"@type\":\"ListItem\",\"position\":1,\"name\":\"Inicio\",\"item\":\"https:\\\/\\\/quehacerpolitico.mx\\\/\"},{\"@type\":\"ListItem\",\"position\":2,\"name\":\"Martha \u00c9rika se apresta a tomar protesta en el Tribunal; opositores le piden que vaya al Congreso\"}]},{\"@type\":\"WebSite\",\"@id\":\"https:\\\/\\\/quehacerpolitico.mx\\\/#website\",\"url\":\"https:\\\/\\\/quehacerpolitico.mx\\\/\",\"name\":\"\",\"description\":\"\",\"potentialAction\":[{\"@type\":\"SearchAction\",\"target\":{\"@type\":\"EntryPoint\",\"urlTemplate\":\"https:\\\/\\\/quehacerpolitico.mx\\\/?s={search_term_string}\"},\"query-input\":{\"@type\":\"PropertyValueSpecification\",\"valueRequired\":true,\"valueName\":\"search_term_string\"}}],\"inLanguage\":\"es\"},{\"@type\":\"Person\",\"@id\":\"https:\\\/\\\/quehacerpolitico.mx\\\/#\\\/schema\\\/person\\\/496d8ad2d1d3f8036101dca7ee39e585\",\"name\":\"Redacci\u00f3n QP\",\"image\":{\"@type\":\"ImageObject\",\"inLanguage\":\"es\",\"@id\":\"https:\\\/\\\/secure.gravatar.com\\\/avatar\\\/c7164ed6fdec453195284ad24a5ae5b6e1eed2b848477fa2a4787ba9adf39a41?s=96&d=mm&r=g\",\"url\":\"https:\\\/\\\/secure.gravatar.com\\\/avatar\\\/c7164ed6fdec453195284ad24a5ae5b6e1eed2b848477fa2a4787ba9adf39a41?s=96&d=mm&r=g\",\"contentUrl\":\"https:\\\/\\\/secure.gravatar.com\\\/avatar\\\/c7164ed6fdec453195284ad24a5ae5b6e1eed2b848477fa2a4787ba9adf39a41?s=96&d=mm&r=g\",\"caption\":\"Redacci\u00f3n QP\"},\"url\":\"https:\\\/\\\/quehacerpolitico.mx\\\/?author=2\"}]}<\/script>\n<!-- \/ Yoast SEO plugin. -->","yoast_head_json":{"title":"Martha \u00c9rika se apresta a tomar protesta en el Tribunal; opositores le piden que vaya al Congreso -","robots":{"index":"index","follow":"follow","max-snippet":"max-snippet:-1","max-image-preview":"max-image-preview:large","max-video-preview":"max-video-preview:-1"},"canonical":"https:\/\/quehacerpolitico.mx\/?p=11619","og_locale":"es_MX","og_type":"article","og_title":"Martha \u00c9rika se apresta a tomar protesta en el Tribunal; opositores le piden que vaya al Congreso -","og_description":"Martha \u00c9rika se apresta a tomar protesta en el Tribunal; opositores le piden que vaya al Congreso Por Redacci\u00f3n QP","og_url":"https:\/\/quehacerpolitico.mx\/?p=11619","article_published_time":"2018-12-13T21:18:56+00:00","author":"Redacci\u00f3n QP","twitter_card":"summary_large_image","twitter_misc":{"Escrito por":"Redacci\u00f3n QP","Tiempo de lectura":"2 minutos"},"schema":{"@context":"https:\/\/schema.org","@graph":[{"@type":"Article","@id":"https:\/\/quehacerpolitico.mx\/?p=11619#article","isPartOf":{"@id":"https:\/\/quehacerpolitico.mx\/?p=11619"},"author":{"name":"Redacci\u00f3n QP","@id":"https:\/\/quehacerpolitico.mx\/#\/schema\/person\/496d8ad2d1d3f8036101dca7ee39e585"},"headline":"Martha \u00c9rika se apresta a tomar protesta en el Tribunal; opositores le piden que vaya al Congreso","datePublished":"2018-12-13T21:18:56+00:00","mainEntityOfPage":{"@id":"https:\/\/quehacerpolitico.mx\/?p=11619"},"wordCount":484,"commentCount":0,"image":{"@id":"https:\/\/quehacerpolitico.mx\/?p=11619#primaryimage"},"thumbnailUrl":"","articleSection":["Noticias"],"inLanguage":"es","potentialAction":[{"@type":"CommentAction","name":"Comment","target":["https:\/\/quehacerpolitico.mx\/?p=11619#respond"]}]},{"@type":"WebPage","@id":"https:\/\/quehacerpolitico.mx\/?p=11619","url":"https:\/\/quehacerpolitico.mx\/?p=11619","name":"Martha \u00c9rika se apresta a tomar protesta en el Tribunal; opositores le piden que vaya al Congreso -","isPartOf":{"@id":"https:\/\/quehacerpolitico.mx\/#website"},"primaryImageOfPage":{"@id":"https:\/\/quehacerpolitico.mx\/?p=11619#primaryimage"},"image":{"@id":"https:\/\/quehacerpolitico.mx\/?p=11619#primaryimage"},"thumbnailUrl":"","datePublished":"2018-12-13T21:18:56+00:00","author":{"@id":"https:\/\/quehacerpolitico.mx\/#\/schema\/person\/496d8ad2d1d3f8036101dca7ee39e585"},"breadcrumb":{"@id":"https:\/\/quehacerpolitico.mx\/?p=11619#breadcrumb"},"inLanguage":"es","potentialAction":[{"@type":"ReadAction","target":["https:\/\/quehacerpolitico.mx\/?p=11619"]}]},{"@type":"ImageObject","inLanguage":"es","@id":"https:\/\/quehacerpolitico.mx\/?p=11619#primaryimage","url":"","contentUrl":""},{"@type":"BreadcrumbList","@id":"https:\/\/quehacerpolitico.mx\/?p=11619#breadcrumb","itemListElement":[{"@type":"ListItem","position":1,"name":"Inicio","item":"https:\/\/quehacerpolitico.mx\/"},{"@type":"ListItem","position":2,"name":"Martha \u00c9rika se apresta a tomar protesta en el Tribunal; opositores le piden que vaya al Congreso"}]},{"@type":"WebSite","@id":"https:\/\/quehacerpolitico.mx\/#website","url":"https:\/\/quehacerpolitico.mx\/","name":"","description":"","potentialAction":[{"@type":"SearchAction","target":{"@type":"EntryPoint","urlTemplate":"https:\/\/quehacerpolitico.mx\/?s={search_term_string}"},"query-input":{"@type":"PropertyValueSpecification","valueRequired":true,"valueName":"search_term_string"}}],"inLanguage":"es"},{"@type":"Person","@id":"https:\/\/quehacerpolitico.mx\/#\/schema\/person\/496d8ad2d1d3f8036101dca7ee39e585","name":"Redacci\u00f3n QP","image":{"@type":"ImageObject","inLanguage":"es","@id":"https:\/\/secure.gravatar.com\/avatar\/c7164ed6fdec453195284ad24a5ae5b6e1eed2b848477fa2a4787ba9adf39a41?s=96&d=mm&r=g","url":"https:\/\/secure.gravatar.com\/avatar\/c7164ed6fdec453195284ad24a5ae5b6e1eed2b848477fa2a4787ba9adf39a41?s=96&d=mm&r=g","contentUrl":"https:\/\/secure.gravatar.com\/avatar\/c7164ed6fdec453195284ad24a5ae5b6e1eed2b848477fa2a4787ba9adf39a41?s=96&d=mm&r=g","caption":"Redacci\u00f3n QP"},"url":"https:\/\/quehacerpolitico.mx\/?author=2"}]}},"featured_image_urls":{"full":"","thumbnail":"","medium":"","medium_large":"","large":"","1536x1536":"","2048x2048":"","covernews-featured":"","covernews-medium":""},"author_info":{"display_name":"Redacci\u00f3n QP","author_link":"https:\/\/quehacerpolitico.mx\/?author=2"},"category_info":"<a href=\"https:\/\/quehacerpolitico.mx\/?cat=2\" rel=\"category\">Noticias<\/a>","tag_info":"Noticias","comment_count":"0","_links":{"self":[{"href":"https:\/\/quehacerpolitico.mx\/index.php?rest_route=\/wp\/v2\/posts\/11619","targetHints":{"allow":["GET"]}}],"collection":[{"href":"https:\/\/quehacerpolitico.mx\/index.php?rest_route=\/wp\/v2\/posts"}],"about":[{"href":"https:\/\/quehacerpolitico.mx\/index.php?rest_route=\/wp\/v2\/types\/post"}],"author":[{"embeddable":true,"href":"https:\/\/quehacerpolitico.mx\/index.php?rest_route=\/wp\/v2\/users\/2"}],"replies":[{"embeddable":true,"href":"https:\/\/quehacerpolitico.mx\/index.php?rest_route=%2Fwp%2Fv2%2Fcomments&post=11619"}],"version-history":[{"count":0,"href":"https:\/\/quehacerpolitico.mx\/index.php?rest_route=\/wp\/v2\/posts\/11619\/revisions"}],"wp:featuredmedia":[{"embeddable":true,"href":"https:\/\/quehacerpolitico.mx\/index.php?rest_route=\/"}],"wp:attachment":[{"href":"https:\/\/quehacerpolitico.mx\/index.php?rest_route=%2Fwp%2Fv2%2Fmedia&parent=11619"}],"wp:term":[{"taxonomy":"category","embeddable":true,"href":"https:\/\/quehacerpolitico.mx\/index.php?rest_route=%2Fwp%2Fv2%2Fcategories&post=11619"},{"taxonomy":"post_tag","embeddable":true,"href":"https:\/\/quehacerpolitico.mx\/index.php?rest_route=%2Fwp%2Fv2%2Ftags&post=11619"}],"curies":[{"name":"wp","href":"https:\/\/api.w.org\/{rel}","templated":true}]}}