{"id":116157,"date":"2025-05-05T11:38:28","date_gmt":"2025-05-05T17:38:28","guid":{"rendered":"https:\/\/quehacerpolitico.mx\/?p=116157"},"modified":"2025-05-05T12:00:00","modified_gmt":"2025-05-05T18:00:00","slug":"un-mensaje-de-paz-para-nuestros-politicos","status":"publish","type":"post","link":"https:\/\/quehacerpolitico.mx\/?p=116157","title":{"rendered":"UN MENSAJE DE PAZ PARA NUESTROS POL\u00cdTICOS\u2026"},"content":{"rendered":"\n<p>Por Graciela Edith Coronel Barrios <\/p>\n\n\n\n<p>Presidenta de Comercio Alternativo para<br>una Vida Digna A.C. (CAPUVD)<\/p>\n\n\n\n<p>En esta ocasi\u00f3n estimado lector, quiero comenzar este art\u00edculo de modo que podamos reflexionar juntos en un tema que seguramente ata\u00f1e a tu<br>vida de forma completa, me refiero a la autoridad que tienes y que seguramente te lo propusiste en alg\u00fan momento de tu vida, por supuesto que te esforzaste, posteriormente tocaste puertas, las cuales algunas se abrieron y otras tal vez no, y seguiste persistiendo, etc., sin embargo, el punto para que podamos reflexionar juntos es a trav\u00e9s de una pregunta puntual y no ret\u00f3rica, has pensado en: \u00bfverdaderamente fue a trav\u00e9s de tus esfuerzos humanos lo que te llev\u00f3 a la posici\u00f3n de autoridad que desempe\u00f1as?<\/p>\n\n\n\n<p>Te invito a que reflexionemos, lo siguiente:<br>Algo que Dios nos deja saber es que todo<br>gobernante o autoridad es un servidor de<br>Dios con un prop\u00f3sito profundo: para castigo<br>de los malhechores o para alabanza de los<br>que hacen el bien. Y no hay autoridad sino proviniera de parte de Dios, y las que hay, por Dios han sido establecidas, nos dice el libro de Romanos\u202c (Cap. 13). Jes\u00fas en su momento m\u00e1s \u00e1lgido antes de su crucifixi\u00f3n, tuvo varias conversaciones con Pilato quien determin\u00f3 que fuera crucificado finalmente, el<br>mismo Jes\u00fas le record\u00f3 a Pilato que la autoridad que ten\u00eda para liberarlo o condenarlo le hab\u00eda sido dada desde arriba.<\/p>\n\n\n\n<p><br>Otro ejemplo de una autoridad dada por Dios fue la del Rey Ciro, en este caso Ciro fue un ungido por Dios en la Biblia, es decir, un l\u00edder que tuvo un prop\u00f3sito mayor, uno divino, relacionado con la libertad y la justicia.Ciro, fue un rey persa de enorme influencia al<br>que Dios utiliz\u00f3 para cumplir una importante profec\u00eda del Antiguo Testamento: bajo su mandato liberar\u00eda a los jud\u00edos del cautiverio y los ayudar\u00eda a reconstruir el templo de Jerusal\u00e9n.<\/p>\n\n\n\n<p class=\"has-text-align-left\">El uso que Dios hizo de Ciro ilustra la verdad de Proverbios 21:1: \u201cComo los repartimientos de las aguas, as\u00ed est\u00e1 el coraz\u00f3n del rey en la mano de Jehov\u00e1; A todo lo que quiere lo inclina.\u201d<\/p>\n\n\n\n<p><br>Ven, te animo a que veamos aqu\u00ed la profec\u00eda sobre el Rey Ciro: &#8220;As\u00ed dice Jehov\u00e1 a su ungido, a Ciro, al cual tom\u00e9 yo por su mano derecha, para sujetar naciones delante de \u00e9l y desatar lomos de reyes; para abrir delante de \u00e9l puertas, y las puertas no se cerrar\u00e1n: Yo ir\u00e9 delante de ti, y enderezar\u00e9 los lugares torcidos; quebrantar\u00e9 puertas de bronce, y cerrojos de hierro har\u00e9 pedazos; y te dar\u00e9 los tesoros escondidos, y los secretos muy guardados, para que sepas que yo soy Jehov\u00e1, el Dios de Israel, que te pongo nombre. Por amor de mi siervo Jacob, y de Israel mi escogido, te llam\u00e9 por tu nombre; te puse sobrenombre, aunque no me conociste. Yo soy Jehov\u00e1, y ninguno m\u00e1s hay; no hay Dios fuera de m\u00ed. Yo te ce\u00f1ir\u00e9, aunque t\u00fa no me conociste.<\/p>\n\n\n\n<p><br>Aqu\u00ed hay una oportunidad de reflexi\u00f3n<br>para usted, donde puede seguir vi\u00e9ndola<br>como una profec\u00eda para Ciro solamente o tomarla como una promesa para su vida como gobernante de este pa\u00eds, si, as\u00ed es, te invito a leerla de nuevo.<\/p>\n\n\n\n<p><br>Porque recordemos que nuestra autoridad nos fue dada por Dios, para servicio de Dios con un prop\u00f3sito no solamente terrenal sino divino. Cuando logramos comprender esto y depositamos nuestro coraz\u00f3n en la mano de Dios, entonces, descansamos en la soberan\u00eda y poder de Dios y damos apertura a la paz que sobrepasa nuestro entendimiento, que solamente \u00c9l nos puede dar, porque s\u00ed, efectivamente Dios tiene todo bajo control, no somos nosotros, es \u00c9l en nosotros haciendo posible lo imposible.<\/p>\n\n\n\n<p><br>\u201cEstas cosas os he hablado para que en m\u00ed<br>teng\u00e1is paz. En el mundo tendr\u00e9is aflicci\u00f3n;<br>pero confiad, yo he vencido al mundo.\u201d S.<br>Juan.<\/p>\n\n\n\n<p><br>Hoy quise recordarte esta verdad para que recuperes la paz del Se\u00f1or en tu vida, que tu confianza est\u00e9 puesta nuevamente en El, descansa sabiendo que la posici\u00f3n en la que hoy est\u00e1s es por voluntad de \u00c9l y no del hombre, que Dios tiene un prop\u00f3sito contigo y lo va a llevar a cabo, que \u00c9l te proveer\u00e1 de sabidur\u00eda para tomar las decisiones convenientes, no solamente para tu vida sino tambi\u00e9n para este pa\u00eds. Conf\u00eda sabiendo que Dios te respaldar\u00e1 y ayudar\u00e1 porque \u00a1\u00c9l te ha puesto ah\u00ed.!<\/p>\n\n\n\n<p>Por el contraste al Rey Ciro, est\u00e1 el rey<br>Nabucodonosor a quien la soberbia lo destruy\u00f3, no permitas que te alcance hoy a ti y lo pierdas todo, antes bien reconoce que el Altisimo tiene el dominio en el reino de los hombres, y lo da a quien \u00e9l quiere; alza tus ojos al cielo y recupera tu raz\u00f3n, restablece<br>tu autoridad conforme a la voluntad de Dios y<br>mayor grandeza te a\u00f1adir\u00e1.<\/p>\n\n\n\n<p><br>Si anhelas reconocer en este d\u00eda, que el Se\u00f1or es quien te ha puesto en ese lugar para este tiempo y que necesitas de \u00c9l, te invito a que digas y creas con todo tu coraz\u00f3n: Se\u00f1or Jes\u00fas, en este d\u00eda deposito mi coraz\u00f3n en tus manos, incl\u00ednalo a tus prop\u00f3sitos, limpialo de todo orgullo, soberbia, autosuficiencia,<br>ego\u00edsmo, ambici\u00f3n y temor; confieso que mis<br>errores me han alejado de ti, te pido perd\u00f3n y<br>reconozco que necesito de ti, de tu amor para<br>ejecutar mi prop\u00f3sito, por eso hoy te recibo en mi coraz\u00f3n como mi Se\u00f1or y mi \u00fanico y suficiente Salvador, en el nombre de Jes\u00fas, Am\u00e9n!<\/p>\n\n\n\n<p><br>\u201cLa paz os dejo, mi paz os doy; yo no os la<br>doy como el mundo la da. No se turbe vuestro<br>coraz\u00f3n, ni tenga miedo.\u201d S. Juan.<\/p>\n","protected":false},"excerpt":{"rendered":"<p>Por Graciela Edith Coronel Barrios Presidenta de Comercio Alternativo parauna Vida Digna A.C. (CAPUVD) En&#8230;<\/p>\n","protected":false},"author":2,"featured_media":115119,"comment_status":"open","ping_status":"open","sticky":false,"template":"","format":"standard","meta":{"_monsterinsights_skip_tracking":false,"_monsterinsights_sitenote_active":false,"_monsterinsights_sitenote_note":"","_monsterinsights_sitenote_category":0,"footnotes":""},"categories":[280,2],"tags":[],"class_list":["post-116157","post","type-post","status-publish","format-standard","has-post-thumbnail","hentry","category-nacionales","category-noticias"],"yoast_head":"<!-- This site is optimized with the Yoast SEO plugin v27.3 - https:\/\/yoast.com\/product\/yoast-seo-wordpress\/ -->\n<title>UN MENSAJE DE PAZ PARA NUESTROS POL\u00cdTICOS\u2026 -<\/title>\n<meta name=\"robots\" content=\"index, follow, max-snippet:-1, max-image-preview:large, max-video-preview:-1\" \/>\n<link rel=\"canonical\" href=\"https:\/\/quehacerpolitico.mx\/?p=116157\" \/>\n<meta property=\"og:locale\" content=\"es_MX\" \/>\n<meta property=\"og:type\" content=\"article\" \/>\n<meta property=\"og:title\" content=\"UN MENSAJE DE PAZ PARA NUESTROS POL\u00cdTICOS\u2026 -\" \/>\n<meta property=\"og:description\" content=\"Por Graciela Edith Coronel Barrios Presidenta de Comercio Alternativo parauna Vida Digna A.C. (CAPUVD) En...\" \/>\n<meta property=\"og:url\" content=\"https:\/\/quehacerpolitico.mx\/?p=116157\" \/>\n<meta property=\"article:published_time\" content=\"2025-05-05T17:38:28+00:00\" \/>\n<meta property=\"article:modified_time\" content=\"2025-05-05T18:00:00+00:00\" \/>\n<meta property=\"og:image\" content=\"https:\/\/quehacerpolitico.mx\/wp-content\/uploads\/2025\/03\/c38ccf48-4b06-4bbe-875d-395e4cb25d3b.jpeg\" \/>\n\t<meta property=\"og:image:width\" content=\"963\" \/>\n\t<meta property=\"og:image:height\" content=\"493\" \/>\n\t<meta property=\"og:image:type\" content=\"image\/jpeg\" \/>\n<meta name=\"author\" content=\"Redacci\u00f3n QP\" \/>\n<meta name=\"twitter:card\" content=\"summary_large_image\" \/>\n<meta name=\"twitter:label1\" content=\"Escrito por\" \/>\n\t<meta name=\"twitter:data1\" content=\"Redacci\u00f3n QP\" \/>\n\t<meta name=\"twitter:label2\" content=\"Tiempo de lectura\" \/>\n\t<meta name=\"twitter:data2\" content=\"5 minutos\" \/>\n<script type=\"application\/ld+json\" class=\"yoast-schema-graph\">{\"@context\":\"https:\\\/\\\/schema.org\",\"@graph\":[{\"@type\":\"Article\",\"@id\":\"https:\\\/\\\/quehacerpolitico.mx\\\/?p=116157#article\",\"isPartOf\":{\"@id\":\"https:\\\/\\\/quehacerpolitico.mx\\\/?p=116157\"},\"author\":{\"name\":\"Redacci\u00f3n QP\",\"@id\":\"https:\\\/\\\/quehacerpolitico.mx\\\/#\\\/schema\\\/person\\\/496d8ad2d1d3f8036101dca7ee39e585\"},\"headline\":\"UN MENSAJE DE PAZ PARA NUESTROS POL\u00cdTICOS\u2026\",\"datePublished\":\"2025-05-05T17:38:28+00:00\",\"dateModified\":\"2025-05-05T18:00:00+00:00\",\"mainEntityOfPage\":{\"@id\":\"https:\\\/\\\/quehacerpolitico.mx\\\/?p=116157\"},\"wordCount\":995,\"commentCount\":0,\"image\":{\"@id\":\"https:\\\/\\\/quehacerpolitico.mx\\\/?p=116157#primaryimage\"},\"thumbnailUrl\":\"https:\\\/\\\/quehacerpolitico.mx\\\/wp-content\\\/uploads\\\/2025\\\/03\\\/c38ccf48-4b06-4bbe-875d-395e4cb25d3b.jpeg\",\"articleSection\":[\"Nacionales\",\"Noticias\"],\"inLanguage\":\"es\",\"potentialAction\":[{\"@type\":\"CommentAction\",\"name\":\"Comment\",\"target\":[\"https:\\\/\\\/quehacerpolitico.mx\\\/?p=116157#respond\"]}]},{\"@type\":\"WebPage\",\"@id\":\"https:\\\/\\\/quehacerpolitico.mx\\\/?p=116157\",\"url\":\"https:\\\/\\\/quehacerpolitico.mx\\\/?p=116157\",\"name\":\"UN MENSAJE DE PAZ PARA NUESTROS POL\u00cdTICOS\u2026 -\",\"isPartOf\":{\"@id\":\"https:\\\/\\\/quehacerpolitico.mx\\\/#website\"},\"primaryImageOfPage\":{\"@id\":\"https:\\\/\\\/quehacerpolitico.mx\\\/?p=116157#primaryimage\"},\"image\":{\"@id\":\"https:\\\/\\\/quehacerpolitico.mx\\\/?p=116157#primaryimage\"},\"thumbnailUrl\":\"https:\\\/\\\/quehacerpolitico.mx\\\/wp-content\\\/uploads\\\/2025\\\/03\\\/c38ccf48-4b06-4bbe-875d-395e4cb25d3b.jpeg\",\"datePublished\":\"2025-05-05T17:38:28+00:00\",\"dateModified\":\"2025-05-05T18:00:00+00:00\",\"author\":{\"@id\":\"https:\\\/\\\/quehacerpolitico.mx\\\/#\\\/schema\\\/person\\\/496d8ad2d1d3f8036101dca7ee39e585\"},\"breadcrumb\":{\"@id\":\"https:\\\/\\\/quehacerpolitico.mx\\\/?p=116157#breadcrumb\"},\"inLanguage\":\"es\",\"potentialAction\":[{\"@type\":\"ReadAction\",\"target\":[\"https:\\\/\\\/quehacerpolitico.mx\\\/?p=116157\"]}]},{\"@type\":\"ImageObject\",\"inLanguage\":\"es\",\"@id\":\"https:\\\/\\\/quehacerpolitico.mx\\\/?p=116157#primaryimage\",\"url\":\"https:\\\/\\\/quehacerpolitico.mx\\\/wp-content\\\/uploads\\\/2025\\\/03\\\/c38ccf48-4b06-4bbe-875d-395e4cb25d3b.jpeg\",\"contentUrl\":\"https:\\\/\\\/quehacerpolitico.mx\\\/wp-content\\\/uploads\\\/2025\\\/03\\\/c38ccf48-4b06-4bbe-875d-395e4cb25d3b.jpeg\",\"width\":963,\"height\":493},{\"@type\":\"BreadcrumbList\",\"@id\":\"https:\\\/\\\/quehacerpolitico.mx\\\/?p=116157#breadcrumb\",\"itemListElement\":[{\"@type\":\"ListItem\",\"position\":1,\"name\":\"Inicio\",\"item\":\"https:\\\/\\\/quehacerpolitico.mx\\\/\"},{\"@type\":\"ListItem\",\"position\":2,\"name\":\"UN MENSAJE DE PAZ PARA NUESTROS POL\u00cdTICOS\u2026\"}]},{\"@type\":\"WebSite\",\"@id\":\"https:\\\/\\\/quehacerpolitico.mx\\\/#website\",\"url\":\"https:\\\/\\\/quehacerpolitico.mx\\\/\",\"name\":\"\",\"description\":\"\",\"potentialAction\":[{\"@type\":\"SearchAction\",\"target\":{\"@type\":\"EntryPoint\",\"urlTemplate\":\"https:\\\/\\\/quehacerpolitico.mx\\\/?s={search_term_string}\"},\"query-input\":{\"@type\":\"PropertyValueSpecification\",\"valueRequired\":true,\"valueName\":\"search_term_string\"}}],\"inLanguage\":\"es\"},{\"@type\":\"Person\",\"@id\":\"https:\\\/\\\/quehacerpolitico.mx\\\/#\\\/schema\\\/person\\\/496d8ad2d1d3f8036101dca7ee39e585\",\"name\":\"Redacci\u00f3n QP\",\"image\":{\"@type\":\"ImageObject\",\"inLanguage\":\"es\",\"@id\":\"https:\\\/\\\/secure.gravatar.com\\\/avatar\\\/c7164ed6fdec453195284ad24a5ae5b6e1eed2b848477fa2a4787ba9adf39a41?s=96&d=mm&r=g\",\"url\":\"https:\\\/\\\/secure.gravatar.com\\\/avatar\\\/c7164ed6fdec453195284ad24a5ae5b6e1eed2b848477fa2a4787ba9adf39a41?s=96&d=mm&r=g\",\"contentUrl\":\"https:\\\/\\\/secure.gravatar.com\\\/avatar\\\/c7164ed6fdec453195284ad24a5ae5b6e1eed2b848477fa2a4787ba9adf39a41?s=96&d=mm&r=g\",\"caption\":\"Redacci\u00f3n QP\"},\"url\":\"https:\\\/\\\/quehacerpolitico.mx\\\/?author=2\"}]}<\/script>\n<!-- \/ Yoast SEO plugin. -->","yoast_head_json":{"title":"UN MENSAJE DE PAZ PARA NUESTROS POL\u00cdTICOS\u2026 -","robots":{"index":"index","follow":"follow","max-snippet":"max-snippet:-1","max-image-preview":"max-image-preview:large","max-video-preview":"max-video-preview:-1"},"canonical":"https:\/\/quehacerpolitico.mx\/?p=116157","og_locale":"es_MX","og_type":"article","og_title":"UN MENSAJE DE PAZ PARA NUESTROS POL\u00cdTICOS\u2026 -","og_description":"Por Graciela Edith Coronel Barrios Presidenta de Comercio Alternativo parauna Vida Digna A.C. (CAPUVD) En...","og_url":"https:\/\/quehacerpolitico.mx\/?p=116157","article_published_time":"2025-05-05T17:38:28+00:00","article_modified_time":"2025-05-05T18:00:00+00:00","og_image":[{"width":963,"height":493,"url":"https:\/\/quehacerpolitico.mx\/wp-content\/uploads\/2025\/03\/c38ccf48-4b06-4bbe-875d-395e4cb25d3b.jpeg","type":"image\/jpeg"}],"author":"Redacci\u00f3n QP","twitter_card":"summary_large_image","twitter_misc":{"Escrito por":"Redacci\u00f3n QP","Tiempo de lectura":"5 minutos"},"schema":{"@context":"https:\/\/schema.org","@graph":[{"@type":"Article","@id":"https:\/\/quehacerpolitico.mx\/?p=116157#article","isPartOf":{"@id":"https:\/\/quehacerpolitico.mx\/?p=116157"},"author":{"name":"Redacci\u00f3n QP","@id":"https:\/\/quehacerpolitico.mx\/#\/schema\/person\/496d8ad2d1d3f8036101dca7ee39e585"},"headline":"UN MENSAJE DE PAZ PARA NUESTROS POL\u00cdTICOS\u2026","datePublished":"2025-05-05T17:38:28+00:00","dateModified":"2025-05-05T18:00:00+00:00","mainEntityOfPage":{"@id":"https:\/\/quehacerpolitico.mx\/?p=116157"},"wordCount":995,"commentCount":0,"image":{"@id":"https:\/\/quehacerpolitico.mx\/?p=116157#primaryimage"},"thumbnailUrl":"https:\/\/quehacerpolitico.mx\/wp-content\/uploads\/2025\/03\/c38ccf48-4b06-4bbe-875d-395e4cb25d3b.jpeg","articleSection":["Nacionales","Noticias"],"inLanguage":"es","potentialAction":[{"@type":"CommentAction","name":"Comment","target":["https:\/\/quehacerpolitico.mx\/?p=116157#respond"]}]},{"@type":"WebPage","@id":"https:\/\/quehacerpolitico.mx\/?p=116157","url":"https:\/\/quehacerpolitico.mx\/?p=116157","name":"UN MENSAJE DE PAZ PARA NUESTROS POL\u00cdTICOS\u2026 -","isPartOf":{"@id":"https:\/\/quehacerpolitico.mx\/#website"},"primaryImageOfPage":{"@id":"https:\/\/quehacerpolitico.mx\/?p=116157#primaryimage"},"image":{"@id":"https:\/\/quehacerpolitico.mx\/?p=116157#primaryimage"},"thumbnailUrl":"https:\/\/quehacerpolitico.mx\/wp-content\/uploads\/2025\/03\/c38ccf48-4b06-4bbe-875d-395e4cb25d3b.jpeg","datePublished":"2025-05-05T17:38:28+00:00","dateModified":"2025-05-05T18:00:00+00:00","author":{"@id":"https:\/\/quehacerpolitico.mx\/#\/schema\/person\/496d8ad2d1d3f8036101dca7ee39e585"},"breadcrumb":{"@id":"https:\/\/quehacerpolitico.mx\/?p=116157#breadcrumb"},"inLanguage":"es","potentialAction":[{"@type":"ReadAction","target":["https:\/\/quehacerpolitico.mx\/?p=116157"]}]},{"@type":"ImageObject","inLanguage":"es","@id":"https:\/\/quehacerpolitico.mx\/?p=116157#primaryimage","url":"https:\/\/quehacerpolitico.mx\/wp-content\/uploads\/2025\/03\/c38ccf48-4b06-4bbe-875d-395e4cb25d3b.jpeg","contentUrl":"https:\/\/quehacerpolitico.mx\/wp-content\/uploads\/2025\/03\/c38ccf48-4b06-4bbe-875d-395e4cb25d3b.jpeg","width":963,"height":493},{"@type":"BreadcrumbList","@id":"https:\/\/quehacerpolitico.mx\/?p=116157#breadcrumb","itemListElement":[{"@type":"ListItem","position":1,"name":"Inicio","item":"https:\/\/quehacerpolitico.mx\/"},{"@type":"ListItem","position":2,"name":"UN MENSAJE DE PAZ PARA NUESTROS POL\u00cdTICOS\u2026"}]},{"@type":"WebSite","@id":"https:\/\/quehacerpolitico.mx\/#website","url":"https:\/\/quehacerpolitico.mx\/","name":"","description":"","potentialAction":[{"@type":"SearchAction","target":{"@type":"EntryPoint","urlTemplate":"https:\/\/quehacerpolitico.mx\/?s={search_term_string}"},"query-input":{"@type":"PropertyValueSpecification","valueRequired":true,"valueName":"search_term_string"}}],"inLanguage":"es"},{"@type":"Person","@id":"https:\/\/quehacerpolitico.mx\/#\/schema\/person\/496d8ad2d1d3f8036101dca7ee39e585","name":"Redacci\u00f3n QP","image":{"@type":"ImageObject","inLanguage":"es","@id":"https:\/\/secure.gravatar.com\/avatar\/c7164ed6fdec453195284ad24a5ae5b6e1eed2b848477fa2a4787ba9adf39a41?s=96&d=mm&r=g","url":"https:\/\/secure.gravatar.com\/avatar\/c7164ed6fdec453195284ad24a5ae5b6e1eed2b848477fa2a4787ba9adf39a41?s=96&d=mm&r=g","contentUrl":"https:\/\/secure.gravatar.com\/avatar\/c7164ed6fdec453195284ad24a5ae5b6e1eed2b848477fa2a4787ba9adf39a41?s=96&d=mm&r=g","caption":"Redacci\u00f3n QP"},"url":"https:\/\/quehacerpolitico.mx\/?author=2"}]}},"featured_image_urls":{"full":["https:\/\/quehacerpolitico.mx\/wp-content\/uploads\/2025\/03\/c38ccf48-4b06-4bbe-875d-395e4cb25d3b.jpeg",963,493,false],"thumbnail":["https:\/\/quehacerpolitico.mx\/wp-content\/uploads\/2025\/03\/c38ccf48-4b06-4bbe-875d-395e4cb25d3b-150x150.jpeg",150,150,true],"medium":["https:\/\/quehacerpolitico.mx\/wp-content\/uploads\/2025\/03\/c38ccf48-4b06-4bbe-875d-395e4cb25d3b-300x154.jpeg",300,154,true],"medium_large":["https:\/\/quehacerpolitico.mx\/wp-content\/uploads\/2025\/03\/c38ccf48-4b06-4bbe-875d-395e4cb25d3b-768x393.jpeg",640,328,true],"large":["https:\/\/quehacerpolitico.mx\/wp-content\/uploads\/2025\/03\/c38ccf48-4b06-4bbe-875d-395e4cb25d3b.jpeg",640,328,false],"1536x1536":["https:\/\/quehacerpolitico.mx\/wp-content\/uploads\/2025\/03\/c38ccf48-4b06-4bbe-875d-395e4cb25d3b.jpeg",963,493,false],"2048x2048":["https:\/\/quehacerpolitico.mx\/wp-content\/uploads\/2025\/03\/c38ccf48-4b06-4bbe-875d-395e4cb25d3b.jpeg",963,493,false],"covernews-featured":["https:\/\/quehacerpolitico.mx\/wp-content\/uploads\/2025\/03\/c38ccf48-4b06-4bbe-875d-395e4cb25d3b.jpeg",963,493,false],"covernews-medium":["https:\/\/quehacerpolitico.mx\/wp-content\/uploads\/2025\/03\/c38ccf48-4b06-4bbe-875d-395e4cb25d3b-540x340.jpeg",540,340,true]},"author_info":{"display_name":"Redacci\u00f3n QP","author_link":"https:\/\/quehacerpolitico.mx\/?author=2"},"category_info":"<a href=\"https:\/\/quehacerpolitico.mx\/?cat=280\" rel=\"category\">Nacionales<\/a> <a href=\"https:\/\/quehacerpolitico.mx\/?cat=2\" rel=\"category\">Noticias<\/a>","tag_info":"Noticias","comment_count":"0","_links":{"self":[{"href":"https:\/\/quehacerpolitico.mx\/index.php?rest_route=\/wp\/v2\/posts\/116157","targetHints":{"allow":["GET"]}}],"collection":[{"href":"https:\/\/quehacerpolitico.mx\/index.php?rest_route=\/wp\/v2\/posts"}],"about":[{"href":"https:\/\/quehacerpolitico.mx\/index.php?rest_route=\/wp\/v2\/types\/post"}],"author":[{"embeddable":true,"href":"https:\/\/quehacerpolitico.mx\/index.php?rest_route=\/wp\/v2\/users\/2"}],"replies":[{"embeddable":true,"href":"https:\/\/quehacerpolitico.mx\/index.php?rest_route=%2Fwp%2Fv2%2Fcomments&post=116157"}],"version-history":[{"count":2,"href":"https:\/\/quehacerpolitico.mx\/index.php?rest_route=\/wp\/v2\/posts\/116157\/revisions"}],"predecessor-version":[{"id":116160,"href":"https:\/\/quehacerpolitico.mx\/index.php?rest_route=\/wp\/v2\/posts\/116157\/revisions\/116160"}],"wp:featuredmedia":[{"embeddable":true,"href":"https:\/\/quehacerpolitico.mx\/index.php?rest_route=\/wp\/v2\/media\/115119"}],"wp:attachment":[{"href":"https:\/\/quehacerpolitico.mx\/index.php?rest_route=%2Fwp%2Fv2%2Fmedia&parent=116157"}],"wp:term":[{"taxonomy":"category","embeddable":true,"href":"https:\/\/quehacerpolitico.mx\/index.php?rest_route=%2Fwp%2Fv2%2Fcategories&post=116157"},{"taxonomy":"post_tag","embeddable":true,"href":"https:\/\/quehacerpolitico.mx\/index.php?rest_route=%2Fwp%2Fv2%2Ftags&post=116157"}],"curies":[{"name":"wp","href":"https:\/\/api.w.org\/{rel}","templated":true}]}}