{"id":116118,"date":"2025-04-28T12:34:10","date_gmt":"2025-04-28T18:34:10","guid":{"rendered":"https:\/\/quehacerpolitico.mx\/?p=116118"},"modified":"2025-04-28T12:34:13","modified_gmt":"2025-04-28T18:34:13","slug":"los-latinoamericanos-en-la-literatura-mas-alla-de-una-moda","status":"publish","type":"post","link":"https:\/\/quehacerpolitico.mx\/?p=116118","title":{"rendered":"Los latinoamericanos en la literatura m\u00e1s all\u00e1 de una \u201cmoda&#8221;"},"content":{"rendered":"\n<p>Por Redacci\u00f3n QP<\/p>\n\n\n\n<p>Una reflexi\u00f3n sobre el fen\u00f3meno cultural y editorial tras la muerte de su \u00faltimo eslab\u00f3n: Mario Vargas Llosa<\/p>\n\n\n\n<p>Se le conoce como \u201cBoom\u201d latinoamericano al fen\u00f3meno cultural, editorial -y por tanto comercial- que en la d\u00e9cada de los 60-70 del siglo pasado focaliz\u00f3 la atenci\u00f3n literaria en el material narrativo que se escrib\u00eda en el continente americano, en particular el producido por las plumas del colombiano Gabriel Garc\u00eda M\u00e1rquez, el argentino Julio Cort\u00e1zar, el mexicano Carlos Fuentes, y el peruano Mario Vargas Llosa. El \u201cBoom\u201d fue una explosi\u00f3n creativa en todo sentido en la que se jug\u00f3 con&nbsp;<strong>la manera en la que se hac\u00eda la literatura en Am\u00e9rica Latina, mostrando las realidades de sus respectivos pa\u00edses a trav\u00e9s de narraciones complejas, saltos en el tiempo, exploraciones constantes y voces m\u00faltiples que llevaron la literatura local a una incansable vanguardia art\u00edstica que profundiz\u00f3 y trasgredi\u00f3 lo que las letras hab\u00edan hecho hasta entonces.<\/strong>&nbsp;<\/p>\n\n\n\n<p>En el \u201cBoom\u201d se escribi\u00f3 sobre dictaduras militares, ciudades en la incertidumbre, adolescencias solitarias, andanzas por el Per\u00fa y la Ciudad de M\u00e9xico, enso\u00f1aciones de Macondo, los pasos perdidos en los amores de la \u201cMaga\u201d y \u201cOliveira\u201d en Par\u00eds, sangre y fantas\u00eda, extrav\u00edos sexuales, tragedias y glorias, trasfondos mitol\u00f3gicos y reconstrucciones del pasado ind\u00edgena; infinitas historias, destinos, maneras de contar y de narrar en esas obras todav\u00eda vigentes que en cierto momento, por casualidad o por destino, llegan a las vidas de cada lector. Con el fallecimiento de Mario Vargas Llosa -el \u00faltimo escritor latinoamericano en recibir el Nobel de Literatura-, el pasado 13 de abril, mucho se dijo que con \u00e9l muri\u00f3 el \u00faltimo exponente del \u201cBoom\u201d. Pero, \u00bfqu\u00e9 fue este movimiento y c\u00f3mo se conform\u00f3? \u00bfDe qu\u00e9 careci\u00f3 y por qu\u00e9 tambi\u00e9n, al d\u00eda de hoy, recibe elogios y cr\u00edticas por igual? \u00bfPor qu\u00e9 ya no se habla de un \u201cBoom\u201d contempor\u00e1neo? \u00bfImplica esto que Am\u00e9rica Latina ya no produce literatura en nuestros tiempos?<\/p>\n\n\n\n<figure class=\"wp-block-image\"><img decoding=\"async\" src=\"https:\/\/www.informador.mx\/__export\/1745751339907\/sites\/elinformador\/img\/2025\/04\/27\/vargas_llosa_crop1745751336192.jpg_552166135.jpg\" alt=\"\"\/><figcaption class=\"wp-element-caption\">Mario Vargas Llosa fue el menor del grupo identificado como el &#8220;Boom&#8221;, y uno de los dos que gan\u00f3 el Premio Nobel de Literatura. SUN\/B. Fregoso<\/figcaption><\/figure>\n\n\n\n<h4 class=\"wp-block-heading\">Un parteaguas en la historia de las letras de Am\u00e9rica Latina&nbsp;<\/h4>\n\n\n\n<p>No hay, como tal, una fecha definida a partir de la cual inicia el \u201cBoom\u201d.&nbsp;<strong>Se tiene como referencia la publicaci\u00f3n de \u201cRayuela\u201d de Julio&nbsp;Cort\u00e1zar<\/strong>&nbsp;-una novela caleidoscopio, crucigrama, que puede leerse, a la vez, en orden cronol\u00f3gico pero tambi\u00e9n como le plazca al lector-, y \u201cLa ciudad y los perros\u201d de Vargas Llosa -la primera novela del peruano, en la que narr\u00f3 la brutalidad de una instituci\u00f3n militar- ambas dadas a conocer al mundo en 1963. Los dos libros se volvieron \u00e9xitos instant\u00e1neos, por las maneras en las que narraban sus historias, jugueteando con el poder de las letras, y alej\u00e1ndose por completo de las estructuras convencionales. Si bien tampoco hay una fecha en la que se considere que el \u201cBoom\u201d concluye, abarca sobre todo las obras y los autores que fueron publicados desde 1960 a 1970.<\/p>\n\n\n\n<p>Incluso, muchas de las novelas que hoy se consideran capitales en Am\u00e9rica Latina se escribieron durante esta d\u00e9cada, aunque no necesariamente todas formaron parte de este movimiento. Por mencionar algunos ejemplos encontramos: \u201cLa tregua\u201d, de Mario Benedetti, en 1690; \u201cEl astillero\u201d, de Juan Carlos Onetti, en 1961; \u201cOficio de tinieblas\u201d, de Rosario Castellanos, en 1962; \u201cAura\u201d, de Carlos Fuentes, en 1962; \u201cLos recuerdos del porvenir\u201d, de Elena Garro, en 1963; \u201cLa pasi\u00f3n seg\u00fan G.H\u201d, de Clarice Lispector, en 1964; \u201cEl lugar sin l\u00edmites\u201d, de Jos\u00e9 Donoso, en 1966; \u201cParadiso\u201d, de Jos\u00e9 Lezama Lima, en 1966; \u201cCien a\u00f1os de soledad\u201d, de Garc\u00eda M\u00e1rquez, en 1967, \u201cTres tristes tigres\u201d, de Guillermo Cabrera Infante, en 1967 y \u201cCelestino antes del alba\u201d, de Reinaldo Arenas, en 1969.<\/p>\n\n\n\n<p>Es durante esta d\u00e9cada que Vargas Llosa escribe \u201cLa casa verde\u201d (1966) y \u201cConversaci\u00f3n en la catedral\u201d (1969), dos obras que tambi\u00e9n se consideran imprescindibles dentro del \u201cBoom\u201d. Para entender el contexto hist\u00f3rico, otras grandes obras de Garc\u00eda M\u00e1rquez, como \u201cCr\u00f3nica de una muerte anunciada\u201d (1981) y \u201cEl amor en los tiempos del c\u00f3lera\u201d (1985), se escribieron en lo que se considerar\u00eda el \u201cpost-boom\u201d.<\/p>\n\n\n\n<p>Lo que es cierto es que, m\u00e1s all\u00e1 de sus exponentes m\u00e1s reconocidos, fue un periodo de creatividad infinita para las letras latinoamericanas, y ser\u00eda un error afirmar que previo a este apelativo, Am\u00e9rica Latina no hab\u00eda dado autores y libros de renombre. Basta mencionar a Jorge Luis Borges y Juan Rulfo, dos autores cuya obra fue tit\u00e1nica y que sirvi\u00f3 de inspiraci\u00f3n inagotable para los escritores que los sucedieron: Horacio Quiroga, Juan Carlos Onetti, Mar\u00eda Luisa Bombal, Gabriela Mistral, Ernesto Sabato, Adolfo Bioy Casares, Jo\u00e3o Guimar\u00e3es Rosa, Silvina Ocampo, Alejo Carpentier y Miguel \u00c1ngel Asturias, entre tantos otros, que ya hab\u00edan llevado a las letras a territorios inexplorados, pero que<strong>&nbsp;hab\u00edan carecido hasta entonces de un componente fundamental del que s\u00ed gozaron sus sucesores: el apoyo editorial.<\/strong>&nbsp;Apoyo editorial que llev\u00f3 a las letras latinoamericanas a donde nadie hab\u00eda llegado nunca, y que se logr\u00f3 gracias a la labor de una mujer que logr\u00f3 lo que pocos hab\u00edan hecho en la literatura: la espa\u00f1ola Carmen Balcells.<\/p>\n\n\n\n<figure class=\"wp-block-image\"><img decoding=\"async\" src=\"https:\/\/www.informador.mx\/export\/sites\/elinformador\/img\/2025\/04\/27\/carmen_balcells.jpg_212961928.jpg\" alt=\"\" title=\"\"\/><figcaption class=\"wp-element-caption\">Carmen Balcells, agente literaria espa\u00f1ola que difundi\u00f3 la literatura latinoamericana de su \u00e9poca. ESPECIAL<\/figcaption><\/figure>\n\n\n\n<h4 class=\"wp-block-heading\">Gracias a una mujer<\/h4>\n\n\n\n<p>El \u201cBoom\u201d fue un movimiento que se logr\u00f3 gracias a una mujer, pero que dej\u00f3 de lado a las escritoras.&nbsp;<\/p>\n\n\n\n<p>Sin duda su \u00e9xito a nivel internacional se debi\u00f3 a la industria editorial, y en concreto a una figura femenina: la agente literaria Carmen Balcells, llamada, por Mario Vargas Llosa, la \u201cMam\u00e1 Grande de la novela latinoamericana\u201d. (La \u201cMam\u00e1 Grande\u201d es un personaje del universo literario de Garc\u00eda M\u00e1rquez, una matriarca temible, intransigente, desp\u00f3tica, pero amorosa, que rige Macondo). Inteligente, visionaria, -y en palabras de Garc\u00eda M\u00e1rquez, llena de l\u00e1grimas-;&nbsp;<strong>Balcells fue la encargada de modificar las relaciones entre los escritores y las editoriales, logr\u00f3 que fueran traducidos a m\u00faltiples idiomas, y tuvo un buen ojo para identificar a los j\u00f3venes talentos que al sol de hoy son las vacas sagradas de la literatur<\/strong>a.&nbsp;<\/p>\n\n\n\n<p>Logr\u00f3 sortear los percances de la econom\u00eda y las finanzas y los llev\u00f3 con una maestr\u00eda envidiable a las letras, creando una mina de oro que sigue orde\u00f1ando d\u00f3lares hasta nuestros d\u00edas.&nbsp;<strong>Balcells fue agente literaria de Garc\u00eda M\u00e1rquez, Vargas Llosa, Carlos Fuentes, Cort\u00e1zar, Neruda, Onetti, y cerca de 300 autores m\u00e1s.<\/strong>&nbsp;Represent\u00f3 a seis premios Nobel de literatura: Camilo Jos\u00e9 Cela, Miguel \u00c1ngel Asturias, Vicente Aleixandre, Pablo Neruda, Garc\u00eda M\u00e1rquez y Vargas Llosa, siendo estos \u00faltimos favoritos que Balcells defendi\u00f3 a capa y espada.&nbsp;<\/p>\n\n\n\n<p>Nadie niega el talento de estos escritores, pero es indudable que sus logros no hubieran sido los mismos de no ser por la visi\u00f3n profunda de la agente. En 1965, cuando Balcells le present\u00f3 a Garc\u00eda M\u00e1rquez el contrato ininteligible para ser traducido a otros idiomas, el colombiano no qued\u00f3 convencido con aquel sartal de cl\u00e1usulas y meandros terribles de letras peque\u00f1as. \u201cEs un contrato de mierda\u201d, le dijo a la agente. Pero termin\u00f3 torciendo el brazo, porque pod\u00eda ser un erudito de la narrativa, pero era consciente que aquella mujer implacable sab\u00eda cosas que \u00e9l no. Y as\u00ed fue: entre 2000 y 2021, seg\u00fan el Instituto Cervantes de Madrid, Garc\u00eda M\u00e1rquez fue el autor m\u00e1s traducido del espa\u00f1ol a otras lenguas.&nbsp;<\/p>\n\n\n\n<p>No obstante, el movimiento editorial que elev\u00f3 al \u201cBoom\u201d, al \u00e9xito comercial, literario y cultural, dej\u00f3 de lado a muchos otros escritores que tambi\u00e9n fueron y son importantes para entender las letras latinoamericanas. Es decir: Am\u00e9rica Latina en las letras es mucho m\u00e1s que Garc\u00eda M\u00e1rquez y Vargas Llosa, que Carlos Fuentes y Julio Cort\u00e1zar. Y una de las cr\u00edticas m\u00e1s grandes al \u201cBoom\u201d es que dej\u00f3 de lado a las mujeres.&nbsp;<\/p>\n\n\n\n<p>Autoras como Rosario Castellanos, Elena Garro, Clarice Lispector, Cristina Peri Rossi, Alejandra Pizarnik -entre tantas otras- pasaron pr\u00e1cticamente desapercibidas en un entorno cultural que vanagloriaba y promov\u00eda de manera constante a los exponentes masculinos.&nbsp;<\/p>\n\n\n\n<p>\u201cLos recuerdos del porvenir\u201d, escrita por la mexicana Elena Garro en 1963, bien podr\u00eda considerarse un antecedente del realismo m\u00e1gico que el Gabo populariz\u00f3 en 1967 con \u201cCien a\u00f1os de soledad\u201d, cuatro a\u00f1os m\u00e1s tarde que la novela de Garro.&nbsp;<\/p>\n\n\n\n<p>Ensayistas como el uruguayo \u00c1ngel Rama criticaron al \u201cBoom\u201d por ser un movimiento al que s\u00f3lo pertenec\u00edan los autores que vend\u00edan m\u00e1s, es decir, los que gozaban de \u00e9xito comercial. En el libro \u201cNueva narrativa hispanoamericana\u201d del cr\u00edtico brit\u00e1nico Donald Shaw, se cita que Mario Benedetti criticaba a los escritores del \u201cBoom\u201d por considerarlos pertenecientes a una clase privilegiada que no representaban \u201ca la gente promedio de Am\u00e9rica Latina\u201d. Su visi\u00f3n no es descabellada si se toma en consideraci\u00f3n que b\u00e1sicamente los cuatro grandes fueron, en vida, completas celebridades que ten\u00edan abiertas las puertas del mundo entero.<\/p>\n\n\n\n<p>El libro tambi\u00e9n se refiere al \u201cBoom\u201d como un movimiento sexista, tanto por s\u00f3lo tener hombres como referentes, pero tambi\u00e9n por la manera en la que estos referentes escrib\u00edan a las mujeres en sus obras, releg\u00e1ndolas al umbral de las santas o de las prostitutas.&nbsp;<\/p>\n\n\n\n<figure class=\"wp-block-image\"><img decoding=\"async\" src=\"https:\/\/www.informador.mx\/__export\/1745751619465\/sites\/elinformador\/img\/2025\/04\/27\/una_crop1745751618923.jpg_69363498.jpg\" alt=\"\"\/><figcaption class=\"wp-element-caption\">Fernanda Melchor. La escritora pos\u00f3 para EL INFORMADOR, durante su visita a la Feria Internacional del Libro de Guadalajara, en 2018. EL INFORMADOR\/Archivo<\/figcaption><\/figure>\n\n\n\n<p>LA ERA FEMENINA<\/p>\n\n\n\n<h4 class=\"wp-block-heading\">\u00bfViene un nuevo \u201cBoom\u201d en la narrativa de Am\u00e9rica Latina?&nbsp;<\/h4>\n\n\n\n<p>Si bien es cierto que el fallecimiento de Vargas Llosa implica una p\u00e9rdida inmensa para las letras, tambi\u00e9n ser\u00eda injusto afirmar que Am\u00e9rica Latina ya no produce literatura.<\/p>\n\n\n\n<p>Es necesario darle al \u201cBoom\u201d el lugar que se merece, reconoci\u00e9ndolo como la gran obra de una mujer visionaria que supo recolectar talentos -dejando otros de lado-, y que leg\u00f3 novelas inolvidables.&nbsp;<\/p>\n\n\n\n<p>Pero Latinoam\u00e9rica es m\u00e1s que el \u201cBoom\u201d. A lo largo de los a\u00f1os por venir, sus letras siguieron dando exponentes notables que de alg\u00fan modo u otro continuaron con la tradici\u00f3n del \u201cBoom\u201d, o que decididamente se enfrentaron a ella. Manuel Puig, Antonio Sk\u00e1rmeta, Andr\u00e9s Caicedo, Isabel Allende, Fernando del Paso, Elena Poniatowska, Laura Esquivel, Roberto Bola\u00f1o, Pedro Lemebel, Fernando Vallejo, Alejandro Zambra, Andr\u00e9s Neuman, Alberto Fuguet, Jaime Bayly, Laura Restrepo, Leonardo Padura, Jorge Volpi, Juan Pablo Villalobos y tantos otros nombres que no se alcanzan a mencionar en este espacio, pero que llevaron o han llevado a las narrativas hispanoamericanas a nuevos derroteros y caminos de curiosidad y descubrimiento.&nbsp;<\/p>\n\n\n\n<p>Actualmente, el \u00e1mbito narrativo se ha destacado por una gran producci\u00f3n literaria encabezada por mujeres, que han protagonizado una narrativa fuerte, s\u00f3rdida y brutal que&nbsp;<strong>ha creado grandes fen\u00f3menos editoriales.<\/strong>&nbsp;Por poner algunos ejemplos, destacan en la actualidad la argentina&nbsp;<strong>Mariana Enr\u00edquez<\/strong>&nbsp;-\u201cla reina del terror\u201d-, cuya obra es un interesante panorama que mezcla lo social, lo urbano, lo hist\u00f3rico y lo pol\u00edtico con el terreno de la pesadilla.&nbsp;<\/p>\n\n\n\n<p>Su novela \u201cNuestra parte de noche\u201d, mezcla los horrores de la dictadura argentina con los ritos ocultistas de una familia poderosa que se adentra a dimensiones macabras con tal de conseguir sangre y poder.&nbsp;<\/p>\n\n\n\n<p>La mexicana&nbsp;<strong>Fernanda Melchor,&nbsp;<\/strong>con su obra \u201cTemporada de huracanes\u201d, fue responsable de crear una narraci\u00f3n despiadada y desesperanzadora que se adentra en lo m\u00e1s bajo de la condici\u00f3n humana con M\u00e9xico como tel\u00f3n de fondo, pero con un gran valor literario que llev\u00f3 la obra a ser un \u00e9xito de ventas.&nbsp;<\/p>\n\n\n\n<p>Escritoras como:&nbsp;<strong>Samanta Schweblin, M\u00f3nica Ojeda, Brenda Navarro, Cristina Rivera Garza, Camila Sosa Villada, Guadalupe Nettel, Valeria Luiselli y Gabriela Cabez\u00f3n C\u00e1mara,<\/strong>&nbsp;entre tantas otras, han dejado obras de inmenso valor durante los \u00faltimos a\u00f1os, y est\u00e1n abriendo puertas para nuevas generaciones de escritoras que narran lo cotidiano, lo triste, lo maravilloso.<\/p>\n\n\n\n<p>Mujeres que se han apropiado de la violencia y de lo espeluznante, que han cuestionado la maternidad y la sexualidad, que se han adentrado en lo urbano y lo virtual, en la poes\u00eda y la ciencia ficci\u00f3n. Su obra literaria ha sido tan fruct\u00edfera, que diversos cr\u00edticos y medios se han referido incluso a \u201cun nuevo Boom\u201d encabezado por mujeres. &nbsp;<\/p>\n\n\n\n<p>La literatura de Am\u00e9rica Latina no muere con Vargas Llosa, ni se detuvo tampoco con el \u201cBoom\u201d&#8230; La literatura nuestra sigue viva, escribi\u00e9ndose a diario, haci\u00e9ndose paso al ma\u00f1ana, gest\u00e1ndose en quienes leen al pasado y miran al futuro, y plant\u00e1ndonos dentro el recurso eterno de las letras como una herramienta indispensable, m\u00e1s all\u00e1 del tiempo y sobre el tiempo mismo, para entendernos a nosotros mismos.&nbsp;<\/p>\n","protected":false},"excerpt":{"rendered":"<p>Por Redacci\u00f3n QP Una reflexi\u00f3n sobre el fen\u00f3meno cultural y editorial tras la muerte de&#8230;<\/p>\n","protected":false},"author":2,"featured_media":116119,"comment_status":"open","ping_status":"open","sticky":false,"template":"","format":"standard","meta":{"_monsterinsights_skip_tracking":false,"_monsterinsights_sitenote_active":false,"_monsterinsights_sitenote_note":"","_monsterinsights_sitenote_category":0,"footnotes":""},"categories":[58],"tags":[],"class_list":["post-116118","post","type-post","status-publish","format-standard","has-post-thumbnail","hentry","category-cultura"],"yoast_head":"<!-- This site is optimized with the Yoast SEO plugin v27.3 - https:\/\/yoast.com\/product\/yoast-seo-wordpress\/ -->\n<title>Los latinoamericanos en la literatura m\u00e1s all\u00e1 de una \u201cmoda&quot; -<\/title>\n<meta name=\"robots\" content=\"index, follow, max-snippet:-1, max-image-preview:large, max-video-preview:-1\" \/>\n<link rel=\"canonical\" href=\"https:\/\/quehacerpolitico.mx\/?p=116118\" \/>\n<meta property=\"og:locale\" content=\"es_MX\" \/>\n<meta property=\"og:type\" content=\"article\" \/>\n<meta property=\"og:title\" content=\"Los latinoamericanos en la literatura m\u00e1s all\u00e1 de una \u201cmoda&quot; -\" \/>\n<meta property=\"og:description\" content=\"Por Redacci\u00f3n QP Una reflexi\u00f3n sobre el fen\u00f3meno cultural y editorial tras la muerte de...\" \/>\n<meta property=\"og:url\" content=\"https:\/\/quehacerpolitico.mx\/?p=116118\" \/>\n<meta property=\"article:published_time\" content=\"2025-04-28T18:34:10+00:00\" \/>\n<meta property=\"article:modified_time\" content=\"2025-04-28T18:34:13+00:00\" \/>\n<meta property=\"og:image\" content=\"https:\/\/quehacerpolitico.mx\/wp-content\/uploads\/2025\/04\/images-13.jpeg\" \/>\n\t<meta property=\"og:image:width\" content=\"678\" \/>\n\t<meta property=\"og:image:height\" content=\"452\" \/>\n\t<meta property=\"og:image:type\" content=\"image\/jpeg\" \/>\n<meta name=\"author\" content=\"Redacci\u00f3n QP\" \/>\n<meta name=\"twitter:card\" content=\"summary_large_image\" \/>\n<meta name=\"twitter:label1\" content=\"Escrito por\" \/>\n\t<meta name=\"twitter:data1\" content=\"Redacci\u00f3n QP\" \/>\n\t<meta name=\"twitter:label2\" content=\"Tiempo de lectura\" \/>\n\t<meta name=\"twitter:data2\" content=\"11 minutos\" \/>\n<script type=\"application\/ld+json\" class=\"yoast-schema-graph\">{\"@context\":\"https:\\\/\\\/schema.org\",\"@graph\":[{\"@type\":\"Article\",\"@id\":\"https:\\\/\\\/quehacerpolitico.mx\\\/?p=116118#article\",\"isPartOf\":{\"@id\":\"https:\\\/\\\/quehacerpolitico.mx\\\/?p=116118\"},\"author\":{\"name\":\"Redacci\u00f3n QP\",\"@id\":\"https:\\\/\\\/quehacerpolitico.mx\\\/#\\\/schema\\\/person\\\/496d8ad2d1d3f8036101dca7ee39e585\"},\"headline\":\"Los latinoamericanos en la literatura m\u00e1s all\u00e1 de una \u201cmoda&#8221;\",\"datePublished\":\"2025-04-28T18:34:10+00:00\",\"dateModified\":\"2025-04-28T18:34:13+00:00\",\"mainEntityOfPage\":{\"@id\":\"https:\\\/\\\/quehacerpolitico.mx\\\/?p=116118\"},\"wordCount\":2241,\"commentCount\":0,\"image\":{\"@id\":\"https:\\\/\\\/quehacerpolitico.mx\\\/?p=116118#primaryimage\"},\"thumbnailUrl\":\"https:\\\/\\\/quehacerpolitico.mx\\\/wp-content\\\/uploads\\\/2025\\\/04\\\/images-13.jpeg\",\"articleSection\":[\"Cultura y Entretenimiento\"],\"inLanguage\":\"es\",\"potentialAction\":[{\"@type\":\"CommentAction\",\"name\":\"Comment\",\"target\":[\"https:\\\/\\\/quehacerpolitico.mx\\\/?p=116118#respond\"]}]},{\"@type\":\"WebPage\",\"@id\":\"https:\\\/\\\/quehacerpolitico.mx\\\/?p=116118\",\"url\":\"https:\\\/\\\/quehacerpolitico.mx\\\/?p=116118\",\"name\":\"Los latinoamericanos en la literatura m\u00e1s all\u00e1 de una \u201cmoda\\\" -\",\"isPartOf\":{\"@id\":\"https:\\\/\\\/quehacerpolitico.mx\\\/#website\"},\"primaryImageOfPage\":{\"@id\":\"https:\\\/\\\/quehacerpolitico.mx\\\/?p=116118#primaryimage\"},\"image\":{\"@id\":\"https:\\\/\\\/quehacerpolitico.mx\\\/?p=116118#primaryimage\"},\"thumbnailUrl\":\"https:\\\/\\\/quehacerpolitico.mx\\\/wp-content\\\/uploads\\\/2025\\\/04\\\/images-13.jpeg\",\"datePublished\":\"2025-04-28T18:34:10+00:00\",\"dateModified\":\"2025-04-28T18:34:13+00:00\",\"author\":{\"@id\":\"https:\\\/\\\/quehacerpolitico.mx\\\/#\\\/schema\\\/person\\\/496d8ad2d1d3f8036101dca7ee39e585\"},\"breadcrumb\":{\"@id\":\"https:\\\/\\\/quehacerpolitico.mx\\\/?p=116118#breadcrumb\"},\"inLanguage\":\"es\",\"potentialAction\":[{\"@type\":\"ReadAction\",\"target\":[\"https:\\\/\\\/quehacerpolitico.mx\\\/?p=116118\"]}]},{\"@type\":\"ImageObject\",\"inLanguage\":\"es\",\"@id\":\"https:\\\/\\\/quehacerpolitico.mx\\\/?p=116118#primaryimage\",\"url\":\"https:\\\/\\\/quehacerpolitico.mx\\\/wp-content\\\/uploads\\\/2025\\\/04\\\/images-13.jpeg\",\"contentUrl\":\"https:\\\/\\\/quehacerpolitico.mx\\\/wp-content\\\/uploads\\\/2025\\\/04\\\/images-13.jpeg\",\"width\":678,\"height\":452},{\"@type\":\"BreadcrumbList\",\"@id\":\"https:\\\/\\\/quehacerpolitico.mx\\\/?p=116118#breadcrumb\",\"itemListElement\":[{\"@type\":\"ListItem\",\"position\":1,\"name\":\"Inicio\",\"item\":\"https:\\\/\\\/quehacerpolitico.mx\\\/\"},{\"@type\":\"ListItem\",\"position\":2,\"name\":\"Los latinoamericanos en la literatura m\u00e1s all\u00e1 de una \u201cmoda&#8221;\"}]},{\"@type\":\"WebSite\",\"@id\":\"https:\\\/\\\/quehacerpolitico.mx\\\/#website\",\"url\":\"https:\\\/\\\/quehacerpolitico.mx\\\/\",\"name\":\"\",\"description\":\"\",\"potentialAction\":[{\"@type\":\"SearchAction\",\"target\":{\"@type\":\"EntryPoint\",\"urlTemplate\":\"https:\\\/\\\/quehacerpolitico.mx\\\/?s={search_term_string}\"},\"query-input\":{\"@type\":\"PropertyValueSpecification\",\"valueRequired\":true,\"valueName\":\"search_term_string\"}}],\"inLanguage\":\"es\"},{\"@type\":\"Person\",\"@id\":\"https:\\\/\\\/quehacerpolitico.mx\\\/#\\\/schema\\\/person\\\/496d8ad2d1d3f8036101dca7ee39e585\",\"name\":\"Redacci\u00f3n QP\",\"image\":{\"@type\":\"ImageObject\",\"inLanguage\":\"es\",\"@id\":\"https:\\\/\\\/secure.gravatar.com\\\/avatar\\\/c7164ed6fdec453195284ad24a5ae5b6e1eed2b848477fa2a4787ba9adf39a41?s=96&d=mm&r=g\",\"url\":\"https:\\\/\\\/secure.gravatar.com\\\/avatar\\\/c7164ed6fdec453195284ad24a5ae5b6e1eed2b848477fa2a4787ba9adf39a41?s=96&d=mm&r=g\",\"contentUrl\":\"https:\\\/\\\/secure.gravatar.com\\\/avatar\\\/c7164ed6fdec453195284ad24a5ae5b6e1eed2b848477fa2a4787ba9adf39a41?s=96&d=mm&r=g\",\"caption\":\"Redacci\u00f3n QP\"},\"url\":\"https:\\\/\\\/quehacerpolitico.mx\\\/?author=2\"}]}<\/script>\n<!-- \/ Yoast SEO plugin. -->","yoast_head_json":{"title":"Los latinoamericanos en la literatura m\u00e1s all\u00e1 de una \u201cmoda\" -","robots":{"index":"index","follow":"follow","max-snippet":"max-snippet:-1","max-image-preview":"max-image-preview:large","max-video-preview":"max-video-preview:-1"},"canonical":"https:\/\/quehacerpolitico.mx\/?p=116118","og_locale":"es_MX","og_type":"article","og_title":"Los latinoamericanos en la literatura m\u00e1s all\u00e1 de una \u201cmoda\" -","og_description":"Por Redacci\u00f3n QP Una reflexi\u00f3n sobre el fen\u00f3meno cultural y editorial tras la muerte de...","og_url":"https:\/\/quehacerpolitico.mx\/?p=116118","article_published_time":"2025-04-28T18:34:10+00:00","article_modified_time":"2025-04-28T18:34:13+00:00","og_image":[{"width":678,"height":452,"url":"https:\/\/quehacerpolitico.mx\/wp-content\/uploads\/2025\/04\/images-13.jpeg","type":"image\/jpeg"}],"author":"Redacci\u00f3n QP","twitter_card":"summary_large_image","twitter_misc":{"Escrito por":"Redacci\u00f3n QP","Tiempo de lectura":"11 minutos"},"schema":{"@context":"https:\/\/schema.org","@graph":[{"@type":"Article","@id":"https:\/\/quehacerpolitico.mx\/?p=116118#article","isPartOf":{"@id":"https:\/\/quehacerpolitico.mx\/?p=116118"},"author":{"name":"Redacci\u00f3n QP","@id":"https:\/\/quehacerpolitico.mx\/#\/schema\/person\/496d8ad2d1d3f8036101dca7ee39e585"},"headline":"Los latinoamericanos en la literatura m\u00e1s all\u00e1 de una \u201cmoda&#8221;","datePublished":"2025-04-28T18:34:10+00:00","dateModified":"2025-04-28T18:34:13+00:00","mainEntityOfPage":{"@id":"https:\/\/quehacerpolitico.mx\/?p=116118"},"wordCount":2241,"commentCount":0,"image":{"@id":"https:\/\/quehacerpolitico.mx\/?p=116118#primaryimage"},"thumbnailUrl":"https:\/\/quehacerpolitico.mx\/wp-content\/uploads\/2025\/04\/images-13.jpeg","articleSection":["Cultura y Entretenimiento"],"inLanguage":"es","potentialAction":[{"@type":"CommentAction","name":"Comment","target":["https:\/\/quehacerpolitico.mx\/?p=116118#respond"]}]},{"@type":"WebPage","@id":"https:\/\/quehacerpolitico.mx\/?p=116118","url":"https:\/\/quehacerpolitico.mx\/?p=116118","name":"Los latinoamericanos en la literatura m\u00e1s all\u00e1 de una \u201cmoda\" -","isPartOf":{"@id":"https:\/\/quehacerpolitico.mx\/#website"},"primaryImageOfPage":{"@id":"https:\/\/quehacerpolitico.mx\/?p=116118#primaryimage"},"image":{"@id":"https:\/\/quehacerpolitico.mx\/?p=116118#primaryimage"},"thumbnailUrl":"https:\/\/quehacerpolitico.mx\/wp-content\/uploads\/2025\/04\/images-13.jpeg","datePublished":"2025-04-28T18:34:10+00:00","dateModified":"2025-04-28T18:34:13+00:00","author":{"@id":"https:\/\/quehacerpolitico.mx\/#\/schema\/person\/496d8ad2d1d3f8036101dca7ee39e585"},"breadcrumb":{"@id":"https:\/\/quehacerpolitico.mx\/?p=116118#breadcrumb"},"inLanguage":"es","potentialAction":[{"@type":"ReadAction","target":["https:\/\/quehacerpolitico.mx\/?p=116118"]}]},{"@type":"ImageObject","inLanguage":"es","@id":"https:\/\/quehacerpolitico.mx\/?p=116118#primaryimage","url":"https:\/\/quehacerpolitico.mx\/wp-content\/uploads\/2025\/04\/images-13.jpeg","contentUrl":"https:\/\/quehacerpolitico.mx\/wp-content\/uploads\/2025\/04\/images-13.jpeg","width":678,"height":452},{"@type":"BreadcrumbList","@id":"https:\/\/quehacerpolitico.mx\/?p=116118#breadcrumb","itemListElement":[{"@type":"ListItem","position":1,"name":"Inicio","item":"https:\/\/quehacerpolitico.mx\/"},{"@type":"ListItem","position":2,"name":"Los latinoamericanos en la literatura m\u00e1s all\u00e1 de una \u201cmoda&#8221;"}]},{"@type":"WebSite","@id":"https:\/\/quehacerpolitico.mx\/#website","url":"https:\/\/quehacerpolitico.mx\/","name":"","description":"","potentialAction":[{"@type":"SearchAction","target":{"@type":"EntryPoint","urlTemplate":"https:\/\/quehacerpolitico.mx\/?s={search_term_string}"},"query-input":{"@type":"PropertyValueSpecification","valueRequired":true,"valueName":"search_term_string"}}],"inLanguage":"es"},{"@type":"Person","@id":"https:\/\/quehacerpolitico.mx\/#\/schema\/person\/496d8ad2d1d3f8036101dca7ee39e585","name":"Redacci\u00f3n QP","image":{"@type":"ImageObject","inLanguage":"es","@id":"https:\/\/secure.gravatar.com\/avatar\/c7164ed6fdec453195284ad24a5ae5b6e1eed2b848477fa2a4787ba9adf39a41?s=96&d=mm&r=g","url":"https:\/\/secure.gravatar.com\/avatar\/c7164ed6fdec453195284ad24a5ae5b6e1eed2b848477fa2a4787ba9adf39a41?s=96&d=mm&r=g","contentUrl":"https:\/\/secure.gravatar.com\/avatar\/c7164ed6fdec453195284ad24a5ae5b6e1eed2b848477fa2a4787ba9adf39a41?s=96&d=mm&r=g","caption":"Redacci\u00f3n QP"},"url":"https:\/\/quehacerpolitico.mx\/?author=2"}]}},"featured_image_urls":{"full":["https:\/\/quehacerpolitico.mx\/wp-content\/uploads\/2025\/04\/images-13.jpeg",678,452,false],"thumbnail":["https:\/\/quehacerpolitico.mx\/wp-content\/uploads\/2025\/04\/images-13-150x150.jpeg",150,150,true],"medium":["https:\/\/quehacerpolitico.mx\/wp-content\/uploads\/2025\/04\/images-13-300x200.jpeg",300,200,true],"medium_large":["https:\/\/quehacerpolitico.mx\/wp-content\/uploads\/2025\/04\/images-13.jpeg",640,427,false],"large":["https:\/\/quehacerpolitico.mx\/wp-content\/uploads\/2025\/04\/images-13.jpeg",640,427,false],"1536x1536":["https:\/\/quehacerpolitico.mx\/wp-content\/uploads\/2025\/04\/images-13.jpeg",678,452,false],"2048x2048":["https:\/\/quehacerpolitico.mx\/wp-content\/uploads\/2025\/04\/images-13.jpeg",678,452,false],"covernews-featured":["https:\/\/quehacerpolitico.mx\/wp-content\/uploads\/2025\/04\/images-13.jpeg",678,452,false],"covernews-medium":["https:\/\/quehacerpolitico.mx\/wp-content\/uploads\/2025\/04\/images-13-540x340.jpeg",540,340,true]},"author_info":{"display_name":"Redacci\u00f3n QP","author_link":"https:\/\/quehacerpolitico.mx\/?author=2"},"category_info":"<a href=\"https:\/\/quehacerpolitico.mx\/?cat=58\" rel=\"category\">Cultura y Entretenimiento<\/a>","tag_info":"Cultura y Entretenimiento","comment_count":"0","_links":{"self":[{"href":"https:\/\/quehacerpolitico.mx\/index.php?rest_route=\/wp\/v2\/posts\/116118","targetHints":{"allow":["GET"]}}],"collection":[{"href":"https:\/\/quehacerpolitico.mx\/index.php?rest_route=\/wp\/v2\/posts"}],"about":[{"href":"https:\/\/quehacerpolitico.mx\/index.php?rest_route=\/wp\/v2\/types\/post"}],"author":[{"embeddable":true,"href":"https:\/\/quehacerpolitico.mx\/index.php?rest_route=\/wp\/v2\/users\/2"}],"replies":[{"embeddable":true,"href":"https:\/\/quehacerpolitico.mx\/index.php?rest_route=%2Fwp%2Fv2%2Fcomments&post=116118"}],"version-history":[{"count":1,"href":"https:\/\/quehacerpolitico.mx\/index.php?rest_route=\/wp\/v2\/posts\/116118\/revisions"}],"predecessor-version":[{"id":116120,"href":"https:\/\/quehacerpolitico.mx\/index.php?rest_route=\/wp\/v2\/posts\/116118\/revisions\/116120"}],"wp:featuredmedia":[{"embeddable":true,"href":"https:\/\/quehacerpolitico.mx\/index.php?rest_route=\/wp\/v2\/media\/116119"}],"wp:attachment":[{"href":"https:\/\/quehacerpolitico.mx\/index.php?rest_route=%2Fwp%2Fv2%2Fmedia&parent=116118"}],"wp:term":[{"taxonomy":"category","embeddable":true,"href":"https:\/\/quehacerpolitico.mx\/index.php?rest_route=%2Fwp%2Fv2%2Fcategories&post=116118"},{"taxonomy":"post_tag","embeddable":true,"href":"https:\/\/quehacerpolitico.mx\/index.php?rest_route=%2Fwp%2Fv2%2Ftags&post=116118"}],"curies":[{"name":"wp","href":"https:\/\/api.w.org\/{rel}","templated":true}]}}