{"id":116071,"date":"2025-04-23T13:50:51","date_gmt":"2025-04-23T19:50:51","guid":{"rendered":"https:\/\/quehacerpolitico.mx\/?p=116071"},"modified":"2025-04-23T13:51:21","modified_gmt":"2025-04-23T19:51:21","slug":"el-tribunal-electoral-tiene-la-ultima-palabra-dice-sheinbaum-sobre-los-candidatos-a-jueces-que-no-cumplan-con-los-requisitos-si-no-son-aptos-deberian-ser-descalificados-expreso","status":"publish","type":"post","link":"https:\/\/quehacerpolitico.mx\/?p=116071","title":{"rendered":"\u201cEl Tribunal Electoral tiene la \u00faltima palabra\u201d, dice Sheinbaum sobre los candidatos a jueces que no cumplan con los requisitos Si no son aptos, deber\u00edan ser descalificados, expres\u00f3"},"content":{"rendered":"\n<p>Por Redacci\u00f3n QP<\/p>\n\n\n\n<p>La organizaci\u00f3n Defensorxs ha documentado al menos los casos de 13 candidatos relacionados con el crimen organizado, delitos sexuales y sectas religiosas<\/p>\n\n\n\n<p>La presidenta mexicana<strong>, Claudia Sheinbaum,<\/strong>&nbsp;pidi\u00f3 este mi\u00e9rcoles al Tribunal Electoral&nbsp;invalidar a los candidatos de la primera elecci\u00f3n popular del Poder Judicial que tengan&nbsp;<strong>nexos con el narcotr\u00e1fico<\/strong>&nbsp;despu\u00e9s de que el Senado reconociera que hay aspirantes con estos v\u00ednculos.<\/p>\n\n\n\n<figure class=\"wp-block-embed is-type-rich is-provider-twitter wp-block-embed-twitter\"><div class=\"wp-block-embed__wrapper\">\n<blockquote class=\"twitter-tweet\" data-width=\"550\" data-dnt=\"true\"><p lang=\"es\" dir=\"ltr\">\u201cEl Tribunal Electoral tiene la \u00faltima palabra\u201d, dice <a href=\"https:\/\/twitter.com\/Claudiashein?ref_src=twsrc%5Etfw\">@Claudiashein<\/a> sobre los candidatos a jueces que no cumplan con los requisitos. <br><br>Si no son aptos, deber\u00edan ser descalificados, expres\u00f3. <a href=\"https:\/\/t.co\/xQ4nABPLnl\">pic.twitter.com\/xQ4nABPLnl<\/a><\/p>&mdash; Manuel Lopez San Martin (@MLopezSanMartin) <a href=\"https:\/\/twitter.com\/MLopezSanMartin\/status\/1915056429876257093?ref_src=twsrc%5Etfw\">April 23, 2025<\/a><\/blockquote><script async src=\"https:\/\/platform.twitter.com\/widgets.js\" charset=\"utf-8\"><\/script>\n<\/div><\/figure>\n\n\n\n<p>&#8220;Desde mi particular punto de vista, y veremos qu\u00e9 decide el Tribunal Electoral, podr\u00eda, aunque ya est\u00e9 en la boleta (electoral), ponerse una medida precautoria o en su caso, descalificar a la persona&#8221;, expres\u00f3 la mandataria en su conferencia matutina.<\/p>\n\n\n\n<p>Sheinbaum hizo esta petici\u00f3n tras las declaraciones del martes del presidente del Senado, Gerardo Fern\u00e1ndez Noro\u00f1a, quien expuso que han &#8220;detectado algunos defensores de narcotraficantes que est\u00e1n queriendo acceder&#8221; al Poder Judicial mediante las elecciones del 1 de junio.<br><br>Adem\u00e1s, la agrupaci\u00f3n civil Defensorxs&nbsp;<strong>document\u00f3 13 &#8220;candidatos<\/strong>&nbsp;relacionados con el crimen organizado, delitos sexuales, sectas pol\u00edtico-religiosas y otras irregularidades&#8221; en el sitio \u2018Justicia en la mira\u2019, donde resalta Silvia Roc\u00edo Delgado, exabogada del capo&nbsp;<strong>Joaqu\u00edn &#8220;El Chapo&#8221;&nbsp;Guzm\u00e1n&nbsp;<\/strong>Loera.<\/p>\n\n\n\n<p>Tambi\u00e9n sobresale Francisco Herrera Franco, candidato a juez penal federal de Michoac\u00e1n, donde est\u00e1 acusado de pactos con criminales, le apodaban &#8220;el fiscal del terror&#8221; cuando ocup\u00f3 tal cargo (2020-2022) y est\u00e1 se\u00f1alado por posible implicaci\u00f3n en el asesinato de los&nbsp;<strong>periodistas Roberto Toledo y Armando Linares<\/strong>&nbsp;en 2022.<\/p>\n\n\n\n<p>Ante la pol\u00e9mica, la mandataria se\u00f1al\u00f3 que puede presentarse una queja &#8220;si hay alg\u00fan caso en donde se encuentre que&#8221; un candidato a juez o magistrado &#8220;no cumple con la Constituci\u00f3n&#8221;, que establece que los aspirantes deben tener &#8220;probidad&#8221; y una calificaci\u00f3n de ocho&nbsp;sobre 10 en sus estudios universitarios.<\/p>\n\n\n\n<p>&#8220;Pero tendr\u00edan que presentarse todas las pruebas de que es as\u00ed, pero hasta ahora quien tendr\u00eda que definirlo es la \u00faltima instancia, que es el Tribunal Electoral\u201d, acot\u00f3.<\/p>\n\n\n\n<p>Los hechos reflejan la pol\u00e9mica en torno a la&nbsp;<strong>primera elecci\u00f3n popular&nbsp;<\/strong>del Poder Judicial el 1 de junio, cuando un r\u00e9cord de 99.7 millones de votantes est\u00e1n llamados a elegir por primera vez 881 cargos de entre 3 mil 422 candidatos, incluyendo la Suprema Corte, el nuevo Tribunal de Disciplina Judicial y el Tribunal Electoral.<br><br>Las campa\u00f1as&nbsp;<strong>comenzaron el 30 de marzo<\/strong>&nbsp;tras alertas de la oposici\u00f3n, organismos internacionales como la ONU, actuales jueces y asociaciones civiles de una posible intromisi\u00f3n del Ejecutivo y del crimen organizado en los comicios y, por ende, en la justicia.<\/p>\n\n\n\n<p>Con informaci\u00f3n de EFE<\/p>\n","protected":false},"excerpt":{"rendered":"<p>Por Redacci\u00f3n QP La organizaci\u00f3n Defensorxs ha documentado al menos los casos de 13 candidatos&#8230;<\/p>\n","protected":false},"author":2,"featured_media":116073,"comment_status":"open","ping_status":"open","sticky":false,"template":"","format":"standard","meta":{"_monsterinsights_skip_tracking":false,"_monsterinsights_sitenote_active":false,"_monsterinsights_sitenote_note":"","_monsterinsights_sitenote_category":0,"footnotes":""},"categories":[280,2],"tags":[],"class_list":["post-116071","post","type-post","status-publish","format-standard","has-post-thumbnail","hentry","category-nacionales","category-noticias"],"yoast_head":"<!-- This site is optimized with the Yoast SEO plugin v27.3 - https:\/\/yoast.com\/product\/yoast-seo-wordpress\/ -->\n<title>\u201cEl Tribunal Electoral tiene la \u00faltima palabra\u201d, dice Sheinbaum sobre los candidatos a jueces que no cumplan con los requisitos Si no son aptos, deber\u00edan ser descalificados, expres\u00f3 -<\/title>\n<meta name=\"robots\" content=\"index, follow, max-snippet:-1, max-image-preview:large, max-video-preview:-1\" \/>\n<link rel=\"canonical\" href=\"https:\/\/quehacerpolitico.mx\/?p=116071\" \/>\n<meta property=\"og:locale\" content=\"es_MX\" \/>\n<meta property=\"og:type\" content=\"article\" \/>\n<meta property=\"og:title\" content=\"\u201cEl Tribunal Electoral tiene la \u00faltima palabra\u201d, dice Sheinbaum sobre los candidatos a jueces que no cumplan con los requisitos Si no son aptos, deber\u00edan ser descalificados, expres\u00f3 -\" \/>\n<meta property=\"og:description\" content=\"Por Redacci\u00f3n QP La organizaci\u00f3n Defensorxs ha documentado al menos los casos de 13 candidatos...\" \/>\n<meta property=\"og:url\" content=\"https:\/\/quehacerpolitico.mx\/?p=116071\" \/>\n<meta property=\"article:published_time\" content=\"2025-04-23T19:50:51+00:00\" \/>\n<meta property=\"article:modified_time\" content=\"2025-04-23T19:51:21+00:00\" \/>\n<meta property=\"og:image\" content=\"https:\/\/quehacerpolitico.mx\/wp-content\/uploads\/2025\/04\/Screenshot_20250423-1348152-1.png\" \/>\n\t<meta property=\"og:image:width\" content=\"720\" \/>\n\t<meta property=\"og:image:height\" content=\"402\" \/>\n\t<meta property=\"og:image:type\" content=\"image\/png\" \/>\n<meta name=\"author\" content=\"Redacci\u00f3n QP\" \/>\n<meta name=\"twitter:card\" content=\"summary_large_image\" \/>\n<meta name=\"twitter:label1\" content=\"Escrito por\" \/>\n\t<meta name=\"twitter:data1\" content=\"Redacci\u00f3n QP\" \/>\n\t<meta name=\"twitter:label2\" content=\"Tiempo de lectura\" \/>\n\t<meta name=\"twitter:data2\" content=\"2 minutos\" \/>\n<script type=\"application\/ld+json\" class=\"yoast-schema-graph\">{\"@context\":\"https:\\\/\\\/schema.org\",\"@graph\":[{\"@type\":\"Article\",\"@id\":\"https:\\\/\\\/quehacerpolitico.mx\\\/?p=116071#article\",\"isPartOf\":{\"@id\":\"https:\\\/\\\/quehacerpolitico.mx\\\/?p=116071\"},\"author\":{\"name\":\"Redacci\u00f3n QP\",\"@id\":\"https:\\\/\\\/quehacerpolitico.mx\\\/#\\\/schema\\\/person\\\/496d8ad2d1d3f8036101dca7ee39e585\"},\"headline\":\"\u201cEl Tribunal Electoral tiene la \u00faltima palabra\u201d, dice Sheinbaum sobre los candidatos a jueces que no cumplan con los requisitos Si no son aptos, deber\u00edan ser descalificados, expres\u00f3\",\"datePublished\":\"2025-04-23T19:50:51+00:00\",\"dateModified\":\"2025-04-23T19:51:21+00:00\",\"mainEntityOfPage\":{\"@id\":\"https:\\\/\\\/quehacerpolitico.mx\\\/?p=116071\"},\"wordCount\":496,\"commentCount\":0,\"image\":{\"@id\":\"https:\\\/\\\/quehacerpolitico.mx\\\/?p=116071#primaryimage\"},\"thumbnailUrl\":\"https:\\\/\\\/quehacerpolitico.mx\\\/wp-content\\\/uploads\\\/2025\\\/04\\\/Screenshot_20250423-1348152-1.png\",\"articleSection\":[\"Nacionales\",\"Noticias\"],\"inLanguage\":\"es\",\"potentialAction\":[{\"@type\":\"CommentAction\",\"name\":\"Comment\",\"target\":[\"https:\\\/\\\/quehacerpolitico.mx\\\/?p=116071#respond\"]}]},{\"@type\":\"WebPage\",\"@id\":\"https:\\\/\\\/quehacerpolitico.mx\\\/?p=116071\",\"url\":\"https:\\\/\\\/quehacerpolitico.mx\\\/?p=116071\",\"name\":\"\u201cEl Tribunal Electoral tiene la \u00faltima palabra\u201d, dice Sheinbaum sobre los candidatos a jueces que no cumplan con los requisitos Si no son aptos, deber\u00edan ser descalificados, expres\u00f3 -\",\"isPartOf\":{\"@id\":\"https:\\\/\\\/quehacerpolitico.mx\\\/#website\"},\"primaryImageOfPage\":{\"@id\":\"https:\\\/\\\/quehacerpolitico.mx\\\/?p=116071#primaryimage\"},\"image\":{\"@id\":\"https:\\\/\\\/quehacerpolitico.mx\\\/?p=116071#primaryimage\"},\"thumbnailUrl\":\"https:\\\/\\\/quehacerpolitico.mx\\\/wp-content\\\/uploads\\\/2025\\\/04\\\/Screenshot_20250423-1348152-1.png\",\"datePublished\":\"2025-04-23T19:50:51+00:00\",\"dateModified\":\"2025-04-23T19:51:21+00:00\",\"author\":{\"@id\":\"https:\\\/\\\/quehacerpolitico.mx\\\/#\\\/schema\\\/person\\\/496d8ad2d1d3f8036101dca7ee39e585\"},\"breadcrumb\":{\"@id\":\"https:\\\/\\\/quehacerpolitico.mx\\\/?p=116071#breadcrumb\"},\"inLanguage\":\"es\",\"potentialAction\":[{\"@type\":\"ReadAction\",\"target\":[\"https:\\\/\\\/quehacerpolitico.mx\\\/?p=116071\"]}]},{\"@type\":\"ImageObject\",\"inLanguage\":\"es\",\"@id\":\"https:\\\/\\\/quehacerpolitico.mx\\\/?p=116071#primaryimage\",\"url\":\"https:\\\/\\\/quehacerpolitico.mx\\\/wp-content\\\/uploads\\\/2025\\\/04\\\/Screenshot_20250423-1348152-1.png\",\"contentUrl\":\"https:\\\/\\\/quehacerpolitico.mx\\\/wp-content\\\/uploads\\\/2025\\\/04\\\/Screenshot_20250423-1348152-1.png\",\"width\":720,\"height\":402},{\"@type\":\"BreadcrumbList\",\"@id\":\"https:\\\/\\\/quehacerpolitico.mx\\\/?p=116071#breadcrumb\",\"itemListElement\":[{\"@type\":\"ListItem\",\"position\":1,\"name\":\"Inicio\",\"item\":\"https:\\\/\\\/quehacerpolitico.mx\\\/\"},{\"@type\":\"ListItem\",\"position\":2,\"name\":\"\u201cEl Tribunal Electoral tiene la \u00faltima palabra\u201d, dice Sheinbaum sobre los candidatos a jueces que no cumplan con los requisitos Si no son aptos, deber\u00edan ser descalificados, expres\u00f3\"}]},{\"@type\":\"WebSite\",\"@id\":\"https:\\\/\\\/quehacerpolitico.mx\\\/#website\",\"url\":\"https:\\\/\\\/quehacerpolitico.mx\\\/\",\"name\":\"\",\"description\":\"\",\"potentialAction\":[{\"@type\":\"SearchAction\",\"target\":{\"@type\":\"EntryPoint\",\"urlTemplate\":\"https:\\\/\\\/quehacerpolitico.mx\\\/?s={search_term_string}\"},\"query-input\":{\"@type\":\"PropertyValueSpecification\",\"valueRequired\":true,\"valueName\":\"search_term_string\"}}],\"inLanguage\":\"es\"},{\"@type\":\"Person\",\"@id\":\"https:\\\/\\\/quehacerpolitico.mx\\\/#\\\/schema\\\/person\\\/496d8ad2d1d3f8036101dca7ee39e585\",\"name\":\"Redacci\u00f3n QP\",\"image\":{\"@type\":\"ImageObject\",\"inLanguage\":\"es\",\"@id\":\"https:\\\/\\\/secure.gravatar.com\\\/avatar\\\/c7164ed6fdec453195284ad24a5ae5b6e1eed2b848477fa2a4787ba9adf39a41?s=96&d=mm&r=g\",\"url\":\"https:\\\/\\\/secure.gravatar.com\\\/avatar\\\/c7164ed6fdec453195284ad24a5ae5b6e1eed2b848477fa2a4787ba9adf39a41?s=96&d=mm&r=g\",\"contentUrl\":\"https:\\\/\\\/secure.gravatar.com\\\/avatar\\\/c7164ed6fdec453195284ad24a5ae5b6e1eed2b848477fa2a4787ba9adf39a41?s=96&d=mm&r=g\",\"caption\":\"Redacci\u00f3n QP\"},\"url\":\"https:\\\/\\\/quehacerpolitico.mx\\\/?author=2\"}]}<\/script>\n<!-- \/ Yoast SEO plugin. -->","yoast_head_json":{"title":"\u201cEl Tribunal Electoral tiene la \u00faltima palabra\u201d, dice Sheinbaum sobre los candidatos a jueces que no cumplan con los requisitos Si no son aptos, deber\u00edan ser descalificados, expres\u00f3 -","robots":{"index":"index","follow":"follow","max-snippet":"max-snippet:-1","max-image-preview":"max-image-preview:large","max-video-preview":"max-video-preview:-1"},"canonical":"https:\/\/quehacerpolitico.mx\/?p=116071","og_locale":"es_MX","og_type":"article","og_title":"\u201cEl Tribunal Electoral tiene la \u00faltima palabra\u201d, dice Sheinbaum sobre los candidatos a jueces que no cumplan con los requisitos Si no son aptos, deber\u00edan ser descalificados, expres\u00f3 -","og_description":"Por Redacci\u00f3n QP La organizaci\u00f3n Defensorxs ha documentado al menos los casos de 13 candidatos...","og_url":"https:\/\/quehacerpolitico.mx\/?p=116071","article_published_time":"2025-04-23T19:50:51+00:00","article_modified_time":"2025-04-23T19:51:21+00:00","og_image":[{"width":720,"height":402,"url":"https:\/\/quehacerpolitico.mx\/wp-content\/uploads\/2025\/04\/Screenshot_20250423-1348152-1.png","type":"image\/png"}],"author":"Redacci\u00f3n QP","twitter_card":"summary_large_image","twitter_misc":{"Escrito por":"Redacci\u00f3n QP","Tiempo de lectura":"2 minutos"},"schema":{"@context":"https:\/\/schema.org","@graph":[{"@type":"Article","@id":"https:\/\/quehacerpolitico.mx\/?p=116071#article","isPartOf":{"@id":"https:\/\/quehacerpolitico.mx\/?p=116071"},"author":{"name":"Redacci\u00f3n QP","@id":"https:\/\/quehacerpolitico.mx\/#\/schema\/person\/496d8ad2d1d3f8036101dca7ee39e585"},"headline":"\u201cEl Tribunal Electoral tiene la \u00faltima palabra\u201d, dice Sheinbaum sobre los candidatos a jueces que no cumplan con los requisitos Si no son aptos, deber\u00edan ser descalificados, expres\u00f3","datePublished":"2025-04-23T19:50:51+00:00","dateModified":"2025-04-23T19:51:21+00:00","mainEntityOfPage":{"@id":"https:\/\/quehacerpolitico.mx\/?p=116071"},"wordCount":496,"commentCount":0,"image":{"@id":"https:\/\/quehacerpolitico.mx\/?p=116071#primaryimage"},"thumbnailUrl":"https:\/\/quehacerpolitico.mx\/wp-content\/uploads\/2025\/04\/Screenshot_20250423-1348152-1.png","articleSection":["Nacionales","Noticias"],"inLanguage":"es","potentialAction":[{"@type":"CommentAction","name":"Comment","target":["https:\/\/quehacerpolitico.mx\/?p=116071#respond"]}]},{"@type":"WebPage","@id":"https:\/\/quehacerpolitico.mx\/?p=116071","url":"https:\/\/quehacerpolitico.mx\/?p=116071","name":"\u201cEl Tribunal Electoral tiene la \u00faltima palabra\u201d, dice Sheinbaum sobre los candidatos a jueces que no cumplan con los requisitos Si no son aptos, deber\u00edan ser descalificados, expres\u00f3 -","isPartOf":{"@id":"https:\/\/quehacerpolitico.mx\/#website"},"primaryImageOfPage":{"@id":"https:\/\/quehacerpolitico.mx\/?p=116071#primaryimage"},"image":{"@id":"https:\/\/quehacerpolitico.mx\/?p=116071#primaryimage"},"thumbnailUrl":"https:\/\/quehacerpolitico.mx\/wp-content\/uploads\/2025\/04\/Screenshot_20250423-1348152-1.png","datePublished":"2025-04-23T19:50:51+00:00","dateModified":"2025-04-23T19:51:21+00:00","author":{"@id":"https:\/\/quehacerpolitico.mx\/#\/schema\/person\/496d8ad2d1d3f8036101dca7ee39e585"},"breadcrumb":{"@id":"https:\/\/quehacerpolitico.mx\/?p=116071#breadcrumb"},"inLanguage":"es","potentialAction":[{"@type":"ReadAction","target":["https:\/\/quehacerpolitico.mx\/?p=116071"]}]},{"@type":"ImageObject","inLanguage":"es","@id":"https:\/\/quehacerpolitico.mx\/?p=116071#primaryimage","url":"https:\/\/quehacerpolitico.mx\/wp-content\/uploads\/2025\/04\/Screenshot_20250423-1348152-1.png","contentUrl":"https:\/\/quehacerpolitico.mx\/wp-content\/uploads\/2025\/04\/Screenshot_20250423-1348152-1.png","width":720,"height":402},{"@type":"BreadcrumbList","@id":"https:\/\/quehacerpolitico.mx\/?p=116071#breadcrumb","itemListElement":[{"@type":"ListItem","position":1,"name":"Inicio","item":"https:\/\/quehacerpolitico.mx\/"},{"@type":"ListItem","position":2,"name":"\u201cEl Tribunal Electoral tiene la \u00faltima palabra\u201d, dice Sheinbaum sobre los candidatos a jueces que no cumplan con los requisitos Si no son aptos, deber\u00edan ser descalificados, expres\u00f3"}]},{"@type":"WebSite","@id":"https:\/\/quehacerpolitico.mx\/#website","url":"https:\/\/quehacerpolitico.mx\/","name":"","description":"","potentialAction":[{"@type":"SearchAction","target":{"@type":"EntryPoint","urlTemplate":"https:\/\/quehacerpolitico.mx\/?s={search_term_string}"},"query-input":{"@type":"PropertyValueSpecification","valueRequired":true,"valueName":"search_term_string"}}],"inLanguage":"es"},{"@type":"Person","@id":"https:\/\/quehacerpolitico.mx\/#\/schema\/person\/496d8ad2d1d3f8036101dca7ee39e585","name":"Redacci\u00f3n QP","image":{"@type":"ImageObject","inLanguage":"es","@id":"https:\/\/secure.gravatar.com\/avatar\/c7164ed6fdec453195284ad24a5ae5b6e1eed2b848477fa2a4787ba9adf39a41?s=96&d=mm&r=g","url":"https:\/\/secure.gravatar.com\/avatar\/c7164ed6fdec453195284ad24a5ae5b6e1eed2b848477fa2a4787ba9adf39a41?s=96&d=mm&r=g","contentUrl":"https:\/\/secure.gravatar.com\/avatar\/c7164ed6fdec453195284ad24a5ae5b6e1eed2b848477fa2a4787ba9adf39a41?s=96&d=mm&r=g","caption":"Redacci\u00f3n QP"},"url":"https:\/\/quehacerpolitico.mx\/?author=2"}]}},"featured_image_urls":{"full":["https:\/\/quehacerpolitico.mx\/wp-content\/uploads\/2025\/04\/Screenshot_20250423-1348152-1.png",720,402,false],"thumbnail":["https:\/\/quehacerpolitico.mx\/wp-content\/uploads\/2025\/04\/Screenshot_20250423-1348152-1-150x150.png",150,150,true],"medium":["https:\/\/quehacerpolitico.mx\/wp-content\/uploads\/2025\/04\/Screenshot_20250423-1348152-1-300x168.png",300,168,true],"medium_large":["https:\/\/quehacerpolitico.mx\/wp-content\/uploads\/2025\/04\/Screenshot_20250423-1348152-1.png",640,357,false],"large":["https:\/\/quehacerpolitico.mx\/wp-content\/uploads\/2025\/04\/Screenshot_20250423-1348152-1.png",640,357,false],"1536x1536":["https:\/\/quehacerpolitico.mx\/wp-content\/uploads\/2025\/04\/Screenshot_20250423-1348152-1.png",720,402,false],"2048x2048":["https:\/\/quehacerpolitico.mx\/wp-content\/uploads\/2025\/04\/Screenshot_20250423-1348152-1.png",720,402,false],"covernews-featured":["https:\/\/quehacerpolitico.mx\/wp-content\/uploads\/2025\/04\/Screenshot_20250423-1348152-1.png",720,402,false],"covernews-medium":["https:\/\/quehacerpolitico.mx\/wp-content\/uploads\/2025\/04\/Screenshot_20250423-1348152-1-540x340.png",540,340,true]},"author_info":{"display_name":"Redacci\u00f3n QP","author_link":"https:\/\/quehacerpolitico.mx\/?author=2"},"category_info":"<a href=\"https:\/\/quehacerpolitico.mx\/?cat=280\" rel=\"category\">Nacionales<\/a> <a href=\"https:\/\/quehacerpolitico.mx\/?cat=2\" rel=\"category\">Noticias<\/a>","tag_info":"Noticias","comment_count":"0","_links":{"self":[{"href":"https:\/\/quehacerpolitico.mx\/index.php?rest_route=\/wp\/v2\/posts\/116071","targetHints":{"allow":["GET"]}}],"collection":[{"href":"https:\/\/quehacerpolitico.mx\/index.php?rest_route=\/wp\/v2\/posts"}],"about":[{"href":"https:\/\/quehacerpolitico.mx\/index.php?rest_route=\/wp\/v2\/types\/post"}],"author":[{"embeddable":true,"href":"https:\/\/quehacerpolitico.mx\/index.php?rest_route=\/wp\/v2\/users\/2"}],"replies":[{"embeddable":true,"href":"https:\/\/quehacerpolitico.mx\/index.php?rest_route=%2Fwp%2Fv2%2Fcomments&post=116071"}],"version-history":[{"count":2,"href":"https:\/\/quehacerpolitico.mx\/index.php?rest_route=\/wp\/v2\/posts\/116071\/revisions"}],"predecessor-version":[{"id":116076,"href":"https:\/\/quehacerpolitico.mx\/index.php?rest_route=\/wp\/v2\/posts\/116071\/revisions\/116076"}],"wp:featuredmedia":[{"embeddable":true,"href":"https:\/\/quehacerpolitico.mx\/index.php?rest_route=\/wp\/v2\/media\/116073"}],"wp:attachment":[{"href":"https:\/\/quehacerpolitico.mx\/index.php?rest_route=%2Fwp%2Fv2%2Fmedia&parent=116071"}],"wp:term":[{"taxonomy":"category","embeddable":true,"href":"https:\/\/quehacerpolitico.mx\/index.php?rest_route=%2Fwp%2Fv2%2Fcategories&post=116071"},{"taxonomy":"post_tag","embeddable":true,"href":"https:\/\/quehacerpolitico.mx\/index.php?rest_route=%2Fwp%2Fv2%2Ftags&post=116071"}],"curies":[{"name":"wp","href":"https:\/\/api.w.org\/{rel}","templated":true}]}}