{"id":116067,"date":"2025-04-23T13:24:24","date_gmt":"2025-04-23T19:24:24","guid":{"rendered":"https:\/\/quehacerpolitico.mx\/?p=116067"},"modified":"2025-04-23T13:24:26","modified_gmt":"2025-04-23T19:24:26","slug":"espaldarazo-de-sheinbaum-a-ariadna-montiel-hace-un-excelente-trabajo-dice-la-presidenta-ante-las-voces-dentro-de-morena-que-piden-la-salida-de-la-secretaria-del-bienestar","status":"publish","type":"post","link":"https:\/\/quehacerpolitico.mx\/?p=116067","title":{"rendered":"Espaldarazo de Sheinbaum a Ariadna Montiel &#8220;Hace un excelente trabajo&#8221;, dice la presidenta ante las voces dentro de Morena que piden la salida de la secretaria del Bienestar."},"content":{"rendered":"\n<p>Por Redacci\u00f3n QP<\/p>\n\n\n\n<p>Este martes, trascendi\u00f3 que durante la plenaria de\u00a0Morena\u00a0que se llev\u00f3 a cabo a puerta cerrada, varios legisladores expresaron su molestia con la secretaria de Bienestar y exigieron su renuncia<\/p>\n\n\n\n<p>La presidenta&nbsp;<strong>Claudia Sheinbaum&nbsp;<\/strong>respald\u00f3 este mi\u00e9rcoles a&nbsp;<strong>Ariadna<\/strong>&nbsp;<strong>Montiel<\/strong>, titular de la Secretar\u00eda de Bienestar, despu\u00e9s de que 83 diputados de Morena&nbsp;<strong>exigieran su renuncia&nbsp;<\/strong>porque no les proporciona la informaci\u00f3n adecuadamente sobre los programas sociales.&nbsp;<\/p>\n\n\n\n<p>En conferencia de prensa, la mandataria afirm\u00f3 que Montiel es estricta en lo que respecta a que ning\u00fan funcionario p\u00fablico, incluidos los legisladores,\u00a0<strong>se apropien de estos programas con fines pol\u00edticos.<\/strong><\/p>\n\n\n\n<figure class=\"wp-block-embed is-type-rich is-provider-twitter wp-block-embed-twitter\"><div class=\"wp-block-embed__wrapper\">\n<blockquote class=\"twitter-tweet\" data-width=\"550\" data-dnt=\"true\"><p lang=\"es\" dir=\"ltr\">Espaldarazo de <a href=\"https:\/\/twitter.com\/Claudiashein?ref_src=twsrc%5Etfw\">@Claudiashein<\/a> a <a href=\"https:\/\/twitter.com\/A_MontielR?ref_src=twsrc%5Etfw\">@A_MontielR<\/a>.<br><br>&quot;Hace un excelente trabajo&quot;, dice la presidenta ante las voces dentro de <a href=\"https:\/\/twitter.com\/hashtag\/Morena?src=hash&amp;ref_src=twsrc%5Etfw\">#Morena<\/a> que piden la salida de la secretaria del Bienestar. <a href=\"https:\/\/t.co\/Mn1Uje1STM\">pic.twitter.com\/Mn1Uje1STM<\/a><\/p>&mdash; Manuel Lopez San Martin (@MLopezSanMartin) <a href=\"https:\/\/twitter.com\/MLopezSanMartin\/status\/1915058987785130152?ref_src=twsrc%5Etfw\">April 23, 2025<\/a><\/blockquote><script async src=\"https:\/\/platform.twitter.com\/widgets.js\" charset=\"utf-8\"><\/script>\n<\/div><\/figure>\n\n\n\n<p>&#8220;No es un asunto personal, estos son derechos del pueblo de M\u00e9xico y as\u00ed deben de tratarse y por eso es muy estricta Ariadna en eso de que nadie est\u00e9 pidiendo o agenci\u00e1ndose de manera personal un programa&#8221;, afirm\u00f3 Sheinbaum<\/p>\n\n\n\n<p>La presidenta enfatiz\u00f3 que si un diputado, durante sus trabajos en territorio,&nbsp;se entera de que alg\u00fan adulto mayor no tiene pensi\u00f3n, se puede acercar a trav\u00e9s de diferentes mecanismos de la Secretar\u00eda del Bienestar para&nbsp;<strong>reportarlo<\/strong>.&nbsp;<\/p>\n\n\n\n<p>Sin embargo, Claudia Sheinbaum enfatiz\u00f3 que su gobierno no tolerar\u00e1 que funcionarios p\u00fablicos, sin importar su partido pol\u00edtico, intente aprovecharse de los programas sociales para beneficiarse.&nbsp;<\/p>\n\n\n\n<p>&#8220;Lo que no hacemos nosotros es la gesti\u00f3n personal de diputados y diputadas, eso se termin\u00f3 porque los programas son universales y en el caso de no ser universal es casa por casa&#8221;, declar\u00f3.&nbsp;<\/p>\n\n\n\n<p>Sheinbaum tambi\u00e9n&nbsp;asegur\u00f3 que Morena debe de difundir su movimiento casa por casa y no a partir del<strong>&nbsp;control de un programa social<\/strong>&nbsp;porque &#8220;eso ya no existe&#8221;.&nbsp;<\/p>\n\n\n\n<p>La mandataria aprovech\u00f3 para asegurar que&nbsp;la secretaria &#8220;hace un excelente trabajo, es una mujer extraordinaria&#8221; y destac\u00f3 que no es f\u00e1cil coordinar a los servidores de la naci\u00f3n en todo el pa\u00eds.&nbsp;<\/p>\n\n\n\n<p>Ayer, martes, trascendi\u00f3 que durante la plenaria de&nbsp;Morena&nbsp;que se llev\u00f3 a cabo a<strong>&nbsp;puerta cerrada<\/strong>, varios legisladores ventilaron que hay superdelegados del Bienestar que han tratado de obligarlos a \u201cmeterse en temas ilegales\u201d.<\/p>\n\n\n\n<p>Como ejemplo est\u00e1 la diputada&nbsp;<strong>Irma<\/strong>&nbsp;<strong>Juan<\/strong>&nbsp;<strong>Carlos<\/strong>, quien afirm\u00f3 que cuando sale a territorio se convierten en gestores de sus electores porque \u201chay retrasos en la entrega de apoyos\u201d y exig\u00eda que hicieran su trabajo.<\/p>\n","protected":false},"excerpt":{"rendered":"<p>Por Redacci\u00f3n QP Este martes, trascendi\u00f3 que durante la plenaria de\u00a0Morena\u00a0que se llev\u00f3 a cabo&#8230;<\/p>\n","protected":false},"author":2,"featured_media":116069,"comment_status":"open","ping_status":"open","sticky":false,"template":"","format":"standard","meta":{"_monsterinsights_skip_tracking":false,"_monsterinsights_sitenote_active":false,"_monsterinsights_sitenote_note":"","_monsterinsights_sitenote_category":0,"footnotes":""},"categories":[280,2],"tags":[],"class_list":["post-116067","post","type-post","status-publish","format-standard","has-post-thumbnail","hentry","category-nacionales","category-noticias"],"yoast_head":"<!-- This site is optimized with the Yoast SEO plugin v27.3 - https:\/\/yoast.com\/product\/yoast-seo-wordpress\/ -->\n<title>Espaldarazo de Sheinbaum a Ariadna Montiel &quot;Hace un excelente trabajo&quot;, dice la presidenta ante las voces dentro de Morena que piden la salida de la secretaria del Bienestar. -<\/title>\n<meta name=\"robots\" content=\"index, follow, max-snippet:-1, max-image-preview:large, max-video-preview:-1\" \/>\n<link rel=\"canonical\" href=\"https:\/\/quehacerpolitico.mx\/?p=116067\" \/>\n<meta property=\"og:locale\" content=\"es_MX\" \/>\n<meta property=\"og:type\" content=\"article\" \/>\n<meta property=\"og:title\" content=\"Espaldarazo de Sheinbaum a Ariadna Montiel &quot;Hace un excelente trabajo&quot;, dice la presidenta ante las voces dentro de Morena que piden la salida de la secretaria del Bienestar. -\" \/>\n<meta property=\"og:description\" content=\"Por Redacci\u00f3n QP Este martes, trascendi\u00f3 que durante la plenaria de\u00a0Morena\u00a0que se llev\u00f3 a cabo...\" \/>\n<meta property=\"og:url\" content=\"https:\/\/quehacerpolitico.mx\/?p=116067\" \/>\n<meta property=\"article:published_time\" content=\"2025-04-23T19:24:24+00:00\" \/>\n<meta property=\"article:modified_time\" content=\"2025-04-23T19:24:26+00:00\" \/>\n<meta property=\"og:image\" content=\"https:\/\/quehacerpolitico.mx\/wp-content\/uploads\/2025\/04\/images-10.jpeg\" \/>\n\t<meta property=\"og:image:width\" content=\"739\" \/>\n\t<meta property=\"og:image:height\" content=\"415\" \/>\n\t<meta property=\"og:image:type\" content=\"image\/jpeg\" \/>\n<meta name=\"author\" content=\"Redacci\u00f3n QP\" \/>\n<meta name=\"twitter:card\" content=\"summary_large_image\" \/>\n<meta name=\"twitter:label1\" content=\"Escrito por\" \/>\n\t<meta name=\"twitter:data1\" content=\"Redacci\u00f3n QP\" \/>\n\t<meta name=\"twitter:label2\" content=\"Tiempo de lectura\" \/>\n\t<meta name=\"twitter:data2\" content=\"2 minutos\" \/>\n<script type=\"application\/ld+json\" class=\"yoast-schema-graph\">{\"@context\":\"https:\\\/\\\/schema.org\",\"@graph\":[{\"@type\":\"Article\",\"@id\":\"https:\\\/\\\/quehacerpolitico.mx\\\/?p=116067#article\",\"isPartOf\":{\"@id\":\"https:\\\/\\\/quehacerpolitico.mx\\\/?p=116067\"},\"author\":{\"name\":\"Redacci\u00f3n QP\",\"@id\":\"https:\\\/\\\/quehacerpolitico.mx\\\/#\\\/schema\\\/person\\\/496d8ad2d1d3f8036101dca7ee39e585\"},\"headline\":\"Espaldarazo de Sheinbaum a Ariadna Montiel &#8220;Hace un excelente trabajo&#8221;, dice la presidenta ante las voces dentro de Morena que piden la salida de la secretaria del Bienestar.\",\"datePublished\":\"2025-04-23T19:24:24+00:00\",\"dateModified\":\"2025-04-23T19:24:26+00:00\",\"mainEntityOfPage\":{\"@id\":\"https:\\\/\\\/quehacerpolitico.mx\\\/?p=116067\"},\"wordCount\":457,\"commentCount\":0,\"image\":{\"@id\":\"https:\\\/\\\/quehacerpolitico.mx\\\/?p=116067#primaryimage\"},\"thumbnailUrl\":\"https:\\\/\\\/quehacerpolitico.mx\\\/wp-content\\\/uploads\\\/2025\\\/04\\\/images-10.jpeg\",\"articleSection\":[\"Nacionales\",\"Noticias\"],\"inLanguage\":\"es\",\"potentialAction\":[{\"@type\":\"CommentAction\",\"name\":\"Comment\",\"target\":[\"https:\\\/\\\/quehacerpolitico.mx\\\/?p=116067#respond\"]}]},{\"@type\":\"WebPage\",\"@id\":\"https:\\\/\\\/quehacerpolitico.mx\\\/?p=116067\",\"url\":\"https:\\\/\\\/quehacerpolitico.mx\\\/?p=116067\",\"name\":\"Espaldarazo de Sheinbaum a Ariadna Montiel \\\"Hace un excelente trabajo\\\", dice la presidenta ante las voces dentro de Morena que piden la salida de la secretaria del Bienestar. -\",\"isPartOf\":{\"@id\":\"https:\\\/\\\/quehacerpolitico.mx\\\/#website\"},\"primaryImageOfPage\":{\"@id\":\"https:\\\/\\\/quehacerpolitico.mx\\\/?p=116067#primaryimage\"},\"image\":{\"@id\":\"https:\\\/\\\/quehacerpolitico.mx\\\/?p=116067#primaryimage\"},\"thumbnailUrl\":\"https:\\\/\\\/quehacerpolitico.mx\\\/wp-content\\\/uploads\\\/2025\\\/04\\\/images-10.jpeg\",\"datePublished\":\"2025-04-23T19:24:24+00:00\",\"dateModified\":\"2025-04-23T19:24:26+00:00\",\"author\":{\"@id\":\"https:\\\/\\\/quehacerpolitico.mx\\\/#\\\/schema\\\/person\\\/496d8ad2d1d3f8036101dca7ee39e585\"},\"breadcrumb\":{\"@id\":\"https:\\\/\\\/quehacerpolitico.mx\\\/?p=116067#breadcrumb\"},\"inLanguage\":\"es\",\"potentialAction\":[{\"@type\":\"ReadAction\",\"target\":[\"https:\\\/\\\/quehacerpolitico.mx\\\/?p=116067\"]}]},{\"@type\":\"ImageObject\",\"inLanguage\":\"es\",\"@id\":\"https:\\\/\\\/quehacerpolitico.mx\\\/?p=116067#primaryimage\",\"url\":\"https:\\\/\\\/quehacerpolitico.mx\\\/wp-content\\\/uploads\\\/2025\\\/04\\\/images-10.jpeg\",\"contentUrl\":\"https:\\\/\\\/quehacerpolitico.mx\\\/wp-content\\\/uploads\\\/2025\\\/04\\\/images-10.jpeg\",\"width\":739,\"height\":415},{\"@type\":\"BreadcrumbList\",\"@id\":\"https:\\\/\\\/quehacerpolitico.mx\\\/?p=116067#breadcrumb\",\"itemListElement\":[{\"@type\":\"ListItem\",\"position\":1,\"name\":\"Inicio\",\"item\":\"https:\\\/\\\/quehacerpolitico.mx\\\/\"},{\"@type\":\"ListItem\",\"position\":2,\"name\":\"Espaldarazo de Sheinbaum a Ariadna Montiel &#8220;Hace un excelente trabajo&#8221;, dice la presidenta ante las voces dentro de Morena que piden la salida de la secretaria del Bienestar.\"}]},{\"@type\":\"WebSite\",\"@id\":\"https:\\\/\\\/quehacerpolitico.mx\\\/#website\",\"url\":\"https:\\\/\\\/quehacerpolitico.mx\\\/\",\"name\":\"\",\"description\":\"\",\"potentialAction\":[{\"@type\":\"SearchAction\",\"target\":{\"@type\":\"EntryPoint\",\"urlTemplate\":\"https:\\\/\\\/quehacerpolitico.mx\\\/?s={search_term_string}\"},\"query-input\":{\"@type\":\"PropertyValueSpecification\",\"valueRequired\":true,\"valueName\":\"search_term_string\"}}],\"inLanguage\":\"es\"},{\"@type\":\"Person\",\"@id\":\"https:\\\/\\\/quehacerpolitico.mx\\\/#\\\/schema\\\/person\\\/496d8ad2d1d3f8036101dca7ee39e585\",\"name\":\"Redacci\u00f3n QP\",\"image\":{\"@type\":\"ImageObject\",\"inLanguage\":\"es\",\"@id\":\"https:\\\/\\\/secure.gravatar.com\\\/avatar\\\/c7164ed6fdec453195284ad24a5ae5b6e1eed2b848477fa2a4787ba9adf39a41?s=96&d=mm&r=g\",\"url\":\"https:\\\/\\\/secure.gravatar.com\\\/avatar\\\/c7164ed6fdec453195284ad24a5ae5b6e1eed2b848477fa2a4787ba9adf39a41?s=96&d=mm&r=g\",\"contentUrl\":\"https:\\\/\\\/secure.gravatar.com\\\/avatar\\\/c7164ed6fdec453195284ad24a5ae5b6e1eed2b848477fa2a4787ba9adf39a41?s=96&d=mm&r=g\",\"caption\":\"Redacci\u00f3n QP\"},\"url\":\"https:\\\/\\\/quehacerpolitico.mx\\\/?author=2\"}]}<\/script>\n<!-- \/ Yoast SEO plugin. -->","yoast_head_json":{"title":"Espaldarazo de Sheinbaum a Ariadna Montiel \"Hace un excelente trabajo\", dice la presidenta ante las voces dentro de Morena que piden la salida de la secretaria del Bienestar. -","robots":{"index":"index","follow":"follow","max-snippet":"max-snippet:-1","max-image-preview":"max-image-preview:large","max-video-preview":"max-video-preview:-1"},"canonical":"https:\/\/quehacerpolitico.mx\/?p=116067","og_locale":"es_MX","og_type":"article","og_title":"Espaldarazo de Sheinbaum a Ariadna Montiel \"Hace un excelente trabajo\", dice la presidenta ante las voces dentro de Morena que piden la salida de la secretaria del Bienestar. -","og_description":"Por Redacci\u00f3n QP Este martes, trascendi\u00f3 que durante la plenaria de\u00a0Morena\u00a0que se llev\u00f3 a cabo...","og_url":"https:\/\/quehacerpolitico.mx\/?p=116067","article_published_time":"2025-04-23T19:24:24+00:00","article_modified_time":"2025-04-23T19:24:26+00:00","og_image":[{"width":739,"height":415,"url":"https:\/\/quehacerpolitico.mx\/wp-content\/uploads\/2025\/04\/images-10.jpeg","type":"image\/jpeg"}],"author":"Redacci\u00f3n QP","twitter_card":"summary_large_image","twitter_misc":{"Escrito por":"Redacci\u00f3n QP","Tiempo de lectura":"2 minutos"},"schema":{"@context":"https:\/\/schema.org","@graph":[{"@type":"Article","@id":"https:\/\/quehacerpolitico.mx\/?p=116067#article","isPartOf":{"@id":"https:\/\/quehacerpolitico.mx\/?p=116067"},"author":{"name":"Redacci\u00f3n QP","@id":"https:\/\/quehacerpolitico.mx\/#\/schema\/person\/496d8ad2d1d3f8036101dca7ee39e585"},"headline":"Espaldarazo de Sheinbaum a Ariadna Montiel &#8220;Hace un excelente trabajo&#8221;, dice la presidenta ante las voces dentro de Morena que piden la salida de la secretaria del Bienestar.","datePublished":"2025-04-23T19:24:24+00:00","dateModified":"2025-04-23T19:24:26+00:00","mainEntityOfPage":{"@id":"https:\/\/quehacerpolitico.mx\/?p=116067"},"wordCount":457,"commentCount":0,"image":{"@id":"https:\/\/quehacerpolitico.mx\/?p=116067#primaryimage"},"thumbnailUrl":"https:\/\/quehacerpolitico.mx\/wp-content\/uploads\/2025\/04\/images-10.jpeg","articleSection":["Nacionales","Noticias"],"inLanguage":"es","potentialAction":[{"@type":"CommentAction","name":"Comment","target":["https:\/\/quehacerpolitico.mx\/?p=116067#respond"]}]},{"@type":"WebPage","@id":"https:\/\/quehacerpolitico.mx\/?p=116067","url":"https:\/\/quehacerpolitico.mx\/?p=116067","name":"Espaldarazo de Sheinbaum a Ariadna Montiel \"Hace un excelente trabajo\", dice la presidenta ante las voces dentro de Morena que piden la salida de la secretaria del Bienestar. -","isPartOf":{"@id":"https:\/\/quehacerpolitico.mx\/#website"},"primaryImageOfPage":{"@id":"https:\/\/quehacerpolitico.mx\/?p=116067#primaryimage"},"image":{"@id":"https:\/\/quehacerpolitico.mx\/?p=116067#primaryimage"},"thumbnailUrl":"https:\/\/quehacerpolitico.mx\/wp-content\/uploads\/2025\/04\/images-10.jpeg","datePublished":"2025-04-23T19:24:24+00:00","dateModified":"2025-04-23T19:24:26+00:00","author":{"@id":"https:\/\/quehacerpolitico.mx\/#\/schema\/person\/496d8ad2d1d3f8036101dca7ee39e585"},"breadcrumb":{"@id":"https:\/\/quehacerpolitico.mx\/?p=116067#breadcrumb"},"inLanguage":"es","potentialAction":[{"@type":"ReadAction","target":["https:\/\/quehacerpolitico.mx\/?p=116067"]}]},{"@type":"ImageObject","inLanguage":"es","@id":"https:\/\/quehacerpolitico.mx\/?p=116067#primaryimage","url":"https:\/\/quehacerpolitico.mx\/wp-content\/uploads\/2025\/04\/images-10.jpeg","contentUrl":"https:\/\/quehacerpolitico.mx\/wp-content\/uploads\/2025\/04\/images-10.jpeg","width":739,"height":415},{"@type":"BreadcrumbList","@id":"https:\/\/quehacerpolitico.mx\/?p=116067#breadcrumb","itemListElement":[{"@type":"ListItem","position":1,"name":"Inicio","item":"https:\/\/quehacerpolitico.mx\/"},{"@type":"ListItem","position":2,"name":"Espaldarazo de Sheinbaum a Ariadna Montiel &#8220;Hace un excelente trabajo&#8221;, dice la presidenta ante las voces dentro de Morena que piden la salida de la secretaria del Bienestar."}]},{"@type":"WebSite","@id":"https:\/\/quehacerpolitico.mx\/#website","url":"https:\/\/quehacerpolitico.mx\/","name":"","description":"","potentialAction":[{"@type":"SearchAction","target":{"@type":"EntryPoint","urlTemplate":"https:\/\/quehacerpolitico.mx\/?s={search_term_string}"},"query-input":{"@type":"PropertyValueSpecification","valueRequired":true,"valueName":"search_term_string"}}],"inLanguage":"es"},{"@type":"Person","@id":"https:\/\/quehacerpolitico.mx\/#\/schema\/person\/496d8ad2d1d3f8036101dca7ee39e585","name":"Redacci\u00f3n QP","image":{"@type":"ImageObject","inLanguage":"es","@id":"https:\/\/secure.gravatar.com\/avatar\/c7164ed6fdec453195284ad24a5ae5b6e1eed2b848477fa2a4787ba9adf39a41?s=96&d=mm&r=g","url":"https:\/\/secure.gravatar.com\/avatar\/c7164ed6fdec453195284ad24a5ae5b6e1eed2b848477fa2a4787ba9adf39a41?s=96&d=mm&r=g","contentUrl":"https:\/\/secure.gravatar.com\/avatar\/c7164ed6fdec453195284ad24a5ae5b6e1eed2b848477fa2a4787ba9adf39a41?s=96&d=mm&r=g","caption":"Redacci\u00f3n QP"},"url":"https:\/\/quehacerpolitico.mx\/?author=2"}]}},"featured_image_urls":{"full":["https:\/\/quehacerpolitico.mx\/wp-content\/uploads\/2025\/04\/images-10.jpeg",739,415,false],"thumbnail":["https:\/\/quehacerpolitico.mx\/wp-content\/uploads\/2025\/04\/images-10-150x150.jpeg",150,150,true],"medium":["https:\/\/quehacerpolitico.mx\/wp-content\/uploads\/2025\/04\/images-10-300x168.jpeg",300,168,true],"medium_large":["https:\/\/quehacerpolitico.mx\/wp-content\/uploads\/2025\/04\/images-10.jpeg",640,359,false],"large":["https:\/\/quehacerpolitico.mx\/wp-content\/uploads\/2025\/04\/images-10.jpeg",640,359,false],"1536x1536":["https:\/\/quehacerpolitico.mx\/wp-content\/uploads\/2025\/04\/images-10.jpeg",739,415,false],"2048x2048":["https:\/\/quehacerpolitico.mx\/wp-content\/uploads\/2025\/04\/images-10.jpeg",739,415,false],"covernews-featured":["https:\/\/quehacerpolitico.mx\/wp-content\/uploads\/2025\/04\/images-10.jpeg",739,415,false],"covernews-medium":["https:\/\/quehacerpolitico.mx\/wp-content\/uploads\/2025\/04\/images-10-540x340.jpeg",540,340,true]},"author_info":{"display_name":"Redacci\u00f3n QP","author_link":"https:\/\/quehacerpolitico.mx\/?author=2"},"category_info":"<a href=\"https:\/\/quehacerpolitico.mx\/?cat=280\" rel=\"category\">Nacionales<\/a> <a href=\"https:\/\/quehacerpolitico.mx\/?cat=2\" rel=\"category\">Noticias<\/a>","tag_info":"Noticias","comment_count":"0","_links":{"self":[{"href":"https:\/\/quehacerpolitico.mx\/index.php?rest_route=\/wp\/v2\/posts\/116067","targetHints":{"allow":["GET"]}}],"collection":[{"href":"https:\/\/quehacerpolitico.mx\/index.php?rest_route=\/wp\/v2\/posts"}],"about":[{"href":"https:\/\/quehacerpolitico.mx\/index.php?rest_route=\/wp\/v2\/types\/post"}],"author":[{"embeddable":true,"href":"https:\/\/quehacerpolitico.mx\/index.php?rest_route=\/wp\/v2\/users\/2"}],"replies":[{"embeddable":true,"href":"https:\/\/quehacerpolitico.mx\/index.php?rest_route=%2Fwp%2Fv2%2Fcomments&post=116067"}],"version-history":[{"count":1,"href":"https:\/\/quehacerpolitico.mx\/index.php?rest_route=\/wp\/v2\/posts\/116067\/revisions"}],"predecessor-version":[{"id":116070,"href":"https:\/\/quehacerpolitico.mx\/index.php?rest_route=\/wp\/v2\/posts\/116067\/revisions\/116070"}],"wp:featuredmedia":[{"embeddable":true,"href":"https:\/\/quehacerpolitico.mx\/index.php?rest_route=\/wp\/v2\/media\/116069"}],"wp:attachment":[{"href":"https:\/\/quehacerpolitico.mx\/index.php?rest_route=%2Fwp%2Fv2%2Fmedia&parent=116067"}],"wp:term":[{"taxonomy":"category","embeddable":true,"href":"https:\/\/quehacerpolitico.mx\/index.php?rest_route=%2Fwp%2Fv2%2Fcategories&post=116067"},{"taxonomy":"post_tag","embeddable":true,"href":"https:\/\/quehacerpolitico.mx\/index.php?rest_route=%2Fwp%2Fv2%2Ftags&post=116067"}],"curies":[{"name":"wp","href":"https:\/\/api.w.org\/{rel}","templated":true}]}}