{"id":116037,"date":"2025-04-22T12:56:51","date_gmt":"2025-04-22T18:56:51","guid":{"rendered":"https:\/\/quehacerpolitico.mx\/?p=116037"},"modified":"2025-04-22T12:56:54","modified_gmt":"2025-04-22T18:56:54","slug":"en-seis-meses-se-han-asegurado-144-toneladas-de-droga-garcia-harfuch","status":"publish","type":"post","link":"https:\/\/quehacerpolitico.mx\/?p=116037","title":{"rendered":"En seis meses se han asegurado 144 toneladas de droga: Garc\u00eda Harfuch"},"content":{"rendered":"\n<p>Por Redacci\u00f3n QP<\/p>\n\n\n\n<p>Omar Garc\u00eda Harfuch inform\u00f3 los resultados del Gabinete de Seguridad tras el primer semestre de la Presidenta Sheinbaum<\/p>\n\n\n\n<p>En la conferencia ma\u00f1anera de la&nbsp;<strong>Presidenta Claudia Sheinbaum<\/strong>, el<strong>&nbsp;secretario de Seguridad y Protecci\u00f3n Ciudadana, Omar Garc\u00eda Harfuch<\/strong>, inform\u00f3 los resultados en&nbsp;<strong>materia de seguridad<\/strong>&nbsp;del primer semestre de la Mandataria.&nbsp;<\/p>\n\n\n\n<p><strong>Harfuch&nbsp;<\/strong>inform\u00f3 que del&nbsp;<strong>1 de octubre del 2024 al 20 de abril de 2025<\/strong>, se han<strong>&nbsp;asegurado 144 toneladas de droga<\/strong>, incluyendo cerca de<strong>&nbsp;1.5 toneladas y m\u00e1s de 2 millones de pastillas de fentanilo<\/strong>&nbsp;por lo que se ha evitado &#8220;que estas sustancias nocivas afecten la salud de miles de j\u00f3venes&#8221;.<\/p>\n\n\n\n<figure class=\"wp-block-embed is-type-rich is-provider-twitter wp-block-embed-twitter\"><div class=\"wp-block-embed__wrapper\">\n<blockquote class=\"twitter-tweet\" data-width=\"550\" data-dnt=\"true\"><p lang=\"es\" dir=\"ltr\">El secretario <a href=\"https:\/\/twitter.com\/OHarfuch?ref_src=twsrc%5Etfw\">@OHarfuch<\/a> presenta avances en seguridad:<br><br>*18,712 personas detenidas por delitos de alto impacto <br>*144 toneladas de droga decomisadas<br>*839 narcolaboratorios destruidos<br>*9,600 armas aseguradas <a href=\"https:\/\/t.co\/1eLQ79I4MW\">pic.twitter.com\/1eLQ79I4MW<\/a><\/p>&mdash; Manuel Lopez San Martin (@MLopezSanMartin) <a href=\"https:\/\/twitter.com\/MLopezSanMartin\/status\/1914693173181374682?ref_src=twsrc%5Etfw\">April 22, 2025<\/a><\/blockquote><script async src=\"https:\/\/platform.twitter.com\/widgets.js\" charset=\"utf-8\"><\/script>\n<\/div><\/figure>\n\n\n\n<p>Destac\u00f3 que&nbsp;<strong>han sido detenidas 18 mil 712 personas por delitos de alto impacto<\/strong>, y se han&nbsp;<strong>decomisado m\u00e1s de 9 mil 600 armas de fuego<\/strong>&nbsp;en 17 estados de la Rep\u00fablica, el Ej\u00e9rcito y la Marina han destruido 839, laboratorios clandestinos y \u00e1reas de concentraci\u00f3n para la elaboraci\u00f3n de metanfetaminas, &#8220;lo cual representa una cifra sin precedentes&#8221;.<\/p>\n\n\n\n<p>&#8220;En estas acciones&nbsp;<strong>se han asegurado m\u00e1s de 1 mill\u00f3n de litros y m\u00e1s de 200 toneladas de sustancias qu\u00edmica<\/strong>s. La destrucci\u00f3n de estos 839 laboratorios por parte del Ej\u00e9rcito y la Marina, representa&nbsp;<strong>cientos de millones de pesos que no llegar\u00e1n a las organizaciones criminales<\/strong>. Estos recursos les ayudan a fortalecerse, a comprar m\u00e1s armas y a reclutar m\u00e1s j\u00f3venes, as\u00ed como millones de dosis de drogas que no estar\u00e1n ya en las calles&#8221;, asegur\u00f3 el secretario de Seguridad.<\/p>\n\n\n\n<h2 class=\"wp-block-heading\">Suboficial pierde la vida en ataque armado<\/h2>\n\n\n\n<p><strong>Omar Garc\u00eda Harfuch<\/strong>&nbsp;inform\u00f3 que ayer en el municipio de&nbsp;<strong>Le\u00f3n de Aldama del estado de Guanajuato,<\/strong>&nbsp;compa\u00f1eros de la subsecretar\u00eda de<strong>&nbsp;Investigaci\u00f3n de esta Secretar\u00eda de Seguridad<\/strong>&nbsp;fueron agredidos por sujetos armados; tras estos hechos, el suboficial perdi\u00f3 la vida.<\/p>\n\n\n\n<p>&#8220;En la Secretar\u00eda de seguridad,&nbsp;<strong>lamentamos profundamente la p\u00e9rdida de nuestro compa\u00f1ero<\/strong>, quien represent\u00f3 con honor el valor y el compromiso de servir a nuestra naci\u00f3n, nuestra sentidas, condolencias a su familia, la muerte de nuestro compa\u00f1ero no quedar\u00e1 impune&#8221;.<\/p>\n\n\n\n<p>Dijo que ya&nbsp;<strong>hay dos detenidos por estos lamentables hechos<\/strong>&nbsp;y faltan personas por detener; &#8220;nuestro m\u00e1s sentido p\u00e9same a las familias y que sepan que recibir el apoyo institucional&#8221;.<\/p>\n\n\n\n<p>Con informaci\u00f3n de SUN<\/p>\n","protected":false},"excerpt":{"rendered":"<p>Por Redacci\u00f3n QP Omar Garc\u00eda Harfuch inform\u00f3 los resultados del Gabinete de Seguridad tras el&#8230;<\/p>\n","protected":false},"author":2,"featured_media":116039,"comment_status":"open","ping_status":"open","sticky":false,"template":"","format":"standard","meta":{"_monsterinsights_skip_tracking":false,"_monsterinsights_sitenote_active":false,"_monsterinsights_sitenote_note":"","_monsterinsights_sitenote_category":0,"footnotes":""},"categories":[280,2],"tags":[],"class_list":["post-116037","post","type-post","status-publish","format-standard","has-post-thumbnail","hentry","category-nacionales","category-noticias"],"yoast_head":"<!-- This site is optimized with the Yoast SEO plugin v27.3 - https:\/\/yoast.com\/product\/yoast-seo-wordpress\/ -->\n<title>En seis meses se han asegurado 144 toneladas de droga: Garc\u00eda Harfuch -<\/title>\n<meta name=\"robots\" content=\"index, follow, max-snippet:-1, max-image-preview:large, max-video-preview:-1\" \/>\n<link rel=\"canonical\" href=\"https:\/\/quehacerpolitico.mx\/?p=116037\" \/>\n<meta property=\"og:locale\" content=\"es_MX\" \/>\n<meta property=\"og:type\" content=\"article\" \/>\n<meta property=\"og:title\" content=\"En seis meses se han asegurado 144 toneladas de droga: Garc\u00eda Harfuch -\" \/>\n<meta property=\"og:description\" content=\"Por Redacci\u00f3n QP Omar Garc\u00eda Harfuch inform\u00f3 los resultados del Gabinete de Seguridad tras el...\" \/>\n<meta property=\"og:url\" content=\"https:\/\/quehacerpolitico.mx\/?p=116037\" \/>\n<meta property=\"article:published_time\" content=\"2025-04-22T18:56:51+00:00\" \/>\n<meta property=\"article:modified_time\" content=\"2025-04-22T18:56:54+00:00\" \/>\n<meta property=\"og:image\" content=\"https:\/\/quehacerpolitico.mx\/wp-content\/uploads\/2025\/04\/Screenshot_20250422-1254372.png\" \/>\n\t<meta property=\"og:image:width\" content=\"720\" \/>\n\t<meta property=\"og:image:height\" content=\"406\" \/>\n\t<meta property=\"og:image:type\" content=\"image\/png\" \/>\n<meta name=\"author\" content=\"Redacci\u00f3n QP\" \/>\n<meta name=\"twitter:card\" content=\"summary_large_image\" \/>\n<meta name=\"twitter:label1\" content=\"Escrito por\" \/>\n\t<meta name=\"twitter:data1\" content=\"Redacci\u00f3n QP\" \/>\n\t<meta name=\"twitter:label2\" content=\"Tiempo de lectura\" \/>\n\t<meta name=\"twitter:data2\" content=\"2 minutos\" \/>\n<script type=\"application\/ld+json\" class=\"yoast-schema-graph\">{\"@context\":\"https:\\\/\\\/schema.org\",\"@graph\":[{\"@type\":\"Article\",\"@id\":\"https:\\\/\\\/quehacerpolitico.mx\\\/?p=116037#article\",\"isPartOf\":{\"@id\":\"https:\\\/\\\/quehacerpolitico.mx\\\/?p=116037\"},\"author\":{\"name\":\"Redacci\u00f3n QP\",\"@id\":\"https:\\\/\\\/quehacerpolitico.mx\\\/#\\\/schema\\\/person\\\/496d8ad2d1d3f8036101dca7ee39e585\"},\"headline\":\"En seis meses se han asegurado 144 toneladas de droga: Garc\u00eda Harfuch\",\"datePublished\":\"2025-04-22T18:56:51+00:00\",\"dateModified\":\"2025-04-22T18:56:54+00:00\",\"mainEntityOfPage\":{\"@id\":\"https:\\\/\\\/quehacerpolitico.mx\\\/?p=116037\"},\"wordCount\":433,\"commentCount\":0,\"image\":{\"@id\":\"https:\\\/\\\/quehacerpolitico.mx\\\/?p=116037#primaryimage\"},\"thumbnailUrl\":\"https:\\\/\\\/quehacerpolitico.mx\\\/wp-content\\\/uploads\\\/2025\\\/04\\\/Screenshot_20250422-1254372.png\",\"articleSection\":[\"Nacionales\",\"Noticias\"],\"inLanguage\":\"es\",\"potentialAction\":[{\"@type\":\"CommentAction\",\"name\":\"Comment\",\"target\":[\"https:\\\/\\\/quehacerpolitico.mx\\\/?p=116037#respond\"]}]},{\"@type\":\"WebPage\",\"@id\":\"https:\\\/\\\/quehacerpolitico.mx\\\/?p=116037\",\"url\":\"https:\\\/\\\/quehacerpolitico.mx\\\/?p=116037\",\"name\":\"En seis meses se han asegurado 144 toneladas de droga: Garc\u00eda Harfuch -\",\"isPartOf\":{\"@id\":\"https:\\\/\\\/quehacerpolitico.mx\\\/#website\"},\"primaryImageOfPage\":{\"@id\":\"https:\\\/\\\/quehacerpolitico.mx\\\/?p=116037#primaryimage\"},\"image\":{\"@id\":\"https:\\\/\\\/quehacerpolitico.mx\\\/?p=116037#primaryimage\"},\"thumbnailUrl\":\"https:\\\/\\\/quehacerpolitico.mx\\\/wp-content\\\/uploads\\\/2025\\\/04\\\/Screenshot_20250422-1254372.png\",\"datePublished\":\"2025-04-22T18:56:51+00:00\",\"dateModified\":\"2025-04-22T18:56:54+00:00\",\"author\":{\"@id\":\"https:\\\/\\\/quehacerpolitico.mx\\\/#\\\/schema\\\/person\\\/496d8ad2d1d3f8036101dca7ee39e585\"},\"breadcrumb\":{\"@id\":\"https:\\\/\\\/quehacerpolitico.mx\\\/?p=116037#breadcrumb\"},\"inLanguage\":\"es\",\"potentialAction\":[{\"@type\":\"ReadAction\",\"target\":[\"https:\\\/\\\/quehacerpolitico.mx\\\/?p=116037\"]}]},{\"@type\":\"ImageObject\",\"inLanguage\":\"es\",\"@id\":\"https:\\\/\\\/quehacerpolitico.mx\\\/?p=116037#primaryimage\",\"url\":\"https:\\\/\\\/quehacerpolitico.mx\\\/wp-content\\\/uploads\\\/2025\\\/04\\\/Screenshot_20250422-1254372.png\",\"contentUrl\":\"https:\\\/\\\/quehacerpolitico.mx\\\/wp-content\\\/uploads\\\/2025\\\/04\\\/Screenshot_20250422-1254372.png\",\"width\":720,\"height\":406},{\"@type\":\"BreadcrumbList\",\"@id\":\"https:\\\/\\\/quehacerpolitico.mx\\\/?p=116037#breadcrumb\",\"itemListElement\":[{\"@type\":\"ListItem\",\"position\":1,\"name\":\"Inicio\",\"item\":\"https:\\\/\\\/quehacerpolitico.mx\\\/\"},{\"@type\":\"ListItem\",\"position\":2,\"name\":\"En seis meses se han asegurado 144 toneladas de droga: Garc\u00eda Harfuch\"}]},{\"@type\":\"WebSite\",\"@id\":\"https:\\\/\\\/quehacerpolitico.mx\\\/#website\",\"url\":\"https:\\\/\\\/quehacerpolitico.mx\\\/\",\"name\":\"\",\"description\":\"\",\"potentialAction\":[{\"@type\":\"SearchAction\",\"target\":{\"@type\":\"EntryPoint\",\"urlTemplate\":\"https:\\\/\\\/quehacerpolitico.mx\\\/?s={search_term_string}\"},\"query-input\":{\"@type\":\"PropertyValueSpecification\",\"valueRequired\":true,\"valueName\":\"search_term_string\"}}],\"inLanguage\":\"es\"},{\"@type\":\"Person\",\"@id\":\"https:\\\/\\\/quehacerpolitico.mx\\\/#\\\/schema\\\/person\\\/496d8ad2d1d3f8036101dca7ee39e585\",\"name\":\"Redacci\u00f3n QP\",\"image\":{\"@type\":\"ImageObject\",\"inLanguage\":\"es\",\"@id\":\"https:\\\/\\\/secure.gravatar.com\\\/avatar\\\/c7164ed6fdec453195284ad24a5ae5b6e1eed2b848477fa2a4787ba9adf39a41?s=96&d=mm&r=g\",\"url\":\"https:\\\/\\\/secure.gravatar.com\\\/avatar\\\/c7164ed6fdec453195284ad24a5ae5b6e1eed2b848477fa2a4787ba9adf39a41?s=96&d=mm&r=g\",\"contentUrl\":\"https:\\\/\\\/secure.gravatar.com\\\/avatar\\\/c7164ed6fdec453195284ad24a5ae5b6e1eed2b848477fa2a4787ba9adf39a41?s=96&d=mm&r=g\",\"caption\":\"Redacci\u00f3n QP\"},\"url\":\"https:\\\/\\\/quehacerpolitico.mx\\\/?author=2\"}]}<\/script>\n<!-- \/ Yoast SEO plugin. -->","yoast_head_json":{"title":"En seis meses se han asegurado 144 toneladas de droga: Garc\u00eda Harfuch -","robots":{"index":"index","follow":"follow","max-snippet":"max-snippet:-1","max-image-preview":"max-image-preview:large","max-video-preview":"max-video-preview:-1"},"canonical":"https:\/\/quehacerpolitico.mx\/?p=116037","og_locale":"es_MX","og_type":"article","og_title":"En seis meses se han asegurado 144 toneladas de droga: Garc\u00eda Harfuch -","og_description":"Por Redacci\u00f3n QP Omar Garc\u00eda Harfuch inform\u00f3 los resultados del Gabinete de Seguridad tras el...","og_url":"https:\/\/quehacerpolitico.mx\/?p=116037","article_published_time":"2025-04-22T18:56:51+00:00","article_modified_time":"2025-04-22T18:56:54+00:00","og_image":[{"width":720,"height":406,"url":"https:\/\/quehacerpolitico.mx\/wp-content\/uploads\/2025\/04\/Screenshot_20250422-1254372.png","type":"image\/png"}],"author":"Redacci\u00f3n QP","twitter_card":"summary_large_image","twitter_misc":{"Escrito por":"Redacci\u00f3n QP","Tiempo de lectura":"2 minutos"},"schema":{"@context":"https:\/\/schema.org","@graph":[{"@type":"Article","@id":"https:\/\/quehacerpolitico.mx\/?p=116037#article","isPartOf":{"@id":"https:\/\/quehacerpolitico.mx\/?p=116037"},"author":{"name":"Redacci\u00f3n QP","@id":"https:\/\/quehacerpolitico.mx\/#\/schema\/person\/496d8ad2d1d3f8036101dca7ee39e585"},"headline":"En seis meses se han asegurado 144 toneladas de droga: Garc\u00eda Harfuch","datePublished":"2025-04-22T18:56:51+00:00","dateModified":"2025-04-22T18:56:54+00:00","mainEntityOfPage":{"@id":"https:\/\/quehacerpolitico.mx\/?p=116037"},"wordCount":433,"commentCount":0,"image":{"@id":"https:\/\/quehacerpolitico.mx\/?p=116037#primaryimage"},"thumbnailUrl":"https:\/\/quehacerpolitico.mx\/wp-content\/uploads\/2025\/04\/Screenshot_20250422-1254372.png","articleSection":["Nacionales","Noticias"],"inLanguage":"es","potentialAction":[{"@type":"CommentAction","name":"Comment","target":["https:\/\/quehacerpolitico.mx\/?p=116037#respond"]}]},{"@type":"WebPage","@id":"https:\/\/quehacerpolitico.mx\/?p=116037","url":"https:\/\/quehacerpolitico.mx\/?p=116037","name":"En seis meses se han asegurado 144 toneladas de droga: Garc\u00eda Harfuch -","isPartOf":{"@id":"https:\/\/quehacerpolitico.mx\/#website"},"primaryImageOfPage":{"@id":"https:\/\/quehacerpolitico.mx\/?p=116037#primaryimage"},"image":{"@id":"https:\/\/quehacerpolitico.mx\/?p=116037#primaryimage"},"thumbnailUrl":"https:\/\/quehacerpolitico.mx\/wp-content\/uploads\/2025\/04\/Screenshot_20250422-1254372.png","datePublished":"2025-04-22T18:56:51+00:00","dateModified":"2025-04-22T18:56:54+00:00","author":{"@id":"https:\/\/quehacerpolitico.mx\/#\/schema\/person\/496d8ad2d1d3f8036101dca7ee39e585"},"breadcrumb":{"@id":"https:\/\/quehacerpolitico.mx\/?p=116037#breadcrumb"},"inLanguage":"es","potentialAction":[{"@type":"ReadAction","target":["https:\/\/quehacerpolitico.mx\/?p=116037"]}]},{"@type":"ImageObject","inLanguage":"es","@id":"https:\/\/quehacerpolitico.mx\/?p=116037#primaryimage","url":"https:\/\/quehacerpolitico.mx\/wp-content\/uploads\/2025\/04\/Screenshot_20250422-1254372.png","contentUrl":"https:\/\/quehacerpolitico.mx\/wp-content\/uploads\/2025\/04\/Screenshot_20250422-1254372.png","width":720,"height":406},{"@type":"BreadcrumbList","@id":"https:\/\/quehacerpolitico.mx\/?p=116037#breadcrumb","itemListElement":[{"@type":"ListItem","position":1,"name":"Inicio","item":"https:\/\/quehacerpolitico.mx\/"},{"@type":"ListItem","position":2,"name":"En seis meses se han asegurado 144 toneladas de droga: Garc\u00eda Harfuch"}]},{"@type":"WebSite","@id":"https:\/\/quehacerpolitico.mx\/#website","url":"https:\/\/quehacerpolitico.mx\/","name":"","description":"","potentialAction":[{"@type":"SearchAction","target":{"@type":"EntryPoint","urlTemplate":"https:\/\/quehacerpolitico.mx\/?s={search_term_string}"},"query-input":{"@type":"PropertyValueSpecification","valueRequired":true,"valueName":"search_term_string"}}],"inLanguage":"es"},{"@type":"Person","@id":"https:\/\/quehacerpolitico.mx\/#\/schema\/person\/496d8ad2d1d3f8036101dca7ee39e585","name":"Redacci\u00f3n QP","image":{"@type":"ImageObject","inLanguage":"es","@id":"https:\/\/secure.gravatar.com\/avatar\/c7164ed6fdec453195284ad24a5ae5b6e1eed2b848477fa2a4787ba9adf39a41?s=96&d=mm&r=g","url":"https:\/\/secure.gravatar.com\/avatar\/c7164ed6fdec453195284ad24a5ae5b6e1eed2b848477fa2a4787ba9adf39a41?s=96&d=mm&r=g","contentUrl":"https:\/\/secure.gravatar.com\/avatar\/c7164ed6fdec453195284ad24a5ae5b6e1eed2b848477fa2a4787ba9adf39a41?s=96&d=mm&r=g","caption":"Redacci\u00f3n QP"},"url":"https:\/\/quehacerpolitico.mx\/?author=2"}]}},"featured_image_urls":{"full":["https:\/\/quehacerpolitico.mx\/wp-content\/uploads\/2025\/04\/Screenshot_20250422-1254372.png",720,406,false],"thumbnail":["https:\/\/quehacerpolitico.mx\/wp-content\/uploads\/2025\/04\/Screenshot_20250422-1254372-150x150.png",150,150,true],"medium":["https:\/\/quehacerpolitico.mx\/wp-content\/uploads\/2025\/04\/Screenshot_20250422-1254372-300x169.png",300,169,true],"medium_large":["https:\/\/quehacerpolitico.mx\/wp-content\/uploads\/2025\/04\/Screenshot_20250422-1254372.png",640,361,false],"large":["https:\/\/quehacerpolitico.mx\/wp-content\/uploads\/2025\/04\/Screenshot_20250422-1254372.png",640,361,false],"1536x1536":["https:\/\/quehacerpolitico.mx\/wp-content\/uploads\/2025\/04\/Screenshot_20250422-1254372.png",720,406,false],"2048x2048":["https:\/\/quehacerpolitico.mx\/wp-content\/uploads\/2025\/04\/Screenshot_20250422-1254372.png",720,406,false],"covernews-featured":["https:\/\/quehacerpolitico.mx\/wp-content\/uploads\/2025\/04\/Screenshot_20250422-1254372.png",720,406,false],"covernews-medium":["https:\/\/quehacerpolitico.mx\/wp-content\/uploads\/2025\/04\/Screenshot_20250422-1254372-540x340.png",540,340,true]},"author_info":{"display_name":"Redacci\u00f3n QP","author_link":"https:\/\/quehacerpolitico.mx\/?author=2"},"category_info":"<a href=\"https:\/\/quehacerpolitico.mx\/?cat=280\" rel=\"category\">Nacionales<\/a> <a href=\"https:\/\/quehacerpolitico.mx\/?cat=2\" rel=\"category\">Noticias<\/a>","tag_info":"Noticias","comment_count":"0","_links":{"self":[{"href":"https:\/\/quehacerpolitico.mx\/index.php?rest_route=\/wp\/v2\/posts\/116037","targetHints":{"allow":["GET"]}}],"collection":[{"href":"https:\/\/quehacerpolitico.mx\/index.php?rest_route=\/wp\/v2\/posts"}],"about":[{"href":"https:\/\/quehacerpolitico.mx\/index.php?rest_route=\/wp\/v2\/types\/post"}],"author":[{"embeddable":true,"href":"https:\/\/quehacerpolitico.mx\/index.php?rest_route=\/wp\/v2\/users\/2"}],"replies":[{"embeddable":true,"href":"https:\/\/quehacerpolitico.mx\/index.php?rest_route=%2Fwp%2Fv2%2Fcomments&post=116037"}],"version-history":[{"count":1,"href":"https:\/\/quehacerpolitico.mx\/index.php?rest_route=\/wp\/v2\/posts\/116037\/revisions"}],"predecessor-version":[{"id":116040,"href":"https:\/\/quehacerpolitico.mx\/index.php?rest_route=\/wp\/v2\/posts\/116037\/revisions\/116040"}],"wp:featuredmedia":[{"embeddable":true,"href":"https:\/\/quehacerpolitico.mx\/index.php?rest_route=\/wp\/v2\/media\/116039"}],"wp:attachment":[{"href":"https:\/\/quehacerpolitico.mx\/index.php?rest_route=%2Fwp%2Fv2%2Fmedia&parent=116037"}],"wp:term":[{"taxonomy":"category","embeddable":true,"href":"https:\/\/quehacerpolitico.mx\/index.php?rest_route=%2Fwp%2Fv2%2Fcategories&post=116037"},{"taxonomy":"post_tag","embeddable":true,"href":"https:\/\/quehacerpolitico.mx\/index.php?rest_route=%2Fwp%2Fv2%2Ftags&post=116037"}],"curies":[{"name":"wp","href":"https:\/\/api.w.org\/{rel}","templated":true}]}}