{"id":116019,"date":"2025-04-22T11:52:14","date_gmt":"2025-04-22T17:52:14","guid":{"rendered":"https:\/\/quehacerpolitico.mx\/?p=116019"},"modified":"2025-04-22T12:11:59","modified_gmt":"2025-04-22T18:11:59","slug":"sheinbaum-incrementara-su-seguridad-personal","status":"publish","type":"post","link":"https:\/\/quehacerpolitico.mx\/?p=116019","title":{"rendered":"\u00bfSheinbaum incrementar\u00e1 su seguridad personal?"},"content":{"rendered":"\n<p>Por Redacci\u00f3n QP<\/p>\n\n\n\n<p>La Presidenta de M\u00e9xico fue cuestionada en la conferencia ma\u00f1anera acerca de su protecci\u00f3n<\/p>\n\n\n\n<p>La<strong>&nbsp;Presidenta Claudia Sheinbaum Pardo neg\u00f3 la posibilidad de incrementar su seguridad personal&nbsp;<\/strong>por un motivo espec\u00edfico: el gobierno &#8220;no puede uno alejarse de la gente&#8221;. En ese sentido se\u00f1al\u00f3 que el d\u00eda que su gobierno se aleje de la poblaci\u00f3n, &#8220;ese d\u00eda dejamos de ser un gobierno del pueblo y para el pueblo&#8221;.<\/p>\n\n\n\n<p>A pregunta expresa en conferencia de prensa matutina, la mandataria federal destac\u00f3 que menos de&nbsp;<strong>15 j\u00f3venes<\/strong>&nbsp;integrantes de la&nbsp;<strong>Ayudant\u00eda Presidencial la acompa\u00f1an<\/strong>, sobre todo en sus giras de trabajo de fin de semana.<\/p>\n\n\n\n<p>&#8220;<strong>No va a cambiar, no puede uno alejarse de la gente<\/strong>. El d\u00eda que nos alejemos, ese d\u00eda dejamos de ser un gobierno del pueblo y para el pueblo. Entonces vamos a seguir de cerca, particularmente los fines de semana, viernes, s\u00e1bado y domingo&#8221;, dijo en&nbsp;<strong>Palacio Nacional<\/strong>.<\/p>\n\n\n\n<p>En&nbsp;<strong>Palacio<\/strong>&nbsp;<strong>Nacional<\/strong>, la jefa del&nbsp;<strong>Ejecutivo federal<\/strong>&nbsp;destac\u00f3 que<strong>&nbsp;la presencia de elementos de la Guardia Nacional (GN) en las carreteras&nbsp;<\/strong>donde transita en estas giras de fin semana, como en general, indic\u00f3 existe esta presencia en todo el pa\u00eds.<\/p>\n\n\n\n<p>Con informaci\u00f3n de SUN<\/p>\n","protected":false},"excerpt":{"rendered":"<p>Por Redacci\u00f3n QP La Presidenta de M\u00e9xico fue cuestionada en la conferencia ma\u00f1anera acerca de&#8230;<\/p>\n","protected":false},"author":2,"featured_media":116020,"comment_status":"open","ping_status":"open","sticky":false,"template":"","format":"standard","meta":{"_monsterinsights_skip_tracking":false,"_monsterinsights_sitenote_active":false,"_monsterinsights_sitenote_note":"","_monsterinsights_sitenote_category":0,"footnotes":""},"categories":[280,2],"tags":[],"class_list":["post-116019","post","type-post","status-publish","format-standard","has-post-thumbnail","hentry","category-nacionales","category-noticias"],"yoast_head":"<!-- This site is optimized with the Yoast SEO plugin v27.3 - https:\/\/yoast.com\/product\/yoast-seo-wordpress\/ -->\n<title>\u00bfSheinbaum incrementar\u00e1 su seguridad personal? -<\/title>\n<meta name=\"robots\" content=\"index, follow, max-snippet:-1, max-image-preview:large, max-video-preview:-1\" \/>\n<link rel=\"canonical\" href=\"https:\/\/quehacerpolitico.mx\/?p=116019\" \/>\n<meta property=\"og:locale\" content=\"es_MX\" \/>\n<meta property=\"og:type\" content=\"article\" \/>\n<meta property=\"og:title\" content=\"\u00bfSheinbaum incrementar\u00e1 su seguridad personal? -\" \/>\n<meta property=\"og:description\" content=\"Por Redacci\u00f3n QP La Presidenta de M\u00e9xico fue cuestionada en la conferencia ma\u00f1anera acerca de...\" \/>\n<meta property=\"og:url\" content=\"https:\/\/quehacerpolitico.mx\/?p=116019\" \/>\n<meta property=\"article:published_time\" content=\"2025-04-22T17:52:14+00:00\" \/>\n<meta property=\"article:modified_time\" content=\"2025-04-22T18:11:59+00:00\" \/>\n<meta property=\"og:image\" content=\"https:\/\/quehacerpolitico.mx\/wp-content\/uploads\/2025\/04\/Screenshot_20250422-1143152.png\" \/>\n\t<meta property=\"og:image:width\" content=\"720\" \/>\n\t<meta property=\"og:image:height\" content=\"399\" \/>\n\t<meta property=\"og:image:type\" content=\"image\/png\" \/>\n<meta name=\"author\" content=\"Redacci\u00f3n QP\" \/>\n<meta name=\"twitter:card\" content=\"summary_large_image\" \/>\n<meta name=\"twitter:label1\" content=\"Escrito por\" \/>\n\t<meta name=\"twitter:data1\" content=\"Redacci\u00f3n QP\" \/>\n\t<meta name=\"twitter:label2\" content=\"Tiempo de lectura\" \/>\n\t<meta name=\"twitter:data2\" content=\"1 minuto\" \/>\n<script type=\"application\/ld+json\" class=\"yoast-schema-graph\">{\"@context\":\"https:\\\/\\\/schema.org\",\"@graph\":[{\"@type\":\"Article\",\"@id\":\"https:\\\/\\\/quehacerpolitico.mx\\\/?p=116019#article\",\"isPartOf\":{\"@id\":\"https:\\\/\\\/quehacerpolitico.mx\\\/?p=116019\"},\"author\":{\"name\":\"Redacci\u00f3n QP\",\"@id\":\"https:\\\/\\\/quehacerpolitico.mx\\\/#\\\/schema\\\/person\\\/496d8ad2d1d3f8036101dca7ee39e585\"},\"headline\":\"\u00bfSheinbaum incrementar\u00e1 su seguridad personal?\",\"datePublished\":\"2025-04-22T17:52:14+00:00\",\"dateModified\":\"2025-04-22T18:11:59+00:00\",\"mainEntityOfPage\":{\"@id\":\"https:\\\/\\\/quehacerpolitico.mx\\\/?p=116019\"},\"wordCount\":232,\"commentCount\":0,\"image\":{\"@id\":\"https:\\\/\\\/quehacerpolitico.mx\\\/?p=116019#primaryimage\"},\"thumbnailUrl\":\"https:\\\/\\\/quehacerpolitico.mx\\\/wp-content\\\/uploads\\\/2025\\\/04\\\/Screenshot_20250422-1143152.png\",\"articleSection\":[\"Nacionales\",\"Noticias\"],\"inLanguage\":\"es\",\"potentialAction\":[{\"@type\":\"CommentAction\",\"name\":\"Comment\",\"target\":[\"https:\\\/\\\/quehacerpolitico.mx\\\/?p=116019#respond\"]}]},{\"@type\":\"WebPage\",\"@id\":\"https:\\\/\\\/quehacerpolitico.mx\\\/?p=116019\",\"url\":\"https:\\\/\\\/quehacerpolitico.mx\\\/?p=116019\",\"name\":\"\u00bfSheinbaum incrementar\u00e1 su seguridad personal? -\",\"isPartOf\":{\"@id\":\"https:\\\/\\\/quehacerpolitico.mx\\\/#website\"},\"primaryImageOfPage\":{\"@id\":\"https:\\\/\\\/quehacerpolitico.mx\\\/?p=116019#primaryimage\"},\"image\":{\"@id\":\"https:\\\/\\\/quehacerpolitico.mx\\\/?p=116019#primaryimage\"},\"thumbnailUrl\":\"https:\\\/\\\/quehacerpolitico.mx\\\/wp-content\\\/uploads\\\/2025\\\/04\\\/Screenshot_20250422-1143152.png\",\"datePublished\":\"2025-04-22T17:52:14+00:00\",\"dateModified\":\"2025-04-22T18:11:59+00:00\",\"author\":{\"@id\":\"https:\\\/\\\/quehacerpolitico.mx\\\/#\\\/schema\\\/person\\\/496d8ad2d1d3f8036101dca7ee39e585\"},\"breadcrumb\":{\"@id\":\"https:\\\/\\\/quehacerpolitico.mx\\\/?p=116019#breadcrumb\"},\"inLanguage\":\"es\",\"potentialAction\":[{\"@type\":\"ReadAction\",\"target\":[\"https:\\\/\\\/quehacerpolitico.mx\\\/?p=116019\"]}]},{\"@type\":\"ImageObject\",\"inLanguage\":\"es\",\"@id\":\"https:\\\/\\\/quehacerpolitico.mx\\\/?p=116019#primaryimage\",\"url\":\"https:\\\/\\\/quehacerpolitico.mx\\\/wp-content\\\/uploads\\\/2025\\\/04\\\/Screenshot_20250422-1143152.png\",\"contentUrl\":\"https:\\\/\\\/quehacerpolitico.mx\\\/wp-content\\\/uploads\\\/2025\\\/04\\\/Screenshot_20250422-1143152.png\",\"width\":720,\"height\":399},{\"@type\":\"BreadcrumbList\",\"@id\":\"https:\\\/\\\/quehacerpolitico.mx\\\/?p=116019#breadcrumb\",\"itemListElement\":[{\"@type\":\"ListItem\",\"position\":1,\"name\":\"Inicio\",\"item\":\"https:\\\/\\\/quehacerpolitico.mx\\\/\"},{\"@type\":\"ListItem\",\"position\":2,\"name\":\"\u00bfSheinbaum incrementar\u00e1 su seguridad personal?\"}]},{\"@type\":\"WebSite\",\"@id\":\"https:\\\/\\\/quehacerpolitico.mx\\\/#website\",\"url\":\"https:\\\/\\\/quehacerpolitico.mx\\\/\",\"name\":\"\",\"description\":\"\",\"potentialAction\":[{\"@type\":\"SearchAction\",\"target\":{\"@type\":\"EntryPoint\",\"urlTemplate\":\"https:\\\/\\\/quehacerpolitico.mx\\\/?s={search_term_string}\"},\"query-input\":{\"@type\":\"PropertyValueSpecification\",\"valueRequired\":true,\"valueName\":\"search_term_string\"}}],\"inLanguage\":\"es\"},{\"@type\":\"Person\",\"@id\":\"https:\\\/\\\/quehacerpolitico.mx\\\/#\\\/schema\\\/person\\\/496d8ad2d1d3f8036101dca7ee39e585\",\"name\":\"Redacci\u00f3n QP\",\"image\":{\"@type\":\"ImageObject\",\"inLanguage\":\"es\",\"@id\":\"https:\\\/\\\/secure.gravatar.com\\\/avatar\\\/c7164ed6fdec453195284ad24a5ae5b6e1eed2b848477fa2a4787ba9adf39a41?s=96&d=mm&r=g\",\"url\":\"https:\\\/\\\/secure.gravatar.com\\\/avatar\\\/c7164ed6fdec453195284ad24a5ae5b6e1eed2b848477fa2a4787ba9adf39a41?s=96&d=mm&r=g\",\"contentUrl\":\"https:\\\/\\\/secure.gravatar.com\\\/avatar\\\/c7164ed6fdec453195284ad24a5ae5b6e1eed2b848477fa2a4787ba9adf39a41?s=96&d=mm&r=g\",\"caption\":\"Redacci\u00f3n QP\"},\"url\":\"https:\\\/\\\/quehacerpolitico.mx\\\/?author=2\"}]}<\/script>\n<!-- \/ Yoast SEO plugin. -->","yoast_head_json":{"title":"\u00bfSheinbaum incrementar\u00e1 su seguridad personal? -","robots":{"index":"index","follow":"follow","max-snippet":"max-snippet:-1","max-image-preview":"max-image-preview:large","max-video-preview":"max-video-preview:-1"},"canonical":"https:\/\/quehacerpolitico.mx\/?p=116019","og_locale":"es_MX","og_type":"article","og_title":"\u00bfSheinbaum incrementar\u00e1 su seguridad personal? -","og_description":"Por Redacci\u00f3n QP La Presidenta de M\u00e9xico fue cuestionada en la conferencia ma\u00f1anera acerca de...","og_url":"https:\/\/quehacerpolitico.mx\/?p=116019","article_published_time":"2025-04-22T17:52:14+00:00","article_modified_time":"2025-04-22T18:11:59+00:00","og_image":[{"width":720,"height":399,"url":"https:\/\/quehacerpolitico.mx\/wp-content\/uploads\/2025\/04\/Screenshot_20250422-1143152.png","type":"image\/png"}],"author":"Redacci\u00f3n QP","twitter_card":"summary_large_image","twitter_misc":{"Escrito por":"Redacci\u00f3n QP","Tiempo de lectura":"1 minuto"},"schema":{"@context":"https:\/\/schema.org","@graph":[{"@type":"Article","@id":"https:\/\/quehacerpolitico.mx\/?p=116019#article","isPartOf":{"@id":"https:\/\/quehacerpolitico.mx\/?p=116019"},"author":{"name":"Redacci\u00f3n QP","@id":"https:\/\/quehacerpolitico.mx\/#\/schema\/person\/496d8ad2d1d3f8036101dca7ee39e585"},"headline":"\u00bfSheinbaum incrementar\u00e1 su seguridad personal?","datePublished":"2025-04-22T17:52:14+00:00","dateModified":"2025-04-22T18:11:59+00:00","mainEntityOfPage":{"@id":"https:\/\/quehacerpolitico.mx\/?p=116019"},"wordCount":232,"commentCount":0,"image":{"@id":"https:\/\/quehacerpolitico.mx\/?p=116019#primaryimage"},"thumbnailUrl":"https:\/\/quehacerpolitico.mx\/wp-content\/uploads\/2025\/04\/Screenshot_20250422-1143152.png","articleSection":["Nacionales","Noticias"],"inLanguage":"es","potentialAction":[{"@type":"CommentAction","name":"Comment","target":["https:\/\/quehacerpolitico.mx\/?p=116019#respond"]}]},{"@type":"WebPage","@id":"https:\/\/quehacerpolitico.mx\/?p=116019","url":"https:\/\/quehacerpolitico.mx\/?p=116019","name":"\u00bfSheinbaum incrementar\u00e1 su seguridad personal? -","isPartOf":{"@id":"https:\/\/quehacerpolitico.mx\/#website"},"primaryImageOfPage":{"@id":"https:\/\/quehacerpolitico.mx\/?p=116019#primaryimage"},"image":{"@id":"https:\/\/quehacerpolitico.mx\/?p=116019#primaryimage"},"thumbnailUrl":"https:\/\/quehacerpolitico.mx\/wp-content\/uploads\/2025\/04\/Screenshot_20250422-1143152.png","datePublished":"2025-04-22T17:52:14+00:00","dateModified":"2025-04-22T18:11:59+00:00","author":{"@id":"https:\/\/quehacerpolitico.mx\/#\/schema\/person\/496d8ad2d1d3f8036101dca7ee39e585"},"breadcrumb":{"@id":"https:\/\/quehacerpolitico.mx\/?p=116019#breadcrumb"},"inLanguage":"es","potentialAction":[{"@type":"ReadAction","target":["https:\/\/quehacerpolitico.mx\/?p=116019"]}]},{"@type":"ImageObject","inLanguage":"es","@id":"https:\/\/quehacerpolitico.mx\/?p=116019#primaryimage","url":"https:\/\/quehacerpolitico.mx\/wp-content\/uploads\/2025\/04\/Screenshot_20250422-1143152.png","contentUrl":"https:\/\/quehacerpolitico.mx\/wp-content\/uploads\/2025\/04\/Screenshot_20250422-1143152.png","width":720,"height":399},{"@type":"BreadcrumbList","@id":"https:\/\/quehacerpolitico.mx\/?p=116019#breadcrumb","itemListElement":[{"@type":"ListItem","position":1,"name":"Inicio","item":"https:\/\/quehacerpolitico.mx\/"},{"@type":"ListItem","position":2,"name":"\u00bfSheinbaum incrementar\u00e1 su seguridad personal?"}]},{"@type":"WebSite","@id":"https:\/\/quehacerpolitico.mx\/#website","url":"https:\/\/quehacerpolitico.mx\/","name":"","description":"","potentialAction":[{"@type":"SearchAction","target":{"@type":"EntryPoint","urlTemplate":"https:\/\/quehacerpolitico.mx\/?s={search_term_string}"},"query-input":{"@type":"PropertyValueSpecification","valueRequired":true,"valueName":"search_term_string"}}],"inLanguage":"es"},{"@type":"Person","@id":"https:\/\/quehacerpolitico.mx\/#\/schema\/person\/496d8ad2d1d3f8036101dca7ee39e585","name":"Redacci\u00f3n QP","image":{"@type":"ImageObject","inLanguage":"es","@id":"https:\/\/secure.gravatar.com\/avatar\/c7164ed6fdec453195284ad24a5ae5b6e1eed2b848477fa2a4787ba9adf39a41?s=96&d=mm&r=g","url":"https:\/\/secure.gravatar.com\/avatar\/c7164ed6fdec453195284ad24a5ae5b6e1eed2b848477fa2a4787ba9adf39a41?s=96&d=mm&r=g","contentUrl":"https:\/\/secure.gravatar.com\/avatar\/c7164ed6fdec453195284ad24a5ae5b6e1eed2b848477fa2a4787ba9adf39a41?s=96&d=mm&r=g","caption":"Redacci\u00f3n QP"},"url":"https:\/\/quehacerpolitico.mx\/?author=2"}]}},"featured_image_urls":{"full":["https:\/\/quehacerpolitico.mx\/wp-content\/uploads\/2025\/04\/Screenshot_20250422-1143152.png",720,399,false],"thumbnail":["https:\/\/quehacerpolitico.mx\/wp-content\/uploads\/2025\/04\/Screenshot_20250422-1143152-150x150.png",150,150,true],"medium":["https:\/\/quehacerpolitico.mx\/wp-content\/uploads\/2025\/04\/Screenshot_20250422-1143152-300x166.png",300,166,true],"medium_large":["https:\/\/quehacerpolitico.mx\/wp-content\/uploads\/2025\/04\/Screenshot_20250422-1143152.png",640,355,false],"large":["https:\/\/quehacerpolitico.mx\/wp-content\/uploads\/2025\/04\/Screenshot_20250422-1143152.png",640,355,false],"1536x1536":["https:\/\/quehacerpolitico.mx\/wp-content\/uploads\/2025\/04\/Screenshot_20250422-1143152.png",720,399,false],"2048x2048":["https:\/\/quehacerpolitico.mx\/wp-content\/uploads\/2025\/04\/Screenshot_20250422-1143152.png",720,399,false],"covernews-featured":["https:\/\/quehacerpolitico.mx\/wp-content\/uploads\/2025\/04\/Screenshot_20250422-1143152.png",720,399,false],"covernews-medium":["https:\/\/quehacerpolitico.mx\/wp-content\/uploads\/2025\/04\/Screenshot_20250422-1143152-540x340.png",540,340,true]},"author_info":{"display_name":"Redacci\u00f3n QP","author_link":"https:\/\/quehacerpolitico.mx\/?author=2"},"category_info":"<a href=\"https:\/\/quehacerpolitico.mx\/?cat=280\" rel=\"category\">Nacionales<\/a> <a href=\"https:\/\/quehacerpolitico.mx\/?cat=2\" rel=\"category\">Noticias<\/a>","tag_info":"Noticias","comment_count":"0","_links":{"self":[{"href":"https:\/\/quehacerpolitico.mx\/index.php?rest_route=\/wp\/v2\/posts\/116019","targetHints":{"allow":["GET"]}}],"collection":[{"href":"https:\/\/quehacerpolitico.mx\/index.php?rest_route=\/wp\/v2\/posts"}],"about":[{"href":"https:\/\/quehacerpolitico.mx\/index.php?rest_route=\/wp\/v2\/types\/post"}],"author":[{"embeddable":true,"href":"https:\/\/quehacerpolitico.mx\/index.php?rest_route=\/wp\/v2\/users\/2"}],"replies":[{"embeddable":true,"href":"https:\/\/quehacerpolitico.mx\/index.php?rest_route=%2Fwp%2Fv2%2Fcomments&post=116019"}],"version-history":[{"count":2,"href":"https:\/\/quehacerpolitico.mx\/index.php?rest_route=\/wp\/v2\/posts\/116019\/revisions"}],"predecessor-version":[{"id":116022,"href":"https:\/\/quehacerpolitico.mx\/index.php?rest_route=\/wp\/v2\/posts\/116019\/revisions\/116022"}],"wp:featuredmedia":[{"embeddable":true,"href":"https:\/\/quehacerpolitico.mx\/index.php?rest_route=\/wp\/v2\/media\/116020"}],"wp:attachment":[{"href":"https:\/\/quehacerpolitico.mx\/index.php?rest_route=%2Fwp%2Fv2%2Fmedia&parent=116019"}],"wp:term":[{"taxonomy":"category","embeddable":true,"href":"https:\/\/quehacerpolitico.mx\/index.php?rest_route=%2Fwp%2Fv2%2Fcategories&post=116019"},{"taxonomy":"post_tag","embeddable":true,"href":"https:\/\/quehacerpolitico.mx\/index.php?rest_route=%2Fwp%2Fv2%2Ftags&post=116019"}],"curies":[{"name":"wp","href":"https:\/\/api.w.org\/{rel}","templated":true}]}}