{"id":115981,"date":"2025-04-21T08:04:03","date_gmt":"2025-04-21T14:04:03","guid":{"rendered":"https:\/\/quehacerpolitico.mx\/?p=115981"},"modified":"2025-04-21T08:04:06","modified_gmt":"2025-04-21T14:04:06","slug":"el-quehacer-politico-internacional-a-traves-de-la-opinion-carolina-alonso-romei-muere-el-papa-francisco-este-dia-llevaran-su-cuerpo-a-la-basilica-vaticana","status":"publish","type":"post","link":"https:\/\/quehacerpolitico.mx\/?p=115981","title":{"rendered":"El Quehacer Pol\u00edtico Internacional a trav\u00e9s de la opini\u00f3n\/\/\/Carolina Alonso Romei\/\/\/Muere el Papa Francisco; este d\u00eda llevar\u00e1n su cuerpo a la Bas\u00edlica vaticana"},"content":{"rendered":"\n<p>Por Carolina Alonso Romei<\/p>\n\n\n\n<p>Internacionalista<\/p>\n\n\n\n<p><strong>El Papa Francisco muri\u00f3 en el Vaticano<\/strong>&nbsp;y comienzan los preparativos para su funeral en la Bas\u00edlica de San Pedro.<\/p>\n\n\n\n<p><mark><strong>El traslado del cuerpo del Papa Francisco, que falleci\u00f3 este lunes a los 88 a\u00f1os, a la bas\u00edlica Vaticana para el homenaje de todos los fieles podr\u00eda tener lugar ya este mi\u00e9rcoles 23 de abril<\/strong><\/mark>, inform\u00f3 la oficina de prensa del Vaticano.<\/p>\n\n\n\n<p><mark><strong>Las modalidades y la confirmaci\u00f3n del traslado a la bas\u00edlica del cuerpo para su exposici\u00f3n ante los fieles desde la capilla de la Casa Santa Marta, donde residi\u00f3 Francisco, se establecer\u00e1n y comunicar\u00e1n ma\u00f1ana<\/strong><\/mark>, despu\u00e9s de la primera Congregaci\u00f3n de los Cardenales, a\u00f1adi\u00f3 una nota del Vaticano.<\/p>\n\n\n\n<figure class=\"wp-block-embed is-type-video is-provider-youtube wp-block-embed-youtube wp-embed-aspect-16-9 wp-has-aspect-ratio\"><div class=\"wp-block-embed__wrapper\">\n<iframe loading=\"lazy\" title=\"Muere el papa Francisco: el ambivalente papado del primer latinoamericano en la Iglesia cat\u00f3lica\" width=\"640\" height=\"360\" src=\"https:\/\/www.youtube.com\/embed\/ELJIbm95p_c?feature=oembed\" frameborder=\"0\" allow=\"accelerometer; autoplay; clipboard-write; encrypted-media; gyroscope; picture-in-picture; web-share\" referrerpolicy=\"strict-origin-when-cross-origin\" allowfullscreen><\/iframe>\n<\/div><\/figure>\n\n\n\n<p>En las congregaciones de&nbsp;<strong>los cardenales, que desde hoy han sido llamados a Roma para participar a estas reuniones preparatorias, tendr\u00e1n que elegir las fechas para el funeral y para el inicio del c\u00f3nclave<\/strong>.<\/p>\n\n\n\n<p><strong>Francisco ser\u00e1 expuesto como los Papas anteriores frente el baldaquino de San Pedro, aunque el pont\u00edfice argentino dej\u00f3 algunas disposiciones diferentes para su funeral<\/strong>, como se lee en la nueva edici\u00f3n del &#8216;Ordo Exsequiarum Romani Pontificis&#8217;.<\/p>\n\n\n\n<p><mark><strong>Se mantienen las llamadas &#8220;tres estaciones&#8221;, los pasos tras la muerte de un Pont\u00edfice<\/strong><\/mark>, aunque en la primera se indica que la constataci\u00f3n de la muerte se realizar\u00e1 en su capilla privada, en lugar de en la habitaci\u00f3n e inmediatamente el cuerpo se depositar\u00e1 en el \u00fanico ata\u00fad de madera con el interior de zinc, antes de ser trasladado directamente a la bas\u00edlica.<\/p>\n\n\n\n<p><strong>Anteriormente, el cuerpo del Papa se trasladaba a la capilla del Palacio Apost\u00f3lico, ya que all\u00ed resid\u00eda el Pont\u00edfice, pero Francisco vive en la residencia de la Casa Santa Marta, por lo que se ha eliminado este paso<\/strong>.<\/p>\n\n\n\n<figure class=\"wp-block-embed is-type-video is-provider-youtube wp-block-embed-youtube wp-embed-aspect-16-9 wp-has-aspect-ratio\"><div class=\"wp-block-embed__wrapper\">\n<iframe loading=\"lazy\" title=\"Muere el papa Francisco\" width=\"640\" height=\"360\" src=\"https:\/\/www.youtube.com\/embed\/wF-S_l2CtpI?feature=oembed\" frameborder=\"0\" allow=\"accelerometer; autoplay; clipboard-write; encrypted-media; gyroscope; picture-in-picture; web-share\" referrerpolicy=\"strict-origin-when-cross-origin\" allowfullscreen><\/iframe>\n<\/div><\/figure>\n\n\n\n<p>Tambi\u00e9n se han precisado algunos pasajes de la llamada segunda estaci\u00f3n: puesto que la deposici\u00f3n en el f\u00e9retro ya ha tenido lugar tras la constataci\u00f3n de la muerte, el f\u00e9retro se cierra la v\u00edspera de la misa exequial.<\/p>\n\n\n\n<p><strong>En la bas\u00edlica vaticana, el cuerpo del Papa difunto se expone directamente en el f\u00e9retro abierto, pero no en un catafalco como hab\u00eda sido hasta ahora&nbsp;<\/strong>y tampoco se colocar\u00e1 el b\u00e1culo papal junto al f\u00e9retro durante esta exposici\u00f3n.<\/p>\n\n\n\n<p>Por \u00faltimo, en la tercera estaci\u00f3n, que incluye el traslado del f\u00e9retro al sepulcro y el entierro, se elimina la tradici\u00f3n de enterrar a los papas en tres ata\u00fades: &#8220;uno de cipr\u00e9s, un segundo de plomo y un tercero de roble y otro de madera&#8221;.<\/p>\n\n\n\n<p>Con informaci\u00f3n de EFE<\/p>\n","protected":false},"excerpt":{"rendered":"<p>Por Carolina Alonso Romei Internacionalista El Papa Francisco muri\u00f3 en el Vaticano&nbsp;y comienzan los preparativos&#8230;<\/p>\n","protected":false},"author":2,"featured_media":115983,"comment_status":"open","ping_status":"open","sticky":false,"template":"","format":"standard","meta":{"_monsterinsights_skip_tracking":false,"_monsterinsights_sitenote_active":false,"_monsterinsights_sitenote_note":"","_monsterinsights_sitenote_category":0,"footnotes":""},"categories":[1],"tags":[],"class_list":["post-115981","post","type-post","status-publish","format-standard","has-post-thumbnail","hentry","category-sin-categoria"],"yoast_head":"<!-- This site is optimized with the Yoast SEO plugin v27.3 - https:\/\/yoast.com\/product\/yoast-seo-wordpress\/ -->\n<title>El Quehacer Pol\u00edtico Internacional a trav\u00e9s de la opini\u00f3n\/\/\/Carolina Alonso Romei\/\/\/Muere el Papa Francisco; este d\u00eda llevar\u00e1n su cuerpo a la Bas\u00edlica vaticana -<\/title>\n<meta name=\"robots\" content=\"index, follow, max-snippet:-1, max-image-preview:large, max-video-preview:-1\" \/>\n<link rel=\"canonical\" href=\"https:\/\/quehacerpolitico.mx\/?p=115981\" \/>\n<meta property=\"og:locale\" content=\"es_MX\" \/>\n<meta property=\"og:type\" content=\"article\" \/>\n<meta property=\"og:title\" content=\"El Quehacer Pol\u00edtico Internacional a trav\u00e9s de la opini\u00f3n\/\/\/Carolina Alonso Romei\/\/\/Muere el Papa Francisco; este d\u00eda llevar\u00e1n su cuerpo a la Bas\u00edlica vaticana -\" \/>\n<meta property=\"og:description\" content=\"Por Carolina Alonso Romei Internacionalista El Papa Francisco muri\u00f3 en el Vaticano&nbsp;y comienzan los preparativos...\" \/>\n<meta property=\"og:url\" content=\"https:\/\/quehacerpolitico.mx\/?p=115981\" \/>\n<meta property=\"article:published_time\" content=\"2025-04-21T14:04:03+00:00\" \/>\n<meta property=\"article:modified_time\" content=\"2025-04-21T14:04:06+00:00\" \/>\n<meta property=\"og:image\" content=\"https:\/\/quehacerpolitico.mx\/wp-content\/uploads\/2025\/04\/2025-04-14-4.jpg\" \/>\n\t<meta property=\"og:image:width\" content=\"963\" \/>\n\t<meta property=\"og:image:height\" content=\"493\" \/>\n\t<meta property=\"og:image:type\" content=\"image\/jpeg\" \/>\n<meta name=\"author\" content=\"Redacci\u00f3n QP\" \/>\n<meta name=\"twitter:card\" content=\"summary_large_image\" \/>\n<meta name=\"twitter:label1\" content=\"Escrito por\" \/>\n\t<meta name=\"twitter:data1\" content=\"Redacci\u00f3n QP\" \/>\n\t<meta name=\"twitter:label2\" content=\"Tiempo de lectura\" \/>\n\t<meta name=\"twitter:data2\" content=\"2 minutos\" \/>\n<script type=\"application\/ld+json\" class=\"yoast-schema-graph\">{\"@context\":\"https:\\\/\\\/schema.org\",\"@graph\":[{\"@type\":\"Article\",\"@id\":\"https:\\\/\\\/quehacerpolitico.mx\\\/?p=115981#article\",\"isPartOf\":{\"@id\":\"https:\\\/\\\/quehacerpolitico.mx\\\/?p=115981\"},\"author\":{\"name\":\"Redacci\u00f3n QP\",\"@id\":\"https:\\\/\\\/quehacerpolitico.mx\\\/#\\\/schema\\\/person\\\/496d8ad2d1d3f8036101dca7ee39e585\"},\"headline\":\"El Quehacer Pol\u00edtico Internacional a trav\u00e9s de la opini\u00f3n\\\/\\\/\\\/Carolina Alonso Romei\\\/\\\/\\\/Muere el Papa Francisco; este d\u00eda llevar\u00e1n su cuerpo a la Bas\u00edlica vaticana\",\"datePublished\":\"2025-04-21T14:04:03+00:00\",\"dateModified\":\"2025-04-21T14:04:06+00:00\",\"mainEntityOfPage\":{\"@id\":\"https:\\\/\\\/quehacerpolitico.mx\\\/?p=115981\"},\"wordCount\":507,\"commentCount\":0,\"image\":{\"@id\":\"https:\\\/\\\/quehacerpolitico.mx\\\/?p=115981#primaryimage\"},\"thumbnailUrl\":\"https:\\\/\\\/quehacerpolitico.mx\\\/wp-content\\\/uploads\\\/2025\\\/04\\\/2025-04-14-4.jpg\",\"articleSection\":[\"Internacionales\"],\"inLanguage\":\"es\",\"potentialAction\":[{\"@type\":\"CommentAction\",\"name\":\"Comment\",\"target\":[\"https:\\\/\\\/quehacerpolitico.mx\\\/?p=115981#respond\"]}]},{\"@type\":\"WebPage\",\"@id\":\"https:\\\/\\\/quehacerpolitico.mx\\\/?p=115981\",\"url\":\"https:\\\/\\\/quehacerpolitico.mx\\\/?p=115981\",\"name\":\"El Quehacer Pol\u00edtico Internacional a trav\u00e9s de la opini\u00f3n\\\/\\\/\\\/Carolina Alonso Romei\\\/\\\/\\\/Muere el Papa Francisco; este d\u00eda llevar\u00e1n su cuerpo a la Bas\u00edlica vaticana -\",\"isPartOf\":{\"@id\":\"https:\\\/\\\/quehacerpolitico.mx\\\/#website\"},\"primaryImageOfPage\":{\"@id\":\"https:\\\/\\\/quehacerpolitico.mx\\\/?p=115981#primaryimage\"},\"image\":{\"@id\":\"https:\\\/\\\/quehacerpolitico.mx\\\/?p=115981#primaryimage\"},\"thumbnailUrl\":\"https:\\\/\\\/quehacerpolitico.mx\\\/wp-content\\\/uploads\\\/2025\\\/04\\\/2025-04-14-4.jpg\",\"datePublished\":\"2025-04-21T14:04:03+00:00\",\"dateModified\":\"2025-04-21T14:04:06+00:00\",\"author\":{\"@id\":\"https:\\\/\\\/quehacerpolitico.mx\\\/#\\\/schema\\\/person\\\/496d8ad2d1d3f8036101dca7ee39e585\"},\"breadcrumb\":{\"@id\":\"https:\\\/\\\/quehacerpolitico.mx\\\/?p=115981#breadcrumb\"},\"inLanguage\":\"es\",\"potentialAction\":[{\"@type\":\"ReadAction\",\"target\":[\"https:\\\/\\\/quehacerpolitico.mx\\\/?p=115981\"]}]},{\"@type\":\"ImageObject\",\"inLanguage\":\"es\",\"@id\":\"https:\\\/\\\/quehacerpolitico.mx\\\/?p=115981#primaryimage\",\"url\":\"https:\\\/\\\/quehacerpolitico.mx\\\/wp-content\\\/uploads\\\/2025\\\/04\\\/2025-04-14-4.jpg\",\"contentUrl\":\"https:\\\/\\\/quehacerpolitico.mx\\\/wp-content\\\/uploads\\\/2025\\\/04\\\/2025-04-14-4.jpg\",\"width\":963,\"height\":493},{\"@type\":\"BreadcrumbList\",\"@id\":\"https:\\\/\\\/quehacerpolitico.mx\\\/?p=115981#breadcrumb\",\"itemListElement\":[{\"@type\":\"ListItem\",\"position\":1,\"name\":\"Inicio\",\"item\":\"https:\\\/\\\/quehacerpolitico.mx\\\/\"},{\"@type\":\"ListItem\",\"position\":2,\"name\":\"El Quehacer Pol\u00edtico Internacional a trav\u00e9s de la opini\u00f3n\\\/\\\/\\\/Carolina Alonso Romei\\\/\\\/\\\/Muere el Papa Francisco; este d\u00eda llevar\u00e1n su cuerpo a la Bas\u00edlica vaticana\"}]},{\"@type\":\"WebSite\",\"@id\":\"https:\\\/\\\/quehacerpolitico.mx\\\/#website\",\"url\":\"https:\\\/\\\/quehacerpolitico.mx\\\/\",\"name\":\"\",\"description\":\"\",\"potentialAction\":[{\"@type\":\"SearchAction\",\"target\":{\"@type\":\"EntryPoint\",\"urlTemplate\":\"https:\\\/\\\/quehacerpolitico.mx\\\/?s={search_term_string}\"},\"query-input\":{\"@type\":\"PropertyValueSpecification\",\"valueRequired\":true,\"valueName\":\"search_term_string\"}}],\"inLanguage\":\"es\"},{\"@type\":\"Person\",\"@id\":\"https:\\\/\\\/quehacerpolitico.mx\\\/#\\\/schema\\\/person\\\/496d8ad2d1d3f8036101dca7ee39e585\",\"name\":\"Redacci\u00f3n QP\",\"image\":{\"@type\":\"ImageObject\",\"inLanguage\":\"es\",\"@id\":\"https:\\\/\\\/secure.gravatar.com\\\/avatar\\\/c7164ed6fdec453195284ad24a5ae5b6e1eed2b848477fa2a4787ba9adf39a41?s=96&d=mm&r=g\",\"url\":\"https:\\\/\\\/secure.gravatar.com\\\/avatar\\\/c7164ed6fdec453195284ad24a5ae5b6e1eed2b848477fa2a4787ba9adf39a41?s=96&d=mm&r=g\",\"contentUrl\":\"https:\\\/\\\/secure.gravatar.com\\\/avatar\\\/c7164ed6fdec453195284ad24a5ae5b6e1eed2b848477fa2a4787ba9adf39a41?s=96&d=mm&r=g\",\"caption\":\"Redacci\u00f3n QP\"},\"url\":\"https:\\\/\\\/quehacerpolitico.mx\\\/?author=2\"}]}<\/script>\n<!-- \/ Yoast SEO plugin. -->","yoast_head_json":{"title":"El Quehacer Pol\u00edtico Internacional a trav\u00e9s de la opini\u00f3n\/\/\/Carolina Alonso Romei\/\/\/Muere el Papa Francisco; este d\u00eda llevar\u00e1n su cuerpo a la Bas\u00edlica vaticana -","robots":{"index":"index","follow":"follow","max-snippet":"max-snippet:-1","max-image-preview":"max-image-preview:large","max-video-preview":"max-video-preview:-1"},"canonical":"https:\/\/quehacerpolitico.mx\/?p=115981","og_locale":"es_MX","og_type":"article","og_title":"El Quehacer Pol\u00edtico Internacional a trav\u00e9s de la opini\u00f3n\/\/\/Carolina Alonso Romei\/\/\/Muere el Papa Francisco; este d\u00eda llevar\u00e1n su cuerpo a la Bas\u00edlica vaticana -","og_description":"Por Carolina Alonso Romei Internacionalista El Papa Francisco muri\u00f3 en el Vaticano&nbsp;y comienzan los preparativos...","og_url":"https:\/\/quehacerpolitico.mx\/?p=115981","article_published_time":"2025-04-21T14:04:03+00:00","article_modified_time":"2025-04-21T14:04:06+00:00","og_image":[{"width":963,"height":493,"url":"https:\/\/quehacerpolitico.mx\/wp-content\/uploads\/2025\/04\/2025-04-14-4.jpg","type":"image\/jpeg"}],"author":"Redacci\u00f3n QP","twitter_card":"summary_large_image","twitter_misc":{"Escrito por":"Redacci\u00f3n QP","Tiempo de lectura":"2 minutos"},"schema":{"@context":"https:\/\/schema.org","@graph":[{"@type":"Article","@id":"https:\/\/quehacerpolitico.mx\/?p=115981#article","isPartOf":{"@id":"https:\/\/quehacerpolitico.mx\/?p=115981"},"author":{"name":"Redacci\u00f3n QP","@id":"https:\/\/quehacerpolitico.mx\/#\/schema\/person\/496d8ad2d1d3f8036101dca7ee39e585"},"headline":"El Quehacer Pol\u00edtico Internacional a trav\u00e9s de la opini\u00f3n\/\/\/Carolina Alonso Romei\/\/\/Muere el Papa Francisco; este d\u00eda llevar\u00e1n su cuerpo a la Bas\u00edlica vaticana","datePublished":"2025-04-21T14:04:03+00:00","dateModified":"2025-04-21T14:04:06+00:00","mainEntityOfPage":{"@id":"https:\/\/quehacerpolitico.mx\/?p=115981"},"wordCount":507,"commentCount":0,"image":{"@id":"https:\/\/quehacerpolitico.mx\/?p=115981#primaryimage"},"thumbnailUrl":"https:\/\/quehacerpolitico.mx\/wp-content\/uploads\/2025\/04\/2025-04-14-4.jpg","articleSection":["Internacionales"],"inLanguage":"es","potentialAction":[{"@type":"CommentAction","name":"Comment","target":["https:\/\/quehacerpolitico.mx\/?p=115981#respond"]}]},{"@type":"WebPage","@id":"https:\/\/quehacerpolitico.mx\/?p=115981","url":"https:\/\/quehacerpolitico.mx\/?p=115981","name":"El Quehacer Pol\u00edtico Internacional a trav\u00e9s de la opini\u00f3n\/\/\/Carolina Alonso Romei\/\/\/Muere el Papa Francisco; este d\u00eda llevar\u00e1n su cuerpo a la Bas\u00edlica vaticana -","isPartOf":{"@id":"https:\/\/quehacerpolitico.mx\/#website"},"primaryImageOfPage":{"@id":"https:\/\/quehacerpolitico.mx\/?p=115981#primaryimage"},"image":{"@id":"https:\/\/quehacerpolitico.mx\/?p=115981#primaryimage"},"thumbnailUrl":"https:\/\/quehacerpolitico.mx\/wp-content\/uploads\/2025\/04\/2025-04-14-4.jpg","datePublished":"2025-04-21T14:04:03+00:00","dateModified":"2025-04-21T14:04:06+00:00","author":{"@id":"https:\/\/quehacerpolitico.mx\/#\/schema\/person\/496d8ad2d1d3f8036101dca7ee39e585"},"breadcrumb":{"@id":"https:\/\/quehacerpolitico.mx\/?p=115981#breadcrumb"},"inLanguage":"es","potentialAction":[{"@type":"ReadAction","target":["https:\/\/quehacerpolitico.mx\/?p=115981"]}]},{"@type":"ImageObject","inLanguage":"es","@id":"https:\/\/quehacerpolitico.mx\/?p=115981#primaryimage","url":"https:\/\/quehacerpolitico.mx\/wp-content\/uploads\/2025\/04\/2025-04-14-4.jpg","contentUrl":"https:\/\/quehacerpolitico.mx\/wp-content\/uploads\/2025\/04\/2025-04-14-4.jpg","width":963,"height":493},{"@type":"BreadcrumbList","@id":"https:\/\/quehacerpolitico.mx\/?p=115981#breadcrumb","itemListElement":[{"@type":"ListItem","position":1,"name":"Inicio","item":"https:\/\/quehacerpolitico.mx\/"},{"@type":"ListItem","position":2,"name":"El Quehacer Pol\u00edtico Internacional a trav\u00e9s de la opini\u00f3n\/\/\/Carolina Alonso Romei\/\/\/Muere el Papa Francisco; este d\u00eda llevar\u00e1n su cuerpo a la Bas\u00edlica vaticana"}]},{"@type":"WebSite","@id":"https:\/\/quehacerpolitico.mx\/#website","url":"https:\/\/quehacerpolitico.mx\/","name":"","description":"","potentialAction":[{"@type":"SearchAction","target":{"@type":"EntryPoint","urlTemplate":"https:\/\/quehacerpolitico.mx\/?s={search_term_string}"},"query-input":{"@type":"PropertyValueSpecification","valueRequired":true,"valueName":"search_term_string"}}],"inLanguage":"es"},{"@type":"Person","@id":"https:\/\/quehacerpolitico.mx\/#\/schema\/person\/496d8ad2d1d3f8036101dca7ee39e585","name":"Redacci\u00f3n QP","image":{"@type":"ImageObject","inLanguage":"es","@id":"https:\/\/secure.gravatar.com\/avatar\/c7164ed6fdec453195284ad24a5ae5b6e1eed2b848477fa2a4787ba9adf39a41?s=96&d=mm&r=g","url":"https:\/\/secure.gravatar.com\/avatar\/c7164ed6fdec453195284ad24a5ae5b6e1eed2b848477fa2a4787ba9adf39a41?s=96&d=mm&r=g","contentUrl":"https:\/\/secure.gravatar.com\/avatar\/c7164ed6fdec453195284ad24a5ae5b6e1eed2b848477fa2a4787ba9adf39a41?s=96&d=mm&r=g","caption":"Redacci\u00f3n QP"},"url":"https:\/\/quehacerpolitico.mx\/?author=2"}]}},"featured_image_urls":{"full":["https:\/\/quehacerpolitico.mx\/wp-content\/uploads\/2025\/04\/2025-04-14-4.jpg",963,493,false],"thumbnail":["https:\/\/quehacerpolitico.mx\/wp-content\/uploads\/2025\/04\/2025-04-14-4-150x150.jpg",150,150,true],"medium":["https:\/\/quehacerpolitico.mx\/wp-content\/uploads\/2025\/04\/2025-04-14-4-300x154.jpg",300,154,true],"medium_large":["https:\/\/quehacerpolitico.mx\/wp-content\/uploads\/2025\/04\/2025-04-14-4-768x393.jpg",640,328,true],"large":["https:\/\/quehacerpolitico.mx\/wp-content\/uploads\/2025\/04\/2025-04-14-4.jpg",640,328,false],"1536x1536":["https:\/\/quehacerpolitico.mx\/wp-content\/uploads\/2025\/04\/2025-04-14-4.jpg",963,493,false],"2048x2048":["https:\/\/quehacerpolitico.mx\/wp-content\/uploads\/2025\/04\/2025-04-14-4.jpg",963,493,false],"covernews-featured":["https:\/\/quehacerpolitico.mx\/wp-content\/uploads\/2025\/04\/2025-04-14-4.jpg",963,493,false],"covernews-medium":["https:\/\/quehacerpolitico.mx\/wp-content\/uploads\/2025\/04\/2025-04-14-4-540x340.jpg",540,340,true]},"author_info":{"display_name":"Redacci\u00f3n QP","author_link":"https:\/\/quehacerpolitico.mx\/?author=2"},"category_info":"<a href=\"https:\/\/quehacerpolitico.mx\/?cat=1\" rel=\"category\">Internacionales<\/a>","tag_info":"Internacionales","comment_count":"0","_links":{"self":[{"href":"https:\/\/quehacerpolitico.mx\/index.php?rest_route=\/wp\/v2\/posts\/115981","targetHints":{"allow":["GET"]}}],"collection":[{"href":"https:\/\/quehacerpolitico.mx\/index.php?rest_route=\/wp\/v2\/posts"}],"about":[{"href":"https:\/\/quehacerpolitico.mx\/index.php?rest_route=\/wp\/v2\/types\/post"}],"author":[{"embeddable":true,"href":"https:\/\/quehacerpolitico.mx\/index.php?rest_route=\/wp\/v2\/users\/2"}],"replies":[{"embeddable":true,"href":"https:\/\/quehacerpolitico.mx\/index.php?rest_route=%2Fwp%2Fv2%2Fcomments&post=115981"}],"version-history":[{"count":2,"href":"https:\/\/quehacerpolitico.mx\/index.php?rest_route=\/wp\/v2\/posts\/115981\/revisions"}],"predecessor-version":[{"id":115985,"href":"https:\/\/quehacerpolitico.mx\/index.php?rest_route=\/wp\/v2\/posts\/115981\/revisions\/115985"}],"wp:featuredmedia":[{"embeddable":true,"href":"https:\/\/quehacerpolitico.mx\/index.php?rest_route=\/wp\/v2\/media\/115983"}],"wp:attachment":[{"href":"https:\/\/quehacerpolitico.mx\/index.php?rest_route=%2Fwp%2Fv2%2Fmedia&parent=115981"}],"wp:term":[{"taxonomy":"category","embeddable":true,"href":"https:\/\/quehacerpolitico.mx\/index.php?rest_route=%2Fwp%2Fv2%2Fcategories&post=115981"},{"taxonomy":"post_tag","embeddable":true,"href":"https:\/\/quehacerpolitico.mx\/index.php?rest_route=%2Fwp%2Fv2%2Ftags&post=115981"}],"curies":[{"name":"wp","href":"https:\/\/api.w.org\/{rel}","templated":true}]}}