{"id":115967,"date":"2025-04-20T16:26:27","date_gmt":"2025-04-20T22:26:27","guid":{"rendered":"https:\/\/quehacerpolitico.mx\/?p=115967"},"modified":"2025-04-20T16:28:35","modified_gmt":"2025-04-20T22:28:35","slug":"pegan-fichas-de-busqueda-para-conmemorar-el-dia-de-las-familias-buscadoras-de-mexico","status":"publish","type":"post","link":"https:\/\/quehacerpolitico.mx\/?p=115967","title":{"rendered":"Pegan fichas de b\u00fasqueda para conmemorar el D\u00eda de las Familias Buscadoras de M\u00e9xico"},"content":{"rendered":"\n<p>Por Redacci\u00f3n QP<\/p>\n\n\n\n<p>Frente Amplio de Familias Buscadoras de Verdad, Justicia y Memoria, se dieron cita este domingo, en la Glorieta de Personas Desaparecidas para comenzar una rodada hacia la antigua sede de la Fiscal\u00eda de la Rep\u00fablica (FGR)<\/p>\n\n\n\n<p><strong>Decenas de familias con seres queridos desaparecidos colocaron fichas de b\u00fasqueda en una barda ubicada en viaducto Miguel Alem\u00e1n Vald\u00e9s<\/strong>, luego de una rodada de bicicletas y distintas actividades en el marco del D\u00eda de las Familias Buscadoras de M\u00e9xico.<\/p>\n\n\n\n<p>Acompa\u00f1ados de &#8220;Ocupa Graffica&#8221;, los colectivos &#8220;Una Luz en el Camino&#8221;, &#8220;Huellas de la Memoria&#8221; y &#8220;Hasta Encontrarles&#8221; pegaron cientos de fichas de b\u00fasqueda y grafitearon los nombres de personas desaparecidas,&nbsp;<mark><strong>as\u00ed como consignas del movimiento de buscadoras: &#8220;Muerte al narco estado&#8221;, &#8220;hasta encontrarles&#8221;, &#8220;\u00bfd\u00f3nde est\u00e1n?&#8221;, &#8220;\u00bfpor qu\u00e9 les buscamos? porque los amamos?&#8221;.<\/strong><\/mark><\/p>\n\n\n\n<p>Tambi\u00e9n se leen los nombres de:<strong>&nbsp;Pamela Gallardo, Ignacio Santiago P\u00e9rez, Jael Monserrat Uribe, Javier Ahumada, Alejandro Rub\u00e9n V\u00e1zquez, Javier de Jes\u00fas Gonz\u00e1lez, Sandra Dom\u00ednguez, Iv\u00f3n Vergara, Carlos Giovanni Salazar, Cris\u00f3foro Salas Zamora, Mariela Vanessa D\u00edaz, Sofia Lorena Sandoval, Jonathan Romero, entre otros.<\/strong><\/p>\n\n\n\n<p><mark><strong>Encabezados por Luci\u00e9rnagas: Frente Amplio de Familias Buscadoras de Verdad, Justicia y Memoria, se dieron cita este domingo<\/strong><\/mark>, en la Glorieta de Personas Desaparecidas para comenzar una rodada hacia la antigua sede de la Fiscal\u00eda de la Rep\u00fablica (FGR) y recordar cuando autoridades capitalinas destruyeron el memorial hecho con mosaicos para visibilizar a mexicanos y migrantes desaparecidos, lo anterior, el 25 de abril de 2024.<\/p>\n\n\n\n<p><strong>Tambi\u00e9n hicieron una parada entre las calles Oaxaca y Sonora para pintar nombres y consignas de familias buscadoras.<\/strong>&nbsp;Al llegar a la alameda de Tacubaya, madres tomaron el micr\u00f3fono y lamentaron el actuar de las autoridades, al rechazar la crisis de desaparici\u00f3n forzada que se vive en M\u00e9xico desde 1960.<\/p>\n\n\n\n<p><mark><strong>&#8220;No es casual que m\u00e1s de la mitad de las personas desaparecidas en nuestro pa\u00eds sean j\u00f3venes, hombres entre 15 y 39 a\u00f1os. De ellos, 35 mil son menores de 30 a\u00f1os y una de cada cuatro personas desaparecidas son mujeres<\/strong><\/mark>. No son solo cifras, es una guerra abierta contra la juventud, contra la vida, contra el porvenir de generaciones enteras. Vivimos en un Estado que administra la vida y la muerte, donde no hay lugar para los cuerpos j\u00f3venes, si no es como fuerza de trabajo barata, carne de ca\u00f1\u00f3n o mercanc\u00eda de consumo&#8221;, denunci\u00f3 una buscadora.<\/p>\n\n\n\n<p><strong>Tambi\u00e9n lament\u00f3 la revictimizaci\u00f3n hacia sus hijos e hijas desaparecidas, pues se tienden a criminalizar y decir que desaparecieron por &#8220;andar en malos pasos&#8221;.<\/strong>&nbsp;As\u00ed como la insensibilidad del pueblo que ignora la complejidad social y econ\u00f3mica que genera la desigualdad, y ahora criminaliza a las familias buscadoras que buscan justicia, en las que han reca\u00eddo de manera directa la violencia del sistema.<\/p>\n\n\n\n<p><strong>Con sus bicicletas, pinturas, estampas, lonas, carteles y latas de pintura, activistas, solidarios, m\u00fasicos, fot\u00f3grafos independientes y artistas&nbsp;<\/strong>callejeros se unieron para acuerpar a las familias buscadoras durante la segunda rodada para conmemorar a los m\u00e1s de 127 mil desaparecidos en M\u00e9xico.<\/p>\n\n\n\n<p>Con informaci\u00f3n de SUN<\/p>\n","protected":false},"excerpt":{"rendered":"<p>Por Redacci\u00f3n QP Frente Amplio de Familias Buscadoras de Verdad, Justicia y Memoria, se dieron&#8230;<\/p>\n","protected":false},"author":2,"featured_media":115970,"comment_status":"open","ping_status":"open","sticky":false,"template":"","format":"standard","meta":{"_monsterinsights_skip_tracking":false,"_monsterinsights_sitenote_active":false,"_monsterinsights_sitenote_note":"","_monsterinsights_sitenote_category":0,"footnotes":""},"categories":[280,2],"tags":[],"class_list":["post-115967","post","type-post","status-publish","format-standard","has-post-thumbnail","hentry","category-nacionales","category-noticias"],"yoast_head":"<!-- This site is optimized with the Yoast SEO plugin v27.3 - https:\/\/yoast.com\/product\/yoast-seo-wordpress\/ -->\n<title>Pegan fichas de b\u00fasqueda para conmemorar el D\u00eda de las Familias Buscadoras de M\u00e9xico -<\/title>\n<meta name=\"robots\" content=\"index, follow, max-snippet:-1, max-image-preview:large, max-video-preview:-1\" \/>\n<link rel=\"canonical\" href=\"https:\/\/quehacerpolitico.mx\/?p=115967\" \/>\n<meta property=\"og:locale\" content=\"es_MX\" \/>\n<meta property=\"og:type\" content=\"article\" \/>\n<meta property=\"og:title\" content=\"Pegan fichas de b\u00fasqueda para conmemorar el D\u00eda de las Familias Buscadoras de M\u00e9xico -\" \/>\n<meta property=\"og:description\" content=\"Por Redacci\u00f3n QP Frente Amplio de Familias Buscadoras de Verdad, Justicia y Memoria, se dieron...\" \/>\n<meta property=\"og:url\" content=\"https:\/\/quehacerpolitico.mx\/?p=115967\" \/>\n<meta property=\"article:published_time\" content=\"2025-04-20T22:26:27+00:00\" \/>\n<meta property=\"article:modified_time\" content=\"2025-04-20T22:28:35+00:00\" \/>\n<meta property=\"og:image\" content=\"https:\/\/quehacerpolitico.mx\/wp-content\/uploads\/2025\/04\/images-6.jpeg\" \/>\n\t<meta property=\"og:image:width\" content=\"275\" \/>\n\t<meta property=\"og:image:height\" content=\"183\" \/>\n\t<meta property=\"og:image:type\" content=\"image\/jpeg\" \/>\n<meta name=\"author\" content=\"Redacci\u00f3n QP\" \/>\n<meta name=\"twitter:card\" content=\"summary_large_image\" \/>\n<meta name=\"twitter:label1\" content=\"Escrito por\" \/>\n\t<meta name=\"twitter:data1\" content=\"Redacci\u00f3n QP\" \/>\n\t<meta name=\"twitter:label2\" content=\"Tiempo de lectura\" \/>\n\t<meta name=\"twitter:data2\" content=\"3 minutos\" \/>\n<script type=\"application\/ld+json\" class=\"yoast-schema-graph\">{\"@context\":\"https:\\\/\\\/schema.org\",\"@graph\":[{\"@type\":\"Article\",\"@id\":\"https:\\\/\\\/quehacerpolitico.mx\\\/?p=115967#article\",\"isPartOf\":{\"@id\":\"https:\\\/\\\/quehacerpolitico.mx\\\/?p=115967\"},\"author\":{\"name\":\"Redacci\u00f3n QP\",\"@id\":\"https:\\\/\\\/quehacerpolitico.mx\\\/#\\\/schema\\\/person\\\/496d8ad2d1d3f8036101dca7ee39e585\"},\"headline\":\"Pegan fichas de b\u00fasqueda para conmemorar el D\u00eda de las Familias Buscadoras de M\u00e9xico\",\"datePublished\":\"2025-04-20T22:26:27+00:00\",\"dateModified\":\"2025-04-20T22:28:35+00:00\",\"mainEntityOfPage\":{\"@id\":\"https:\\\/\\\/quehacerpolitico.mx\\\/?p=115967\"},\"wordCount\":557,\"commentCount\":0,\"image\":{\"@id\":\"https:\\\/\\\/quehacerpolitico.mx\\\/?p=115967#primaryimage\"},\"thumbnailUrl\":\"https:\\\/\\\/quehacerpolitico.mx\\\/wp-content\\\/uploads\\\/2025\\\/04\\\/images-6.jpeg\",\"articleSection\":[\"Nacionales\",\"Noticias\"],\"inLanguage\":\"es\",\"potentialAction\":[{\"@type\":\"CommentAction\",\"name\":\"Comment\",\"target\":[\"https:\\\/\\\/quehacerpolitico.mx\\\/?p=115967#respond\"]}]},{\"@type\":\"WebPage\",\"@id\":\"https:\\\/\\\/quehacerpolitico.mx\\\/?p=115967\",\"url\":\"https:\\\/\\\/quehacerpolitico.mx\\\/?p=115967\",\"name\":\"Pegan fichas de b\u00fasqueda para conmemorar el D\u00eda de las Familias Buscadoras de M\u00e9xico -\",\"isPartOf\":{\"@id\":\"https:\\\/\\\/quehacerpolitico.mx\\\/#website\"},\"primaryImageOfPage\":{\"@id\":\"https:\\\/\\\/quehacerpolitico.mx\\\/?p=115967#primaryimage\"},\"image\":{\"@id\":\"https:\\\/\\\/quehacerpolitico.mx\\\/?p=115967#primaryimage\"},\"thumbnailUrl\":\"https:\\\/\\\/quehacerpolitico.mx\\\/wp-content\\\/uploads\\\/2025\\\/04\\\/images-6.jpeg\",\"datePublished\":\"2025-04-20T22:26:27+00:00\",\"dateModified\":\"2025-04-20T22:28:35+00:00\",\"author\":{\"@id\":\"https:\\\/\\\/quehacerpolitico.mx\\\/#\\\/schema\\\/person\\\/496d8ad2d1d3f8036101dca7ee39e585\"},\"breadcrumb\":{\"@id\":\"https:\\\/\\\/quehacerpolitico.mx\\\/?p=115967#breadcrumb\"},\"inLanguage\":\"es\",\"potentialAction\":[{\"@type\":\"ReadAction\",\"target\":[\"https:\\\/\\\/quehacerpolitico.mx\\\/?p=115967\"]}]},{\"@type\":\"ImageObject\",\"inLanguage\":\"es\",\"@id\":\"https:\\\/\\\/quehacerpolitico.mx\\\/?p=115967#primaryimage\",\"url\":\"https:\\\/\\\/quehacerpolitico.mx\\\/wp-content\\\/uploads\\\/2025\\\/04\\\/images-6.jpeg\",\"contentUrl\":\"https:\\\/\\\/quehacerpolitico.mx\\\/wp-content\\\/uploads\\\/2025\\\/04\\\/images-6.jpeg\",\"width\":275,\"height\":183},{\"@type\":\"BreadcrumbList\",\"@id\":\"https:\\\/\\\/quehacerpolitico.mx\\\/?p=115967#breadcrumb\",\"itemListElement\":[{\"@type\":\"ListItem\",\"position\":1,\"name\":\"Inicio\",\"item\":\"https:\\\/\\\/quehacerpolitico.mx\\\/\"},{\"@type\":\"ListItem\",\"position\":2,\"name\":\"Pegan fichas de b\u00fasqueda para conmemorar el D\u00eda de las Familias Buscadoras de M\u00e9xico\"}]},{\"@type\":\"WebSite\",\"@id\":\"https:\\\/\\\/quehacerpolitico.mx\\\/#website\",\"url\":\"https:\\\/\\\/quehacerpolitico.mx\\\/\",\"name\":\"\",\"description\":\"\",\"potentialAction\":[{\"@type\":\"SearchAction\",\"target\":{\"@type\":\"EntryPoint\",\"urlTemplate\":\"https:\\\/\\\/quehacerpolitico.mx\\\/?s={search_term_string}\"},\"query-input\":{\"@type\":\"PropertyValueSpecification\",\"valueRequired\":true,\"valueName\":\"search_term_string\"}}],\"inLanguage\":\"es\"},{\"@type\":\"Person\",\"@id\":\"https:\\\/\\\/quehacerpolitico.mx\\\/#\\\/schema\\\/person\\\/496d8ad2d1d3f8036101dca7ee39e585\",\"name\":\"Redacci\u00f3n QP\",\"image\":{\"@type\":\"ImageObject\",\"inLanguage\":\"es\",\"@id\":\"https:\\\/\\\/secure.gravatar.com\\\/avatar\\\/c7164ed6fdec453195284ad24a5ae5b6e1eed2b848477fa2a4787ba9adf39a41?s=96&d=mm&r=g\",\"url\":\"https:\\\/\\\/secure.gravatar.com\\\/avatar\\\/c7164ed6fdec453195284ad24a5ae5b6e1eed2b848477fa2a4787ba9adf39a41?s=96&d=mm&r=g\",\"contentUrl\":\"https:\\\/\\\/secure.gravatar.com\\\/avatar\\\/c7164ed6fdec453195284ad24a5ae5b6e1eed2b848477fa2a4787ba9adf39a41?s=96&d=mm&r=g\",\"caption\":\"Redacci\u00f3n QP\"},\"url\":\"https:\\\/\\\/quehacerpolitico.mx\\\/?author=2\"}]}<\/script>\n<!-- \/ Yoast SEO plugin. -->","yoast_head_json":{"title":"Pegan fichas de b\u00fasqueda para conmemorar el D\u00eda de las Familias Buscadoras de M\u00e9xico -","robots":{"index":"index","follow":"follow","max-snippet":"max-snippet:-1","max-image-preview":"max-image-preview:large","max-video-preview":"max-video-preview:-1"},"canonical":"https:\/\/quehacerpolitico.mx\/?p=115967","og_locale":"es_MX","og_type":"article","og_title":"Pegan fichas de b\u00fasqueda para conmemorar el D\u00eda de las Familias Buscadoras de M\u00e9xico -","og_description":"Por Redacci\u00f3n QP Frente Amplio de Familias Buscadoras de Verdad, Justicia y Memoria, se dieron...","og_url":"https:\/\/quehacerpolitico.mx\/?p=115967","article_published_time":"2025-04-20T22:26:27+00:00","article_modified_time":"2025-04-20T22:28:35+00:00","og_image":[{"width":275,"height":183,"url":"https:\/\/quehacerpolitico.mx\/wp-content\/uploads\/2025\/04\/images-6.jpeg","type":"image\/jpeg"}],"author":"Redacci\u00f3n QP","twitter_card":"summary_large_image","twitter_misc":{"Escrito por":"Redacci\u00f3n QP","Tiempo de lectura":"3 minutos"},"schema":{"@context":"https:\/\/schema.org","@graph":[{"@type":"Article","@id":"https:\/\/quehacerpolitico.mx\/?p=115967#article","isPartOf":{"@id":"https:\/\/quehacerpolitico.mx\/?p=115967"},"author":{"name":"Redacci\u00f3n QP","@id":"https:\/\/quehacerpolitico.mx\/#\/schema\/person\/496d8ad2d1d3f8036101dca7ee39e585"},"headline":"Pegan fichas de b\u00fasqueda para conmemorar el D\u00eda de las Familias Buscadoras de M\u00e9xico","datePublished":"2025-04-20T22:26:27+00:00","dateModified":"2025-04-20T22:28:35+00:00","mainEntityOfPage":{"@id":"https:\/\/quehacerpolitico.mx\/?p=115967"},"wordCount":557,"commentCount":0,"image":{"@id":"https:\/\/quehacerpolitico.mx\/?p=115967#primaryimage"},"thumbnailUrl":"https:\/\/quehacerpolitico.mx\/wp-content\/uploads\/2025\/04\/images-6.jpeg","articleSection":["Nacionales","Noticias"],"inLanguage":"es","potentialAction":[{"@type":"CommentAction","name":"Comment","target":["https:\/\/quehacerpolitico.mx\/?p=115967#respond"]}]},{"@type":"WebPage","@id":"https:\/\/quehacerpolitico.mx\/?p=115967","url":"https:\/\/quehacerpolitico.mx\/?p=115967","name":"Pegan fichas de b\u00fasqueda para conmemorar el D\u00eda de las Familias Buscadoras de M\u00e9xico -","isPartOf":{"@id":"https:\/\/quehacerpolitico.mx\/#website"},"primaryImageOfPage":{"@id":"https:\/\/quehacerpolitico.mx\/?p=115967#primaryimage"},"image":{"@id":"https:\/\/quehacerpolitico.mx\/?p=115967#primaryimage"},"thumbnailUrl":"https:\/\/quehacerpolitico.mx\/wp-content\/uploads\/2025\/04\/images-6.jpeg","datePublished":"2025-04-20T22:26:27+00:00","dateModified":"2025-04-20T22:28:35+00:00","author":{"@id":"https:\/\/quehacerpolitico.mx\/#\/schema\/person\/496d8ad2d1d3f8036101dca7ee39e585"},"breadcrumb":{"@id":"https:\/\/quehacerpolitico.mx\/?p=115967#breadcrumb"},"inLanguage":"es","potentialAction":[{"@type":"ReadAction","target":["https:\/\/quehacerpolitico.mx\/?p=115967"]}]},{"@type":"ImageObject","inLanguage":"es","@id":"https:\/\/quehacerpolitico.mx\/?p=115967#primaryimage","url":"https:\/\/quehacerpolitico.mx\/wp-content\/uploads\/2025\/04\/images-6.jpeg","contentUrl":"https:\/\/quehacerpolitico.mx\/wp-content\/uploads\/2025\/04\/images-6.jpeg","width":275,"height":183},{"@type":"BreadcrumbList","@id":"https:\/\/quehacerpolitico.mx\/?p=115967#breadcrumb","itemListElement":[{"@type":"ListItem","position":1,"name":"Inicio","item":"https:\/\/quehacerpolitico.mx\/"},{"@type":"ListItem","position":2,"name":"Pegan fichas de b\u00fasqueda para conmemorar el D\u00eda de las Familias Buscadoras de M\u00e9xico"}]},{"@type":"WebSite","@id":"https:\/\/quehacerpolitico.mx\/#website","url":"https:\/\/quehacerpolitico.mx\/","name":"","description":"","potentialAction":[{"@type":"SearchAction","target":{"@type":"EntryPoint","urlTemplate":"https:\/\/quehacerpolitico.mx\/?s={search_term_string}"},"query-input":{"@type":"PropertyValueSpecification","valueRequired":true,"valueName":"search_term_string"}}],"inLanguage":"es"},{"@type":"Person","@id":"https:\/\/quehacerpolitico.mx\/#\/schema\/person\/496d8ad2d1d3f8036101dca7ee39e585","name":"Redacci\u00f3n QP","image":{"@type":"ImageObject","inLanguage":"es","@id":"https:\/\/secure.gravatar.com\/avatar\/c7164ed6fdec453195284ad24a5ae5b6e1eed2b848477fa2a4787ba9adf39a41?s=96&d=mm&r=g","url":"https:\/\/secure.gravatar.com\/avatar\/c7164ed6fdec453195284ad24a5ae5b6e1eed2b848477fa2a4787ba9adf39a41?s=96&d=mm&r=g","contentUrl":"https:\/\/secure.gravatar.com\/avatar\/c7164ed6fdec453195284ad24a5ae5b6e1eed2b848477fa2a4787ba9adf39a41?s=96&d=mm&r=g","caption":"Redacci\u00f3n QP"},"url":"https:\/\/quehacerpolitico.mx\/?author=2"}]}},"featured_image_urls":{"full":["https:\/\/quehacerpolitico.mx\/wp-content\/uploads\/2025\/04\/images-6.jpeg",275,183,false],"thumbnail":["https:\/\/quehacerpolitico.mx\/wp-content\/uploads\/2025\/04\/images-6-150x150.jpeg",150,150,true],"medium":["https:\/\/quehacerpolitico.mx\/wp-content\/uploads\/2025\/04\/images-6.jpeg",275,183,false],"medium_large":["https:\/\/quehacerpolitico.mx\/wp-content\/uploads\/2025\/04\/images-6.jpeg",275,183,false],"large":["https:\/\/quehacerpolitico.mx\/wp-content\/uploads\/2025\/04\/images-6.jpeg",275,183,false],"1536x1536":["https:\/\/quehacerpolitico.mx\/wp-content\/uploads\/2025\/04\/images-6.jpeg",275,183,false],"2048x2048":["https:\/\/quehacerpolitico.mx\/wp-content\/uploads\/2025\/04\/images-6.jpeg",275,183,false],"covernews-featured":["https:\/\/quehacerpolitico.mx\/wp-content\/uploads\/2025\/04\/images-6.jpeg",275,183,false],"covernews-medium":["https:\/\/quehacerpolitico.mx\/wp-content\/uploads\/2025\/04\/images-6.jpeg",275,183,false]},"author_info":{"display_name":"Redacci\u00f3n QP","author_link":"https:\/\/quehacerpolitico.mx\/?author=2"},"category_info":"<a href=\"https:\/\/quehacerpolitico.mx\/?cat=280\" rel=\"category\">Nacionales<\/a> <a href=\"https:\/\/quehacerpolitico.mx\/?cat=2\" rel=\"category\">Noticias<\/a>","tag_info":"Noticias","comment_count":"0","_links":{"self":[{"href":"https:\/\/quehacerpolitico.mx\/index.php?rest_route=\/wp\/v2\/posts\/115967","targetHints":{"allow":["GET"]}}],"collection":[{"href":"https:\/\/quehacerpolitico.mx\/index.php?rest_route=\/wp\/v2\/posts"}],"about":[{"href":"https:\/\/quehacerpolitico.mx\/index.php?rest_route=\/wp\/v2\/types\/post"}],"author":[{"embeddable":true,"href":"https:\/\/quehacerpolitico.mx\/index.php?rest_route=\/wp\/v2\/users\/2"}],"replies":[{"embeddable":true,"href":"https:\/\/quehacerpolitico.mx\/index.php?rest_route=%2Fwp%2Fv2%2Fcomments&post=115967"}],"version-history":[{"count":2,"href":"https:\/\/quehacerpolitico.mx\/index.php?rest_route=\/wp\/v2\/posts\/115967\/revisions"}],"predecessor-version":[{"id":115971,"href":"https:\/\/quehacerpolitico.mx\/index.php?rest_route=\/wp\/v2\/posts\/115967\/revisions\/115971"}],"wp:featuredmedia":[{"embeddable":true,"href":"https:\/\/quehacerpolitico.mx\/index.php?rest_route=\/wp\/v2\/media\/115970"}],"wp:attachment":[{"href":"https:\/\/quehacerpolitico.mx\/index.php?rest_route=%2Fwp%2Fv2%2Fmedia&parent=115967"}],"wp:term":[{"taxonomy":"category","embeddable":true,"href":"https:\/\/quehacerpolitico.mx\/index.php?rest_route=%2Fwp%2Fv2%2Fcategories&post=115967"},{"taxonomy":"post_tag","embeddable":true,"href":"https:\/\/quehacerpolitico.mx\/index.php?rest_route=%2Fwp%2Fv2%2Ftags&post=115967"}],"curies":[{"name":"wp","href":"https:\/\/api.w.org\/{rel}","templated":true}]}}