{"id":115950,"date":"2025-04-18T18:47:19","date_gmt":"2025-04-19T00:47:19","guid":{"rendered":"https:\/\/quehacerpolitico.mx\/?p=115950"},"modified":"2025-04-18T18:47:22","modified_gmt":"2025-04-19T00:47:22","slug":"tsunoda-asume-la-responsabilidad-por-chocar-su-auto-en-la-practica-2-del-gp-de-arabia-saudita-pido-disculpas-al-equipo-fue-culpa-mia","status":"publish","type":"post","link":"https:\/\/quehacerpolitico.mx\/?p=115950","title":{"rendered":"Tsunoda asume la responsabilidad por chocar su auto en la pr\u00e1ctica 2 del GP de Arabia Saudita: \u201cPido disculpas al equipo, fue culpa m\u00eda\u201d"},"content":{"rendered":"\n<p>Por Redacci\u00f3n QP<\/p>\n\n\n\n<p>El japon\u00e9s de Red Bull hab\u00eda registrado el sexto mejor tiempo y posteriormente se impact\u00f3 caus\u00e1ndole da\u00f1os a su monoplaza.<\/p>\n\n\n\n<p>El japon\u00e9s&nbsp;<strong>Yuki Tsunoda&nbsp;<\/strong>sufri\u00f3 un percance en la segunda pr\u00e1ctica del&nbsp;<strong>Gran Premio de Arabia Saudita<\/strong>&nbsp;luego de derrapar e impactar su auto&nbsp;en la&nbsp;barrera de la \u00faltima curva.<\/p>\n\n\n\n<p>Previamente hab\u00eda registrado el<strong>&nbsp;sexto mejor tiempo de los segundos ensayos en Yeda<\/strong>. Tras lo sucedido, el piloto de Red Bull asumi\u00f3 la&nbsp;<strong>responsabilidad<\/strong>&nbsp;de lo sucedido.<\/p>\n\n\n\n<p>&#8220;He girado demasiado, he tocado el muro interior y he sufrido da\u00f1os.&nbsp;Despu\u00e9s de eso, no ten\u00eda el control.&nbsp;<strong>Pido disculpas al equipo<\/strong>, las cosas iban bien, as\u00ed que es una pena.<\/p>\n\n\n\n<figure class=\"wp-block-embed is-type-rich is-provider-twitter wp-block-embed-twitter\"><div class=\"wp-block-embed__wrapper\">\n<blockquote class=\"twitter-tweet\" data-width=\"550\" data-dnt=\"true\"><p lang=\"en\" dir=\"ltr\">A frustrating end to FP2 for Yuki, but valuable laps banked for both drivers<br><br>On to Saturday \u23ed\ufe0f <a href=\"https:\/\/twitter.com\/hashtag\/F1?src=hash&amp;ref_src=twsrc%5Etfw\">#F1<\/a> || <a href=\"https:\/\/twitter.com\/hashtag\/SaudiArabianGP?src=hash&amp;ref_src=twsrc%5Etfw\">#SaudiArabianGP<\/a> <a href=\"https:\/\/t.co\/YffPvH0xX5\">pic.twitter.com\/YffPvH0xX5<\/a><\/p>&mdash; Oracle Red Bull Racing (@redbullracing) <a href=\"https:\/\/twitter.com\/redbullracing\/status\/1913292280443687210?ref_src=twsrc%5Etfw\">April 18, 2025<\/a><\/blockquote><script async src=\"https:\/\/platform.twitter.com\/widgets.js\" charset=\"utf-8\"><\/script>\n<\/div><\/figure>\n\n\n\n<p>&#8220;Tuve un tiempo limitado para la tanda larga&nbsp;<strong>pero fue culpa m\u00eda&nbsp;<\/strong>(por el accidente), as\u00ed que no me puedo quejar. No es como quer\u00eda acabar, eso seguro. Pero las tandas cortas est\u00e1n bien, s\u00f3lo hubo un poco de problemas con el calentamiento, as\u00ed que hay un poco m\u00e1s (de tiempo por vuelta)&nbsp;por sacar&#8221;, explic\u00f3 el japon\u00e9s.<\/p>\n\n\n\n<p>De acuerdo con los reportes, los da\u00f1os del auto de Tsunoda no fueron de consideraci\u00f3n, por lo que podr\u00e1 competir con normalidad tanto en la clasificaci\u00f3n como en la carrera.<\/p>\n\n\n\n<p>La semana pasada en Bahr\u00e9in consigui\u00f3 sus primeros puntos como piloto de Red Bull luego de terminar en la&nbsp;<strong>novena posici\u00f3n.<\/strong><\/p>\n\n\n\n<figure class=\"wp-block-embed is-type-rich is-provider-twitter wp-block-embed-twitter\"><div class=\"wp-block-embed__wrapper\">\n<blockquote class=\"twitter-tweet\" data-width=\"550\" data-dnt=\"true\"><p lang=\"es\" dir=\"ltr\">\ud83d\udca5 As\u00ed ha sido el ACCIDENTE de Tsunoda.<a href=\"https:\/\/t.co\/XRl70BdbDN\">https:\/\/t.co\/XRl70BdbDN<\/a><\/p>&mdash; ElReyGuiri (@ElReyGuiri) <a href=\"https:\/\/twitter.com\/ElReyGuiri\/status\/1913289918522024052?ref_src=twsrc%5Etfw\">April 18, 2025<\/a><\/blockquote><script async src=\"https:\/\/platform.twitter.com\/widgets.js\" charset=\"utf-8\"><\/script>\n<\/div><\/figure>\n","protected":false},"excerpt":{"rendered":"<p>Por Redacci\u00f3n QP El japon\u00e9s de Red Bull hab\u00eda registrado el sexto mejor tiempo y&#8230;<\/p>\n","protected":false},"author":2,"featured_media":115951,"comment_status":"open","ping_status":"open","sticky":false,"template":"","format":"standard","meta":{"_monsterinsights_skip_tracking":false,"_monsterinsights_sitenote_active":false,"_monsterinsights_sitenote_note":"","_monsterinsights_sitenote_category":0,"footnotes":""},"categories":[54],"tags":[],"class_list":["post-115950","post","type-post","status-publish","format-standard","has-post-thumbnail","hentry","category-deportes"],"yoast_head":"<!-- This site is optimized with the Yoast SEO plugin v27.3 - https:\/\/yoast.com\/product\/yoast-seo-wordpress\/ -->\n<title>Tsunoda asume la responsabilidad por chocar su auto en la pr\u00e1ctica 2 del GP de Arabia Saudita: \u201cPido disculpas al equipo, fue culpa m\u00eda\u201d -<\/title>\n<meta name=\"robots\" content=\"index, follow, max-snippet:-1, max-image-preview:large, max-video-preview:-1\" \/>\n<link rel=\"canonical\" href=\"https:\/\/quehacerpolitico.mx\/?p=115950\" \/>\n<meta property=\"og:locale\" content=\"es_MX\" \/>\n<meta property=\"og:type\" content=\"article\" \/>\n<meta property=\"og:title\" content=\"Tsunoda asume la responsabilidad por chocar su auto en la pr\u00e1ctica 2 del GP de Arabia Saudita: \u201cPido disculpas al equipo, fue culpa m\u00eda\u201d -\" \/>\n<meta property=\"og:description\" content=\"Por Redacci\u00f3n QP El japon\u00e9s de Red Bull hab\u00eda registrado el sexto mejor tiempo y...\" \/>\n<meta property=\"og:url\" content=\"https:\/\/quehacerpolitico.mx\/?p=115950\" \/>\n<meta property=\"article:published_time\" content=\"2025-04-19T00:47:19+00:00\" \/>\n<meta property=\"article:modified_time\" content=\"2025-04-19T00:47:22+00:00\" \/>\n<meta property=\"og:image\" content=\"https:\/\/quehacerpolitico.mx\/wp-content\/uploads\/2025\/04\/images-4.jpeg\" \/>\n\t<meta property=\"og:image:width\" content=\"640\" \/>\n\t<meta property=\"og:image:height\" content=\"321\" \/>\n\t<meta property=\"og:image:type\" content=\"image\/jpeg\" \/>\n<meta name=\"author\" content=\"Redacci\u00f3n QP\" \/>\n<meta name=\"twitter:card\" content=\"summary_large_image\" \/>\n<meta name=\"twitter:label1\" content=\"Escrito por\" \/>\n\t<meta name=\"twitter:data1\" content=\"Redacci\u00f3n QP\" \/>\n\t<meta name=\"twitter:label2\" content=\"Tiempo de lectura\" \/>\n\t<meta name=\"twitter:data2\" content=\"1 minuto\" \/>\n<script type=\"application\/ld+json\" class=\"yoast-schema-graph\">{\"@context\":\"https:\\\/\\\/schema.org\",\"@graph\":[{\"@type\":\"Article\",\"@id\":\"https:\\\/\\\/quehacerpolitico.mx\\\/?p=115950#article\",\"isPartOf\":{\"@id\":\"https:\\\/\\\/quehacerpolitico.mx\\\/?p=115950\"},\"author\":{\"name\":\"Redacci\u00f3n QP\",\"@id\":\"https:\\\/\\\/quehacerpolitico.mx\\\/#\\\/schema\\\/person\\\/496d8ad2d1d3f8036101dca7ee39e585\"},\"headline\":\"Tsunoda asume la responsabilidad por chocar su auto en la pr\u00e1ctica 2 del GP de Arabia Saudita: \u201cPido disculpas al equipo, fue culpa m\u00eda\u201d\",\"datePublished\":\"2025-04-19T00:47:19+00:00\",\"dateModified\":\"2025-04-19T00:47:22+00:00\",\"mainEntityOfPage\":{\"@id\":\"https:\\\/\\\/quehacerpolitico.mx\\\/?p=115950\"},\"wordCount\":305,\"commentCount\":0,\"image\":{\"@id\":\"https:\\\/\\\/quehacerpolitico.mx\\\/?p=115950#primaryimage\"},\"thumbnailUrl\":\"https:\\\/\\\/quehacerpolitico.mx\\\/wp-content\\\/uploads\\\/2025\\\/04\\\/images-4.jpeg\",\"articleSection\":[\"Deportes\"],\"inLanguage\":\"es\",\"potentialAction\":[{\"@type\":\"CommentAction\",\"name\":\"Comment\",\"target\":[\"https:\\\/\\\/quehacerpolitico.mx\\\/?p=115950#respond\"]}]},{\"@type\":\"WebPage\",\"@id\":\"https:\\\/\\\/quehacerpolitico.mx\\\/?p=115950\",\"url\":\"https:\\\/\\\/quehacerpolitico.mx\\\/?p=115950\",\"name\":\"Tsunoda asume la responsabilidad por chocar su auto en la pr\u00e1ctica 2 del GP de Arabia Saudita: \u201cPido disculpas al equipo, fue culpa m\u00eda\u201d -\",\"isPartOf\":{\"@id\":\"https:\\\/\\\/quehacerpolitico.mx\\\/#website\"},\"primaryImageOfPage\":{\"@id\":\"https:\\\/\\\/quehacerpolitico.mx\\\/?p=115950#primaryimage\"},\"image\":{\"@id\":\"https:\\\/\\\/quehacerpolitico.mx\\\/?p=115950#primaryimage\"},\"thumbnailUrl\":\"https:\\\/\\\/quehacerpolitico.mx\\\/wp-content\\\/uploads\\\/2025\\\/04\\\/images-4.jpeg\",\"datePublished\":\"2025-04-19T00:47:19+00:00\",\"dateModified\":\"2025-04-19T00:47:22+00:00\",\"author\":{\"@id\":\"https:\\\/\\\/quehacerpolitico.mx\\\/#\\\/schema\\\/person\\\/496d8ad2d1d3f8036101dca7ee39e585\"},\"breadcrumb\":{\"@id\":\"https:\\\/\\\/quehacerpolitico.mx\\\/?p=115950#breadcrumb\"},\"inLanguage\":\"es\",\"potentialAction\":[{\"@type\":\"ReadAction\",\"target\":[\"https:\\\/\\\/quehacerpolitico.mx\\\/?p=115950\"]}]},{\"@type\":\"ImageObject\",\"inLanguage\":\"es\",\"@id\":\"https:\\\/\\\/quehacerpolitico.mx\\\/?p=115950#primaryimage\",\"url\":\"https:\\\/\\\/quehacerpolitico.mx\\\/wp-content\\\/uploads\\\/2025\\\/04\\\/images-4.jpeg\",\"contentUrl\":\"https:\\\/\\\/quehacerpolitico.mx\\\/wp-content\\\/uploads\\\/2025\\\/04\\\/images-4.jpeg\",\"width\":640,\"height\":321},{\"@type\":\"BreadcrumbList\",\"@id\":\"https:\\\/\\\/quehacerpolitico.mx\\\/?p=115950#breadcrumb\",\"itemListElement\":[{\"@type\":\"ListItem\",\"position\":1,\"name\":\"Inicio\",\"item\":\"https:\\\/\\\/quehacerpolitico.mx\\\/\"},{\"@type\":\"ListItem\",\"position\":2,\"name\":\"Tsunoda asume la responsabilidad por chocar su auto en la pr\u00e1ctica 2 del GP de Arabia Saudita: \u201cPido disculpas al equipo, fue culpa m\u00eda\u201d\"}]},{\"@type\":\"WebSite\",\"@id\":\"https:\\\/\\\/quehacerpolitico.mx\\\/#website\",\"url\":\"https:\\\/\\\/quehacerpolitico.mx\\\/\",\"name\":\"\",\"description\":\"\",\"potentialAction\":[{\"@type\":\"SearchAction\",\"target\":{\"@type\":\"EntryPoint\",\"urlTemplate\":\"https:\\\/\\\/quehacerpolitico.mx\\\/?s={search_term_string}\"},\"query-input\":{\"@type\":\"PropertyValueSpecification\",\"valueRequired\":true,\"valueName\":\"search_term_string\"}}],\"inLanguage\":\"es\"},{\"@type\":\"Person\",\"@id\":\"https:\\\/\\\/quehacerpolitico.mx\\\/#\\\/schema\\\/person\\\/496d8ad2d1d3f8036101dca7ee39e585\",\"name\":\"Redacci\u00f3n QP\",\"image\":{\"@type\":\"ImageObject\",\"inLanguage\":\"es\",\"@id\":\"https:\\\/\\\/secure.gravatar.com\\\/avatar\\\/c7164ed6fdec453195284ad24a5ae5b6e1eed2b848477fa2a4787ba9adf39a41?s=96&d=mm&r=g\",\"url\":\"https:\\\/\\\/secure.gravatar.com\\\/avatar\\\/c7164ed6fdec453195284ad24a5ae5b6e1eed2b848477fa2a4787ba9adf39a41?s=96&d=mm&r=g\",\"contentUrl\":\"https:\\\/\\\/secure.gravatar.com\\\/avatar\\\/c7164ed6fdec453195284ad24a5ae5b6e1eed2b848477fa2a4787ba9adf39a41?s=96&d=mm&r=g\",\"caption\":\"Redacci\u00f3n QP\"},\"url\":\"https:\\\/\\\/quehacerpolitico.mx\\\/?author=2\"}]}<\/script>\n<!-- \/ Yoast SEO plugin. -->","yoast_head_json":{"title":"Tsunoda asume la responsabilidad por chocar su auto en la pr\u00e1ctica 2 del GP de Arabia Saudita: \u201cPido disculpas al equipo, fue culpa m\u00eda\u201d -","robots":{"index":"index","follow":"follow","max-snippet":"max-snippet:-1","max-image-preview":"max-image-preview:large","max-video-preview":"max-video-preview:-1"},"canonical":"https:\/\/quehacerpolitico.mx\/?p=115950","og_locale":"es_MX","og_type":"article","og_title":"Tsunoda asume la responsabilidad por chocar su auto en la pr\u00e1ctica 2 del GP de Arabia Saudita: \u201cPido disculpas al equipo, fue culpa m\u00eda\u201d -","og_description":"Por Redacci\u00f3n QP El japon\u00e9s de Red Bull hab\u00eda registrado el sexto mejor tiempo y...","og_url":"https:\/\/quehacerpolitico.mx\/?p=115950","article_published_time":"2025-04-19T00:47:19+00:00","article_modified_time":"2025-04-19T00:47:22+00:00","og_image":[{"width":640,"height":321,"url":"https:\/\/quehacerpolitico.mx\/wp-content\/uploads\/2025\/04\/images-4.jpeg","type":"image\/jpeg"}],"author":"Redacci\u00f3n QP","twitter_card":"summary_large_image","twitter_misc":{"Escrito por":"Redacci\u00f3n QP","Tiempo de lectura":"1 minuto"},"schema":{"@context":"https:\/\/schema.org","@graph":[{"@type":"Article","@id":"https:\/\/quehacerpolitico.mx\/?p=115950#article","isPartOf":{"@id":"https:\/\/quehacerpolitico.mx\/?p=115950"},"author":{"name":"Redacci\u00f3n QP","@id":"https:\/\/quehacerpolitico.mx\/#\/schema\/person\/496d8ad2d1d3f8036101dca7ee39e585"},"headline":"Tsunoda asume la responsabilidad por chocar su auto en la pr\u00e1ctica 2 del GP de Arabia Saudita: \u201cPido disculpas al equipo, fue culpa m\u00eda\u201d","datePublished":"2025-04-19T00:47:19+00:00","dateModified":"2025-04-19T00:47:22+00:00","mainEntityOfPage":{"@id":"https:\/\/quehacerpolitico.mx\/?p=115950"},"wordCount":305,"commentCount":0,"image":{"@id":"https:\/\/quehacerpolitico.mx\/?p=115950#primaryimage"},"thumbnailUrl":"https:\/\/quehacerpolitico.mx\/wp-content\/uploads\/2025\/04\/images-4.jpeg","articleSection":["Deportes"],"inLanguage":"es","potentialAction":[{"@type":"CommentAction","name":"Comment","target":["https:\/\/quehacerpolitico.mx\/?p=115950#respond"]}]},{"@type":"WebPage","@id":"https:\/\/quehacerpolitico.mx\/?p=115950","url":"https:\/\/quehacerpolitico.mx\/?p=115950","name":"Tsunoda asume la responsabilidad por chocar su auto en la pr\u00e1ctica 2 del GP de Arabia Saudita: \u201cPido disculpas al equipo, fue culpa m\u00eda\u201d -","isPartOf":{"@id":"https:\/\/quehacerpolitico.mx\/#website"},"primaryImageOfPage":{"@id":"https:\/\/quehacerpolitico.mx\/?p=115950#primaryimage"},"image":{"@id":"https:\/\/quehacerpolitico.mx\/?p=115950#primaryimage"},"thumbnailUrl":"https:\/\/quehacerpolitico.mx\/wp-content\/uploads\/2025\/04\/images-4.jpeg","datePublished":"2025-04-19T00:47:19+00:00","dateModified":"2025-04-19T00:47:22+00:00","author":{"@id":"https:\/\/quehacerpolitico.mx\/#\/schema\/person\/496d8ad2d1d3f8036101dca7ee39e585"},"breadcrumb":{"@id":"https:\/\/quehacerpolitico.mx\/?p=115950#breadcrumb"},"inLanguage":"es","potentialAction":[{"@type":"ReadAction","target":["https:\/\/quehacerpolitico.mx\/?p=115950"]}]},{"@type":"ImageObject","inLanguage":"es","@id":"https:\/\/quehacerpolitico.mx\/?p=115950#primaryimage","url":"https:\/\/quehacerpolitico.mx\/wp-content\/uploads\/2025\/04\/images-4.jpeg","contentUrl":"https:\/\/quehacerpolitico.mx\/wp-content\/uploads\/2025\/04\/images-4.jpeg","width":640,"height":321},{"@type":"BreadcrumbList","@id":"https:\/\/quehacerpolitico.mx\/?p=115950#breadcrumb","itemListElement":[{"@type":"ListItem","position":1,"name":"Inicio","item":"https:\/\/quehacerpolitico.mx\/"},{"@type":"ListItem","position":2,"name":"Tsunoda asume la responsabilidad por chocar su auto en la pr\u00e1ctica 2 del GP de Arabia Saudita: \u201cPido disculpas al equipo, fue culpa m\u00eda\u201d"}]},{"@type":"WebSite","@id":"https:\/\/quehacerpolitico.mx\/#website","url":"https:\/\/quehacerpolitico.mx\/","name":"","description":"","potentialAction":[{"@type":"SearchAction","target":{"@type":"EntryPoint","urlTemplate":"https:\/\/quehacerpolitico.mx\/?s={search_term_string}"},"query-input":{"@type":"PropertyValueSpecification","valueRequired":true,"valueName":"search_term_string"}}],"inLanguage":"es"},{"@type":"Person","@id":"https:\/\/quehacerpolitico.mx\/#\/schema\/person\/496d8ad2d1d3f8036101dca7ee39e585","name":"Redacci\u00f3n QP","image":{"@type":"ImageObject","inLanguage":"es","@id":"https:\/\/secure.gravatar.com\/avatar\/c7164ed6fdec453195284ad24a5ae5b6e1eed2b848477fa2a4787ba9adf39a41?s=96&d=mm&r=g","url":"https:\/\/secure.gravatar.com\/avatar\/c7164ed6fdec453195284ad24a5ae5b6e1eed2b848477fa2a4787ba9adf39a41?s=96&d=mm&r=g","contentUrl":"https:\/\/secure.gravatar.com\/avatar\/c7164ed6fdec453195284ad24a5ae5b6e1eed2b848477fa2a4787ba9adf39a41?s=96&d=mm&r=g","caption":"Redacci\u00f3n QP"},"url":"https:\/\/quehacerpolitico.mx\/?author=2"}]}},"featured_image_urls":{"full":["https:\/\/quehacerpolitico.mx\/wp-content\/uploads\/2025\/04\/images-4.jpeg",640,321,false],"thumbnail":["https:\/\/quehacerpolitico.mx\/wp-content\/uploads\/2025\/04\/images-4-150x150.jpeg",150,150,true],"medium":["https:\/\/quehacerpolitico.mx\/wp-content\/uploads\/2025\/04\/images-4-300x150.jpeg",300,150,true],"medium_large":["https:\/\/quehacerpolitico.mx\/wp-content\/uploads\/2025\/04\/images-4.jpeg",640,321,false],"large":["https:\/\/quehacerpolitico.mx\/wp-content\/uploads\/2025\/04\/images-4.jpeg",640,321,false],"1536x1536":["https:\/\/quehacerpolitico.mx\/wp-content\/uploads\/2025\/04\/images-4.jpeg",640,321,false],"2048x2048":["https:\/\/quehacerpolitico.mx\/wp-content\/uploads\/2025\/04\/images-4.jpeg",640,321,false],"covernews-featured":["https:\/\/quehacerpolitico.mx\/wp-content\/uploads\/2025\/04\/images-4.jpeg",640,321,false],"covernews-medium":["https:\/\/quehacerpolitico.mx\/wp-content\/uploads\/2025\/04\/images-4-540x321.jpeg",540,321,true]},"author_info":{"display_name":"Redacci\u00f3n QP","author_link":"https:\/\/quehacerpolitico.mx\/?author=2"},"category_info":"<a href=\"https:\/\/quehacerpolitico.mx\/?cat=54\" rel=\"category\">Deportes<\/a>","tag_info":"Deportes","comment_count":"0","_links":{"self":[{"href":"https:\/\/quehacerpolitico.mx\/index.php?rest_route=\/wp\/v2\/posts\/115950","targetHints":{"allow":["GET"]}}],"collection":[{"href":"https:\/\/quehacerpolitico.mx\/index.php?rest_route=\/wp\/v2\/posts"}],"about":[{"href":"https:\/\/quehacerpolitico.mx\/index.php?rest_route=\/wp\/v2\/types\/post"}],"author":[{"embeddable":true,"href":"https:\/\/quehacerpolitico.mx\/index.php?rest_route=\/wp\/v2\/users\/2"}],"replies":[{"embeddable":true,"href":"https:\/\/quehacerpolitico.mx\/index.php?rest_route=%2Fwp%2Fv2%2Fcomments&post=115950"}],"version-history":[{"count":1,"href":"https:\/\/quehacerpolitico.mx\/index.php?rest_route=\/wp\/v2\/posts\/115950\/revisions"}],"predecessor-version":[{"id":115952,"href":"https:\/\/quehacerpolitico.mx\/index.php?rest_route=\/wp\/v2\/posts\/115950\/revisions\/115952"}],"wp:featuredmedia":[{"embeddable":true,"href":"https:\/\/quehacerpolitico.mx\/index.php?rest_route=\/wp\/v2\/media\/115951"}],"wp:attachment":[{"href":"https:\/\/quehacerpolitico.mx\/index.php?rest_route=%2Fwp%2Fv2%2Fmedia&parent=115950"}],"wp:term":[{"taxonomy":"category","embeddable":true,"href":"https:\/\/quehacerpolitico.mx\/index.php?rest_route=%2Fwp%2Fv2%2Fcategories&post=115950"},{"taxonomy":"post_tag","embeddable":true,"href":"https:\/\/quehacerpolitico.mx\/index.php?rest_route=%2Fwp%2Fv2%2Ftags&post=115950"}],"curies":[{"name":"wp","href":"https:\/\/api.w.org\/{rel}","templated":true}]}}