{"id":11592,"date":"2018-12-13T15:15:18","date_gmt":"2018-12-13T15:15:18","guid":{"rendered":"http:\/\/quehacerpolitico.mx\/morena-niega-acuerdo-con-los-ministros-sobre-reduccion-de-salarios-y-los-ministros-tambien\/"},"modified":"2018-12-13T15:15:18","modified_gmt":"2018-12-13T15:15:18","slug":"morena-niega-acuerdo-con-los-ministros-sobre-reduccion-de-salarios-y-los-ministros-tambien","status":"publish","type":"post","link":"https:\/\/quehacerpolitico.mx\/?p=11592","title":{"rendered":"Morena niega acuerdo con los ministros sobre reducci\u00f3n de salarios, y los ministros tambi\u00e9n"},"content":{"rendered":"<h1>Morena niega acuerdo con los ministros sobre reducci\u00f3n de salarios, y los ministros tambi\u00e9n<\/h1>\n<p>Por Redacci\u00f3n QP<\/p>\n<p><strong>Mario Delgado<\/strong>, Coordinador del Grupo Parlamentario del Movimiento de Regeneraci\u00f3n Nacional (<strong>Morena<\/strong>) en la C\u00e1mara de Diputados <strong>neg\u00f3 haber alcanzado un acuerdo<\/strong> en materia de remuneraciones con los ministros luego de que el d\u00eda de ayer sostuviera un encuentro con el Presidente de la Suprema Corte de Justicia de la Naci\u00f3n (<strong>SCJN<\/strong>), <strong>Luis Mar\u00eda Aguilar<\/strong>.<\/p>\n<p>En entrevista con <strong><em>Milenio<\/em><\/strong>, el l\u00edder de Morena en San L\u00e1zaro neg\u00f3 haber llegado a alg\u00fan tipo de acuerdo e indic\u00f3 que s\u00f3lo se trat\u00f3 de un acercamiento para aclarar que el Gobierno de la Rep\u00fablica <strong>no est\u00e1 en contra del poder judicial<\/strong>.<\/p>\n<p>El presidente de la Junta de Coordinaci\u00f3n Pol\u00edtica (JUCOPO) asegur\u00f3 que pese a que los jueces pidieron mantener los mismo sueldos en el Presupuesto 2019, los diputados aplicar\u00e1n la disposici\u00f3n constitucional que impede a cualquier funcionario percibir un sueldo mayor al del Presidente de la Rep\u00fablica.<\/p>\n<blockquote>\n<p>\u201cPor primera vez en nueve a\u00f1os se va a respetar el texto constitucional, espec\u00edficamente el art\u00edculo 127, en el que nadie puede ganar por encima de lo que gana el Presidente de la Rep\u00fablica\u201d, dijo Delgado.<\/p>\n<\/blockquote>\n<p>El d\u00eda de ayer, el diario <em>Reforma<\/em> public\u00f3 que los Ministros de las SCJN y diputados de Morena acordaron que el poder judicial definir\u00e1 el monto de sus salarios y que este s\u00f3lo se reducir\u00eda a los futuros nuevos integrantes.<\/p>\n<p>Al que supla al ministro\u00a0Jos\u00e9 Ram\u00f3n Coss\u00edo, por ejemplo, se le reducir\u00e1 el salario y ganar\u00e1 menos que\u00a0Andr\u00e9s Manuel L\u00f3pez Obrador, Presidente de M\u00e9xico, seg\u00fan lo establecido en la\u00a0Ley Federal de Remuneraciones\u00a0de los Servidores P\u00fablicos.<\/p>\n<p>El 11 de diciembre, la Presidencia de M\u00e9xico interpuso un recurso de reclamaci\u00f3n contra la suspensi\u00f3n de la Ley Federal de Remuneraciones que impide a los funcionarios p\u00fablicos ganar m\u00e1s que el titular del Ejecutivo.<\/p>\n<p>La ley fue suspendida por un ministro de la Suprema Corte de Justicia de la Naci\u00f3n (SCJN) por acciones de inconstitucionalidad promovidas por Senadores y la Comisi\u00f3n Nacional de Derechos Humanos (CNDH) en tanto se resuelve la controversia.<\/p>\n<p>La suspensi\u00f3n decretada por el ministro Alberto P\u00e9rez Day\u00e1n supone que los salarios de los servidores p\u00fablicos para el 2019 no sean fijados conforme al contenido de la Ley de Remuneraciones reclamada.<\/p>\n<p>En representaci\u00f3n del presidente mexicano, la Consejer\u00eda Jur\u00eddica del Ejecutivo Federal, interpuso el recurso de reclamaci\u00f3n con el argumento que la admisi\u00f3n de una acci\u00f3n de inconstitucionalidad \u201cno da lugar a suspensi\u00f3n de la norma cuestionada\u201d.<\/p>\n<p>El ministro que suspendi\u00f3 al aplicaci\u00f3n de esta ley consider\u00f3 que \u201clos efectos de las normas cuestionadas podr\u00edan afectar los derechos humanos de terceros\u201d, indic\u00f3 la Consejer\u00eda Jur\u00eddica del ejecutivo mexicano.<\/p>\n<p>Esta interpretaci\u00f3n \u201cdesatiende los requisitos procedimentales expresos que establece la propia ley reglamentaria\u201d, consider\u00f3 la oficina de asesor\u00eda.<\/p>\n<p>Andr\u00e9s Manuel L\u00f3pez Obrador asegur\u00f3 ayer que s\u00f3lo Donald Trump ganaba m\u00e1s que los ministros de la Suprema Corte de Justicia de la Naci\u00f3n, y de acuerdo con lo establecido en la legislaci\u00f3n estadounidense, un Presidente de Estados Unidos recibe un salario anual de 400 mil d\u00f3lares distribuidos en doce pagos mensuales de 33 mil 333 d\u00f3lares, unos 660 mil pesos mexicanos a tipo de cambio actual.<\/p>\n","protected":false},"excerpt":{"rendered":"<p>Morena niega acuerdo con los ministros sobre reducci\u00f3n de salarios, y los ministros tambi\u00e9N<br \/>\nPor Redacci\u00f3n QP<\/p>\n","protected":false},"author":2,"featured_media":11591,"comment_status":"open","ping_status":"open","sticky":false,"template":"","format":"standard","meta":{"_monsterinsights_skip_tracking":false,"_monsterinsights_sitenote_active":false,"_monsterinsights_sitenote_note":"","_monsterinsights_sitenote_category":0,"footnotes":""},"categories":[2],"tags":[],"class_list":["post-11592","post","type-post","status-publish","format-standard","has-post-thumbnail","hentry","category-noticias"],"yoast_head":"<!-- This site is optimized with the Yoast SEO plugin v27.3 - https:\/\/yoast.com\/product\/yoast-seo-wordpress\/ -->\n<title>Morena niega acuerdo con los ministros sobre reducci\u00f3n de salarios, y los ministros tambi\u00e9n -<\/title>\n<meta name=\"robots\" content=\"index, follow, max-snippet:-1, max-image-preview:large, max-video-preview:-1\" \/>\n<link rel=\"canonical\" href=\"https:\/\/quehacerpolitico.mx\/?p=11592\" \/>\n<meta property=\"og:locale\" content=\"es_MX\" \/>\n<meta property=\"og:type\" content=\"article\" \/>\n<meta property=\"og:title\" content=\"Morena niega acuerdo con los ministros sobre reducci\u00f3n de salarios, y los ministros tambi\u00e9n -\" \/>\n<meta property=\"og:description\" content=\"Morena niega acuerdo con los ministros sobre reducci\u00f3n de salarios, y los ministros tambi\u00e9N Por Redacci\u00f3n QP\" \/>\n<meta property=\"og:url\" content=\"https:\/\/quehacerpolitico.mx\/?p=11592\" \/>\n<meta property=\"article:published_time\" content=\"2018-12-13T15:15:18+00:00\" \/>\n<meta name=\"author\" content=\"Redacci\u00f3n QP\" \/>\n<meta name=\"twitter:card\" content=\"summary_large_image\" \/>\n<meta name=\"twitter:label1\" content=\"Escrito por\" \/>\n\t<meta name=\"twitter:data1\" content=\"Redacci\u00f3n QP\" \/>\n\t<meta name=\"twitter:label2\" content=\"Tiempo de lectura\" \/>\n\t<meta name=\"twitter:data2\" content=\"3 minutos\" \/>\n<script type=\"application\/ld+json\" class=\"yoast-schema-graph\">{\"@context\":\"https:\\\/\\\/schema.org\",\"@graph\":[{\"@type\":\"Article\",\"@id\":\"https:\\\/\\\/quehacerpolitico.mx\\\/?p=11592#article\",\"isPartOf\":{\"@id\":\"https:\\\/\\\/quehacerpolitico.mx\\\/?p=11592\"},\"author\":{\"name\":\"Redacci\u00f3n QP\",\"@id\":\"https:\\\/\\\/quehacerpolitico.mx\\\/#\\\/schema\\\/person\\\/496d8ad2d1d3f8036101dca7ee39e585\"},\"headline\":\"Morena niega acuerdo con los ministros sobre reducci\u00f3n de salarios, y los ministros tambi\u00e9n\",\"datePublished\":\"2018-12-13T15:15:18+00:00\",\"mainEntityOfPage\":{\"@id\":\"https:\\\/\\\/quehacerpolitico.mx\\\/?p=11592\"},\"wordCount\":605,\"commentCount\":0,\"image\":{\"@id\":\"https:\\\/\\\/quehacerpolitico.mx\\\/?p=11592#primaryimage\"},\"thumbnailUrl\":\"\",\"articleSection\":[\"Noticias\"],\"inLanguage\":\"es\",\"potentialAction\":[{\"@type\":\"CommentAction\",\"name\":\"Comment\",\"target\":[\"https:\\\/\\\/quehacerpolitico.mx\\\/?p=11592#respond\"]}]},{\"@type\":\"WebPage\",\"@id\":\"https:\\\/\\\/quehacerpolitico.mx\\\/?p=11592\",\"url\":\"https:\\\/\\\/quehacerpolitico.mx\\\/?p=11592\",\"name\":\"Morena niega acuerdo con los ministros sobre reducci\u00f3n de salarios, y los ministros tambi\u00e9n -\",\"isPartOf\":{\"@id\":\"https:\\\/\\\/quehacerpolitico.mx\\\/#website\"},\"primaryImageOfPage\":{\"@id\":\"https:\\\/\\\/quehacerpolitico.mx\\\/?p=11592#primaryimage\"},\"image\":{\"@id\":\"https:\\\/\\\/quehacerpolitico.mx\\\/?p=11592#primaryimage\"},\"thumbnailUrl\":\"\",\"datePublished\":\"2018-12-13T15:15:18+00:00\",\"author\":{\"@id\":\"https:\\\/\\\/quehacerpolitico.mx\\\/#\\\/schema\\\/person\\\/496d8ad2d1d3f8036101dca7ee39e585\"},\"breadcrumb\":{\"@id\":\"https:\\\/\\\/quehacerpolitico.mx\\\/?p=11592#breadcrumb\"},\"inLanguage\":\"es\",\"potentialAction\":[{\"@type\":\"ReadAction\",\"target\":[\"https:\\\/\\\/quehacerpolitico.mx\\\/?p=11592\"]}]},{\"@type\":\"ImageObject\",\"inLanguage\":\"es\",\"@id\":\"https:\\\/\\\/quehacerpolitico.mx\\\/?p=11592#primaryimage\",\"url\":\"\",\"contentUrl\":\"\"},{\"@type\":\"BreadcrumbList\",\"@id\":\"https:\\\/\\\/quehacerpolitico.mx\\\/?p=11592#breadcrumb\",\"itemListElement\":[{\"@type\":\"ListItem\",\"position\":1,\"name\":\"Inicio\",\"item\":\"https:\\\/\\\/quehacerpolitico.mx\\\/\"},{\"@type\":\"ListItem\",\"position\":2,\"name\":\"Morena niega acuerdo con los ministros sobre reducci\u00f3n de salarios, y los ministros tambi\u00e9n\"}]},{\"@type\":\"WebSite\",\"@id\":\"https:\\\/\\\/quehacerpolitico.mx\\\/#website\",\"url\":\"https:\\\/\\\/quehacerpolitico.mx\\\/\",\"name\":\"\",\"description\":\"\",\"potentialAction\":[{\"@type\":\"SearchAction\",\"target\":{\"@type\":\"EntryPoint\",\"urlTemplate\":\"https:\\\/\\\/quehacerpolitico.mx\\\/?s={search_term_string}\"},\"query-input\":{\"@type\":\"PropertyValueSpecification\",\"valueRequired\":true,\"valueName\":\"search_term_string\"}}],\"inLanguage\":\"es\"},{\"@type\":\"Person\",\"@id\":\"https:\\\/\\\/quehacerpolitico.mx\\\/#\\\/schema\\\/person\\\/496d8ad2d1d3f8036101dca7ee39e585\",\"name\":\"Redacci\u00f3n QP\",\"image\":{\"@type\":\"ImageObject\",\"inLanguage\":\"es\",\"@id\":\"https:\\\/\\\/secure.gravatar.com\\\/avatar\\\/c7164ed6fdec453195284ad24a5ae5b6e1eed2b848477fa2a4787ba9adf39a41?s=96&d=mm&r=g\",\"url\":\"https:\\\/\\\/secure.gravatar.com\\\/avatar\\\/c7164ed6fdec453195284ad24a5ae5b6e1eed2b848477fa2a4787ba9adf39a41?s=96&d=mm&r=g\",\"contentUrl\":\"https:\\\/\\\/secure.gravatar.com\\\/avatar\\\/c7164ed6fdec453195284ad24a5ae5b6e1eed2b848477fa2a4787ba9adf39a41?s=96&d=mm&r=g\",\"caption\":\"Redacci\u00f3n QP\"},\"url\":\"https:\\\/\\\/quehacerpolitico.mx\\\/?author=2\"}]}<\/script>\n<!-- \/ Yoast SEO plugin. -->","yoast_head_json":{"title":"Morena niega acuerdo con los ministros sobre reducci\u00f3n de salarios, y los ministros tambi\u00e9n -","robots":{"index":"index","follow":"follow","max-snippet":"max-snippet:-1","max-image-preview":"max-image-preview:large","max-video-preview":"max-video-preview:-1"},"canonical":"https:\/\/quehacerpolitico.mx\/?p=11592","og_locale":"es_MX","og_type":"article","og_title":"Morena niega acuerdo con los ministros sobre reducci\u00f3n de salarios, y los ministros tambi\u00e9n -","og_description":"Morena niega acuerdo con los ministros sobre reducci\u00f3n de salarios, y los ministros tambi\u00e9N Por Redacci\u00f3n QP","og_url":"https:\/\/quehacerpolitico.mx\/?p=11592","article_published_time":"2018-12-13T15:15:18+00:00","author":"Redacci\u00f3n QP","twitter_card":"summary_large_image","twitter_misc":{"Escrito por":"Redacci\u00f3n QP","Tiempo de lectura":"3 minutos"},"schema":{"@context":"https:\/\/schema.org","@graph":[{"@type":"Article","@id":"https:\/\/quehacerpolitico.mx\/?p=11592#article","isPartOf":{"@id":"https:\/\/quehacerpolitico.mx\/?p=11592"},"author":{"name":"Redacci\u00f3n QP","@id":"https:\/\/quehacerpolitico.mx\/#\/schema\/person\/496d8ad2d1d3f8036101dca7ee39e585"},"headline":"Morena niega acuerdo con los ministros sobre reducci\u00f3n de salarios, y los ministros tambi\u00e9n","datePublished":"2018-12-13T15:15:18+00:00","mainEntityOfPage":{"@id":"https:\/\/quehacerpolitico.mx\/?p=11592"},"wordCount":605,"commentCount":0,"image":{"@id":"https:\/\/quehacerpolitico.mx\/?p=11592#primaryimage"},"thumbnailUrl":"","articleSection":["Noticias"],"inLanguage":"es","potentialAction":[{"@type":"CommentAction","name":"Comment","target":["https:\/\/quehacerpolitico.mx\/?p=11592#respond"]}]},{"@type":"WebPage","@id":"https:\/\/quehacerpolitico.mx\/?p=11592","url":"https:\/\/quehacerpolitico.mx\/?p=11592","name":"Morena niega acuerdo con los ministros sobre reducci\u00f3n de salarios, y los ministros tambi\u00e9n -","isPartOf":{"@id":"https:\/\/quehacerpolitico.mx\/#website"},"primaryImageOfPage":{"@id":"https:\/\/quehacerpolitico.mx\/?p=11592#primaryimage"},"image":{"@id":"https:\/\/quehacerpolitico.mx\/?p=11592#primaryimage"},"thumbnailUrl":"","datePublished":"2018-12-13T15:15:18+00:00","author":{"@id":"https:\/\/quehacerpolitico.mx\/#\/schema\/person\/496d8ad2d1d3f8036101dca7ee39e585"},"breadcrumb":{"@id":"https:\/\/quehacerpolitico.mx\/?p=11592#breadcrumb"},"inLanguage":"es","potentialAction":[{"@type":"ReadAction","target":["https:\/\/quehacerpolitico.mx\/?p=11592"]}]},{"@type":"ImageObject","inLanguage":"es","@id":"https:\/\/quehacerpolitico.mx\/?p=11592#primaryimage","url":"","contentUrl":""},{"@type":"BreadcrumbList","@id":"https:\/\/quehacerpolitico.mx\/?p=11592#breadcrumb","itemListElement":[{"@type":"ListItem","position":1,"name":"Inicio","item":"https:\/\/quehacerpolitico.mx\/"},{"@type":"ListItem","position":2,"name":"Morena niega acuerdo con los ministros sobre reducci\u00f3n de salarios, y los ministros tambi\u00e9n"}]},{"@type":"WebSite","@id":"https:\/\/quehacerpolitico.mx\/#website","url":"https:\/\/quehacerpolitico.mx\/","name":"","description":"","potentialAction":[{"@type":"SearchAction","target":{"@type":"EntryPoint","urlTemplate":"https:\/\/quehacerpolitico.mx\/?s={search_term_string}"},"query-input":{"@type":"PropertyValueSpecification","valueRequired":true,"valueName":"search_term_string"}}],"inLanguage":"es"},{"@type":"Person","@id":"https:\/\/quehacerpolitico.mx\/#\/schema\/person\/496d8ad2d1d3f8036101dca7ee39e585","name":"Redacci\u00f3n QP","image":{"@type":"ImageObject","inLanguage":"es","@id":"https:\/\/secure.gravatar.com\/avatar\/c7164ed6fdec453195284ad24a5ae5b6e1eed2b848477fa2a4787ba9adf39a41?s=96&d=mm&r=g","url":"https:\/\/secure.gravatar.com\/avatar\/c7164ed6fdec453195284ad24a5ae5b6e1eed2b848477fa2a4787ba9adf39a41?s=96&d=mm&r=g","contentUrl":"https:\/\/secure.gravatar.com\/avatar\/c7164ed6fdec453195284ad24a5ae5b6e1eed2b848477fa2a4787ba9adf39a41?s=96&d=mm&r=g","caption":"Redacci\u00f3n QP"},"url":"https:\/\/quehacerpolitico.mx\/?author=2"}]}},"featured_image_urls":{"full":"","thumbnail":"","medium":"","medium_large":"","large":"","1536x1536":"","2048x2048":"","covernews-featured":"","covernews-medium":""},"author_info":{"display_name":"Redacci\u00f3n QP","author_link":"https:\/\/quehacerpolitico.mx\/?author=2"},"category_info":"<a href=\"https:\/\/quehacerpolitico.mx\/?cat=2\" rel=\"category\">Noticias<\/a>","tag_info":"Noticias","comment_count":"0","_links":{"self":[{"href":"https:\/\/quehacerpolitico.mx\/index.php?rest_route=\/wp\/v2\/posts\/11592","targetHints":{"allow":["GET"]}}],"collection":[{"href":"https:\/\/quehacerpolitico.mx\/index.php?rest_route=\/wp\/v2\/posts"}],"about":[{"href":"https:\/\/quehacerpolitico.mx\/index.php?rest_route=\/wp\/v2\/types\/post"}],"author":[{"embeddable":true,"href":"https:\/\/quehacerpolitico.mx\/index.php?rest_route=\/wp\/v2\/users\/2"}],"replies":[{"embeddable":true,"href":"https:\/\/quehacerpolitico.mx\/index.php?rest_route=%2Fwp%2Fv2%2Fcomments&post=11592"}],"version-history":[{"count":0,"href":"https:\/\/quehacerpolitico.mx\/index.php?rest_route=\/wp\/v2\/posts\/11592\/revisions"}],"wp:featuredmedia":[{"embeddable":true,"href":"https:\/\/quehacerpolitico.mx\/index.php?rest_route=\/"}],"wp:attachment":[{"href":"https:\/\/quehacerpolitico.mx\/index.php?rest_route=%2Fwp%2Fv2%2Fmedia&parent=11592"}],"wp:term":[{"taxonomy":"category","embeddable":true,"href":"https:\/\/quehacerpolitico.mx\/index.php?rest_route=%2Fwp%2Fv2%2Fcategories&post=11592"},{"taxonomy":"post_tag","embeddable":true,"href":"https:\/\/quehacerpolitico.mx\/index.php?rest_route=%2Fwp%2Fv2%2Ftags&post=11592"}],"curies":[{"name":"wp","href":"https:\/\/api.w.org\/{rel}","templated":true}]}}