{"id":115918,"date":"2025-04-17T13:56:47","date_gmt":"2025-04-17T19:56:47","guid":{"rendered":"https:\/\/quehacerpolitico.mx\/?p=115918"},"modified":"2025-04-17T13:56:50","modified_gmt":"2025-04-17T19:56:50","slug":"quieres-ir-al-viacrucis-en-iztapalapa-y-no-sabes-como-llegar-aqui-te-decimos-como","status":"publish","type":"post","link":"https:\/\/quehacerpolitico.mx\/?p=115918","title":{"rendered":"Quieres ir al Viacrucis en Iztapalapa y no sabes como llegar? Aqu\u00ed te decimos como"},"content":{"rendered":"\n<p>Por Redacci\u00f3n QP<\/p>\n\n\n\n<p>La edici\u00f3n 182 de la Representaci\u00f3n del Viacrucis es un evento cultural y religioso que convoca cientos de miles de cat\u00f3licos y cat\u00f3licas<\/p>\n\n\n\n<p><strong>En Iztapalapa, en Ciudad de M\u00e9xico, una tradici\u00f3n se celebra cada Semana Santa. Se trata del Viacrucis que recuerda la pasi\u00f3n y muerte de Jesucristo<\/strong>, un evento importante para la comunidad cat\u00f3lica de la capital mexicana.<\/p>\n\n\n\n<p><strong>La edici\u00f3n 182 de la Representaci\u00f3n del Viacrucis es un evento cultural y religioso que convoca cientos de miles de cat\u00f3licos y cat\u00f3licas, este jueves 17 y viernes 18 de abril<\/strong>.<\/p>\n\n\n\n<p>Ante la visita de miles de personas,&nbsp;<strong>el Metro de la Ciudad de M\u00e9xico es la opci\u00f3n ideal para llegar a&nbsp;Iztapalapa&nbsp;y vivir la representaci\u00f3n cristiana<\/strong>. Autoridades&nbsp;han recomendado:<\/p>\n\n\n\n<p><strong>Utilizar la L\u00ednea 8 del Metro, que corre de&nbsp;Garibaldi&nbsp;a Constituci\u00f3n de 1917, porque las estaciones m\u00e1s cercanas al&nbsp;Viacrusis son<\/strong>:<\/p>\n\n\n\n<ol class=\"wp-block-list\">\n<li><strong>Cerro de la Estrella<\/strong><\/li>\n\n\n\n<li><strong>Iztapalapa<\/strong><\/li>\n<\/ol>\n\n\n\n<h2 class=\"wp-block-heading\">\u00bfCu\u00e1les son las alcald\u00edas que tienen Ley Seca?<\/h2>\n\n\n\n<p><strong>Alcald\u00eda&nbsp;Iztapalapa<\/strong><\/p>\n\n\n\n<p>Con motivo de la 182 Representaci\u00f3n de la Pasi\u00f3n de Cristo, esta demarcaci\u00f3n estableci\u00f3 la suspensi\u00f3n para la venta de bebidas alcoh\u00f3licas en envase cerrado, as\u00ed como en envase abierto y\/o al copeo en todas sus graduaciones, ser\u00e1 de las 00:00 horas a las 23:59 horas, los d\u00edas 17 y 18 de abril, en los ocho barrios de la alcald\u00eda.<\/p>\n\n\n\n<p><strong>Alcald\u00eda&nbsp;Tl\u00e1huac<\/strong><\/p>\n\n\n\n<p>En esta demarcaci\u00f3n se aplicar\u00e1 la suspensi\u00f3n para la venta de alcohol del 17 al 20 de abril en colonias y Barrios del Pueblo de San Andr\u00e9s Mixquic, en San Nicol\u00e1s Tetelco, San Juan Ixtayopan y en Francisco Tlaltenco.<\/p>\n\n\n\n<p>En San Pedro Tl\u00e1huac y San Santiago Zapotitl\u00e1n aplicar\u00e1 del 17 al 19 de abril, mientras que en el pueblo de Santa Catarina Yecahuizotl \u00fanicamente ser\u00e1n los d\u00edas 17 y 18 de abril.<\/p>\n\n\n\n<p>Adem\u00e1s, en Tl\u00e1huac habr\u00e1 suspensi\u00f3n para la venta de alcohol del 25 de abril al 5 de mayo por la &#8220;Tradicional XL Feria de la Nieve&#8221;, y los d\u00edas 26, 27 y 28 de abril en colonias y barrios del Pueblo de San Francisco Tlaltenco debido al &#8220;Carnaval Infantil San Francisco Tlaltenco 2025&#8221;.<\/p>\n\n\n\n<p><strong>Alcald\u00eda&nbsp;Cuajimalpa<\/strong><\/p>\n\n\n\n<p>En esta demarcaci\u00f3n, la suspensi\u00f3n para la venta de bebidas alcoh\u00f3licas en todas sus graduaciones ser\u00e1 a partir de las 00:00 horas del jueves 17 de abril y hasta las 23:59 horas del domingo 20 de abril de 2025.<\/p>\n\n\n\n<p>La medida aplicar\u00e1 en los establecimientos mercantiles que operen como vinater\u00edas, tiendas de abarrotes, tiendas de conveniencia, supermercados con licencia para venta de vinos y licores, tiendas de autoservicio, tiendas departamentales, cantinas, pulquer\u00edas, bares, cervecer\u00edas, pe\u00f1as, salas de cine con venta de vinos y licores, salones de baile, as\u00ed como en cualquier tipo de establecimiento mercantil en el que se expendan o consuman bebidas alcoh\u00f3licas de cualquier graduaci\u00f3n o que se instalen temporalmente con motivo de las ferias y tradiciones populares, incluyendo el servicio a domicilio.<\/p>\n\n\n\n<p><strong>Alcald\u00eda&nbsp;Milpa&nbsp;Alta<\/strong><\/p>\n\n\n\n<p>Por su parte, los d\u00edas 13, 19, 20, 21, 26 y 27 de abril se declara Ley Seca en San Pablo Oztotepec, en esta demarcaci\u00f3n, donde se llevar\u00e1 a cabo el carnaval; el 13, 25, 26 y 27 de ese mismo mes en Santa Ana Tlacotenco; del 20 al 23 en Villa Milpa Alta.<\/p>\n\n\n\n<p>Tambi\u00e9n se prohibir\u00e1 la venta de bebidas alcoh\u00f3licas en San Salvador Cuauhtenco los d\u00edas 20, 21, 22, 25, 26 y 27 de abril.<\/p>\n\n\n\n<p>El 2 y 3 de mayo en San Jer\u00f3nimo Miacatl\u00e1n; del 9 al 11 en San Agust\u00edn Ohtenco y San Bartolom\u00e9 Xicomulco.<\/p>\n\n\n\n<p><strong>Alcald\u00eda Venustiano Carranza<\/strong><\/p>\n\n\n\n<p>La demarcaci\u00f3n tendr\u00e1 suspensi\u00f3n para la venta de bebidas alcoh\u00f3licas los d\u00edas 17, 18, 19 y 20 de abril, de 00:00 a 23:59 horas.<\/p>\n\n\n\n<p>Aplicar\u00e1 en los establecimientos mercantiles, as\u00ed como en los puestos semifijos colocados en v\u00eda p\u00fablica.<\/p>\n\n\n\n<p>Con informaci\u00f3n de SUN&nbsp;<\/p>\n","protected":false},"excerpt":{"rendered":"<p>Por Redacci\u00f3n QP La edici\u00f3n 182 de la Representaci\u00f3n del Viacrucis es un evento cultural&#8230;<\/p>\n","protected":false},"author":2,"featured_media":115919,"comment_status":"open","ping_status":"open","sticky":false,"template":"","format":"standard","meta":{"_monsterinsights_skip_tracking":false,"_monsterinsights_sitenote_active":false,"_monsterinsights_sitenote_note":"","_monsterinsights_sitenote_category":0,"footnotes":""},"categories":[55],"tags":[],"class_list":["post-115918","post","type-post","status-publish","format-standard","has-post-thumbnail","hentry","category-cdmx"],"yoast_head":"<!-- This site is optimized with the Yoast SEO plugin v27.3 - https:\/\/yoast.com\/product\/yoast-seo-wordpress\/ -->\n<title>Quieres ir al Viacrucis en Iztapalapa y no sabes como llegar? Aqu\u00ed te decimos como -<\/title>\n<meta name=\"robots\" content=\"index, follow, max-snippet:-1, max-image-preview:large, max-video-preview:-1\" \/>\n<link rel=\"canonical\" href=\"https:\/\/quehacerpolitico.mx\/?p=115918\" \/>\n<meta property=\"og:locale\" content=\"es_MX\" \/>\n<meta property=\"og:type\" content=\"article\" \/>\n<meta property=\"og:title\" content=\"Quieres ir al Viacrucis en Iztapalapa y no sabes como llegar? Aqu\u00ed te decimos como -\" \/>\n<meta property=\"og:description\" content=\"Por Redacci\u00f3n QP La edici\u00f3n 182 de la Representaci\u00f3n del Viacrucis es un evento cultural...\" \/>\n<meta property=\"og:url\" content=\"https:\/\/quehacerpolitico.mx\/?p=115918\" \/>\n<meta property=\"article:published_time\" content=\"2025-04-17T19:56:47+00:00\" \/>\n<meta property=\"article:modified_time\" content=\"2025-04-17T19:56:50+00:00\" \/>\n<meta property=\"og:image\" content=\"https:\/\/quehacerpolitico.mx\/wp-content\/uploads\/2025\/04\/images-1-1.jpeg\" \/>\n\t<meta property=\"og:image:width\" content=\"739\" \/>\n\t<meta property=\"og:image:height\" content=\"415\" \/>\n\t<meta property=\"og:image:type\" content=\"image\/jpeg\" \/>\n<meta name=\"author\" content=\"Redacci\u00f3n QP\" \/>\n<meta name=\"twitter:card\" content=\"summary_large_image\" \/>\n<meta name=\"twitter:label1\" content=\"Escrito por\" \/>\n\t<meta name=\"twitter:data1\" content=\"Redacci\u00f3n QP\" \/>\n\t<meta name=\"twitter:label2\" content=\"Tiempo de lectura\" \/>\n\t<meta name=\"twitter:data2\" content=\"3 minutos\" \/>\n<script type=\"application\/ld+json\" class=\"yoast-schema-graph\">{\"@context\":\"https:\\\/\\\/schema.org\",\"@graph\":[{\"@type\":\"Article\",\"@id\":\"https:\\\/\\\/quehacerpolitico.mx\\\/?p=115918#article\",\"isPartOf\":{\"@id\":\"https:\\\/\\\/quehacerpolitico.mx\\\/?p=115918\"},\"author\":{\"name\":\"Redacci\u00f3n QP\",\"@id\":\"https:\\\/\\\/quehacerpolitico.mx\\\/#\\\/schema\\\/person\\\/496d8ad2d1d3f8036101dca7ee39e585\"},\"headline\":\"Quieres ir al Viacrucis en Iztapalapa y no sabes como llegar? Aqu\u00ed te decimos como\",\"datePublished\":\"2025-04-17T19:56:47+00:00\",\"dateModified\":\"2025-04-17T19:56:50+00:00\",\"mainEntityOfPage\":{\"@id\":\"https:\\\/\\\/quehacerpolitico.mx\\\/?p=115918\"},\"wordCount\":665,\"commentCount\":0,\"image\":{\"@id\":\"https:\\\/\\\/quehacerpolitico.mx\\\/?p=115918#primaryimage\"},\"thumbnailUrl\":\"https:\\\/\\\/quehacerpolitico.mx\\\/wp-content\\\/uploads\\\/2025\\\/04\\\/images-1-1.jpeg\",\"articleSection\":[\"CDMX\"],\"inLanguage\":\"es\",\"potentialAction\":[{\"@type\":\"CommentAction\",\"name\":\"Comment\",\"target\":[\"https:\\\/\\\/quehacerpolitico.mx\\\/?p=115918#respond\"]}]},{\"@type\":\"WebPage\",\"@id\":\"https:\\\/\\\/quehacerpolitico.mx\\\/?p=115918\",\"url\":\"https:\\\/\\\/quehacerpolitico.mx\\\/?p=115918\",\"name\":\"Quieres ir al Viacrucis en Iztapalapa y no sabes como llegar? Aqu\u00ed te decimos como -\",\"isPartOf\":{\"@id\":\"https:\\\/\\\/quehacerpolitico.mx\\\/#website\"},\"primaryImageOfPage\":{\"@id\":\"https:\\\/\\\/quehacerpolitico.mx\\\/?p=115918#primaryimage\"},\"image\":{\"@id\":\"https:\\\/\\\/quehacerpolitico.mx\\\/?p=115918#primaryimage\"},\"thumbnailUrl\":\"https:\\\/\\\/quehacerpolitico.mx\\\/wp-content\\\/uploads\\\/2025\\\/04\\\/images-1-1.jpeg\",\"datePublished\":\"2025-04-17T19:56:47+00:00\",\"dateModified\":\"2025-04-17T19:56:50+00:00\",\"author\":{\"@id\":\"https:\\\/\\\/quehacerpolitico.mx\\\/#\\\/schema\\\/person\\\/496d8ad2d1d3f8036101dca7ee39e585\"},\"breadcrumb\":{\"@id\":\"https:\\\/\\\/quehacerpolitico.mx\\\/?p=115918#breadcrumb\"},\"inLanguage\":\"es\",\"potentialAction\":[{\"@type\":\"ReadAction\",\"target\":[\"https:\\\/\\\/quehacerpolitico.mx\\\/?p=115918\"]}]},{\"@type\":\"ImageObject\",\"inLanguage\":\"es\",\"@id\":\"https:\\\/\\\/quehacerpolitico.mx\\\/?p=115918#primaryimage\",\"url\":\"https:\\\/\\\/quehacerpolitico.mx\\\/wp-content\\\/uploads\\\/2025\\\/04\\\/images-1-1.jpeg\",\"contentUrl\":\"https:\\\/\\\/quehacerpolitico.mx\\\/wp-content\\\/uploads\\\/2025\\\/04\\\/images-1-1.jpeg\",\"width\":739,\"height\":415},{\"@type\":\"BreadcrumbList\",\"@id\":\"https:\\\/\\\/quehacerpolitico.mx\\\/?p=115918#breadcrumb\",\"itemListElement\":[{\"@type\":\"ListItem\",\"position\":1,\"name\":\"Inicio\",\"item\":\"https:\\\/\\\/quehacerpolitico.mx\\\/\"},{\"@type\":\"ListItem\",\"position\":2,\"name\":\"Quieres ir al Viacrucis en Iztapalapa y no sabes como llegar? Aqu\u00ed te decimos como\"}]},{\"@type\":\"WebSite\",\"@id\":\"https:\\\/\\\/quehacerpolitico.mx\\\/#website\",\"url\":\"https:\\\/\\\/quehacerpolitico.mx\\\/\",\"name\":\"\",\"description\":\"\",\"potentialAction\":[{\"@type\":\"SearchAction\",\"target\":{\"@type\":\"EntryPoint\",\"urlTemplate\":\"https:\\\/\\\/quehacerpolitico.mx\\\/?s={search_term_string}\"},\"query-input\":{\"@type\":\"PropertyValueSpecification\",\"valueRequired\":true,\"valueName\":\"search_term_string\"}}],\"inLanguage\":\"es\"},{\"@type\":\"Person\",\"@id\":\"https:\\\/\\\/quehacerpolitico.mx\\\/#\\\/schema\\\/person\\\/496d8ad2d1d3f8036101dca7ee39e585\",\"name\":\"Redacci\u00f3n QP\",\"image\":{\"@type\":\"ImageObject\",\"inLanguage\":\"es\",\"@id\":\"https:\\\/\\\/secure.gravatar.com\\\/avatar\\\/c7164ed6fdec453195284ad24a5ae5b6e1eed2b848477fa2a4787ba9adf39a41?s=96&d=mm&r=g\",\"url\":\"https:\\\/\\\/secure.gravatar.com\\\/avatar\\\/c7164ed6fdec453195284ad24a5ae5b6e1eed2b848477fa2a4787ba9adf39a41?s=96&d=mm&r=g\",\"contentUrl\":\"https:\\\/\\\/secure.gravatar.com\\\/avatar\\\/c7164ed6fdec453195284ad24a5ae5b6e1eed2b848477fa2a4787ba9adf39a41?s=96&d=mm&r=g\",\"caption\":\"Redacci\u00f3n QP\"},\"url\":\"https:\\\/\\\/quehacerpolitico.mx\\\/?author=2\"}]}<\/script>\n<!-- \/ Yoast SEO plugin. -->","yoast_head_json":{"title":"Quieres ir al Viacrucis en Iztapalapa y no sabes como llegar? Aqu\u00ed te decimos como -","robots":{"index":"index","follow":"follow","max-snippet":"max-snippet:-1","max-image-preview":"max-image-preview:large","max-video-preview":"max-video-preview:-1"},"canonical":"https:\/\/quehacerpolitico.mx\/?p=115918","og_locale":"es_MX","og_type":"article","og_title":"Quieres ir al Viacrucis en Iztapalapa y no sabes como llegar? Aqu\u00ed te decimos como -","og_description":"Por Redacci\u00f3n QP La edici\u00f3n 182 de la Representaci\u00f3n del Viacrucis es un evento cultural...","og_url":"https:\/\/quehacerpolitico.mx\/?p=115918","article_published_time":"2025-04-17T19:56:47+00:00","article_modified_time":"2025-04-17T19:56:50+00:00","og_image":[{"width":739,"height":415,"url":"https:\/\/quehacerpolitico.mx\/wp-content\/uploads\/2025\/04\/images-1-1.jpeg","type":"image\/jpeg"}],"author":"Redacci\u00f3n QP","twitter_card":"summary_large_image","twitter_misc":{"Escrito por":"Redacci\u00f3n QP","Tiempo de lectura":"3 minutos"},"schema":{"@context":"https:\/\/schema.org","@graph":[{"@type":"Article","@id":"https:\/\/quehacerpolitico.mx\/?p=115918#article","isPartOf":{"@id":"https:\/\/quehacerpolitico.mx\/?p=115918"},"author":{"name":"Redacci\u00f3n QP","@id":"https:\/\/quehacerpolitico.mx\/#\/schema\/person\/496d8ad2d1d3f8036101dca7ee39e585"},"headline":"Quieres ir al Viacrucis en Iztapalapa y no sabes como llegar? Aqu\u00ed te decimos como","datePublished":"2025-04-17T19:56:47+00:00","dateModified":"2025-04-17T19:56:50+00:00","mainEntityOfPage":{"@id":"https:\/\/quehacerpolitico.mx\/?p=115918"},"wordCount":665,"commentCount":0,"image":{"@id":"https:\/\/quehacerpolitico.mx\/?p=115918#primaryimage"},"thumbnailUrl":"https:\/\/quehacerpolitico.mx\/wp-content\/uploads\/2025\/04\/images-1-1.jpeg","articleSection":["CDMX"],"inLanguage":"es","potentialAction":[{"@type":"CommentAction","name":"Comment","target":["https:\/\/quehacerpolitico.mx\/?p=115918#respond"]}]},{"@type":"WebPage","@id":"https:\/\/quehacerpolitico.mx\/?p=115918","url":"https:\/\/quehacerpolitico.mx\/?p=115918","name":"Quieres ir al Viacrucis en Iztapalapa y no sabes como llegar? Aqu\u00ed te decimos como -","isPartOf":{"@id":"https:\/\/quehacerpolitico.mx\/#website"},"primaryImageOfPage":{"@id":"https:\/\/quehacerpolitico.mx\/?p=115918#primaryimage"},"image":{"@id":"https:\/\/quehacerpolitico.mx\/?p=115918#primaryimage"},"thumbnailUrl":"https:\/\/quehacerpolitico.mx\/wp-content\/uploads\/2025\/04\/images-1-1.jpeg","datePublished":"2025-04-17T19:56:47+00:00","dateModified":"2025-04-17T19:56:50+00:00","author":{"@id":"https:\/\/quehacerpolitico.mx\/#\/schema\/person\/496d8ad2d1d3f8036101dca7ee39e585"},"breadcrumb":{"@id":"https:\/\/quehacerpolitico.mx\/?p=115918#breadcrumb"},"inLanguage":"es","potentialAction":[{"@type":"ReadAction","target":["https:\/\/quehacerpolitico.mx\/?p=115918"]}]},{"@type":"ImageObject","inLanguage":"es","@id":"https:\/\/quehacerpolitico.mx\/?p=115918#primaryimage","url":"https:\/\/quehacerpolitico.mx\/wp-content\/uploads\/2025\/04\/images-1-1.jpeg","contentUrl":"https:\/\/quehacerpolitico.mx\/wp-content\/uploads\/2025\/04\/images-1-1.jpeg","width":739,"height":415},{"@type":"BreadcrumbList","@id":"https:\/\/quehacerpolitico.mx\/?p=115918#breadcrumb","itemListElement":[{"@type":"ListItem","position":1,"name":"Inicio","item":"https:\/\/quehacerpolitico.mx\/"},{"@type":"ListItem","position":2,"name":"Quieres ir al Viacrucis en Iztapalapa y no sabes como llegar? Aqu\u00ed te decimos como"}]},{"@type":"WebSite","@id":"https:\/\/quehacerpolitico.mx\/#website","url":"https:\/\/quehacerpolitico.mx\/","name":"","description":"","potentialAction":[{"@type":"SearchAction","target":{"@type":"EntryPoint","urlTemplate":"https:\/\/quehacerpolitico.mx\/?s={search_term_string}"},"query-input":{"@type":"PropertyValueSpecification","valueRequired":true,"valueName":"search_term_string"}}],"inLanguage":"es"},{"@type":"Person","@id":"https:\/\/quehacerpolitico.mx\/#\/schema\/person\/496d8ad2d1d3f8036101dca7ee39e585","name":"Redacci\u00f3n QP","image":{"@type":"ImageObject","inLanguage":"es","@id":"https:\/\/secure.gravatar.com\/avatar\/c7164ed6fdec453195284ad24a5ae5b6e1eed2b848477fa2a4787ba9adf39a41?s=96&d=mm&r=g","url":"https:\/\/secure.gravatar.com\/avatar\/c7164ed6fdec453195284ad24a5ae5b6e1eed2b848477fa2a4787ba9adf39a41?s=96&d=mm&r=g","contentUrl":"https:\/\/secure.gravatar.com\/avatar\/c7164ed6fdec453195284ad24a5ae5b6e1eed2b848477fa2a4787ba9adf39a41?s=96&d=mm&r=g","caption":"Redacci\u00f3n QP"},"url":"https:\/\/quehacerpolitico.mx\/?author=2"}]}},"featured_image_urls":{"full":["https:\/\/quehacerpolitico.mx\/wp-content\/uploads\/2025\/04\/images-1-1.jpeg",739,415,false],"thumbnail":["https:\/\/quehacerpolitico.mx\/wp-content\/uploads\/2025\/04\/images-1-1-150x150.jpeg",150,150,true],"medium":["https:\/\/quehacerpolitico.mx\/wp-content\/uploads\/2025\/04\/images-1-1-300x168.jpeg",300,168,true],"medium_large":["https:\/\/quehacerpolitico.mx\/wp-content\/uploads\/2025\/04\/images-1-1.jpeg",640,359,false],"large":["https:\/\/quehacerpolitico.mx\/wp-content\/uploads\/2025\/04\/images-1-1.jpeg",640,359,false],"1536x1536":["https:\/\/quehacerpolitico.mx\/wp-content\/uploads\/2025\/04\/images-1-1.jpeg",739,415,false],"2048x2048":["https:\/\/quehacerpolitico.mx\/wp-content\/uploads\/2025\/04\/images-1-1.jpeg",739,415,false],"covernews-featured":["https:\/\/quehacerpolitico.mx\/wp-content\/uploads\/2025\/04\/images-1-1.jpeg",739,415,false],"covernews-medium":["https:\/\/quehacerpolitico.mx\/wp-content\/uploads\/2025\/04\/images-1-1-540x340.jpeg",540,340,true]},"author_info":{"display_name":"Redacci\u00f3n QP","author_link":"https:\/\/quehacerpolitico.mx\/?author=2"},"category_info":"<a href=\"https:\/\/quehacerpolitico.mx\/?cat=55\" rel=\"category\">CDMX<\/a>","tag_info":"CDMX","comment_count":"0","_links":{"self":[{"href":"https:\/\/quehacerpolitico.mx\/index.php?rest_route=\/wp\/v2\/posts\/115918","targetHints":{"allow":["GET"]}}],"collection":[{"href":"https:\/\/quehacerpolitico.mx\/index.php?rest_route=\/wp\/v2\/posts"}],"about":[{"href":"https:\/\/quehacerpolitico.mx\/index.php?rest_route=\/wp\/v2\/types\/post"}],"author":[{"embeddable":true,"href":"https:\/\/quehacerpolitico.mx\/index.php?rest_route=\/wp\/v2\/users\/2"}],"replies":[{"embeddable":true,"href":"https:\/\/quehacerpolitico.mx\/index.php?rest_route=%2Fwp%2Fv2%2Fcomments&post=115918"}],"version-history":[{"count":1,"href":"https:\/\/quehacerpolitico.mx\/index.php?rest_route=\/wp\/v2\/posts\/115918\/revisions"}],"predecessor-version":[{"id":115920,"href":"https:\/\/quehacerpolitico.mx\/index.php?rest_route=\/wp\/v2\/posts\/115918\/revisions\/115920"}],"wp:featuredmedia":[{"embeddable":true,"href":"https:\/\/quehacerpolitico.mx\/index.php?rest_route=\/wp\/v2\/media\/115919"}],"wp:attachment":[{"href":"https:\/\/quehacerpolitico.mx\/index.php?rest_route=%2Fwp%2Fv2%2Fmedia&parent=115918"}],"wp:term":[{"taxonomy":"category","embeddable":true,"href":"https:\/\/quehacerpolitico.mx\/index.php?rest_route=%2Fwp%2Fv2%2Fcategories&post=115918"},{"taxonomy":"post_tag","embeddable":true,"href":"https:\/\/quehacerpolitico.mx\/index.php?rest_route=%2Fwp%2Fv2%2Ftags&post=115918"}],"curies":[{"name":"wp","href":"https:\/\/api.w.org\/{rel}","templated":true}]}}