{"id":115912,"date":"2025-04-17T12:13:09","date_gmt":"2025-04-17T18:13:09","guid":{"rendered":"https:\/\/quehacerpolitico.mx\/?p=115912"},"modified":"2025-04-17T12:13:12","modified_gmt":"2025-04-17T18:13:12","slug":"el-quehacer-politico-internacional-a-traves-de-la-opinion-carolina-alonso-romei-retrato-de-nino-amputado-por-un-ataque-israeli-en-gaza-la-imagen-del-ano-en-el-world-press-photo","status":"publish","type":"post","link":"https:\/\/quehacerpolitico.mx\/?p=115912","title":{"rendered":"El Quehacer Pol\u00edtico Internacional a trav\u00e9s de la opini\u00f3n\/\/\/Carolina Alonso Romei\/\/\/Retrato de ni\u00f1o amputado por un ataque israel\u00ed en Gaza, la imagen del a\u00f1o en el World Press Photo"},"content":{"rendered":"\n<p>Por Carolina Alonso Romei<\/p>\n\n\n\n<p>Internacionalista<\/p>\n\n\n\n<p>La fot\u00f3grafa palestina Samar Abu Elouf confes\u00f3 que le cost\u00f3 trabajo decidir ir a recibir su premio cuando ha perdido amigos y otros est\u00e1n heridos sin poder obtener ayuda, pero consider\u00f3 que esta es una oportunidad para que se escuche su voz<\/p>\n\n\n\n<p><strong>Mahmoud<\/strong>, un ni\u00f1o gazat\u00ed al que una explosi\u00f3n arranc\u00f3 un brazo y destroz\u00f3 el otro cuando&nbsp;<strong>hu\u00eda de un ataque israel\u00ed,&nbsp;<\/strong>es s\u00f3lo un ejemplo de \u201ctantos ni\u00f1os heridos o amputados\u201d que no pueden ser tratados en Gaza, ni tampoco salir a recibir tratamiento, lamenta a&nbsp;<em>EFE&nbsp;<\/em>Samar Abu Elouf, la fot\u00f3grafa palestina que captur\u00f3 la<strong>&nbsp;foto del a\u00f1o del World Press Photo.<\/strong><\/p>\n\n\n\n<figure class=\"wp-block-image size-full\"><img loading=\"lazy\" decoding=\"async\" width=\"425\" height=\"230\" src=\"https:\/\/quehacerpolitico.mx\/wp-content\/uploads\/2025\/04\/f425x230-113168_127150_5050.webp\" alt=\"\" class=\"wp-image-115913\" srcset=\"https:\/\/quehacerpolitico.mx\/wp-content\/uploads\/2025\/04\/f425x230-113168_127150_5050.webp 425w, https:\/\/quehacerpolitico.mx\/wp-content\/uploads\/2025\/04\/f425x230-113168_127150_5050-300x162.webp 300w\" sizes=\"auto, (max-width: 425px) 100vw, 425px\" \/><\/figure>\n\n\n\n<p>El destino de Mahmoud Ajjour y su fot\u00f3grafa se cruz\u00f3 cuando ambos<strong>&nbsp;fueron evacuados de Gaza<\/strong>&nbsp;a un complejo de apartamentos en Doha.<\/p>\n\n\n\n<p>Con la mirada p\u00e9rdida y un cuerpo fr\u00e1gil, el peque\u00f1o de tan s\u00f3lo nueve a\u00f1os posaba el a\u00f1o pasado para Abu Elouf con una camiseta blanca de tirantes, bajo los rayos de sol que entran por una ventana, sin saber que su rostro se convertir\u00e1 en la representaci\u00f3n gr\u00e1fica del&nbsp;<strong>sufrimiento de tantas generaciones<\/strong>&nbsp;en Palestina.<\/p>\n\n\n\n<p>\u201cLo importante sobre el premio es que&nbsp;<strong>el mundo se entere<\/strong>&nbsp;de esta historia, la escuche, y sepa que esta es s\u00f3lo una peque\u00f1a parte de tantos ni\u00f1os en Gaza que son heridos o sufren amputaci\u00f3n de extremidades y p\u00e9rdida de familias. No pueden ser tratados dentro de Gaza porque los hospitales han sido bombardeados, ni tampoco pueden salir de Gaza para recibir tratamiento porque los pasos est\u00e1n cerrados\u201d, lamenta Abu Elouf.<br><br>La guerra en Gaza ha afectado de forma desproporcionada a la infancia. La Franja tiene el mayor n\u00famero de menores amputados per c\u00e1pita en el mundo, seg\u00fan Unicef.<\/p>\n\n\n\n<p>No hay cifras concretas, dadas las dificultades de acceso de las organizaciones al terreno, pero en enero se estimaba que entre 3 mil y\u00a0<strong>4 mil amputaciones de extremidades de menores<\/strong>\u00a0tuvieron lugar s\u00f3lo desde octubre de 2023.<a href=\"https:\/\/latinus.us\/\"><\/a><a href=\"https:\/\/latinus.us\/autor\/latinus.html\"><\/a><\/p>\n\n\n\n<p><strong>Mahmoud<\/strong>, un ni\u00f1o gazat\u00ed al que una explosi\u00f3n arranc\u00f3 un brazo y destroz\u00f3 el otro cuando\u00a0<strong>hu\u00eda de un ataque israel\u00ed,\u00a0<\/strong>es s\u00f3lo un ejemplo de \u201ctantos ni\u00f1os heridos o amputados\u201d que no pueden ser tratados en Gaza, ni tampoco salir a recibir tratamiento, lamenta a\u00a0<em>EFE\u00a0<\/em>Samar Abu Elouf, la fot\u00f3grafa palestina que captur\u00f3 la<strong>\u00a0foto del a\u00f1o del World Press Photo.<\/strong><br><br>El destino de Mahmoud Ajjour y su fot\u00f3grafa se cruz\u00f3 cuando ambos<strong>\u00a0fueron evacuados de Gaza<\/strong>\u00a0a un complejo de apartamentos en Doha.<br><br>Con la mirada p\u00e9rdida y un cuerpo fr\u00e1gil, el peque\u00f1o de tan s\u00f3lo nueve a\u00f1os posaba el a\u00f1o pasado para Abu Elouf con una camiseta blanca de tirantes, bajo los rayos de sol que entran por una ventana, sin saber que su rostro se convertir\u00e1 en la representaci\u00f3n gr\u00e1fica del\u00a0<strong>sufrimiento de tantas generaciones<\/strong>\u00a0en Palestina.<\/p>\n\n\n\n<p><br>\u201cLo importante sobre el premio es que\u00a0<strong>el mundo se entere<\/strong>\u00a0de esta historia, la escuche, y sepa que esta es s\u00f3lo una peque\u00f1a parte de tantos ni\u00f1os en Gaza que son heridos o sufren amputaci\u00f3n de extremidades y p\u00e9rdida de familias. No pueden ser tratados dentro de Gaza porque los hospitales han sido bombardeados, ni tampoco pueden salir de Gaza para recibir tratamiento porque los pasos est\u00e1n cerrados\u201d, lamenta Abu Elouf.<br><br>La guerra en Gaza ha afectado de forma desproporcionada a la infancia. La Franja tiene el mayor n\u00famero de menores amputados per c\u00e1pita en el mundo, seg\u00fan Unice<\/p>\n\n\n\n<p>No hay cifras concretas, dadas las dificultades de acceso de las organizaciones al terreno, pero en enero se estimaba que entre 3 mil y\u00a0<strong>4 mil amputaciones de extremidades de menores<\/strong>\u00a0tuvieron lugar s\u00f3lo desde octubre de 2023.<\/p>\n\n\n\n<p>Mahmoud result\u00f3&nbsp;<strong>herido en marzo de 2024&nbsp;<\/strong>cuando hu\u00eda de un ataque israel\u00ed: se dio la vuelta para animar a su familia a seguir corriendo, cuando una explosi\u00f3n le arranc\u00f3 un brazo y destroz\u00f3 el otro.<\/p>\n\n\n\n<figure class=\"wp-block-image\"><img decoding=\"async\" src=\"https:\/\/latinus.us\/u\/fotografias\/m\/2025\/4\/17\/f768x400-113170_157073_5050.jpg\" alt=\"\"\/><\/figure>\n\n\n\n<p>Su familia tuvo m\u00e1s suerte que la de otros ni\u00f1os como \u00e9l; fue evacuada a Qatar donde, tras recibir tratamiento, el peque\u00f1o est\u00e1 aprendiendo a jugar con el tel\u00e9fono, escribir y abrir puertas con los pies, pero las secuelas, f\u00edsicas y psicol\u00f3gicas&nbsp;le acompa\u00f1ar\u00e1n el resto de su vida.<\/p>\n\n\n\n<p>La cifra real de muertos y heridos en Gaza desde 2023 tampoco est\u00e1 clara. Seg\u00fan el Ministerio de Sanidad de Gaza, las muertes superan ya las 51 mil , la mayor\u00eda mujeres y ni\u00f1os, y se estima que unos 4 mil 500 cuerpos siguen bajo los escombros o est\u00e1n desaparecidos.<\/p>\n\n\n\n<p>Relatar sus historias no es f\u00e1cil por el veto israel\u00ed al acceso de los periodistas a la Franja, pero la fot\u00f3grafa palestina logr\u00f3 reflejar esa realidad en las p\u00e1ginas del peri\u00f3dico&nbsp;<strong><em>The New York Times<\/em><\/strong>&nbsp;desde Doha, donde fue evacuada en diciembre de 2023.<\/p>\n\n\n\n<p>En el mismo complejo de departamentos donde reside, hay otros gazat\u00edes heridos por los bombardeos que lograron ser evacuados para recibir tratamiento.<\/p>\n\n\n\n<p>Este premio \u201cfue un d\u00eda un sue\u00f1o\u201d para Abu Elouf, pero hoy lamenta que ??desgraciadamente llega en un momento muy duro por la situaci\u00f3n en Gaza&#8221;.<\/p>\n\n\n\n<p>La foto que ha ganado es muy dura, &#8220;no es una imagen precisamente alegre\u201d, subraya. \u201cSon tiempos muy complicados para que alguien pueda sentir felicidad\u201d, insiste desde \u00c1msterdam, sede de la fundaci\u00f3n del World Press Photo.<br><br>No obstante, asegura que ha \u201ctenido muchas dudas sobre si venir\u201d a Pa\u00edses Bajos a recoger su galard\u00f3n porque el pasado 7 de abril, un compa\u00f1ero fot\u00f3grafo y amigo suyo result\u00f3<strong>&nbsp;herido en un bombardeo israel\u00ed,<\/strong>&nbsp;y le \u201ccostaba pensar en viajar a por un premio, cuando ha perdido amigos y otros est\u00e1n heridos sin poder recibir ayuda porque no hay tratamientos, ni hospitales\u201d.<\/p>\n\n\n\n<p>\u201cPero luego he pensado que esta era quiz\u00e1s una oportunidad para hablar de ellos. As\u00ed que mi presencia hoy en \u00c1msterdam es para que la gente&nbsp;<strong>escuche mi voz<\/strong>, m\u00e1s que por celebrar\u201d, a\u00f1ade.<\/p>\n\n\n\n<p>La guerra israel\u00ed en Gaza \u201cha matado a m\u00e1s periodistas en un a\u00f1o que cualquier otro conflicto documentado\u201d, seg\u00fan el Comit\u00e9 para la Protecci\u00f3n de los Periodistas (CPJ). Han fallecido al menos 165 periodistas palestinos, dos&nbsp;israel\u00edes y sies libaneses, incluidos casos en los que reporteros palestinos fueron presuntamente atacados.<br><br>La&nbsp;<strong>fotograf\u00eda de Abu Elouf&nbsp;<\/strong>fue seleccionada de entre 60 mil im\u00e1genes de 3 mil778 fot\u00f3grafos de 141 pa\u00edses.<\/p>\n\n\n\n<p>\u201cEsta es una foto silenciosa que habla muy fuerte. Cuenta la historia de un ni\u00f1o, pero tambi\u00e9n de una guerra m\u00e1s grande que afectar\u00e1 a generaciones\u201d, lamenta la directora ejecutiva del concurso, Joumana El Zein Khoury, tras la entrega del galard\u00f3n a la fot\u00f3grafa palestina.<\/p>\n\n\n\n<p>Con informaci\u00f3n de EFE<\/p>\n","protected":false},"excerpt":{"rendered":"<p>Por Carolina Alonso Romei Internacionalista La fot\u00f3grafa palestina Samar Abu Elouf confes\u00f3 que le cost\u00f3&#8230;<\/p>\n","protected":false},"author":2,"featured_media":115914,"comment_status":"open","ping_status":"open","sticky":false,"template":"","format":"standard","meta":{"_monsterinsights_skip_tracking":false,"_monsterinsights_sitenote_active":false,"_monsterinsights_sitenote_note":"","_monsterinsights_sitenote_category":0,"footnotes":""},"categories":[1],"tags":[],"class_list":["post-115912","post","type-post","status-publish","format-standard","has-post-thumbnail","hentry","category-sin-categoria"],"yoast_head":"<!-- This site is optimized with the Yoast SEO plugin v27.3 - https:\/\/yoast.com\/product\/yoast-seo-wordpress\/ -->\n<title>El Quehacer Pol\u00edtico Internacional a trav\u00e9s de la opini\u00f3n\/\/\/Carolina Alonso Romei\/\/\/Retrato de ni\u00f1o amputado por un ataque israel\u00ed en Gaza, la imagen del a\u00f1o en el World Press Photo -<\/title>\n<meta name=\"robots\" content=\"index, follow, max-snippet:-1, max-image-preview:large, max-video-preview:-1\" \/>\n<link rel=\"canonical\" href=\"https:\/\/quehacerpolitico.mx\/?p=115912\" \/>\n<meta property=\"og:locale\" content=\"es_MX\" \/>\n<meta property=\"og:type\" content=\"article\" \/>\n<meta property=\"og:title\" content=\"El Quehacer Pol\u00edtico Internacional a trav\u00e9s de la opini\u00f3n\/\/\/Carolina Alonso Romei\/\/\/Retrato de ni\u00f1o amputado por un ataque israel\u00ed en Gaza, la imagen del a\u00f1o en el World Press Photo -\" \/>\n<meta property=\"og:description\" content=\"Por Carolina Alonso Romei Internacionalista La fot\u00f3grafa palestina Samar Abu Elouf confes\u00f3 que le cost\u00f3...\" \/>\n<meta property=\"og:url\" content=\"https:\/\/quehacerpolitico.mx\/?p=115912\" \/>\n<meta property=\"article:published_time\" content=\"2025-04-17T18:13:09+00:00\" \/>\n<meta property=\"article:modified_time\" content=\"2025-04-17T18:13:12+00:00\" \/>\n<meta property=\"og:image\" content=\"https:\/\/quehacerpolitico.mx\/wp-content\/uploads\/2025\/04\/2025-04-14.jpg\" \/>\n\t<meta property=\"og:image:width\" content=\"963\" \/>\n\t<meta property=\"og:image:height\" content=\"493\" \/>\n\t<meta property=\"og:image:type\" content=\"image\/jpeg\" \/>\n<meta name=\"author\" content=\"Redacci\u00f3n QP\" \/>\n<meta name=\"twitter:card\" content=\"summary_large_image\" \/>\n<meta name=\"twitter:label1\" content=\"Escrito por\" \/>\n\t<meta name=\"twitter:data1\" content=\"Redacci\u00f3n QP\" \/>\n\t<meta name=\"twitter:label2\" content=\"Tiempo de lectura\" \/>\n\t<meta name=\"twitter:data2\" content=\"6 minutos\" \/>\n<script type=\"application\/ld+json\" class=\"yoast-schema-graph\">{\"@context\":\"https:\\\/\\\/schema.org\",\"@graph\":[{\"@type\":\"Article\",\"@id\":\"https:\\\/\\\/quehacerpolitico.mx\\\/?p=115912#article\",\"isPartOf\":{\"@id\":\"https:\\\/\\\/quehacerpolitico.mx\\\/?p=115912\"},\"author\":{\"name\":\"Redacci\u00f3n QP\",\"@id\":\"https:\\\/\\\/quehacerpolitico.mx\\\/#\\\/schema\\\/person\\\/496d8ad2d1d3f8036101dca7ee39e585\"},\"headline\":\"El Quehacer Pol\u00edtico Internacional a trav\u00e9s de la opini\u00f3n\\\/\\\/\\\/Carolina Alonso Romei\\\/\\\/\\\/Retrato de ni\u00f1o amputado por un ataque israel\u00ed en Gaza, la imagen del a\u00f1o en el World Press Photo\",\"datePublished\":\"2025-04-17T18:13:09+00:00\",\"dateModified\":\"2025-04-17T18:13:12+00:00\",\"mainEntityOfPage\":{\"@id\":\"https:\\\/\\\/quehacerpolitico.mx\\\/?p=115912\"},\"wordCount\":1226,\"commentCount\":0,\"image\":{\"@id\":\"https:\\\/\\\/quehacerpolitico.mx\\\/?p=115912#primaryimage\"},\"thumbnailUrl\":\"https:\\\/\\\/quehacerpolitico.mx\\\/wp-content\\\/uploads\\\/2025\\\/04\\\/2025-04-14.jpg\",\"articleSection\":[\"Internacionales\"],\"inLanguage\":\"es\",\"potentialAction\":[{\"@type\":\"CommentAction\",\"name\":\"Comment\",\"target\":[\"https:\\\/\\\/quehacerpolitico.mx\\\/?p=115912#respond\"]}]},{\"@type\":\"WebPage\",\"@id\":\"https:\\\/\\\/quehacerpolitico.mx\\\/?p=115912\",\"url\":\"https:\\\/\\\/quehacerpolitico.mx\\\/?p=115912\",\"name\":\"El Quehacer Pol\u00edtico Internacional a trav\u00e9s de la opini\u00f3n\\\/\\\/\\\/Carolina Alonso Romei\\\/\\\/\\\/Retrato de ni\u00f1o amputado por un ataque israel\u00ed en Gaza, la imagen del a\u00f1o en el World Press Photo -\",\"isPartOf\":{\"@id\":\"https:\\\/\\\/quehacerpolitico.mx\\\/#website\"},\"primaryImageOfPage\":{\"@id\":\"https:\\\/\\\/quehacerpolitico.mx\\\/?p=115912#primaryimage\"},\"image\":{\"@id\":\"https:\\\/\\\/quehacerpolitico.mx\\\/?p=115912#primaryimage\"},\"thumbnailUrl\":\"https:\\\/\\\/quehacerpolitico.mx\\\/wp-content\\\/uploads\\\/2025\\\/04\\\/2025-04-14.jpg\",\"datePublished\":\"2025-04-17T18:13:09+00:00\",\"dateModified\":\"2025-04-17T18:13:12+00:00\",\"author\":{\"@id\":\"https:\\\/\\\/quehacerpolitico.mx\\\/#\\\/schema\\\/person\\\/496d8ad2d1d3f8036101dca7ee39e585\"},\"breadcrumb\":{\"@id\":\"https:\\\/\\\/quehacerpolitico.mx\\\/?p=115912#breadcrumb\"},\"inLanguage\":\"es\",\"potentialAction\":[{\"@type\":\"ReadAction\",\"target\":[\"https:\\\/\\\/quehacerpolitico.mx\\\/?p=115912\"]}]},{\"@type\":\"ImageObject\",\"inLanguage\":\"es\",\"@id\":\"https:\\\/\\\/quehacerpolitico.mx\\\/?p=115912#primaryimage\",\"url\":\"https:\\\/\\\/quehacerpolitico.mx\\\/wp-content\\\/uploads\\\/2025\\\/04\\\/2025-04-14.jpg\",\"contentUrl\":\"https:\\\/\\\/quehacerpolitico.mx\\\/wp-content\\\/uploads\\\/2025\\\/04\\\/2025-04-14.jpg\",\"width\":963,\"height\":493},{\"@type\":\"BreadcrumbList\",\"@id\":\"https:\\\/\\\/quehacerpolitico.mx\\\/?p=115912#breadcrumb\",\"itemListElement\":[{\"@type\":\"ListItem\",\"position\":1,\"name\":\"Inicio\",\"item\":\"https:\\\/\\\/quehacerpolitico.mx\\\/\"},{\"@type\":\"ListItem\",\"position\":2,\"name\":\"El Quehacer Pol\u00edtico Internacional a trav\u00e9s de la opini\u00f3n\\\/\\\/\\\/Carolina Alonso Romei\\\/\\\/\\\/Retrato de ni\u00f1o amputado por un ataque israel\u00ed en Gaza, la imagen del a\u00f1o en el World Press Photo\"}]},{\"@type\":\"WebSite\",\"@id\":\"https:\\\/\\\/quehacerpolitico.mx\\\/#website\",\"url\":\"https:\\\/\\\/quehacerpolitico.mx\\\/\",\"name\":\"\",\"description\":\"\",\"potentialAction\":[{\"@type\":\"SearchAction\",\"target\":{\"@type\":\"EntryPoint\",\"urlTemplate\":\"https:\\\/\\\/quehacerpolitico.mx\\\/?s={search_term_string}\"},\"query-input\":{\"@type\":\"PropertyValueSpecification\",\"valueRequired\":true,\"valueName\":\"search_term_string\"}}],\"inLanguage\":\"es\"},{\"@type\":\"Person\",\"@id\":\"https:\\\/\\\/quehacerpolitico.mx\\\/#\\\/schema\\\/person\\\/496d8ad2d1d3f8036101dca7ee39e585\",\"name\":\"Redacci\u00f3n QP\",\"image\":{\"@type\":\"ImageObject\",\"inLanguage\":\"es\",\"@id\":\"https:\\\/\\\/secure.gravatar.com\\\/avatar\\\/c7164ed6fdec453195284ad24a5ae5b6e1eed2b848477fa2a4787ba9adf39a41?s=96&d=mm&r=g\",\"url\":\"https:\\\/\\\/secure.gravatar.com\\\/avatar\\\/c7164ed6fdec453195284ad24a5ae5b6e1eed2b848477fa2a4787ba9adf39a41?s=96&d=mm&r=g\",\"contentUrl\":\"https:\\\/\\\/secure.gravatar.com\\\/avatar\\\/c7164ed6fdec453195284ad24a5ae5b6e1eed2b848477fa2a4787ba9adf39a41?s=96&d=mm&r=g\",\"caption\":\"Redacci\u00f3n QP\"},\"url\":\"https:\\\/\\\/quehacerpolitico.mx\\\/?author=2\"}]}<\/script>\n<!-- \/ Yoast SEO plugin. -->","yoast_head_json":{"title":"El Quehacer Pol\u00edtico Internacional a trav\u00e9s de la opini\u00f3n\/\/\/Carolina Alonso Romei\/\/\/Retrato de ni\u00f1o amputado por un ataque israel\u00ed en Gaza, la imagen del a\u00f1o en el World Press Photo -","robots":{"index":"index","follow":"follow","max-snippet":"max-snippet:-1","max-image-preview":"max-image-preview:large","max-video-preview":"max-video-preview:-1"},"canonical":"https:\/\/quehacerpolitico.mx\/?p=115912","og_locale":"es_MX","og_type":"article","og_title":"El Quehacer Pol\u00edtico Internacional a trav\u00e9s de la opini\u00f3n\/\/\/Carolina Alonso Romei\/\/\/Retrato de ni\u00f1o amputado por un ataque israel\u00ed en Gaza, la imagen del a\u00f1o en el World Press Photo -","og_description":"Por Carolina Alonso Romei Internacionalista La fot\u00f3grafa palestina Samar Abu Elouf confes\u00f3 que le cost\u00f3...","og_url":"https:\/\/quehacerpolitico.mx\/?p=115912","article_published_time":"2025-04-17T18:13:09+00:00","article_modified_time":"2025-04-17T18:13:12+00:00","og_image":[{"width":963,"height":493,"url":"https:\/\/quehacerpolitico.mx\/wp-content\/uploads\/2025\/04\/2025-04-14.jpg","type":"image\/jpeg"}],"author":"Redacci\u00f3n QP","twitter_card":"summary_large_image","twitter_misc":{"Escrito por":"Redacci\u00f3n QP","Tiempo de lectura":"6 minutos"},"schema":{"@context":"https:\/\/schema.org","@graph":[{"@type":"Article","@id":"https:\/\/quehacerpolitico.mx\/?p=115912#article","isPartOf":{"@id":"https:\/\/quehacerpolitico.mx\/?p=115912"},"author":{"name":"Redacci\u00f3n QP","@id":"https:\/\/quehacerpolitico.mx\/#\/schema\/person\/496d8ad2d1d3f8036101dca7ee39e585"},"headline":"El Quehacer Pol\u00edtico Internacional a trav\u00e9s de la opini\u00f3n\/\/\/Carolina Alonso Romei\/\/\/Retrato de ni\u00f1o amputado por un ataque israel\u00ed en Gaza, la imagen del a\u00f1o en el World Press Photo","datePublished":"2025-04-17T18:13:09+00:00","dateModified":"2025-04-17T18:13:12+00:00","mainEntityOfPage":{"@id":"https:\/\/quehacerpolitico.mx\/?p=115912"},"wordCount":1226,"commentCount":0,"image":{"@id":"https:\/\/quehacerpolitico.mx\/?p=115912#primaryimage"},"thumbnailUrl":"https:\/\/quehacerpolitico.mx\/wp-content\/uploads\/2025\/04\/2025-04-14.jpg","articleSection":["Internacionales"],"inLanguage":"es","potentialAction":[{"@type":"CommentAction","name":"Comment","target":["https:\/\/quehacerpolitico.mx\/?p=115912#respond"]}]},{"@type":"WebPage","@id":"https:\/\/quehacerpolitico.mx\/?p=115912","url":"https:\/\/quehacerpolitico.mx\/?p=115912","name":"El Quehacer Pol\u00edtico Internacional a trav\u00e9s de la opini\u00f3n\/\/\/Carolina Alonso Romei\/\/\/Retrato de ni\u00f1o amputado por un ataque israel\u00ed en Gaza, la imagen del a\u00f1o en el World Press Photo -","isPartOf":{"@id":"https:\/\/quehacerpolitico.mx\/#website"},"primaryImageOfPage":{"@id":"https:\/\/quehacerpolitico.mx\/?p=115912#primaryimage"},"image":{"@id":"https:\/\/quehacerpolitico.mx\/?p=115912#primaryimage"},"thumbnailUrl":"https:\/\/quehacerpolitico.mx\/wp-content\/uploads\/2025\/04\/2025-04-14.jpg","datePublished":"2025-04-17T18:13:09+00:00","dateModified":"2025-04-17T18:13:12+00:00","author":{"@id":"https:\/\/quehacerpolitico.mx\/#\/schema\/person\/496d8ad2d1d3f8036101dca7ee39e585"},"breadcrumb":{"@id":"https:\/\/quehacerpolitico.mx\/?p=115912#breadcrumb"},"inLanguage":"es","potentialAction":[{"@type":"ReadAction","target":["https:\/\/quehacerpolitico.mx\/?p=115912"]}]},{"@type":"ImageObject","inLanguage":"es","@id":"https:\/\/quehacerpolitico.mx\/?p=115912#primaryimage","url":"https:\/\/quehacerpolitico.mx\/wp-content\/uploads\/2025\/04\/2025-04-14.jpg","contentUrl":"https:\/\/quehacerpolitico.mx\/wp-content\/uploads\/2025\/04\/2025-04-14.jpg","width":963,"height":493},{"@type":"BreadcrumbList","@id":"https:\/\/quehacerpolitico.mx\/?p=115912#breadcrumb","itemListElement":[{"@type":"ListItem","position":1,"name":"Inicio","item":"https:\/\/quehacerpolitico.mx\/"},{"@type":"ListItem","position":2,"name":"El Quehacer Pol\u00edtico Internacional a trav\u00e9s de la opini\u00f3n\/\/\/Carolina Alonso Romei\/\/\/Retrato de ni\u00f1o amputado por un ataque israel\u00ed en Gaza, la imagen del a\u00f1o en el World Press Photo"}]},{"@type":"WebSite","@id":"https:\/\/quehacerpolitico.mx\/#website","url":"https:\/\/quehacerpolitico.mx\/","name":"","description":"","potentialAction":[{"@type":"SearchAction","target":{"@type":"EntryPoint","urlTemplate":"https:\/\/quehacerpolitico.mx\/?s={search_term_string}"},"query-input":{"@type":"PropertyValueSpecification","valueRequired":true,"valueName":"search_term_string"}}],"inLanguage":"es"},{"@type":"Person","@id":"https:\/\/quehacerpolitico.mx\/#\/schema\/person\/496d8ad2d1d3f8036101dca7ee39e585","name":"Redacci\u00f3n QP","image":{"@type":"ImageObject","inLanguage":"es","@id":"https:\/\/secure.gravatar.com\/avatar\/c7164ed6fdec453195284ad24a5ae5b6e1eed2b848477fa2a4787ba9adf39a41?s=96&d=mm&r=g","url":"https:\/\/secure.gravatar.com\/avatar\/c7164ed6fdec453195284ad24a5ae5b6e1eed2b848477fa2a4787ba9adf39a41?s=96&d=mm&r=g","contentUrl":"https:\/\/secure.gravatar.com\/avatar\/c7164ed6fdec453195284ad24a5ae5b6e1eed2b848477fa2a4787ba9adf39a41?s=96&d=mm&r=g","caption":"Redacci\u00f3n QP"},"url":"https:\/\/quehacerpolitico.mx\/?author=2"}]}},"featured_image_urls":{"full":["https:\/\/quehacerpolitico.mx\/wp-content\/uploads\/2025\/04\/2025-04-14.jpg",963,493,false],"thumbnail":["https:\/\/quehacerpolitico.mx\/wp-content\/uploads\/2025\/04\/2025-04-14-150x150.jpg",150,150,true],"medium":["https:\/\/quehacerpolitico.mx\/wp-content\/uploads\/2025\/04\/2025-04-14-300x154.jpg",300,154,true],"medium_large":["https:\/\/quehacerpolitico.mx\/wp-content\/uploads\/2025\/04\/2025-04-14-768x393.jpg",640,328,true],"large":["https:\/\/quehacerpolitico.mx\/wp-content\/uploads\/2025\/04\/2025-04-14.jpg",640,328,false],"1536x1536":["https:\/\/quehacerpolitico.mx\/wp-content\/uploads\/2025\/04\/2025-04-14.jpg",963,493,false],"2048x2048":["https:\/\/quehacerpolitico.mx\/wp-content\/uploads\/2025\/04\/2025-04-14.jpg",963,493,false],"covernews-featured":["https:\/\/quehacerpolitico.mx\/wp-content\/uploads\/2025\/04\/2025-04-14.jpg",963,493,false],"covernews-medium":["https:\/\/quehacerpolitico.mx\/wp-content\/uploads\/2025\/04\/2025-04-14-540x340.jpg",540,340,true]},"author_info":{"display_name":"Redacci\u00f3n QP","author_link":"https:\/\/quehacerpolitico.mx\/?author=2"},"category_info":"<a href=\"https:\/\/quehacerpolitico.mx\/?cat=1\" rel=\"category\">Internacionales<\/a>","tag_info":"Internacionales","comment_count":"0","_links":{"self":[{"href":"https:\/\/quehacerpolitico.mx\/index.php?rest_route=\/wp\/v2\/posts\/115912","targetHints":{"allow":["GET"]}}],"collection":[{"href":"https:\/\/quehacerpolitico.mx\/index.php?rest_route=\/wp\/v2\/posts"}],"about":[{"href":"https:\/\/quehacerpolitico.mx\/index.php?rest_route=\/wp\/v2\/types\/post"}],"author":[{"embeddable":true,"href":"https:\/\/quehacerpolitico.mx\/index.php?rest_route=\/wp\/v2\/users\/2"}],"replies":[{"embeddable":true,"href":"https:\/\/quehacerpolitico.mx\/index.php?rest_route=%2Fwp%2Fv2%2Fcomments&post=115912"}],"version-history":[{"count":1,"href":"https:\/\/quehacerpolitico.mx\/index.php?rest_route=\/wp\/v2\/posts\/115912\/revisions"}],"predecessor-version":[{"id":115915,"href":"https:\/\/quehacerpolitico.mx\/index.php?rest_route=\/wp\/v2\/posts\/115912\/revisions\/115915"}],"wp:featuredmedia":[{"embeddable":true,"href":"https:\/\/quehacerpolitico.mx\/index.php?rest_route=\/wp\/v2\/media\/115914"}],"wp:attachment":[{"href":"https:\/\/quehacerpolitico.mx\/index.php?rest_route=%2Fwp%2Fv2%2Fmedia&parent=115912"}],"wp:term":[{"taxonomy":"category","embeddable":true,"href":"https:\/\/quehacerpolitico.mx\/index.php?rest_route=%2Fwp%2Fv2%2Fcategories&post=115912"},{"taxonomy":"post_tag","embeddable":true,"href":"https:\/\/quehacerpolitico.mx\/index.php?rest_route=%2Fwp%2Fv2%2Ftags&post=115912"}],"curies":[{"name":"wp","href":"https:\/\/api.w.org\/{rel}","templated":true}]}}