{"id":11590,"date":"2018-12-13T15:08:18","date_gmt":"2018-12-13T15:08:18","guid":{"rendered":"http:\/\/quehacerpolitico.mx\/internacionales-carolina-alonso-romei-mexico-ya-esta-pagando-el-muro-fronterizo-con-el-nuevo-acuerdo-comercial-dice-trump-en-twitter\/"},"modified":"2018-12-13T15:08:18","modified_gmt":"2018-12-13T15:08:18","slug":"internacionales-carolina-alonso-romei-mexico-ya-esta-pagando-el-muro-fronterizo-con-el-nuevo-acuerdo-comercial-dice-trump-en-twitter","status":"publish","type":"post","link":"https:\/\/quehacerpolitico.mx\/?p=11590","title":{"rendered":"Internacionales\/\/\/Carolina Alonso Romei\/\/\/M\u00e9xico ya est\u00e1 pagando el muro fronterizo con el nuevo acuerdo comercial, dice Trump en Twitter"},"content":{"rendered":"<h1>M\u00e9xico ya est\u00e1 pagando el muro fronterizo con el nuevo acuerdo comercial, dice Trump en Twitter<\/h1>\n<p>Por Carolina Alonso Romei<\/p>\n<p>Internacionalista<\/p>\n<p>El Presidente de Estados Unidos <strong>Donald Trump<\/strong> asegur\u00f3 esta ma\u00f1ana que el gobierno de <strong>M\u00e9xico<\/strong> est\u00e1 pagando por la construcci\u00f3n del muro fronterizo con el nuevo acuerdo comercial <strong>USMCA<\/strong>.<\/p>\n<p>En tuit publicado esta ma\u00f1ana, el mandatario estadounidense record\u00f3 que desde hace tiempo ha asegurado que M\u00e9xico va a pagar por el muro y que esta afirmaci\u00f3n no ha cambiado.<\/p>\n<blockquote>\n<p>\u201cA menudo dec\u00eda, \u2018de una manera u otra M\u00e9xico va a pagar por el muro\u2019. Esto nunca ha cambiado. Nuestro nuevo acuerdo con M\u00e9xico y Canad\u00e1, el UMSCA, es mucho mejor que el antiguo que era muy costoso y anti Estados Unidos, s\u00f3lo con el dinero que ahorramos M\u00e9xico est\u00e1 pagando por el muro!\u201d, escribi\u00f3 Trump en sus redes sociales.<\/p>\n<blockquote class=\"twitter-tweet\" data-width=\"550\" data-dnt=\"true\">\n<p lang=\"en\" dir=\"ltr\">I often stated, \u201cOne way or the other, Mexico is going to pay for the Wall.\u201d This has never changed. Our new deal with Mexico (and Canada), the USMCA, is so much better than the old, very costly &amp; anti-USA NAFTA deal, that just by the money we save, MEXICO IS PAYING FOR THE WALL!<\/p>\n<p>&mdash; Donald J. Trump (@realDonaldTrump) <a href=\"https:\/\/twitter.com\/realDonaldTrump\/status\/1073195450033950720?ref_src=twsrc%5Etfw\">December 13, 2018<\/a><\/p><\/blockquote>\n<p><script async src=\"https:\/\/platform.twitter.com\/widgets.js\" charset=\"utf-8\"><\/script><\/p>\n<p>Esta ma\u00f1ana, el Presidente <strong>Andr\u00e9s Manuel L\u00f3pez Obrador<\/strong> asegur\u00f3 que no ha tratado el tema de la construcci\u00f3n del muro fronterizo con su hom\u00f3logo e indic\u00f3 que la conversaci\u00f3n que sostuvo el d\u00eda de ayer con Donald Trump fue s\u00f3lo del tema de migraci\u00f3n.<\/p>\n<p>\u201cFue muy buena la conversaci\u00f3n, amistosa, respetuosa. Hablamos del tema migratorio y de la posibilidad de lograr un acuerdo de inversi\u00f3n para apoyar pretextos productivos, crear empleos en Centroam\u00e9rica y nuestro pa\u00eds con la idea de que la gente no tenga la necesidad de migrar, que la migraci\u00f3n sea optativa, no obligatoria\u201d, dijo L\u00f3pez Obrador en su conferencia matutina.<\/p>\n<p>\u201cLe mencion\u00e9 que nosotros disponemos para este plan, 5 mil millones de d\u00f3lares y se acord\u00f3 mantener las pl\u00e1ticas. Hay un grupo del gobierno de estados unidos que mantienen comunicaci\u00f3n con la SRE y ellos van a revisar la propuesta para ver si es posible que se pueda suscribir una cuerdo de inversi\u00f3n conjunto\u201d.<\/p>\n<p>El d\u00eda de ayer, Andr\u00e9s Manuel L\u00f3pez Obrador, Presidente de M\u00e9xico, habl\u00f3 sobre migraci\u00f3n con su hom\u00f3logo estadounidense, Donald Trump.<\/p>\n<p>\u201cHoy conversamos por tel\u00e9fono con el presidente Donald Trump. En t\u00e9rminos respetuosos y de amistad, tratamos el tema migratorio y la posibilidad de aplicar un programa conjunto para el desarrollo y la creaci\u00f3n de empleos en Centroam\u00e9rica y en nuestro pa\u00eds\u201d, escribi\u00f3 L\u00f3pez Obrador en Twitter.<\/p>\n<p>En octubre, L\u00f3pez Obrador asegur\u00f3 que ofrecer\u00eda trabajo a los migrantes centroamericanos que quieran laborar en el pa\u00eds.<\/p>\n<p>Dijo que el uso de la fuerza y las deportaciones no son la clave para frenar el problema de la migraci\u00f3n ilegal en M\u00e9xico.<\/p>\n<p>\u201cVamos a ofrecer empleo, trabajo a migrantes de Centroamerica [\u2026] Quien quiera trabajar en nuestro pa\u00eds va a tener a poyo, va a tener una visa de trabajo\u201d.<\/p>\n<\/blockquote>\n","protected":false},"excerpt":{"rendered":"<p>M\u00e9xico ya est\u00e1 pagando el muro fronterizo con el nuevo acuerdo comercial, dice Trump en Twitter<br \/>\nPor Carolina Alonso Romei<br \/>\nInternacionalista<\/p>\n","protected":false},"author":2,"featured_media":11589,"comment_status":"open","ping_status":"open","sticky":false,"template":"","format":"standard","meta":{"_monsterinsights_skip_tracking":false,"_monsterinsights_sitenote_active":false,"_monsterinsights_sitenote_note":"","_monsterinsights_sitenote_category":0,"footnotes":""},"categories":[1],"tags":[],"class_list":["post-11590","post","type-post","status-publish","format-standard","has-post-thumbnail","hentry","category-sin-categoria"],"yoast_head":"<!-- This site is optimized with the Yoast SEO plugin v27.3 - https:\/\/yoast.com\/product\/yoast-seo-wordpress\/ -->\n<title>Internacionales\/\/\/Carolina Alonso Romei\/\/\/M\u00e9xico ya est\u00e1 pagando el muro fronterizo con el nuevo acuerdo comercial, dice Trump en Twitter -<\/title>\n<meta name=\"robots\" content=\"index, follow, max-snippet:-1, max-image-preview:large, max-video-preview:-1\" \/>\n<link rel=\"canonical\" href=\"https:\/\/quehacerpolitico.mx\/?p=11590\" \/>\n<meta property=\"og:locale\" content=\"es_MX\" \/>\n<meta property=\"og:type\" content=\"article\" \/>\n<meta property=\"og:title\" content=\"Internacionales\/\/\/Carolina Alonso Romei\/\/\/M\u00e9xico ya est\u00e1 pagando el muro fronterizo con el nuevo acuerdo comercial, dice Trump en Twitter -\" \/>\n<meta property=\"og:description\" content=\"M\u00e9xico ya est\u00e1 pagando el muro fronterizo con el nuevo acuerdo comercial, dice Trump en Twitter Por Carolina Alonso Romei Internacionalista\" \/>\n<meta property=\"og:url\" content=\"https:\/\/quehacerpolitico.mx\/?p=11590\" \/>\n<meta property=\"article:published_time\" content=\"2018-12-13T15:08:18+00:00\" \/>\n<meta name=\"author\" content=\"Redacci\u00f3n QP\" \/>\n<meta name=\"twitter:card\" content=\"summary_large_image\" \/>\n<meta name=\"twitter:label1\" content=\"Escrito por\" \/>\n\t<meta name=\"twitter:data1\" content=\"Redacci\u00f3n QP\" \/>\n\t<meta name=\"twitter:label2\" content=\"Tiempo de lectura\" \/>\n\t<meta name=\"twitter:data2\" content=\"2 minutos\" \/>\n<script type=\"application\/ld+json\" class=\"yoast-schema-graph\">{\"@context\":\"https:\\\/\\\/schema.org\",\"@graph\":[{\"@type\":\"Article\",\"@id\":\"https:\\\/\\\/quehacerpolitico.mx\\\/?p=11590#article\",\"isPartOf\":{\"@id\":\"https:\\\/\\\/quehacerpolitico.mx\\\/?p=11590\"},\"author\":{\"name\":\"Redacci\u00f3n QP\",\"@id\":\"https:\\\/\\\/quehacerpolitico.mx\\\/#\\\/schema\\\/person\\\/496d8ad2d1d3f8036101dca7ee39e585\"},\"headline\":\"Internacionales\\\/\\\/\\\/Carolina Alonso Romei\\\/\\\/\\\/M\u00e9xico ya est\u00e1 pagando el muro fronterizo con el nuevo acuerdo comercial, dice Trump en Twitter\",\"datePublished\":\"2018-12-13T15:08:18+00:00\",\"mainEntityOfPage\":{\"@id\":\"https:\\\/\\\/quehacerpolitico.mx\\\/?p=11590\"},\"wordCount\":507,\"commentCount\":0,\"image\":{\"@id\":\"https:\\\/\\\/quehacerpolitico.mx\\\/?p=11590#primaryimage\"},\"thumbnailUrl\":\"\",\"articleSection\":[\"Internacionales\"],\"inLanguage\":\"es\",\"potentialAction\":[{\"@type\":\"CommentAction\",\"name\":\"Comment\",\"target\":[\"https:\\\/\\\/quehacerpolitico.mx\\\/?p=11590#respond\"]}]},{\"@type\":\"WebPage\",\"@id\":\"https:\\\/\\\/quehacerpolitico.mx\\\/?p=11590\",\"url\":\"https:\\\/\\\/quehacerpolitico.mx\\\/?p=11590\",\"name\":\"Internacionales\\\/\\\/\\\/Carolina Alonso Romei\\\/\\\/\\\/M\u00e9xico ya est\u00e1 pagando el muro fronterizo con el nuevo acuerdo comercial, dice Trump en Twitter -\",\"isPartOf\":{\"@id\":\"https:\\\/\\\/quehacerpolitico.mx\\\/#website\"},\"primaryImageOfPage\":{\"@id\":\"https:\\\/\\\/quehacerpolitico.mx\\\/?p=11590#primaryimage\"},\"image\":{\"@id\":\"https:\\\/\\\/quehacerpolitico.mx\\\/?p=11590#primaryimage\"},\"thumbnailUrl\":\"\",\"datePublished\":\"2018-12-13T15:08:18+00:00\",\"author\":{\"@id\":\"https:\\\/\\\/quehacerpolitico.mx\\\/#\\\/schema\\\/person\\\/496d8ad2d1d3f8036101dca7ee39e585\"},\"breadcrumb\":{\"@id\":\"https:\\\/\\\/quehacerpolitico.mx\\\/?p=11590#breadcrumb\"},\"inLanguage\":\"es\",\"potentialAction\":[{\"@type\":\"ReadAction\",\"target\":[\"https:\\\/\\\/quehacerpolitico.mx\\\/?p=11590\"]}]},{\"@type\":\"ImageObject\",\"inLanguage\":\"es\",\"@id\":\"https:\\\/\\\/quehacerpolitico.mx\\\/?p=11590#primaryimage\",\"url\":\"\",\"contentUrl\":\"\"},{\"@type\":\"BreadcrumbList\",\"@id\":\"https:\\\/\\\/quehacerpolitico.mx\\\/?p=11590#breadcrumb\",\"itemListElement\":[{\"@type\":\"ListItem\",\"position\":1,\"name\":\"Inicio\",\"item\":\"https:\\\/\\\/quehacerpolitico.mx\\\/\"},{\"@type\":\"ListItem\",\"position\":2,\"name\":\"Internacionales\\\/\\\/\\\/Carolina Alonso Romei\\\/\\\/\\\/M\u00e9xico ya est\u00e1 pagando el muro fronterizo con el nuevo acuerdo comercial, dice Trump en Twitter\"}]},{\"@type\":\"WebSite\",\"@id\":\"https:\\\/\\\/quehacerpolitico.mx\\\/#website\",\"url\":\"https:\\\/\\\/quehacerpolitico.mx\\\/\",\"name\":\"\",\"description\":\"\",\"potentialAction\":[{\"@type\":\"SearchAction\",\"target\":{\"@type\":\"EntryPoint\",\"urlTemplate\":\"https:\\\/\\\/quehacerpolitico.mx\\\/?s={search_term_string}\"},\"query-input\":{\"@type\":\"PropertyValueSpecification\",\"valueRequired\":true,\"valueName\":\"search_term_string\"}}],\"inLanguage\":\"es\"},{\"@type\":\"Person\",\"@id\":\"https:\\\/\\\/quehacerpolitico.mx\\\/#\\\/schema\\\/person\\\/496d8ad2d1d3f8036101dca7ee39e585\",\"name\":\"Redacci\u00f3n QP\",\"image\":{\"@type\":\"ImageObject\",\"inLanguage\":\"es\",\"@id\":\"https:\\\/\\\/secure.gravatar.com\\\/avatar\\\/c7164ed6fdec453195284ad24a5ae5b6e1eed2b848477fa2a4787ba9adf39a41?s=96&d=mm&r=g\",\"url\":\"https:\\\/\\\/secure.gravatar.com\\\/avatar\\\/c7164ed6fdec453195284ad24a5ae5b6e1eed2b848477fa2a4787ba9adf39a41?s=96&d=mm&r=g\",\"contentUrl\":\"https:\\\/\\\/secure.gravatar.com\\\/avatar\\\/c7164ed6fdec453195284ad24a5ae5b6e1eed2b848477fa2a4787ba9adf39a41?s=96&d=mm&r=g\",\"caption\":\"Redacci\u00f3n QP\"},\"url\":\"https:\\\/\\\/quehacerpolitico.mx\\\/?author=2\"}]}<\/script>\n<!-- \/ Yoast SEO plugin. -->","yoast_head_json":{"title":"Internacionales\/\/\/Carolina Alonso Romei\/\/\/M\u00e9xico ya est\u00e1 pagando el muro fronterizo con el nuevo acuerdo comercial, dice Trump en Twitter -","robots":{"index":"index","follow":"follow","max-snippet":"max-snippet:-1","max-image-preview":"max-image-preview:large","max-video-preview":"max-video-preview:-1"},"canonical":"https:\/\/quehacerpolitico.mx\/?p=11590","og_locale":"es_MX","og_type":"article","og_title":"Internacionales\/\/\/Carolina Alonso Romei\/\/\/M\u00e9xico ya est\u00e1 pagando el muro fronterizo con el nuevo acuerdo comercial, dice Trump en Twitter -","og_description":"M\u00e9xico ya est\u00e1 pagando el muro fronterizo con el nuevo acuerdo comercial, dice Trump en Twitter Por Carolina Alonso Romei Internacionalista","og_url":"https:\/\/quehacerpolitico.mx\/?p=11590","article_published_time":"2018-12-13T15:08:18+00:00","author":"Redacci\u00f3n QP","twitter_card":"summary_large_image","twitter_misc":{"Escrito por":"Redacci\u00f3n QP","Tiempo de lectura":"2 minutos"},"schema":{"@context":"https:\/\/schema.org","@graph":[{"@type":"Article","@id":"https:\/\/quehacerpolitico.mx\/?p=11590#article","isPartOf":{"@id":"https:\/\/quehacerpolitico.mx\/?p=11590"},"author":{"name":"Redacci\u00f3n QP","@id":"https:\/\/quehacerpolitico.mx\/#\/schema\/person\/496d8ad2d1d3f8036101dca7ee39e585"},"headline":"Internacionales\/\/\/Carolina Alonso Romei\/\/\/M\u00e9xico ya est\u00e1 pagando el muro fronterizo con el nuevo acuerdo comercial, dice Trump en Twitter","datePublished":"2018-12-13T15:08:18+00:00","mainEntityOfPage":{"@id":"https:\/\/quehacerpolitico.mx\/?p=11590"},"wordCount":507,"commentCount":0,"image":{"@id":"https:\/\/quehacerpolitico.mx\/?p=11590#primaryimage"},"thumbnailUrl":"","articleSection":["Internacionales"],"inLanguage":"es","potentialAction":[{"@type":"CommentAction","name":"Comment","target":["https:\/\/quehacerpolitico.mx\/?p=11590#respond"]}]},{"@type":"WebPage","@id":"https:\/\/quehacerpolitico.mx\/?p=11590","url":"https:\/\/quehacerpolitico.mx\/?p=11590","name":"Internacionales\/\/\/Carolina Alonso Romei\/\/\/M\u00e9xico ya est\u00e1 pagando el muro fronterizo con el nuevo acuerdo comercial, dice Trump en Twitter -","isPartOf":{"@id":"https:\/\/quehacerpolitico.mx\/#website"},"primaryImageOfPage":{"@id":"https:\/\/quehacerpolitico.mx\/?p=11590#primaryimage"},"image":{"@id":"https:\/\/quehacerpolitico.mx\/?p=11590#primaryimage"},"thumbnailUrl":"","datePublished":"2018-12-13T15:08:18+00:00","author":{"@id":"https:\/\/quehacerpolitico.mx\/#\/schema\/person\/496d8ad2d1d3f8036101dca7ee39e585"},"breadcrumb":{"@id":"https:\/\/quehacerpolitico.mx\/?p=11590#breadcrumb"},"inLanguage":"es","potentialAction":[{"@type":"ReadAction","target":["https:\/\/quehacerpolitico.mx\/?p=11590"]}]},{"@type":"ImageObject","inLanguage":"es","@id":"https:\/\/quehacerpolitico.mx\/?p=11590#primaryimage","url":"","contentUrl":""},{"@type":"BreadcrumbList","@id":"https:\/\/quehacerpolitico.mx\/?p=11590#breadcrumb","itemListElement":[{"@type":"ListItem","position":1,"name":"Inicio","item":"https:\/\/quehacerpolitico.mx\/"},{"@type":"ListItem","position":2,"name":"Internacionales\/\/\/Carolina Alonso Romei\/\/\/M\u00e9xico ya est\u00e1 pagando el muro fronterizo con el nuevo acuerdo comercial, dice Trump en Twitter"}]},{"@type":"WebSite","@id":"https:\/\/quehacerpolitico.mx\/#website","url":"https:\/\/quehacerpolitico.mx\/","name":"","description":"","potentialAction":[{"@type":"SearchAction","target":{"@type":"EntryPoint","urlTemplate":"https:\/\/quehacerpolitico.mx\/?s={search_term_string}"},"query-input":{"@type":"PropertyValueSpecification","valueRequired":true,"valueName":"search_term_string"}}],"inLanguage":"es"},{"@type":"Person","@id":"https:\/\/quehacerpolitico.mx\/#\/schema\/person\/496d8ad2d1d3f8036101dca7ee39e585","name":"Redacci\u00f3n QP","image":{"@type":"ImageObject","inLanguage":"es","@id":"https:\/\/secure.gravatar.com\/avatar\/c7164ed6fdec453195284ad24a5ae5b6e1eed2b848477fa2a4787ba9adf39a41?s=96&d=mm&r=g","url":"https:\/\/secure.gravatar.com\/avatar\/c7164ed6fdec453195284ad24a5ae5b6e1eed2b848477fa2a4787ba9adf39a41?s=96&d=mm&r=g","contentUrl":"https:\/\/secure.gravatar.com\/avatar\/c7164ed6fdec453195284ad24a5ae5b6e1eed2b848477fa2a4787ba9adf39a41?s=96&d=mm&r=g","caption":"Redacci\u00f3n QP"},"url":"https:\/\/quehacerpolitico.mx\/?author=2"}]}},"featured_image_urls":{"full":"","thumbnail":"","medium":"","medium_large":"","large":"","1536x1536":"","2048x2048":"","covernews-featured":"","covernews-medium":""},"author_info":{"display_name":"Redacci\u00f3n QP","author_link":"https:\/\/quehacerpolitico.mx\/?author=2"},"category_info":"<a href=\"https:\/\/quehacerpolitico.mx\/?cat=1\" rel=\"category\">Internacionales<\/a>","tag_info":"Internacionales","comment_count":"0","_links":{"self":[{"href":"https:\/\/quehacerpolitico.mx\/index.php?rest_route=\/wp\/v2\/posts\/11590","targetHints":{"allow":["GET"]}}],"collection":[{"href":"https:\/\/quehacerpolitico.mx\/index.php?rest_route=\/wp\/v2\/posts"}],"about":[{"href":"https:\/\/quehacerpolitico.mx\/index.php?rest_route=\/wp\/v2\/types\/post"}],"author":[{"embeddable":true,"href":"https:\/\/quehacerpolitico.mx\/index.php?rest_route=\/wp\/v2\/users\/2"}],"replies":[{"embeddable":true,"href":"https:\/\/quehacerpolitico.mx\/index.php?rest_route=%2Fwp%2Fv2%2Fcomments&post=11590"}],"version-history":[{"count":0,"href":"https:\/\/quehacerpolitico.mx\/index.php?rest_route=\/wp\/v2\/posts\/11590\/revisions"}],"wp:featuredmedia":[{"embeddable":true,"href":"https:\/\/quehacerpolitico.mx\/index.php?rest_route=\/"}],"wp:attachment":[{"href":"https:\/\/quehacerpolitico.mx\/index.php?rest_route=%2Fwp%2Fv2%2Fmedia&parent=11590"}],"wp:term":[{"taxonomy":"category","embeddable":true,"href":"https:\/\/quehacerpolitico.mx\/index.php?rest_route=%2Fwp%2Fv2%2Fcategories&post=11590"},{"taxonomy":"post_tag","embeddable":true,"href":"https:\/\/quehacerpolitico.mx\/index.php?rest_route=%2Fwp%2Fv2%2Ftags&post=11590"}],"curies":[{"name":"wp","href":"https:\/\/api.w.org\/{rel}","templated":true}]}}