{"id":115884,"date":"2025-04-14T14:28:07","date_gmt":"2025-04-14T20:28:07","guid":{"rendered":"https:\/\/quehacerpolitico.mx\/?p=115884"},"modified":"2025-04-14T14:28:10","modified_gmt":"2025-04-14T20:28:10","slug":"cuales-escritores-en-espanol-recibieron-el-nobel-de-literatura","status":"publish","type":"post","link":"https:\/\/quehacerpolitico.mx\/?p=115884","title":{"rendered":"\u00bfCu\u00e1les escritores en espa\u00f1ol recibieron el Nobel de Literatura?"},"content":{"rendered":"\n<p>Por Redacci\u00f3n QP<\/p>\n\n\n\n<p>A prop\u00f3sito del fallecimiento de Mario Vargas Llosa, muchos se cuestionan cu\u00e1ntos autores en espa\u00f1ol han recibido el Nobel de Literatura<\/p>\n\n\n\n<p><strong>A prop\u00f3sito del fallecimiento de Mario Vargas Llosa, muchos se cuestionan cu\u00e1ntos autores en espa\u00f1ol han recibido el Nobel de Literatura<\/strong>. Aqu\u00ed el recuento:<\/p>\n\n\n\n<p><mark><strong>El hispano-peruano Mario Vargas Llosa, fallecido este domingo en Lima, a los 89 a\u00f1os<\/strong><\/mark>, fue&nbsp;<strong>el \u00faltimo escritor en lengua castellana en recibir el Premio Nobel de Literatura<\/strong>, en 2010 cuando se uni\u00f3 a una lista de otros diez escritores en espa\u00f1ol que ya lo hab\u00edan logrado antes.<\/p>\n\n\n\n<p><strong>Estos son los 11 escritores que compusieron su obra en la lengua de Cervantes y que han recibido el Nobel de Literatura desde que en 1901 comenzaron a entregarse estos premios<\/strong>:<\/p>\n\n\n\n<ol class=\"wp-block-list\">\n<li><mark><strong>Jos\u00e9 Echegaray (1904)<\/strong><\/mark>, matem\u00e1tico, ingeniero, pol\u00edtico y dramaturgo, era un hombre polifac\u00e9tico,\u00a0<strong>miembro de la Real Academia Espa\u00f1ola<\/strong>, y que se convertir\u00eda en el primer espa\u00f1ol galardonado con el Nobel de Literatura, que comparti\u00f3 con el franc\u00e9s Frederic Mistral.<\/li>\n\n\n\n<li><mark><strong>Jacinto Benavente (1922)<\/strong><\/mark>, tambi\u00e9n\u00a0<strong>dramaturgo espa\u00f1ol\u00a0<\/strong>como Echegaray, est\u00e1 considerado un prol\u00edfico precursor del teatro espa\u00f1ol del siglo XX.<\/li>\n\n\n\n<li><mark><strong>Gabriela Mistral (1945)<\/strong><\/mark>, poeta chilena, adem\u00e1s de profesora y diplom\u00e1tica, se convirti\u00f3 en la\u00a0<strong>primera mujer latinoamericana en ganar el Nobel de Literatura<\/strong>.<\/li>\n\n\n\n<li><mark><strong>Juan Ram\u00f3n Jim\u00e9nez (1956)<\/strong><\/mark>, el autor espa\u00f1ol del inolvidable\u00a0<strong>&#8216;Platero y yo&#8217;<\/strong>, fue el siguiente Nobel de Literatura para un escritor en lengua castellana.<\/li>\n\n\n\n<li><mark><strong>Miguel \u00c1ngel Asturias (1967)<\/strong><\/mark>,\u00a0<strong>el novelista, cuentista, poeta y periodista guatemalteco\u00a0<\/strong>gan\u00f3 el Nobel cuando era embajador de Guatemala en Francia. De su obra destacan &#8216;El se\u00f1or presidente&#8217; y &#8216;Hombres del ma\u00edz&#8217;.<\/li>\n\n\n\n<li><mark><strong>Pablo Neruda (1971)<\/strong><\/mark>, el\u00a0<strong>escritor chileno<\/strong>, autor de &#8216;Veinte poemas de amor y una canci\u00f3n desesperada&#8217;, era en palabras de Gabriel Garc\u00eda M\u00e1rquez &#8220;el m\u00e1s grande poeta del siglo XX en cualquier idioma&#8221;.<\/li>\n\n\n\n<li><mark><strong>Vicente Aleixandre (1977)<\/strong><\/mark>,\u00a0<strong>escritor y poeta espa\u00f1ol<\/strong>, miembro de la generaci\u00f3n del 27 con t\u00edtulos como &#8216;Sombra del para\u00edso&#8217;, recibi\u00f3 la noticia en su casa madrile\u00f1a de la calle Velintonia.<\/li>\n\n\n\n<li><mark><strong>Gabriel Garc\u00eda M\u00e1rquez (1982)<\/strong><\/mark>,\u00a0<strong>escritor y periodista colombiano<\/strong>\u00a0de t\u00edtulos inolvidables como &#8216;Cien a\u00f1os de soledad&#8217; o &#8216;El amor en los tiempos de c\u00f3lera&#8217;.<\/li>\n\n\n\n<li><mark><strong>Camilo Jos\u00e9 Cela (1989)<\/strong><\/mark>,\u00a0<strong>escritor espa\u00f1ol\u00a0<\/strong>autor de novelas tan conocidas como &#8216;La familia de Pascual Duarte&#8217; o &#8216;La colmena&#8217;, tambi\u00e9n se alz\u00f3 con el m\u00e1ximo galard\u00f3n de las letras.<\/li>\n\n\n\n<li><mark><strong>Octavio Paz (1990)<\/strong><\/mark>, el\u00a0<strong>escritor mexicano<\/strong>\u00a0autor de &#8216;El laberinto de la soledad&#8217;, obtuvo el Nobel de Literatura un a\u00f1o despu\u00e9s que Cela, por lo que la Academia sueca reconoc\u00eda a la literatura en espa\u00f1ol dos a\u00f1os consecutivos.<\/li>\n\n\n\n<li><mark><strong>Mario Vargas Llosa (2010)<\/strong><\/mark>, con\u00a0<strong>nacionalidad peruana y espa\u00f1ola<\/strong>, autor de &#8216;La ciudad y los perros&#8217; o &#8216;La fiesta del chivo&#8217;, ha sido hasta la fecha el \u00faltimo escritor en lengua castellana en recibir el Nobel.<\/li>\n<\/ol>\n\n\n\n<p>Con informaci\u00f3n de EFE<\/p>\n","protected":false},"excerpt":{"rendered":"<p>Por Redacci\u00f3n QP A prop\u00f3sito del fallecimiento de Mario Vargas Llosa, muchos se cuestionan cu\u00e1ntos&#8230;<\/p>\n","protected":false},"author":2,"featured_media":115885,"comment_status":"open","ping_status":"open","sticky":false,"template":"","format":"standard","meta":{"_monsterinsights_skip_tracking":false,"_monsterinsights_sitenote_active":false,"_monsterinsights_sitenote_note":"","_monsterinsights_sitenote_category":0,"footnotes":""},"categories":[58],"tags":[],"class_list":["post-115884","post","type-post","status-publish","format-standard","has-post-thumbnail","hentry","category-cultura"],"yoast_head":"<!-- This site is optimized with the Yoast SEO plugin v27.3 - https:\/\/yoast.com\/product\/yoast-seo-wordpress\/ -->\n<title>\u00bfCu\u00e1les escritores en espa\u00f1ol recibieron el Nobel de Literatura? -<\/title>\n<meta name=\"robots\" content=\"index, follow, max-snippet:-1, max-image-preview:large, max-video-preview:-1\" \/>\n<link rel=\"canonical\" href=\"https:\/\/quehacerpolitico.mx\/?p=115884\" \/>\n<meta property=\"og:locale\" content=\"es_MX\" \/>\n<meta property=\"og:type\" content=\"article\" \/>\n<meta property=\"og:title\" content=\"\u00bfCu\u00e1les escritores en espa\u00f1ol recibieron el Nobel de Literatura? -\" \/>\n<meta property=\"og:description\" content=\"Por Redacci\u00f3n QP A prop\u00f3sito del fallecimiento de Mario Vargas Llosa, muchos se cuestionan cu\u00e1ntos...\" \/>\n<meta property=\"og:url\" content=\"https:\/\/quehacerpolitico.mx\/?p=115884\" \/>\n<meta property=\"article:published_time\" content=\"2025-04-14T20:28:07+00:00\" \/>\n<meta property=\"article:modified_time\" content=\"2025-04-14T20:28:10+00:00\" \/>\n<meta property=\"og:image\" content=\"https:\/\/quehacerpolitico.mx\/wp-content\/uploads\/2025\/04\/images.jpeg\" \/>\n\t<meta property=\"og:image:width\" content=\"678\" \/>\n\t<meta property=\"og:image:height\" content=\"452\" \/>\n\t<meta property=\"og:image:type\" content=\"image\/jpeg\" \/>\n<meta name=\"author\" content=\"Redacci\u00f3n QP\" \/>\n<meta name=\"twitter:card\" content=\"summary_large_image\" \/>\n<meta name=\"twitter:label1\" content=\"Escrito por\" \/>\n\t<meta name=\"twitter:data1\" content=\"Redacci\u00f3n QP\" \/>\n\t<meta name=\"twitter:label2\" content=\"Tiempo de lectura\" \/>\n\t<meta name=\"twitter:data2\" content=\"2 minutos\" \/>\n<script type=\"application\/ld+json\" class=\"yoast-schema-graph\">{\"@context\":\"https:\\\/\\\/schema.org\",\"@graph\":[{\"@type\":\"Article\",\"@id\":\"https:\\\/\\\/quehacerpolitico.mx\\\/?p=115884#article\",\"isPartOf\":{\"@id\":\"https:\\\/\\\/quehacerpolitico.mx\\\/?p=115884\"},\"author\":{\"name\":\"Redacci\u00f3n QP\",\"@id\":\"https:\\\/\\\/quehacerpolitico.mx\\\/#\\\/schema\\\/person\\\/496d8ad2d1d3f8036101dca7ee39e585\"},\"headline\":\"\u00bfCu\u00e1les escritores en espa\u00f1ol recibieron el Nobel de Literatura?\",\"datePublished\":\"2025-04-14T20:28:07+00:00\",\"dateModified\":\"2025-04-14T20:28:10+00:00\",\"mainEntityOfPage\":{\"@id\":\"https:\\\/\\\/quehacerpolitico.mx\\\/?p=115884\"},\"wordCount\":508,\"commentCount\":0,\"image\":{\"@id\":\"https:\\\/\\\/quehacerpolitico.mx\\\/?p=115884#primaryimage\"},\"thumbnailUrl\":\"https:\\\/\\\/quehacerpolitico.mx\\\/wp-content\\\/uploads\\\/2025\\\/04\\\/images.jpeg\",\"articleSection\":[\"Cultura y Entretenimiento\"],\"inLanguage\":\"es\",\"potentialAction\":[{\"@type\":\"CommentAction\",\"name\":\"Comment\",\"target\":[\"https:\\\/\\\/quehacerpolitico.mx\\\/?p=115884#respond\"]}]},{\"@type\":\"WebPage\",\"@id\":\"https:\\\/\\\/quehacerpolitico.mx\\\/?p=115884\",\"url\":\"https:\\\/\\\/quehacerpolitico.mx\\\/?p=115884\",\"name\":\"\u00bfCu\u00e1les escritores en espa\u00f1ol recibieron el Nobel de Literatura? -\",\"isPartOf\":{\"@id\":\"https:\\\/\\\/quehacerpolitico.mx\\\/#website\"},\"primaryImageOfPage\":{\"@id\":\"https:\\\/\\\/quehacerpolitico.mx\\\/?p=115884#primaryimage\"},\"image\":{\"@id\":\"https:\\\/\\\/quehacerpolitico.mx\\\/?p=115884#primaryimage\"},\"thumbnailUrl\":\"https:\\\/\\\/quehacerpolitico.mx\\\/wp-content\\\/uploads\\\/2025\\\/04\\\/images.jpeg\",\"datePublished\":\"2025-04-14T20:28:07+00:00\",\"dateModified\":\"2025-04-14T20:28:10+00:00\",\"author\":{\"@id\":\"https:\\\/\\\/quehacerpolitico.mx\\\/#\\\/schema\\\/person\\\/496d8ad2d1d3f8036101dca7ee39e585\"},\"breadcrumb\":{\"@id\":\"https:\\\/\\\/quehacerpolitico.mx\\\/?p=115884#breadcrumb\"},\"inLanguage\":\"es\",\"potentialAction\":[{\"@type\":\"ReadAction\",\"target\":[\"https:\\\/\\\/quehacerpolitico.mx\\\/?p=115884\"]}]},{\"@type\":\"ImageObject\",\"inLanguage\":\"es\",\"@id\":\"https:\\\/\\\/quehacerpolitico.mx\\\/?p=115884#primaryimage\",\"url\":\"https:\\\/\\\/quehacerpolitico.mx\\\/wp-content\\\/uploads\\\/2025\\\/04\\\/images.jpeg\",\"contentUrl\":\"https:\\\/\\\/quehacerpolitico.mx\\\/wp-content\\\/uploads\\\/2025\\\/04\\\/images.jpeg\",\"width\":678,\"height\":452},{\"@type\":\"BreadcrumbList\",\"@id\":\"https:\\\/\\\/quehacerpolitico.mx\\\/?p=115884#breadcrumb\",\"itemListElement\":[{\"@type\":\"ListItem\",\"position\":1,\"name\":\"Inicio\",\"item\":\"https:\\\/\\\/quehacerpolitico.mx\\\/\"},{\"@type\":\"ListItem\",\"position\":2,\"name\":\"\u00bfCu\u00e1les escritores en espa\u00f1ol recibieron el Nobel de Literatura?\"}]},{\"@type\":\"WebSite\",\"@id\":\"https:\\\/\\\/quehacerpolitico.mx\\\/#website\",\"url\":\"https:\\\/\\\/quehacerpolitico.mx\\\/\",\"name\":\"\",\"description\":\"\",\"potentialAction\":[{\"@type\":\"SearchAction\",\"target\":{\"@type\":\"EntryPoint\",\"urlTemplate\":\"https:\\\/\\\/quehacerpolitico.mx\\\/?s={search_term_string}\"},\"query-input\":{\"@type\":\"PropertyValueSpecification\",\"valueRequired\":true,\"valueName\":\"search_term_string\"}}],\"inLanguage\":\"es\"},{\"@type\":\"Person\",\"@id\":\"https:\\\/\\\/quehacerpolitico.mx\\\/#\\\/schema\\\/person\\\/496d8ad2d1d3f8036101dca7ee39e585\",\"name\":\"Redacci\u00f3n QP\",\"image\":{\"@type\":\"ImageObject\",\"inLanguage\":\"es\",\"@id\":\"https:\\\/\\\/secure.gravatar.com\\\/avatar\\\/c7164ed6fdec453195284ad24a5ae5b6e1eed2b848477fa2a4787ba9adf39a41?s=96&d=mm&r=g\",\"url\":\"https:\\\/\\\/secure.gravatar.com\\\/avatar\\\/c7164ed6fdec453195284ad24a5ae5b6e1eed2b848477fa2a4787ba9adf39a41?s=96&d=mm&r=g\",\"contentUrl\":\"https:\\\/\\\/secure.gravatar.com\\\/avatar\\\/c7164ed6fdec453195284ad24a5ae5b6e1eed2b848477fa2a4787ba9adf39a41?s=96&d=mm&r=g\",\"caption\":\"Redacci\u00f3n QP\"},\"url\":\"https:\\\/\\\/quehacerpolitico.mx\\\/?author=2\"}]}<\/script>\n<!-- \/ Yoast SEO plugin. -->","yoast_head_json":{"title":"\u00bfCu\u00e1les escritores en espa\u00f1ol recibieron el Nobel de Literatura? -","robots":{"index":"index","follow":"follow","max-snippet":"max-snippet:-1","max-image-preview":"max-image-preview:large","max-video-preview":"max-video-preview:-1"},"canonical":"https:\/\/quehacerpolitico.mx\/?p=115884","og_locale":"es_MX","og_type":"article","og_title":"\u00bfCu\u00e1les escritores en espa\u00f1ol recibieron el Nobel de Literatura? -","og_description":"Por Redacci\u00f3n QP A prop\u00f3sito del fallecimiento de Mario Vargas Llosa, muchos se cuestionan cu\u00e1ntos...","og_url":"https:\/\/quehacerpolitico.mx\/?p=115884","article_published_time":"2025-04-14T20:28:07+00:00","article_modified_time":"2025-04-14T20:28:10+00:00","og_image":[{"width":678,"height":452,"url":"https:\/\/quehacerpolitico.mx\/wp-content\/uploads\/2025\/04\/images.jpeg","type":"image\/jpeg"}],"author":"Redacci\u00f3n QP","twitter_card":"summary_large_image","twitter_misc":{"Escrito por":"Redacci\u00f3n QP","Tiempo de lectura":"2 minutos"},"schema":{"@context":"https:\/\/schema.org","@graph":[{"@type":"Article","@id":"https:\/\/quehacerpolitico.mx\/?p=115884#article","isPartOf":{"@id":"https:\/\/quehacerpolitico.mx\/?p=115884"},"author":{"name":"Redacci\u00f3n QP","@id":"https:\/\/quehacerpolitico.mx\/#\/schema\/person\/496d8ad2d1d3f8036101dca7ee39e585"},"headline":"\u00bfCu\u00e1les escritores en espa\u00f1ol recibieron el Nobel de Literatura?","datePublished":"2025-04-14T20:28:07+00:00","dateModified":"2025-04-14T20:28:10+00:00","mainEntityOfPage":{"@id":"https:\/\/quehacerpolitico.mx\/?p=115884"},"wordCount":508,"commentCount":0,"image":{"@id":"https:\/\/quehacerpolitico.mx\/?p=115884#primaryimage"},"thumbnailUrl":"https:\/\/quehacerpolitico.mx\/wp-content\/uploads\/2025\/04\/images.jpeg","articleSection":["Cultura y Entretenimiento"],"inLanguage":"es","potentialAction":[{"@type":"CommentAction","name":"Comment","target":["https:\/\/quehacerpolitico.mx\/?p=115884#respond"]}]},{"@type":"WebPage","@id":"https:\/\/quehacerpolitico.mx\/?p=115884","url":"https:\/\/quehacerpolitico.mx\/?p=115884","name":"\u00bfCu\u00e1les escritores en espa\u00f1ol recibieron el Nobel de Literatura? -","isPartOf":{"@id":"https:\/\/quehacerpolitico.mx\/#website"},"primaryImageOfPage":{"@id":"https:\/\/quehacerpolitico.mx\/?p=115884#primaryimage"},"image":{"@id":"https:\/\/quehacerpolitico.mx\/?p=115884#primaryimage"},"thumbnailUrl":"https:\/\/quehacerpolitico.mx\/wp-content\/uploads\/2025\/04\/images.jpeg","datePublished":"2025-04-14T20:28:07+00:00","dateModified":"2025-04-14T20:28:10+00:00","author":{"@id":"https:\/\/quehacerpolitico.mx\/#\/schema\/person\/496d8ad2d1d3f8036101dca7ee39e585"},"breadcrumb":{"@id":"https:\/\/quehacerpolitico.mx\/?p=115884#breadcrumb"},"inLanguage":"es","potentialAction":[{"@type":"ReadAction","target":["https:\/\/quehacerpolitico.mx\/?p=115884"]}]},{"@type":"ImageObject","inLanguage":"es","@id":"https:\/\/quehacerpolitico.mx\/?p=115884#primaryimage","url":"https:\/\/quehacerpolitico.mx\/wp-content\/uploads\/2025\/04\/images.jpeg","contentUrl":"https:\/\/quehacerpolitico.mx\/wp-content\/uploads\/2025\/04\/images.jpeg","width":678,"height":452},{"@type":"BreadcrumbList","@id":"https:\/\/quehacerpolitico.mx\/?p=115884#breadcrumb","itemListElement":[{"@type":"ListItem","position":1,"name":"Inicio","item":"https:\/\/quehacerpolitico.mx\/"},{"@type":"ListItem","position":2,"name":"\u00bfCu\u00e1les escritores en espa\u00f1ol recibieron el Nobel de Literatura?"}]},{"@type":"WebSite","@id":"https:\/\/quehacerpolitico.mx\/#website","url":"https:\/\/quehacerpolitico.mx\/","name":"","description":"","potentialAction":[{"@type":"SearchAction","target":{"@type":"EntryPoint","urlTemplate":"https:\/\/quehacerpolitico.mx\/?s={search_term_string}"},"query-input":{"@type":"PropertyValueSpecification","valueRequired":true,"valueName":"search_term_string"}}],"inLanguage":"es"},{"@type":"Person","@id":"https:\/\/quehacerpolitico.mx\/#\/schema\/person\/496d8ad2d1d3f8036101dca7ee39e585","name":"Redacci\u00f3n QP","image":{"@type":"ImageObject","inLanguage":"es","@id":"https:\/\/secure.gravatar.com\/avatar\/c7164ed6fdec453195284ad24a5ae5b6e1eed2b848477fa2a4787ba9adf39a41?s=96&d=mm&r=g","url":"https:\/\/secure.gravatar.com\/avatar\/c7164ed6fdec453195284ad24a5ae5b6e1eed2b848477fa2a4787ba9adf39a41?s=96&d=mm&r=g","contentUrl":"https:\/\/secure.gravatar.com\/avatar\/c7164ed6fdec453195284ad24a5ae5b6e1eed2b848477fa2a4787ba9adf39a41?s=96&d=mm&r=g","caption":"Redacci\u00f3n QP"},"url":"https:\/\/quehacerpolitico.mx\/?author=2"}]}},"featured_image_urls":{"full":["https:\/\/quehacerpolitico.mx\/wp-content\/uploads\/2025\/04\/images.jpeg",678,452,false],"thumbnail":["https:\/\/quehacerpolitico.mx\/wp-content\/uploads\/2025\/04\/images-150x150.jpeg",150,150,true],"medium":["https:\/\/quehacerpolitico.mx\/wp-content\/uploads\/2025\/04\/images-300x200.jpeg",300,200,true],"medium_large":["https:\/\/quehacerpolitico.mx\/wp-content\/uploads\/2025\/04\/images.jpeg",640,427,false],"large":["https:\/\/quehacerpolitico.mx\/wp-content\/uploads\/2025\/04\/images.jpeg",640,427,false],"1536x1536":["https:\/\/quehacerpolitico.mx\/wp-content\/uploads\/2025\/04\/images.jpeg",678,452,false],"2048x2048":["https:\/\/quehacerpolitico.mx\/wp-content\/uploads\/2025\/04\/images.jpeg",678,452,false],"covernews-featured":["https:\/\/quehacerpolitico.mx\/wp-content\/uploads\/2025\/04\/images.jpeg",678,452,false],"covernews-medium":["https:\/\/quehacerpolitico.mx\/wp-content\/uploads\/2025\/04\/images-540x340.jpeg",540,340,true]},"author_info":{"display_name":"Redacci\u00f3n QP","author_link":"https:\/\/quehacerpolitico.mx\/?author=2"},"category_info":"<a href=\"https:\/\/quehacerpolitico.mx\/?cat=58\" rel=\"category\">Cultura y Entretenimiento<\/a>","tag_info":"Cultura y Entretenimiento","comment_count":"0","_links":{"self":[{"href":"https:\/\/quehacerpolitico.mx\/index.php?rest_route=\/wp\/v2\/posts\/115884","targetHints":{"allow":["GET"]}}],"collection":[{"href":"https:\/\/quehacerpolitico.mx\/index.php?rest_route=\/wp\/v2\/posts"}],"about":[{"href":"https:\/\/quehacerpolitico.mx\/index.php?rest_route=\/wp\/v2\/types\/post"}],"author":[{"embeddable":true,"href":"https:\/\/quehacerpolitico.mx\/index.php?rest_route=\/wp\/v2\/users\/2"}],"replies":[{"embeddable":true,"href":"https:\/\/quehacerpolitico.mx\/index.php?rest_route=%2Fwp%2Fv2%2Fcomments&post=115884"}],"version-history":[{"count":2,"href":"https:\/\/quehacerpolitico.mx\/index.php?rest_route=\/wp\/v2\/posts\/115884\/revisions"}],"predecessor-version":[{"id":115887,"href":"https:\/\/quehacerpolitico.mx\/index.php?rest_route=\/wp\/v2\/posts\/115884\/revisions\/115887"}],"wp:featuredmedia":[{"embeddable":true,"href":"https:\/\/quehacerpolitico.mx\/index.php?rest_route=\/wp\/v2\/media\/115885"}],"wp:attachment":[{"href":"https:\/\/quehacerpolitico.mx\/index.php?rest_route=%2Fwp%2Fv2%2Fmedia&parent=115884"}],"wp:term":[{"taxonomy":"category","embeddable":true,"href":"https:\/\/quehacerpolitico.mx\/index.php?rest_route=%2Fwp%2Fv2%2Fcategories&post=115884"},{"taxonomy":"post_tag","embeddable":true,"href":"https:\/\/quehacerpolitico.mx\/index.php?rest_route=%2Fwp%2Fv2%2Ftags&post=115884"}],"curies":[{"name":"wp","href":"https:\/\/api.w.org\/{rel}","templated":true}]}}