{"id":115881,"date":"2025-04-14T13:54:42","date_gmt":"2025-04-14T19:54:42","guid":{"rendered":"https:\/\/quehacerpolitico.mx\/?p=115881"},"modified":"2025-04-14T13:54:45","modified_gmt":"2025-04-14T19:54:45","slug":"policia-de-cdmx-revela-causa-de-muerte-de-miguel-n","status":"publish","type":"post","link":"https:\/\/quehacerpolitico.mx\/?p=115881","title":{"rendered":"Polic\u00eda de CDMX revela causa de muerte de Miguel &#8220;N&#8221;"},"content":{"rendered":"\n<p>Por Redacci\u00f3n QP<\/p>\n\n\n\n<p>La Polic\u00eda de la Ciudad de M\u00e9xico report\u00f3 la muerte de Miguel \u201cN\u201d, presunto feminicida serial de Iztacalco, quien se encontraba en el Reclusorio Oriente<\/p>\n\n\n\n<p>La Polic\u00eda de la Ciudad de M\u00e9xico report\u00f3 la muerte de Miguel \u201cN\u201d, presunto feminicida serial de Iztacalco, quien se encontraba en el Reclusorio Oriente.&nbsp;<mark><strong>De acuerdo con la informaci\u00f3n emitida por la dependencia capitalina, el hombre falleci\u00f3 por una ca\u00edda y, aunque fue trasladado al hospital para que recibiera la atenci\u00f3n pertinente, horas m\u00e1s tarde muri\u00f3.<\/strong><\/mark><\/p>\n\n\n\n<p>Tras este hecho, las autoridades del Reclusorio Oriente dieron parte al agente del Ministerio P\u00fablico para las investigaciones. Tambi\u00e9n se avis\u00f3 a las autoridades del Sistema Penitenciario para indagatorias.<\/p>\n\n\n\n<figure class=\"wp-block-image\" id=\"cnt_img_2583\"><img decoding=\"async\" src=\"https:\/\/www.informador.mx\/__export\/1744658578349\/sites\/elinformador\/img\/2025\/04\/14\/godhzc7wuaa10-i.jpg_323996411.jpg\" alt=\"Las autoridades del Reclusorio Oriente dieron parte al agente del Ministerio P\u00fablico para las investigaciones.\u00a0ESPECIAL\" title=\"Las autoridades del Reclusorio Oriente dieron parte al agente del Ministerio P\u00fablico para las investigaciones.\u00a0ESPECIAL\"\/><figcaption class=\"wp-element-caption\">Las autoridades del Reclusorio Oriente dieron parte al agente del Ministerio P\u00fablico para las investigaciones.&nbsp;ESPECIAL<\/figcaption><\/figure>\n\n\n\n<h3 class=\"wp-block-heading\">\u00bfQui\u00e9n era Miguel \u201cN\u201d, presunto feminicida serial?<\/h3>\n\n\n\n<p>Miguel \u201cN\u201d fue detenido el pasado 17 de abril del 2024 en la colonia La Cruz de la alcald\u00eda de Iztacalco luego de que sus vecinos dieran aviso a la polic\u00eda de los gritos de una joven a la que mat\u00f3 y abus\u00f3 sexualmente, y de la madre, a quien apu\u00f1al\u00f3 en repetidas ocasiones por intentar defender a su hija, sin lograr arrebatarle la vida.<\/p>\n\n\n\n<p><strong>Miguel \u201cN\u201d era qu\u00edmico laboratorista de profesi\u00f3n. Cuando las autoridades indagaron en su departamento, hallaron restos humanos y pertenencias como identificaciones de mujeres con reporte de desaparici\u00f3n.<\/strong><\/p>\n\n\n\n<figure class=\"wp-block-embed is-type-video is-provider-youtube wp-block-embed-youtube wp-embed-aspect-16-9 wp-has-aspect-ratio\"><div class=\"wp-block-embed__wrapper\">\n<iframe loading=\"lazy\" title=\"El presunto feminicida de Iztacalco, Miguel &quot;N&quot;, muere tras ca\u00edda en el Reclusorio Oriente\" width=\"640\" height=\"360\" src=\"https:\/\/www.youtube.com\/embed\/KpLZY6k-4GE?feature=oembed\" frameborder=\"0\" allow=\"accelerometer; autoplay; clipboard-write; encrypted-media; gyroscope; picture-in-picture; web-share\" referrerpolicy=\"strict-origin-when-cross-origin\" allowfullscreen><\/iframe>\n<\/div><\/figure>\n\n\n\n<p>Posterior a su detenci\u00f3n, el entonces encargado de despacho de la Fiscal\u00eda General de Justicia de la Ciudad de M\u00e9xico (FGJ), Ulises Lara, indic\u00f3;<mark><strong>\u00a0&#8220;Los indicios localizados en el sitio por personal ministerial, agentes de la Polic\u00eda de Investigaci\u00f3n, y peritos adscritos a la fiscal\u00eda de feminicidio, nos se\u00f1alan claramente la existencia de un posible feminicida serial, quien estar\u00eda relacionado con la desaparici\u00f3n de varias mujeres&#8221;.<\/strong><\/mark><\/p>\n\n\n\n<p>Dando como resultado una serie de 7 casos de desapariciones y muertes que lo vincularon como el principal responsable. Adem\u00e1s, ten\u00eda una acusaci\u00f3n de feminicidio en grado tentativa.<\/p>\n\n\n\n<p>Antes de su captura, Miguel &#8220;N&#8221; pas\u00f3 12 a\u00f1os cometiendo cr\u00edmenes y viviendo con impunidad, a\u00fan y cuando en 2021 informes oficiales lo se\u00f1alaron como posible responsable de violencia feminicida, es decir, dos a\u00f1os y meses previos a su captura<\/p>\n\n\n\n<p><mark><strong>El 21 de enero de 2025, se realiz\u00f3 una audiencia en la que solicitaron la pena m\u00e1xima por los delitos y los resultados de las investigaciones en torno los restos humanos hallados en su domicilio en Iztacalco.<\/strong><\/mark><\/p>\n\n\n\n<p>A pesar de su detenci\u00f3n, el pasado 24 de febrero, familiares de 3 v\u00edctimas, denunciaron errores y lentitud por parte de la Fiscal\u00eda capitalina en la elaboraci\u00f3n de los peritajes forenses que acusaran directamente por las muertes de mujeres y el juez otorgara la sentencia condenatoria.<\/p>\n\n\n\n<p>El domingo 13 de abril, ten\u00eda una audiencia de vinculaci\u00f3n donde le imputar\u00edan un crimen m\u00e1s, pero no lleg\u00f3 por estar en el hospital.<\/p>\n\n\n\n<p><strong>Identificado por sus amigos y compa\u00f1eros de trabajo como una persona &#8220;tranquila y confiable&#8221;, Miguel utiliz\u00f3 esa actitud para enga\u00f1ar a sus v\u00edctimas, a quienes llevaba a su departamento y ah\u00ed las asesinaba.<\/strong><\/p>\n\n\n\n<p>Como resultado del cateo realizado en el departamento en el que viv\u00eda, en abril de 2024, en la colonia La Cruz en Iztacalco, uno de los elementos encontrados era un diario en donde escribi\u00f3 que en el mismo inmueble ocultaba y diseccionaba algunos cad\u00e1veres.<\/p>\n\n\n\n<p>Con informaci\u00f3n de SUN<\/p>\n","protected":false},"excerpt":{"rendered":"<p>Por Redacci\u00f3n QP La Polic\u00eda de la Ciudad de M\u00e9xico report\u00f3 la muerte de Miguel&#8230;<\/p>\n","protected":false},"author":2,"featured_media":115882,"comment_status":"open","ping_status":"open","sticky":false,"template":"","format":"standard","meta":{"_monsterinsights_skip_tracking":false,"_monsterinsights_sitenote_active":false,"_monsterinsights_sitenote_note":"","_monsterinsights_sitenote_category":0,"footnotes":""},"categories":[55],"tags":[],"class_list":["post-115881","post","type-post","status-publish","format-standard","has-post-thumbnail","hentry","category-cdmx"],"yoast_head":"<!-- This site is optimized with the Yoast SEO plugin v27.3 - https:\/\/yoast.com\/product\/yoast-seo-wordpress\/ -->\n<title>Polic\u00eda de CDMX revela causa de muerte de Miguel &quot;N&quot; -<\/title>\n<meta name=\"robots\" content=\"index, follow, max-snippet:-1, max-image-preview:large, max-video-preview:-1\" \/>\n<link rel=\"canonical\" href=\"https:\/\/quehacerpolitico.mx\/?p=115881\" \/>\n<meta property=\"og:locale\" content=\"es_MX\" \/>\n<meta property=\"og:type\" content=\"article\" \/>\n<meta property=\"og:title\" content=\"Polic\u00eda de CDMX revela causa de muerte de Miguel &quot;N&quot; -\" \/>\n<meta property=\"og:description\" content=\"Por Redacci\u00f3n QP La Polic\u00eda de la Ciudad de M\u00e9xico report\u00f3 la muerte de Miguel...\" \/>\n<meta property=\"og:url\" content=\"https:\/\/quehacerpolitico.mx\/?p=115881\" \/>\n<meta property=\"article:published_time\" content=\"2025-04-14T19:54:42+00:00\" \/>\n<meta property=\"article:modified_time\" content=\"2025-04-14T19:54:45+00:00\" \/>\n<meta property=\"og:image\" content=\"https:\/\/quehacerpolitico.mx\/wp-content\/uploads\/2025\/04\/policxa_de_cdmx_revela_causa_de_muerte_de_miguel_xnx_presunto_feminicida_de_iztacalco_version1744658411589.png_951641487.webp\" \/>\n\t<meta property=\"og:image:width\" content=\"355\" \/>\n\t<meta property=\"og:image:height\" content=\"223\" \/>\n\t<meta property=\"og:image:type\" content=\"image\/webp\" \/>\n<meta name=\"author\" content=\"Redacci\u00f3n QP\" \/>\n<meta name=\"twitter:card\" content=\"summary_large_image\" \/>\n<meta name=\"twitter:label1\" content=\"Escrito por\" \/>\n\t<meta name=\"twitter:data1\" content=\"Redacci\u00f3n QP\" \/>\n\t<meta name=\"twitter:label2\" content=\"Tiempo de lectura\" \/>\n\t<meta name=\"twitter:data2\" content=\"3 minutos\" \/>\n<script type=\"application\/ld+json\" class=\"yoast-schema-graph\">{\"@context\":\"https:\\\/\\\/schema.org\",\"@graph\":[{\"@type\":\"Article\",\"@id\":\"https:\\\/\\\/quehacerpolitico.mx\\\/?p=115881#article\",\"isPartOf\":{\"@id\":\"https:\\\/\\\/quehacerpolitico.mx\\\/?p=115881\"},\"author\":{\"name\":\"Redacci\u00f3n QP\",\"@id\":\"https:\\\/\\\/quehacerpolitico.mx\\\/#\\\/schema\\\/person\\\/496d8ad2d1d3f8036101dca7ee39e585\"},\"headline\":\"Polic\u00eda de CDMX revela causa de muerte de Miguel &#8220;N&#8221;\",\"datePublished\":\"2025-04-14T19:54:42+00:00\",\"dateModified\":\"2025-04-14T19:54:45+00:00\",\"mainEntityOfPage\":{\"@id\":\"https:\\\/\\\/quehacerpolitico.mx\\\/?p=115881\"},\"wordCount\":615,\"commentCount\":0,\"image\":{\"@id\":\"https:\\\/\\\/quehacerpolitico.mx\\\/?p=115881#primaryimage\"},\"thumbnailUrl\":\"https:\\\/\\\/quehacerpolitico.mx\\\/wp-content\\\/uploads\\\/2025\\\/04\\\/policxa_de_cdmx_revela_causa_de_muerte_de_miguel_xnx_presunto_feminicida_de_iztacalco_version1744658411589.png_951641487.webp\",\"articleSection\":[\"CDMX\"],\"inLanguage\":\"es\",\"potentialAction\":[{\"@type\":\"CommentAction\",\"name\":\"Comment\",\"target\":[\"https:\\\/\\\/quehacerpolitico.mx\\\/?p=115881#respond\"]}]},{\"@type\":\"WebPage\",\"@id\":\"https:\\\/\\\/quehacerpolitico.mx\\\/?p=115881\",\"url\":\"https:\\\/\\\/quehacerpolitico.mx\\\/?p=115881\",\"name\":\"Polic\u00eda de CDMX revela causa de muerte de Miguel \\\"N\\\" -\",\"isPartOf\":{\"@id\":\"https:\\\/\\\/quehacerpolitico.mx\\\/#website\"},\"primaryImageOfPage\":{\"@id\":\"https:\\\/\\\/quehacerpolitico.mx\\\/?p=115881#primaryimage\"},\"image\":{\"@id\":\"https:\\\/\\\/quehacerpolitico.mx\\\/?p=115881#primaryimage\"},\"thumbnailUrl\":\"https:\\\/\\\/quehacerpolitico.mx\\\/wp-content\\\/uploads\\\/2025\\\/04\\\/policxa_de_cdmx_revela_causa_de_muerte_de_miguel_xnx_presunto_feminicida_de_iztacalco_version1744658411589.png_951641487.webp\",\"datePublished\":\"2025-04-14T19:54:42+00:00\",\"dateModified\":\"2025-04-14T19:54:45+00:00\",\"author\":{\"@id\":\"https:\\\/\\\/quehacerpolitico.mx\\\/#\\\/schema\\\/person\\\/496d8ad2d1d3f8036101dca7ee39e585\"},\"breadcrumb\":{\"@id\":\"https:\\\/\\\/quehacerpolitico.mx\\\/?p=115881#breadcrumb\"},\"inLanguage\":\"es\",\"potentialAction\":[{\"@type\":\"ReadAction\",\"target\":[\"https:\\\/\\\/quehacerpolitico.mx\\\/?p=115881\"]}]},{\"@type\":\"ImageObject\",\"inLanguage\":\"es\",\"@id\":\"https:\\\/\\\/quehacerpolitico.mx\\\/?p=115881#primaryimage\",\"url\":\"https:\\\/\\\/quehacerpolitico.mx\\\/wp-content\\\/uploads\\\/2025\\\/04\\\/policxa_de_cdmx_revela_causa_de_muerte_de_miguel_xnx_presunto_feminicida_de_iztacalco_version1744658411589.png_951641487.webp\",\"contentUrl\":\"https:\\\/\\\/quehacerpolitico.mx\\\/wp-content\\\/uploads\\\/2025\\\/04\\\/policxa_de_cdmx_revela_causa_de_muerte_de_miguel_xnx_presunto_feminicida_de_iztacalco_version1744658411589.png_951641487.webp\",\"width\":355,\"height\":223},{\"@type\":\"BreadcrumbList\",\"@id\":\"https:\\\/\\\/quehacerpolitico.mx\\\/?p=115881#breadcrumb\",\"itemListElement\":[{\"@type\":\"ListItem\",\"position\":1,\"name\":\"Inicio\",\"item\":\"https:\\\/\\\/quehacerpolitico.mx\\\/\"},{\"@type\":\"ListItem\",\"position\":2,\"name\":\"Polic\u00eda de CDMX revela causa de muerte de Miguel &#8220;N&#8221;\"}]},{\"@type\":\"WebSite\",\"@id\":\"https:\\\/\\\/quehacerpolitico.mx\\\/#website\",\"url\":\"https:\\\/\\\/quehacerpolitico.mx\\\/\",\"name\":\"\",\"description\":\"\",\"potentialAction\":[{\"@type\":\"SearchAction\",\"target\":{\"@type\":\"EntryPoint\",\"urlTemplate\":\"https:\\\/\\\/quehacerpolitico.mx\\\/?s={search_term_string}\"},\"query-input\":{\"@type\":\"PropertyValueSpecification\",\"valueRequired\":true,\"valueName\":\"search_term_string\"}}],\"inLanguage\":\"es\"},{\"@type\":\"Person\",\"@id\":\"https:\\\/\\\/quehacerpolitico.mx\\\/#\\\/schema\\\/person\\\/496d8ad2d1d3f8036101dca7ee39e585\",\"name\":\"Redacci\u00f3n QP\",\"image\":{\"@type\":\"ImageObject\",\"inLanguage\":\"es\",\"@id\":\"https:\\\/\\\/secure.gravatar.com\\\/avatar\\\/c7164ed6fdec453195284ad24a5ae5b6e1eed2b848477fa2a4787ba9adf39a41?s=96&d=mm&r=g\",\"url\":\"https:\\\/\\\/secure.gravatar.com\\\/avatar\\\/c7164ed6fdec453195284ad24a5ae5b6e1eed2b848477fa2a4787ba9adf39a41?s=96&d=mm&r=g\",\"contentUrl\":\"https:\\\/\\\/secure.gravatar.com\\\/avatar\\\/c7164ed6fdec453195284ad24a5ae5b6e1eed2b848477fa2a4787ba9adf39a41?s=96&d=mm&r=g\",\"caption\":\"Redacci\u00f3n QP\"},\"url\":\"https:\\\/\\\/quehacerpolitico.mx\\\/?author=2\"}]}<\/script>\n<!-- \/ Yoast SEO plugin. -->","yoast_head_json":{"title":"Polic\u00eda de CDMX revela causa de muerte de Miguel \"N\" -","robots":{"index":"index","follow":"follow","max-snippet":"max-snippet:-1","max-image-preview":"max-image-preview:large","max-video-preview":"max-video-preview:-1"},"canonical":"https:\/\/quehacerpolitico.mx\/?p=115881","og_locale":"es_MX","og_type":"article","og_title":"Polic\u00eda de CDMX revela causa de muerte de Miguel \"N\" -","og_description":"Por Redacci\u00f3n QP La Polic\u00eda de la Ciudad de M\u00e9xico report\u00f3 la muerte de Miguel...","og_url":"https:\/\/quehacerpolitico.mx\/?p=115881","article_published_time":"2025-04-14T19:54:42+00:00","article_modified_time":"2025-04-14T19:54:45+00:00","og_image":[{"width":355,"height":223,"url":"https:\/\/quehacerpolitico.mx\/wp-content\/uploads\/2025\/04\/policxa_de_cdmx_revela_causa_de_muerte_de_miguel_xnx_presunto_feminicida_de_iztacalco_version1744658411589.png_951641487.webp","type":"image\/webp"}],"author":"Redacci\u00f3n QP","twitter_card":"summary_large_image","twitter_misc":{"Escrito por":"Redacci\u00f3n QP","Tiempo de lectura":"3 minutos"},"schema":{"@context":"https:\/\/schema.org","@graph":[{"@type":"Article","@id":"https:\/\/quehacerpolitico.mx\/?p=115881#article","isPartOf":{"@id":"https:\/\/quehacerpolitico.mx\/?p=115881"},"author":{"name":"Redacci\u00f3n QP","@id":"https:\/\/quehacerpolitico.mx\/#\/schema\/person\/496d8ad2d1d3f8036101dca7ee39e585"},"headline":"Polic\u00eda de CDMX revela causa de muerte de Miguel &#8220;N&#8221;","datePublished":"2025-04-14T19:54:42+00:00","dateModified":"2025-04-14T19:54:45+00:00","mainEntityOfPage":{"@id":"https:\/\/quehacerpolitico.mx\/?p=115881"},"wordCount":615,"commentCount":0,"image":{"@id":"https:\/\/quehacerpolitico.mx\/?p=115881#primaryimage"},"thumbnailUrl":"https:\/\/quehacerpolitico.mx\/wp-content\/uploads\/2025\/04\/policxa_de_cdmx_revela_causa_de_muerte_de_miguel_xnx_presunto_feminicida_de_iztacalco_version1744658411589.png_951641487.webp","articleSection":["CDMX"],"inLanguage":"es","potentialAction":[{"@type":"CommentAction","name":"Comment","target":["https:\/\/quehacerpolitico.mx\/?p=115881#respond"]}]},{"@type":"WebPage","@id":"https:\/\/quehacerpolitico.mx\/?p=115881","url":"https:\/\/quehacerpolitico.mx\/?p=115881","name":"Polic\u00eda de CDMX revela causa de muerte de Miguel \"N\" -","isPartOf":{"@id":"https:\/\/quehacerpolitico.mx\/#website"},"primaryImageOfPage":{"@id":"https:\/\/quehacerpolitico.mx\/?p=115881#primaryimage"},"image":{"@id":"https:\/\/quehacerpolitico.mx\/?p=115881#primaryimage"},"thumbnailUrl":"https:\/\/quehacerpolitico.mx\/wp-content\/uploads\/2025\/04\/policxa_de_cdmx_revela_causa_de_muerte_de_miguel_xnx_presunto_feminicida_de_iztacalco_version1744658411589.png_951641487.webp","datePublished":"2025-04-14T19:54:42+00:00","dateModified":"2025-04-14T19:54:45+00:00","author":{"@id":"https:\/\/quehacerpolitico.mx\/#\/schema\/person\/496d8ad2d1d3f8036101dca7ee39e585"},"breadcrumb":{"@id":"https:\/\/quehacerpolitico.mx\/?p=115881#breadcrumb"},"inLanguage":"es","potentialAction":[{"@type":"ReadAction","target":["https:\/\/quehacerpolitico.mx\/?p=115881"]}]},{"@type":"ImageObject","inLanguage":"es","@id":"https:\/\/quehacerpolitico.mx\/?p=115881#primaryimage","url":"https:\/\/quehacerpolitico.mx\/wp-content\/uploads\/2025\/04\/policxa_de_cdmx_revela_causa_de_muerte_de_miguel_xnx_presunto_feminicida_de_iztacalco_version1744658411589.png_951641487.webp","contentUrl":"https:\/\/quehacerpolitico.mx\/wp-content\/uploads\/2025\/04\/policxa_de_cdmx_revela_causa_de_muerte_de_miguel_xnx_presunto_feminicida_de_iztacalco_version1744658411589.png_951641487.webp","width":355,"height":223},{"@type":"BreadcrumbList","@id":"https:\/\/quehacerpolitico.mx\/?p=115881#breadcrumb","itemListElement":[{"@type":"ListItem","position":1,"name":"Inicio","item":"https:\/\/quehacerpolitico.mx\/"},{"@type":"ListItem","position":2,"name":"Polic\u00eda de CDMX revela causa de muerte de Miguel &#8220;N&#8221;"}]},{"@type":"WebSite","@id":"https:\/\/quehacerpolitico.mx\/#website","url":"https:\/\/quehacerpolitico.mx\/","name":"","description":"","potentialAction":[{"@type":"SearchAction","target":{"@type":"EntryPoint","urlTemplate":"https:\/\/quehacerpolitico.mx\/?s={search_term_string}"},"query-input":{"@type":"PropertyValueSpecification","valueRequired":true,"valueName":"search_term_string"}}],"inLanguage":"es"},{"@type":"Person","@id":"https:\/\/quehacerpolitico.mx\/#\/schema\/person\/496d8ad2d1d3f8036101dca7ee39e585","name":"Redacci\u00f3n QP","image":{"@type":"ImageObject","inLanguage":"es","@id":"https:\/\/secure.gravatar.com\/avatar\/c7164ed6fdec453195284ad24a5ae5b6e1eed2b848477fa2a4787ba9adf39a41?s=96&d=mm&r=g","url":"https:\/\/secure.gravatar.com\/avatar\/c7164ed6fdec453195284ad24a5ae5b6e1eed2b848477fa2a4787ba9adf39a41?s=96&d=mm&r=g","contentUrl":"https:\/\/secure.gravatar.com\/avatar\/c7164ed6fdec453195284ad24a5ae5b6e1eed2b848477fa2a4787ba9adf39a41?s=96&d=mm&r=g","caption":"Redacci\u00f3n QP"},"url":"https:\/\/quehacerpolitico.mx\/?author=2"}]}},"featured_image_urls":{"full":["https:\/\/quehacerpolitico.mx\/wp-content\/uploads\/2025\/04\/policxa_de_cdmx_revela_causa_de_muerte_de_miguel_xnx_presunto_feminicida_de_iztacalco_version1744658411589.png_951641487.webp",355,223,false],"thumbnail":["https:\/\/quehacerpolitico.mx\/wp-content\/uploads\/2025\/04\/policxa_de_cdmx_revela_causa_de_muerte_de_miguel_xnx_presunto_feminicida_de_iztacalco_version1744658411589.png_951641487-150x150.webp",150,150,true],"medium":["https:\/\/quehacerpolitico.mx\/wp-content\/uploads\/2025\/04\/policxa_de_cdmx_revela_causa_de_muerte_de_miguel_xnx_presunto_feminicida_de_iztacalco_version1744658411589.png_951641487-300x188.webp",300,188,true],"medium_large":["https:\/\/quehacerpolitico.mx\/wp-content\/uploads\/2025\/04\/policxa_de_cdmx_revela_causa_de_muerte_de_miguel_xnx_presunto_feminicida_de_iztacalco_version1744658411589.png_951641487.webp",355,223,false],"large":["https:\/\/quehacerpolitico.mx\/wp-content\/uploads\/2025\/04\/policxa_de_cdmx_revela_causa_de_muerte_de_miguel_xnx_presunto_feminicida_de_iztacalco_version1744658411589.png_951641487.webp",355,223,false],"1536x1536":["https:\/\/quehacerpolitico.mx\/wp-content\/uploads\/2025\/04\/policxa_de_cdmx_revela_causa_de_muerte_de_miguel_xnx_presunto_feminicida_de_iztacalco_version1744658411589.png_951641487.webp",355,223,false],"2048x2048":["https:\/\/quehacerpolitico.mx\/wp-content\/uploads\/2025\/04\/policxa_de_cdmx_revela_causa_de_muerte_de_miguel_xnx_presunto_feminicida_de_iztacalco_version1744658411589.png_951641487.webp",355,223,false],"covernews-featured":["https:\/\/quehacerpolitico.mx\/wp-content\/uploads\/2025\/04\/policxa_de_cdmx_revela_causa_de_muerte_de_miguel_xnx_presunto_feminicida_de_iztacalco_version1744658411589.png_951641487.webp",355,223,false],"covernews-medium":["https:\/\/quehacerpolitico.mx\/wp-content\/uploads\/2025\/04\/policxa_de_cdmx_revela_causa_de_muerte_de_miguel_xnx_presunto_feminicida_de_iztacalco_version1744658411589.png_951641487.webp",355,223,false]},"author_info":{"display_name":"Redacci\u00f3n QP","author_link":"https:\/\/quehacerpolitico.mx\/?author=2"},"category_info":"<a href=\"https:\/\/quehacerpolitico.mx\/?cat=55\" rel=\"category\">CDMX<\/a>","tag_info":"CDMX","comment_count":"0","_links":{"self":[{"href":"https:\/\/quehacerpolitico.mx\/index.php?rest_route=\/wp\/v2\/posts\/115881","targetHints":{"allow":["GET"]}}],"collection":[{"href":"https:\/\/quehacerpolitico.mx\/index.php?rest_route=\/wp\/v2\/posts"}],"about":[{"href":"https:\/\/quehacerpolitico.mx\/index.php?rest_route=\/wp\/v2\/types\/post"}],"author":[{"embeddable":true,"href":"https:\/\/quehacerpolitico.mx\/index.php?rest_route=\/wp\/v2\/users\/2"}],"replies":[{"embeddable":true,"href":"https:\/\/quehacerpolitico.mx\/index.php?rest_route=%2Fwp%2Fv2%2Fcomments&post=115881"}],"version-history":[{"count":1,"href":"https:\/\/quehacerpolitico.mx\/index.php?rest_route=\/wp\/v2\/posts\/115881\/revisions"}],"predecessor-version":[{"id":115883,"href":"https:\/\/quehacerpolitico.mx\/index.php?rest_route=\/wp\/v2\/posts\/115881\/revisions\/115883"}],"wp:featuredmedia":[{"embeddable":true,"href":"https:\/\/quehacerpolitico.mx\/index.php?rest_route=\/wp\/v2\/media\/115882"}],"wp:attachment":[{"href":"https:\/\/quehacerpolitico.mx\/index.php?rest_route=%2Fwp%2Fv2%2Fmedia&parent=115881"}],"wp:term":[{"taxonomy":"category","embeddable":true,"href":"https:\/\/quehacerpolitico.mx\/index.php?rest_route=%2Fwp%2Fv2%2Fcategories&post=115881"},{"taxonomy":"post_tag","embeddable":true,"href":"https:\/\/quehacerpolitico.mx\/index.php?rest_route=%2Fwp%2Fv2%2Ftags&post=115881"}],"curies":[{"name":"wp","href":"https:\/\/api.w.org\/{rel}","templated":true}]}}