{"id":11588,"date":"2018-12-13T14:58:30","date_gmt":"2018-12-13T14:58:30","guid":{"rendered":"http:\/\/quehacerpolitico.mx\/amlo-dice-que-cambiara-iniciativa-educativa-para-no-poner-en-duda-la-autonomia-de-universidades-asistire-al-informe-del-magistrado-de-la-scjn-porque-tengo-que-ir\/"},"modified":"2018-12-13T14:58:30","modified_gmt":"2018-12-13T14:58:30","slug":"amlo-dice-que-cambiara-iniciativa-educativa-para-no-poner-en-duda-la-autonomia-de-universidades-asistire-al-informe-del-magistrado-de-la-scjn-porque-tengo-que-ir","status":"publish","type":"post","link":"https:\/\/quehacerpolitico.mx\/?p=11588","title":{"rendered":"AMLO dice que cambiar\u00e1 iniciativa educativa para no poner en duda la autonom\u00eda de universidades, asistir\u00e9 al informe del magistrado de la SCJN porque tengo que ir"},"content":{"rendered":"<p>AMLO dice que cambiar\u00e1 iniciativa educativa para no poner en duda la autonom\u00eda de universidades, asistir\u00e9 al informe del magistrado de la SCJN porque tengo que ir<\/p>\n<p>Por Redacci\u00f3n QP<\/p>\n<p>El Presidente Andr\u00e9s Manuel\u00a0L\u00f3pez Obrador prometi\u00f3 esta ma\u00f1ana, en su encuentro con los periodistas de distintos medios, adecuar su iniciativa de Reforma Educativa para que no exista duda sobre la autonom\u00eda de las universidades. Tambi\u00e9n dijo que no se va a tolerar la corrupci\u00f3n ni en del\u00a0Sindicato Nacional de Trabajadores de la Educaci\u00f3n (SNTE) ni \u201cde nadie\u201d . Se vend\u00edan plazas porque se permit\u00eda, agreg\u00f3.<\/p>\n<p>La redacci\u00f3n enviada ayer a la C\u00e1mara de Diputados modific\u00f3 por completo la fracci\u00f3n Vll del Art\u00edculo Tercero constitucional que establec\u00eda la autonom\u00eda de las universidades para decidir sus planes de estudio y libertad administrativa. Dos periodistas le preguntaron por qu\u00e9. Respondi\u00f3 que se ajustar\u00e1 de inmediato para que no exista duda.<\/p>\n<p>Ayer, Juan Carlos Romero Hicks, coordinador de la bancada del Partido Acci\u00f3n Nacional (PAN), dijo que la propuesta de L\u00f3pez Obrador era para acabar con la autonom\u00eda hist\u00f3rica de las universidades. Hoy el Presidente anunci\u00f3 que para que no se tome como pretexto la redacci\u00f3n, se modificar\u00e1 para que se precise la autonom\u00eda universitaria.<\/p>\n<p><strong>SOBRE LA REFORMA EDUCATIVA:<\/strong> El Presidente habl\u00f3 de la iniciativa que firm\u00f3 ayer para cancelar la Reforma Educativa. Dijo que se apostar\u00e1 por un sistema de capacitaci\u00f3n para los decentes pues la evaluaci\u00f3n ofendi\u00f3 mucho al magisterio. Tambi\u00e9n critic\u00f3 que \u201cese operativo\u201d de evaluaci\u00f3n s\u00f3lo se haya aplicado a los docentes y no, por ejemplo, a los funcionarios del Gobierno.\u00a0\u201cSi se trata de evaluar por qu\u00e9 no se tiene un instituto de evaluaci\u00f3n para conocer el desempe\u00f1o del Presidente, de los secretarios, de los dirigentes sindicales, de todos, \u00bfpor qu\u00e9 fue a los maestros a los que se les dirigi\u00f3 este operativo?\u201d, dijo.<\/p>\n<blockquote>\n<p>Andr\u00e9s Manuel consider\u00f3 que la evaluaci\u00f3n debe ser voluntaria, y m\u00e1s que eso, se les debe capacitar.\u00a0\u201cOfendieron mucho al magisterio con las llamadas evaluaciones\u201d, dijo, por ello se propone el sistema de capacitaci\u00f3n que sea voluntaria y destac\u00f3 estar seguro que los maestros lo tomar\u00e1n porque les interesa estar actualizados.<\/p>\n<\/blockquote>\n<p>Tambi\u00e9n fue cuestionado sobre la venta de plazas dentro del sistema educativo y del Sindicato Nacional de Trabajadores de la Educaci\u00f3n (SNTE). El Presidente dijo que se trata de voluntad pol\u00edtica para combatir la corrupci\u00f3n y que el Gobierno ya no va a proteger al Sindicato.<\/p>\n<p>\u201cHay quienes hac\u00edan estudios, tratados sobre c\u00f3mo combatir la corrupci\u00f3n, y siempre era crear aparatos legales y organismos, y se olvidaban que para acabar con la corrupci\u00f3n es que haya voluntad pol\u00edticas\u201d, destac\u00f3.\u00a0\u201c\u00bfPor qu\u00e9 se vend\u00edan las plazas? porque estaba permitido, porque el sindicato estaba protegido por el Gobierno, no era un sindicalismo democr\u00e1tico\u201d, agreg\u00f3.\u00a0 \u201cNo se va a permitir actos de corrupci\u00f3n, no se va a tolerar a nadie\u201d, asegur\u00f3.<\/p>\n<p><strong>SOBRE LA LLAMADA CON TRUMP:<\/strong>AMLO se\u00f1al\u00f3 que ayer replante\u00f3 al mandatario de Donald Trump un programa de inversi\u00f3n para el sureste mexicano y Centroam\u00e9rica para evitar la migraci\u00f3n, y se habl\u00f3 de verse en Washington, pero hasta que no avancen en esa propuesta. AMLO dijo que nunca han tratado el tema del muro fronterizo.<\/p>\n<blockquote>\n<p>Esta ma\u00f1ana, un d\u00eda despu\u00e9s de que hablaron, el Presidente de Estados Unidos tuite\u00f3: \u201cA menudo dec\u00eda: \u2018de una manera u otra, M\u00e9xico va a pagar por el muro\u2019. Esto nunca ha cambiado. Nuestro nuevo acuerdo con M\u00e9xico (y Canad\u00e1), el USMCA, es mucho mejor que el antiguo, muy costoso y anti-Estados Unidos. S\u00f3lo por el dinero que ahorremos, M\u00e9xico est\u00e1 pagando por el muro!\u201d, dijo esta ma\u00f1ana Donald Trump.<\/p>\n<\/blockquote>\n<p>El Presidente dijo que fue muy buena la conversaci\u00f3n, amistosa y respetuosa. Detall\u00f3 que hablaron del tema migratorio y de la posibilidad de lograr un acuerdo de inversi\u00f3n para apoyar proyectos productivos y la creaci\u00f3n de empleos en los pa\u00edses centroamericanos y en M\u00e9xico.\u00a0 \u201cLe mencion\u00e9 que nosotros disponemos para este plan, y ya est\u00e1 contemplado en el Presupuesto, de 5 mil millones de d\u00f3lares\u201d, detall\u00f3.<\/p>\n<p>\u201cSe acord\u00f3 mantener las pl\u00e1ticas\u201d, dijo e indic\u00f3 que hay un grupo del Gobierno de Estados Unidos que est\u00e1 en comunicaci\u00f3n con la SRE de M\u00e9xico. Se\u00f1al\u00f3 que ellos revisar\u00e1n la propuesta para ver si es posible suscribir un acuerdo conjunto de inversi\u00f3n.\u00a0 \u201cSobre eso hablamos, en muy buenos t\u00e9rminos con el Presidente Trump\u201d, reiter\u00f3.<\/p>\n<p>L\u00f3pez Obrador se\u00f1al\u00f3 que hubo tambi\u00e9n una propuesta de una posible reuni\u00f3n con Trump en Washington, pero se dijo tambi\u00e9n que se ten\u00eda que avanzar en el acuerdo, que se tenga una primera versi\u00f3n.\u00a0\u201c\u00c9l me invit\u00f3, yo tambi\u00e9n estoy en posibilidades de ir a Washington, pero creo que tanto para \u00e9l como para nosotros tiene que haber un motivo, y yo creo que lo m\u00e1s importante ser\u00eda el suscribir este acuerdo o reunirnos con este prop\u00f3sito\u201d, destac\u00f3.<\/p>\n<p>Andr\u00e9s Manuel dijo que este acuerdo es de la misma importancia que el tratado de libre comercio. \u201cEs algo muy importante, es atender las causas del fen\u00f3meno migratorio\u201d, agreg\u00f3.<\/p>\n<p><strong>SOBRE EL PRESUPUESTO DE SALUD:<\/strong>El Presidente inform\u00f3 que el presupuesto para el sector salud ser\u00e1 mayor que lo que se otorg\u00f3 en 2018 y anunci\u00f3 el arranque de un proyecto para garantizar atenci\u00f3n m\u00e9dica y medicamentos gratuitos en un inicio para ocho estados donde se va a federalizar el sistema de salud.\u00a0 \u201cEl Seguro Social va a tener m\u00e1s presupuesto que lo autorizado en 2018, adem\u00e1s va a aumentar el presupuesto para salud en general. No s\u00f3lo por el presupuesto que se va a enviar, en el caso del Seguro y del ISSSTE, si no que se va a iniciar un plan para garantizar atenci\u00f3n m\u00e9dica y medicamentos gratuitos en ocho estados\u201d, explic\u00f3.<\/p>\n<p>Se\u00f1al\u00f3 que el sistema de salud est\u00e1 peor que el sistema educativo. \u201cSe enfocaron al tema educativo, porque est\u00e1 en la agenda de las llamadas reformas estructurales, la reforma educativa, fiscal, energ\u00e9tica, laboral, la agenda impuesta por la pol\u00edtica neoliberal\u201d, dijo. \u201cNadie se preocup\u00f3 por el sistema de salud que est\u00e1 deshecho. no hay m\u00e9dicos, hay miles de trabajadores eventuales desde hace a\u00f1os\u201d, a\u00f1adi\u00f3.<\/p>\n<p>Se\u00f1al\u00f3 que los primeros ocho estados que entrar\u00e1n en el programa son Guerrero, Oaxaca, Veracruz, Tabasco, Chiapas, Campeche, Yucat\u00e1n y Quintana Roo, y que cada seis meses se ir\u00e1n agregando otros ocho estados, previ\u00f3 que en dos a\u00f1os se tenga instalado en todo el pa\u00eds el nuevo sistema de salud.<\/p>\n<p><strong>SOBRE LA VISITA HOY A LA SCJN: <\/strong>El Presidente dijo que asistir\u00e1 hoy al informe del Ministro presidente de la Suprema Corte, Luis Mar\u00eda Aguilar, \u201cpor gusto y con convicci\u00f3n\u201d. Asegur\u00f3 que aunque por ahora hay una \u201cdiscrepancia\u201d entre poderes por el ajuste de salarios, \u201cno existe ning\u00fan problema\u201d con el Poder Judicial.<\/p>\n<p>\u201cVoy al acto que tengo que ir, lo hago con gusto, por convicci\u00f3n, y adem\u00e1s porque es mi responsabilidad. Si no fuese por gusto, no ir\u00eda. Voy porque no existe ning\u00fan problema con el Poder Judicial, hay diferencias, discrepancias, normales\u201d, dijo. Y a\u00f1adi\u00f3 que son \u201cpoderes aut\u00f3nomos, independientes\u201d que ahora tienen \u201cuna discrepancia por el asunto de los sueldos de los ministros, de los magistrados, de los jueces, que consideramos nosotros est\u00e1n ganando mucho\u201d.\u00a0El Presidente tambi\u00e9n ley\u00f3 un decreto del entonces Presidente Benito Ju\u00e1rez, que data de 1861, en el que anunciaba la reducci\u00f3n de su sueldo.<\/p>\n<p><strong>SOBRE DONACI\u00d3N DE SALARIOS:<\/strong> El Presidente fue cuestionado sobre si pensar\u00eda en donar su sueldo, indic\u00f3 que \u00e9l vive de su sueldo pues no es rico. Esto luego de que ayer la Secretaria de Gobernaci\u00f3n, Olga S\u00e1nchez Cordero, anunciara que donar\u00e1 su sueldo por su trabajo en el Gabinete, y que se quedar\u00e1 con su pensi\u00f3n que goza por su trabajo en la Suprema Corte.\u00a0\u201cEn mi caso yo vivo de mis ingresos, yo no soy rico, no vivo de rentas, soy como ustedes, vivo de mi sueldo. Si renuncio [al sueldo], no tendr\u00eda yo para mantener a mi familia\u201d, sostuvo.<\/p>\n<p><strong>SOBRE EL PRESUPUESTO 2019:\u00a0<\/strong>Tambi\u00e9n habl\u00f3 del Presupuesto de Egresos de la Federaci\u00f3n 2019 y la Ley de Ingresos, que se entrega a la C\u00e1mara de Diputados el s\u00e1bado a las 5 de la tarde, no tendr\u00e1 d\u00e9ficit o requerir\u00e1 deuda. Ratific\u00f3 que no habr\u00e1 aumento o nuevos impuestos.<\/p>\n<p>Dijo que hoy se reunir\u00e1 con los servidores p\u00fablicos de la Secretar\u00eda de Hacienda para dar una \u00faltima revisada al presupuesto y que van a demorar dos d\u00edas en la \u201cmaquila\u201d, que comprende elaborar todo el documento y los anexos, por eso hoy debe de cerrarse la propuesta. \u201cEstamos cumpliendo con los compromisos de que se aun presupuesto equilibrado, realista, que no signifique d\u00e9ficit. Es decir, que no se solicite cr\u00e9dito, endeudamiento, que no se gaste m\u00e1s de lo que se est\u00e1 calculando obtener de ingresos. Que no aumenten impuesto, que no haya impuestos nuevos, aumentos en tarifas, en combustibles, s\u00f3lo se indexen a la inflaci\u00f3n\u201d, detall\u00f3.<\/p>\n<p>Llam\u00f3 a los contribuyentes a cumplir con sus obligaciones y les asegur\u00f3 que el dinero que entre al Gobierno se utilizar\u00e1 de forma responsable. \u201cNo se va a ir por el ca\u00f1o de la corrupci\u00f3n, no se va a gastar en lujos, va a ser bien aplicado para que haya desarrollo, bienestar en el pa\u00eds, y sobre todo que haya paz y tranquilidad. Ese es el prop\u00f3sito que se tiene en cuanto a la Ley de Ingreso\u201d, dijo.<\/p>\n<p>Andr\u00e9s Manuel tambi\u00e9n adelant\u00f3 que ocho dependencias tendr\u00e1n un incremento de presupuesto y otras diez tendr\u00e1n una disminuci\u00f3n. Las primeras, dijo, por la situaci\u00f3n de emergencia que se vive y por los programas que tendr\u00e1n que atender. Las segundas tendr\u00e1n que ajustarse al plan de austeridad. Adelant\u00f3 que las secretar\u00edas que tendr\u00e1n aumento en su presupuesto son: la de la Defensa Nacional, la del Trabajo, de Bienestar, Pemex, la CFE, entre otras.<\/p>\n<p>\u201cEl presupuesto del Ej\u00e9rcito va a aumentar en t\u00e9rminos reales, es de las secretarias que va a tener m\u00e1s presupuesto porque se est\u00e1 contemplando reforzar todo el apoyo del Ej\u00e9rcito en la creaci\u00f3n de la Guardia Nacional. Se est\u00e1 contemplando este presupuesto\u201d, detall\u00f3. Dijo que \u201ctodo el Gobierno va a aplicar el plan de austeridad, pero hay secretarias que por la situaci\u00f3n de emergencia en las que nos encontramos deben tener m\u00e1s presupuesto, \u00e9ste es el caso de la Secretar\u00eda del Trabajo que va a tener un presupuesto de m\u00e1s del doble del que ten\u00eda, porque va a atender el presupuesto de j\u00f3venes\u201d.<\/p>\n<p>https:\/\/www.facebook.com\/lopezobrador.org.mx\/videos\/361864207914374\/<\/p>\n","protected":false},"excerpt":{"rendered":"<p>AMLO dice que cambiar\u00e1 iniciativa educativa para no poner en duda la autonom\u00eda de universidades, asistir\u00e9 al informe del magistrado de la SCJN porque tengo que ir<br \/>\nPor Redacci\u00f3n QP<\/p>\n","protected":false},"author":2,"featured_media":11587,"comment_status":"open","ping_status":"open","sticky":false,"template":"","format":"standard","meta":{"_monsterinsights_skip_tracking":false,"_monsterinsights_sitenote_active":false,"_monsterinsights_sitenote_note":"","_monsterinsights_sitenote_category":0,"footnotes":""},"categories":[2],"tags":[],"class_list":["post-11588","post","type-post","status-publish","format-standard","has-post-thumbnail","hentry","category-noticias"],"yoast_head":"<!-- This site is optimized with the Yoast SEO plugin v27.3 - https:\/\/yoast.com\/product\/yoast-seo-wordpress\/ -->\n<title>AMLO dice que cambiar\u00e1 iniciativa educativa para no poner en duda la autonom\u00eda de universidades, asistir\u00e9 al informe del magistrado de la SCJN porque tengo que ir -<\/title>\n<meta name=\"robots\" content=\"index, follow, max-snippet:-1, max-image-preview:large, max-video-preview:-1\" \/>\n<link rel=\"canonical\" href=\"https:\/\/quehacerpolitico.mx\/?p=11588\" \/>\n<meta property=\"og:locale\" content=\"es_MX\" \/>\n<meta property=\"og:type\" content=\"article\" \/>\n<meta property=\"og:title\" content=\"AMLO dice que cambiar\u00e1 iniciativa educativa para no poner en duda la autonom\u00eda de universidades, asistir\u00e9 al informe del magistrado de la SCJN porque tengo que ir -\" \/>\n<meta property=\"og:description\" content=\"AMLO dice que cambiar\u00e1 iniciativa educativa para no poner en duda la autonom\u00eda de universidades, asistir\u00e9 al informe del magistrado de la SCJN porque tengo que ir Por Redacci\u00f3n QP\" \/>\n<meta property=\"og:url\" content=\"https:\/\/quehacerpolitico.mx\/?p=11588\" \/>\n<meta property=\"article:published_time\" content=\"2018-12-13T14:58:30+00:00\" \/>\n<meta name=\"author\" content=\"Redacci\u00f3n QP\" \/>\n<meta name=\"twitter:card\" content=\"summary_large_image\" \/>\n<meta name=\"twitter:label1\" content=\"Escrito por\" \/>\n\t<meta name=\"twitter:data1\" content=\"Redacci\u00f3n QP\" \/>\n\t<meta name=\"twitter:label2\" content=\"Tiempo de lectura\" \/>\n\t<meta name=\"twitter:data2\" content=\"9 minutos\" \/>\n<script type=\"application\/ld+json\" class=\"yoast-schema-graph\">{\"@context\":\"https:\\\/\\\/schema.org\",\"@graph\":[{\"@type\":\"Article\",\"@id\":\"https:\\\/\\\/quehacerpolitico.mx\\\/?p=11588#article\",\"isPartOf\":{\"@id\":\"https:\\\/\\\/quehacerpolitico.mx\\\/?p=11588\"},\"author\":{\"name\":\"Redacci\u00f3n QP\",\"@id\":\"https:\\\/\\\/quehacerpolitico.mx\\\/#\\\/schema\\\/person\\\/496d8ad2d1d3f8036101dca7ee39e585\"},\"headline\":\"AMLO dice que cambiar\u00e1 iniciativa educativa para no poner en duda la autonom\u00eda de universidades, asistir\u00e9 al informe del magistrado de la SCJN porque tengo que ir\",\"datePublished\":\"2018-12-13T14:58:30+00:00\",\"mainEntityOfPage\":{\"@id\":\"https:\\\/\\\/quehacerpolitico.mx\\\/?p=11588\"},\"wordCount\":1908,\"commentCount\":0,\"image\":{\"@id\":\"https:\\\/\\\/quehacerpolitico.mx\\\/?p=11588#primaryimage\"},\"thumbnailUrl\":\"\",\"articleSection\":[\"Noticias\"],\"inLanguage\":\"es\",\"potentialAction\":[{\"@type\":\"CommentAction\",\"name\":\"Comment\",\"target\":[\"https:\\\/\\\/quehacerpolitico.mx\\\/?p=11588#respond\"]}]},{\"@type\":\"WebPage\",\"@id\":\"https:\\\/\\\/quehacerpolitico.mx\\\/?p=11588\",\"url\":\"https:\\\/\\\/quehacerpolitico.mx\\\/?p=11588\",\"name\":\"AMLO dice que cambiar\u00e1 iniciativa educativa para no poner en duda la autonom\u00eda de universidades, asistir\u00e9 al informe del magistrado de la SCJN porque tengo que ir -\",\"isPartOf\":{\"@id\":\"https:\\\/\\\/quehacerpolitico.mx\\\/#website\"},\"primaryImageOfPage\":{\"@id\":\"https:\\\/\\\/quehacerpolitico.mx\\\/?p=11588#primaryimage\"},\"image\":{\"@id\":\"https:\\\/\\\/quehacerpolitico.mx\\\/?p=11588#primaryimage\"},\"thumbnailUrl\":\"\",\"datePublished\":\"2018-12-13T14:58:30+00:00\",\"author\":{\"@id\":\"https:\\\/\\\/quehacerpolitico.mx\\\/#\\\/schema\\\/person\\\/496d8ad2d1d3f8036101dca7ee39e585\"},\"breadcrumb\":{\"@id\":\"https:\\\/\\\/quehacerpolitico.mx\\\/?p=11588#breadcrumb\"},\"inLanguage\":\"es\",\"potentialAction\":[{\"@type\":\"ReadAction\",\"target\":[\"https:\\\/\\\/quehacerpolitico.mx\\\/?p=11588\"]}]},{\"@type\":\"ImageObject\",\"inLanguage\":\"es\",\"@id\":\"https:\\\/\\\/quehacerpolitico.mx\\\/?p=11588#primaryimage\",\"url\":\"\",\"contentUrl\":\"\"},{\"@type\":\"BreadcrumbList\",\"@id\":\"https:\\\/\\\/quehacerpolitico.mx\\\/?p=11588#breadcrumb\",\"itemListElement\":[{\"@type\":\"ListItem\",\"position\":1,\"name\":\"Inicio\",\"item\":\"https:\\\/\\\/quehacerpolitico.mx\\\/\"},{\"@type\":\"ListItem\",\"position\":2,\"name\":\"AMLO dice que cambiar\u00e1 iniciativa educativa para no poner en duda la autonom\u00eda de universidades, asistir\u00e9 al informe del magistrado de la SCJN porque tengo que ir\"}]},{\"@type\":\"WebSite\",\"@id\":\"https:\\\/\\\/quehacerpolitico.mx\\\/#website\",\"url\":\"https:\\\/\\\/quehacerpolitico.mx\\\/\",\"name\":\"\",\"description\":\"\",\"potentialAction\":[{\"@type\":\"SearchAction\",\"target\":{\"@type\":\"EntryPoint\",\"urlTemplate\":\"https:\\\/\\\/quehacerpolitico.mx\\\/?s={search_term_string}\"},\"query-input\":{\"@type\":\"PropertyValueSpecification\",\"valueRequired\":true,\"valueName\":\"search_term_string\"}}],\"inLanguage\":\"es\"},{\"@type\":\"Person\",\"@id\":\"https:\\\/\\\/quehacerpolitico.mx\\\/#\\\/schema\\\/person\\\/496d8ad2d1d3f8036101dca7ee39e585\",\"name\":\"Redacci\u00f3n QP\",\"image\":{\"@type\":\"ImageObject\",\"inLanguage\":\"es\",\"@id\":\"https:\\\/\\\/secure.gravatar.com\\\/avatar\\\/c7164ed6fdec453195284ad24a5ae5b6e1eed2b848477fa2a4787ba9adf39a41?s=96&d=mm&r=g\",\"url\":\"https:\\\/\\\/secure.gravatar.com\\\/avatar\\\/c7164ed6fdec453195284ad24a5ae5b6e1eed2b848477fa2a4787ba9adf39a41?s=96&d=mm&r=g\",\"contentUrl\":\"https:\\\/\\\/secure.gravatar.com\\\/avatar\\\/c7164ed6fdec453195284ad24a5ae5b6e1eed2b848477fa2a4787ba9adf39a41?s=96&d=mm&r=g\",\"caption\":\"Redacci\u00f3n QP\"},\"url\":\"https:\\\/\\\/quehacerpolitico.mx\\\/?author=2\"}]}<\/script>\n<!-- \/ Yoast SEO plugin. -->","yoast_head_json":{"title":"AMLO dice que cambiar\u00e1 iniciativa educativa para no poner en duda la autonom\u00eda de universidades, asistir\u00e9 al informe del magistrado de la SCJN porque tengo que ir -","robots":{"index":"index","follow":"follow","max-snippet":"max-snippet:-1","max-image-preview":"max-image-preview:large","max-video-preview":"max-video-preview:-1"},"canonical":"https:\/\/quehacerpolitico.mx\/?p=11588","og_locale":"es_MX","og_type":"article","og_title":"AMLO dice que cambiar\u00e1 iniciativa educativa para no poner en duda la autonom\u00eda de universidades, asistir\u00e9 al informe del magistrado de la SCJN porque tengo que ir -","og_description":"AMLO dice que cambiar\u00e1 iniciativa educativa para no poner en duda la autonom\u00eda de universidades, asistir\u00e9 al informe del magistrado de la SCJN porque tengo que ir Por Redacci\u00f3n QP","og_url":"https:\/\/quehacerpolitico.mx\/?p=11588","article_published_time":"2018-12-13T14:58:30+00:00","author":"Redacci\u00f3n QP","twitter_card":"summary_large_image","twitter_misc":{"Escrito por":"Redacci\u00f3n QP","Tiempo de lectura":"9 minutos"},"schema":{"@context":"https:\/\/schema.org","@graph":[{"@type":"Article","@id":"https:\/\/quehacerpolitico.mx\/?p=11588#article","isPartOf":{"@id":"https:\/\/quehacerpolitico.mx\/?p=11588"},"author":{"name":"Redacci\u00f3n QP","@id":"https:\/\/quehacerpolitico.mx\/#\/schema\/person\/496d8ad2d1d3f8036101dca7ee39e585"},"headline":"AMLO dice que cambiar\u00e1 iniciativa educativa para no poner en duda la autonom\u00eda de universidades, asistir\u00e9 al informe del magistrado de la SCJN porque tengo que ir","datePublished":"2018-12-13T14:58:30+00:00","mainEntityOfPage":{"@id":"https:\/\/quehacerpolitico.mx\/?p=11588"},"wordCount":1908,"commentCount":0,"image":{"@id":"https:\/\/quehacerpolitico.mx\/?p=11588#primaryimage"},"thumbnailUrl":"","articleSection":["Noticias"],"inLanguage":"es","potentialAction":[{"@type":"CommentAction","name":"Comment","target":["https:\/\/quehacerpolitico.mx\/?p=11588#respond"]}]},{"@type":"WebPage","@id":"https:\/\/quehacerpolitico.mx\/?p=11588","url":"https:\/\/quehacerpolitico.mx\/?p=11588","name":"AMLO dice que cambiar\u00e1 iniciativa educativa para no poner en duda la autonom\u00eda de universidades, asistir\u00e9 al informe del magistrado de la SCJN porque tengo que ir -","isPartOf":{"@id":"https:\/\/quehacerpolitico.mx\/#website"},"primaryImageOfPage":{"@id":"https:\/\/quehacerpolitico.mx\/?p=11588#primaryimage"},"image":{"@id":"https:\/\/quehacerpolitico.mx\/?p=11588#primaryimage"},"thumbnailUrl":"","datePublished":"2018-12-13T14:58:30+00:00","author":{"@id":"https:\/\/quehacerpolitico.mx\/#\/schema\/person\/496d8ad2d1d3f8036101dca7ee39e585"},"breadcrumb":{"@id":"https:\/\/quehacerpolitico.mx\/?p=11588#breadcrumb"},"inLanguage":"es","potentialAction":[{"@type":"ReadAction","target":["https:\/\/quehacerpolitico.mx\/?p=11588"]}]},{"@type":"ImageObject","inLanguage":"es","@id":"https:\/\/quehacerpolitico.mx\/?p=11588#primaryimage","url":"","contentUrl":""},{"@type":"BreadcrumbList","@id":"https:\/\/quehacerpolitico.mx\/?p=11588#breadcrumb","itemListElement":[{"@type":"ListItem","position":1,"name":"Inicio","item":"https:\/\/quehacerpolitico.mx\/"},{"@type":"ListItem","position":2,"name":"AMLO dice que cambiar\u00e1 iniciativa educativa para no poner en duda la autonom\u00eda de universidades, asistir\u00e9 al informe del magistrado de la SCJN porque tengo que ir"}]},{"@type":"WebSite","@id":"https:\/\/quehacerpolitico.mx\/#website","url":"https:\/\/quehacerpolitico.mx\/","name":"","description":"","potentialAction":[{"@type":"SearchAction","target":{"@type":"EntryPoint","urlTemplate":"https:\/\/quehacerpolitico.mx\/?s={search_term_string}"},"query-input":{"@type":"PropertyValueSpecification","valueRequired":true,"valueName":"search_term_string"}}],"inLanguage":"es"},{"@type":"Person","@id":"https:\/\/quehacerpolitico.mx\/#\/schema\/person\/496d8ad2d1d3f8036101dca7ee39e585","name":"Redacci\u00f3n QP","image":{"@type":"ImageObject","inLanguage":"es","@id":"https:\/\/secure.gravatar.com\/avatar\/c7164ed6fdec453195284ad24a5ae5b6e1eed2b848477fa2a4787ba9adf39a41?s=96&d=mm&r=g","url":"https:\/\/secure.gravatar.com\/avatar\/c7164ed6fdec453195284ad24a5ae5b6e1eed2b848477fa2a4787ba9adf39a41?s=96&d=mm&r=g","contentUrl":"https:\/\/secure.gravatar.com\/avatar\/c7164ed6fdec453195284ad24a5ae5b6e1eed2b848477fa2a4787ba9adf39a41?s=96&d=mm&r=g","caption":"Redacci\u00f3n QP"},"url":"https:\/\/quehacerpolitico.mx\/?author=2"}]}},"featured_image_urls":{"full":"","thumbnail":"","medium":"","medium_large":"","large":"","1536x1536":"","2048x2048":"","covernews-featured":"","covernews-medium":""},"author_info":{"display_name":"Redacci\u00f3n QP","author_link":"https:\/\/quehacerpolitico.mx\/?author=2"},"category_info":"<a href=\"https:\/\/quehacerpolitico.mx\/?cat=2\" rel=\"category\">Noticias<\/a>","tag_info":"Noticias","comment_count":"0","_links":{"self":[{"href":"https:\/\/quehacerpolitico.mx\/index.php?rest_route=\/wp\/v2\/posts\/11588","targetHints":{"allow":["GET"]}}],"collection":[{"href":"https:\/\/quehacerpolitico.mx\/index.php?rest_route=\/wp\/v2\/posts"}],"about":[{"href":"https:\/\/quehacerpolitico.mx\/index.php?rest_route=\/wp\/v2\/types\/post"}],"author":[{"embeddable":true,"href":"https:\/\/quehacerpolitico.mx\/index.php?rest_route=\/wp\/v2\/users\/2"}],"replies":[{"embeddable":true,"href":"https:\/\/quehacerpolitico.mx\/index.php?rest_route=%2Fwp%2Fv2%2Fcomments&post=11588"}],"version-history":[{"count":0,"href":"https:\/\/quehacerpolitico.mx\/index.php?rest_route=\/wp\/v2\/posts\/11588\/revisions"}],"wp:featuredmedia":[{"embeddable":true,"href":"https:\/\/quehacerpolitico.mx\/index.php?rest_route=\/"}],"wp:attachment":[{"href":"https:\/\/quehacerpolitico.mx\/index.php?rest_route=%2Fwp%2Fv2%2Fmedia&parent=11588"}],"wp:term":[{"taxonomy":"category","embeddable":true,"href":"https:\/\/quehacerpolitico.mx\/index.php?rest_route=%2Fwp%2Fv2%2Fcategories&post=11588"},{"taxonomy":"post_tag","embeddable":true,"href":"https:\/\/quehacerpolitico.mx\/index.php?rest_route=%2Fwp%2Fv2%2Ftags&post=11588"}],"curies":[{"name":"wp","href":"https:\/\/api.w.org\/{rel}","templated":true}]}}