{"id":115864,"date":"2025-04-12T20:29:20","date_gmt":"2025-04-13T02:29:20","guid":{"rendered":"https:\/\/quehacerpolitico.mx\/?p=115864"},"modified":"2025-04-12T20:36:58","modified_gmt":"2025-04-13T02:36:58","slug":"sheinbaum-asegura-que-los-mexicanos-le-han-dado-fuerza-para-negociar-con-trump","status":"publish","type":"post","link":"https:\/\/quehacerpolitico.mx\/?p=115864","title":{"rendered":"Sheinbaum asegura que los mexicanos le han dado \u2018fuerza\u2019 para negociar con Trump"},"content":{"rendered":"\n<p>Por Redacci\u00f3n QP<\/p>\n\n\n\n<p>La Presidenta mencion\u00f3 que &#8220;las y los mexicanos sostienen la econom\u00eda de los Estados Unidos, porque no habr\u00eda campo en EU sin los trabajadores mexicanos&#8221;<\/p>\n\n\n\n<p><strong>La presidenta de M\u00e9xico, Claudia Sheinbaum,&nbsp;<\/strong>asegur\u00f3 este s\u00e1bado que ha sido el respaldo del pueblo lo que le ha dado la fortaleza para entablar negociaciones con su hom\u00f3logo estadounidense, Donald Trump.<\/p>\n\n\n\n<p><strong>&#8220;Somos un pueblo extraordinario, un pa\u00eds extraordinario, el orgullo de ser mexicano y mexicanas. Y eso es lo que nos da la fuerza. La fuerza para negociar con los Estados Unidos&#8221;,<\/strong>&nbsp;se\u00f1al\u00f3 la mandataria durante un evento en Zacatecas, en el norte del pa\u00eds.<\/p>\n\n\n\n<figure class=\"wp-block-embed is-type-video is-provider-youtube wp-block-embed-youtube wp-embed-aspect-16-9 wp-has-aspect-ratio\"><div class=\"wp-block-embed__wrapper\">\n<iframe loading=\"lazy\" title=\"Vivienda para el Bienestar. Guadalupe, Zacatecas\" width=\"640\" height=\"360\" src=\"https:\/\/www.youtube.com\/embed\/jWzNbxmgVEY?feature=oembed\" frameborder=\"0\" allow=\"accelerometer; autoplay; clipboard-write; encrypted-media; gyroscope; picture-in-picture; web-share\" referrerpolicy=\"strict-origin-when-cross-origin\" allowfullscreen><\/iframe>\n<\/div><\/figure>\n\n\n\n<p>Sheinbaum asegur\u00f3 que tanto Trump como el pueblo de Estados Unidos &#8220;sabe que el pueblo de M\u00e9xico es mucha pieza, que aqu\u00ed hay mucho pueblo&#8221; y destac\u00f3 el trabajo de los migrantes en aquel pa\u00eds que, insisti\u00f3, sostienen la econom\u00eda estadounidense.<\/p>\n\n\n\n<p><strong>&#8220;Las y los mexicanos sostienen la econom\u00eda de los Estados Unidos, porque no habr\u00eda campo en Estados Unidos sin los trabajadores mexicanos.\u00a0<\/strong>No habr\u00eda f\u00e1bricas funcionando sin los trabajadores mexicanos y las trabajadoras mexicanas, as\u00ed que sepan que para M\u00e9xico son h\u00e9roes y hero\u00ednas de la patria y que siempre los vamos a defender&#8221;, se\u00f1al\u00f3.<\/p>\n\n\n\n<p>Las declaraciones de Sheinbaum ocurren luego de que ambos pa\u00edses viven una tregua comercial despu\u00e9s de que en las primeras semanas de su segundo mandato el republicano\u00a0<strong>anunciara que castigar\u00eda a M\u00e9xico y Canad\u00e1 con un arancel del 25 % por la inmigraci\u00f3n irregular y el tr\u00e1fico de fentanilo.<\/strong><\/p>\n\n\n\n<p>Pero Trump paus\u00f3 ese gravamen y, cuando el 2 de abril anunci\u00f3 los &#8220;aranceles rec\u00edprocos&#8221; al resto del mundo, los productos del Tratado entre M\u00e9xico, Estados Unidos y Canad\u00e1 (T-MEC) quedaron fuera de la lista de regiones y pa\u00edses afectados.<\/p>\n\n\n\n<p>Tambi\u00e9n se dan en medio de una nueva tensi\u00f3n por los reclamos del mandatario estadounidense, Donald Trump, quien\u00a0<strong>advirti\u00f3 el jueves de sanciones a M\u00e9xico por &#8220;violar&#8221; el Tratado de Aguas binacional pues argumenta que se le deben m\u00e1s de 1.600 millones de metros c\u00fabicos de agua a Texas,\u00a0<\/strong>aunque Sheinbaum ha prometido la &#8220;entrega inmediata&#8221; del l\u00edquido a aquel estado.<\/p>\n\n\n\n<p>Con informaci\u00f3n de EFE<\/p>\n","protected":false},"excerpt":{"rendered":"<p>Por Redacci\u00f3n QP La Presidenta mencion\u00f3 que &#8220;las y los mexicanos sostienen la econom\u00eda de&#8230;<\/p>\n","protected":false},"author":2,"featured_media":115865,"comment_status":"open","ping_status":"open","sticky":false,"template":"","format":"standard","meta":{"_monsterinsights_skip_tracking":false,"_monsterinsights_sitenote_active":false,"_monsterinsights_sitenote_note":"","_monsterinsights_sitenote_category":0,"footnotes":""},"categories":[280,2],"tags":[],"class_list":["post-115864","post","type-post","status-publish","format-standard","has-post-thumbnail","hentry","category-nacionales","category-noticias"],"yoast_head":"<!-- This site is optimized with the Yoast SEO plugin v27.3 - https:\/\/yoast.com\/product\/yoast-seo-wordpress\/ -->\n<title>Sheinbaum asegura que los mexicanos le han dado \u2018fuerza\u2019 para negociar con Trump -<\/title>\n<meta name=\"robots\" content=\"index, follow, max-snippet:-1, max-image-preview:large, max-video-preview:-1\" \/>\n<link rel=\"canonical\" href=\"https:\/\/quehacerpolitico.mx\/?p=115864\" \/>\n<meta property=\"og:locale\" content=\"es_MX\" \/>\n<meta property=\"og:type\" content=\"article\" \/>\n<meta property=\"og:title\" content=\"Sheinbaum asegura que los mexicanos le han dado \u2018fuerza\u2019 para negociar con Trump -\" \/>\n<meta property=\"og:description\" content=\"Por Redacci\u00f3n QP La Presidenta mencion\u00f3 que &#8220;las y los mexicanos sostienen la econom\u00eda de...\" \/>\n<meta property=\"og:url\" content=\"https:\/\/quehacerpolitico.mx\/?p=115864\" \/>\n<meta property=\"article:published_time\" content=\"2025-04-13T02:29:20+00:00\" \/>\n<meta property=\"article:modified_time\" content=\"2025-04-13T02:36:58+00:00\" \/>\n<meta property=\"og:image\" content=\"https:\/\/quehacerpolitico.mx\/wp-content\/uploads\/2025\/04\/20250412_202444.jpg\" \/>\n\t<meta property=\"og:image:width\" content=\"2048\" \/>\n\t<meta property=\"og:image:height\" content=\"1362\" \/>\n\t<meta property=\"og:image:type\" content=\"image\/jpeg\" \/>\n<meta name=\"author\" content=\"Redacci\u00f3n QP\" \/>\n<meta name=\"twitter:card\" content=\"summary_large_image\" \/>\n<meta name=\"twitter:label1\" content=\"Escrito por\" \/>\n\t<meta name=\"twitter:data1\" content=\"Redacci\u00f3n QP\" \/>\n\t<meta name=\"twitter:label2\" content=\"Tiempo de lectura\" \/>\n\t<meta name=\"twitter:data2\" content=\"2 minutos\" \/>\n<script type=\"application\/ld+json\" class=\"yoast-schema-graph\">{\"@context\":\"https:\\\/\\\/schema.org\",\"@graph\":[{\"@type\":\"Article\",\"@id\":\"https:\\\/\\\/quehacerpolitico.mx\\\/?p=115864#article\",\"isPartOf\":{\"@id\":\"https:\\\/\\\/quehacerpolitico.mx\\\/?p=115864\"},\"author\":{\"name\":\"Redacci\u00f3n QP\",\"@id\":\"https:\\\/\\\/quehacerpolitico.mx\\\/#\\\/schema\\\/person\\\/496d8ad2d1d3f8036101dca7ee39e585\"},\"headline\":\"Sheinbaum asegura que los mexicanos le han dado \u2018fuerza\u2019 para negociar con Trump\",\"datePublished\":\"2025-04-13T02:29:20+00:00\",\"dateModified\":\"2025-04-13T02:36:58+00:00\",\"mainEntityOfPage\":{\"@id\":\"https:\\\/\\\/quehacerpolitico.mx\\\/?p=115864\"},\"wordCount\":411,\"commentCount\":0,\"image\":{\"@id\":\"https:\\\/\\\/quehacerpolitico.mx\\\/?p=115864#primaryimage\"},\"thumbnailUrl\":\"https:\\\/\\\/quehacerpolitico.mx\\\/wp-content\\\/uploads\\\/2025\\\/04\\\/20250412_202444.jpg\",\"articleSection\":[\"Nacionales\",\"Noticias\"],\"inLanguage\":\"es\",\"potentialAction\":[{\"@type\":\"CommentAction\",\"name\":\"Comment\",\"target\":[\"https:\\\/\\\/quehacerpolitico.mx\\\/?p=115864#respond\"]}]},{\"@type\":\"WebPage\",\"@id\":\"https:\\\/\\\/quehacerpolitico.mx\\\/?p=115864\",\"url\":\"https:\\\/\\\/quehacerpolitico.mx\\\/?p=115864\",\"name\":\"Sheinbaum asegura que los mexicanos le han dado \u2018fuerza\u2019 para negociar con Trump -\",\"isPartOf\":{\"@id\":\"https:\\\/\\\/quehacerpolitico.mx\\\/#website\"},\"primaryImageOfPage\":{\"@id\":\"https:\\\/\\\/quehacerpolitico.mx\\\/?p=115864#primaryimage\"},\"image\":{\"@id\":\"https:\\\/\\\/quehacerpolitico.mx\\\/?p=115864#primaryimage\"},\"thumbnailUrl\":\"https:\\\/\\\/quehacerpolitico.mx\\\/wp-content\\\/uploads\\\/2025\\\/04\\\/20250412_202444.jpg\",\"datePublished\":\"2025-04-13T02:29:20+00:00\",\"dateModified\":\"2025-04-13T02:36:58+00:00\",\"author\":{\"@id\":\"https:\\\/\\\/quehacerpolitico.mx\\\/#\\\/schema\\\/person\\\/496d8ad2d1d3f8036101dca7ee39e585\"},\"breadcrumb\":{\"@id\":\"https:\\\/\\\/quehacerpolitico.mx\\\/?p=115864#breadcrumb\"},\"inLanguage\":\"es\",\"potentialAction\":[{\"@type\":\"ReadAction\",\"target\":[\"https:\\\/\\\/quehacerpolitico.mx\\\/?p=115864\"]}]},{\"@type\":\"ImageObject\",\"inLanguage\":\"es\",\"@id\":\"https:\\\/\\\/quehacerpolitico.mx\\\/?p=115864#primaryimage\",\"url\":\"https:\\\/\\\/quehacerpolitico.mx\\\/wp-content\\\/uploads\\\/2025\\\/04\\\/20250412_202444.jpg\",\"contentUrl\":\"https:\\\/\\\/quehacerpolitico.mx\\\/wp-content\\\/uploads\\\/2025\\\/04\\\/20250412_202444.jpg\",\"width\":2048,\"height\":1362},{\"@type\":\"BreadcrumbList\",\"@id\":\"https:\\\/\\\/quehacerpolitico.mx\\\/?p=115864#breadcrumb\",\"itemListElement\":[{\"@type\":\"ListItem\",\"position\":1,\"name\":\"Inicio\",\"item\":\"https:\\\/\\\/quehacerpolitico.mx\\\/\"},{\"@type\":\"ListItem\",\"position\":2,\"name\":\"Sheinbaum asegura que los mexicanos le han dado \u2018fuerza\u2019 para negociar con Trump\"}]},{\"@type\":\"WebSite\",\"@id\":\"https:\\\/\\\/quehacerpolitico.mx\\\/#website\",\"url\":\"https:\\\/\\\/quehacerpolitico.mx\\\/\",\"name\":\"\",\"description\":\"\",\"potentialAction\":[{\"@type\":\"SearchAction\",\"target\":{\"@type\":\"EntryPoint\",\"urlTemplate\":\"https:\\\/\\\/quehacerpolitico.mx\\\/?s={search_term_string}\"},\"query-input\":{\"@type\":\"PropertyValueSpecification\",\"valueRequired\":true,\"valueName\":\"search_term_string\"}}],\"inLanguage\":\"es\"},{\"@type\":\"Person\",\"@id\":\"https:\\\/\\\/quehacerpolitico.mx\\\/#\\\/schema\\\/person\\\/496d8ad2d1d3f8036101dca7ee39e585\",\"name\":\"Redacci\u00f3n QP\",\"image\":{\"@type\":\"ImageObject\",\"inLanguage\":\"es\",\"@id\":\"https:\\\/\\\/secure.gravatar.com\\\/avatar\\\/c7164ed6fdec453195284ad24a5ae5b6e1eed2b848477fa2a4787ba9adf39a41?s=96&d=mm&r=g\",\"url\":\"https:\\\/\\\/secure.gravatar.com\\\/avatar\\\/c7164ed6fdec453195284ad24a5ae5b6e1eed2b848477fa2a4787ba9adf39a41?s=96&d=mm&r=g\",\"contentUrl\":\"https:\\\/\\\/secure.gravatar.com\\\/avatar\\\/c7164ed6fdec453195284ad24a5ae5b6e1eed2b848477fa2a4787ba9adf39a41?s=96&d=mm&r=g\",\"caption\":\"Redacci\u00f3n QP\"},\"url\":\"https:\\\/\\\/quehacerpolitico.mx\\\/?author=2\"}]}<\/script>\n<!-- \/ Yoast SEO plugin. -->","yoast_head_json":{"title":"Sheinbaum asegura que los mexicanos le han dado \u2018fuerza\u2019 para negociar con Trump -","robots":{"index":"index","follow":"follow","max-snippet":"max-snippet:-1","max-image-preview":"max-image-preview:large","max-video-preview":"max-video-preview:-1"},"canonical":"https:\/\/quehacerpolitico.mx\/?p=115864","og_locale":"es_MX","og_type":"article","og_title":"Sheinbaum asegura que los mexicanos le han dado \u2018fuerza\u2019 para negociar con Trump -","og_description":"Por Redacci\u00f3n QP La Presidenta mencion\u00f3 que &#8220;las y los mexicanos sostienen la econom\u00eda de...","og_url":"https:\/\/quehacerpolitico.mx\/?p=115864","article_published_time":"2025-04-13T02:29:20+00:00","article_modified_time":"2025-04-13T02:36:58+00:00","og_image":[{"width":2048,"height":1362,"url":"https:\/\/quehacerpolitico.mx\/wp-content\/uploads\/2025\/04\/20250412_202444.jpg","type":"image\/jpeg"}],"author":"Redacci\u00f3n QP","twitter_card":"summary_large_image","twitter_misc":{"Escrito por":"Redacci\u00f3n QP","Tiempo de lectura":"2 minutos"},"schema":{"@context":"https:\/\/schema.org","@graph":[{"@type":"Article","@id":"https:\/\/quehacerpolitico.mx\/?p=115864#article","isPartOf":{"@id":"https:\/\/quehacerpolitico.mx\/?p=115864"},"author":{"name":"Redacci\u00f3n QP","@id":"https:\/\/quehacerpolitico.mx\/#\/schema\/person\/496d8ad2d1d3f8036101dca7ee39e585"},"headline":"Sheinbaum asegura que los mexicanos le han dado \u2018fuerza\u2019 para negociar con Trump","datePublished":"2025-04-13T02:29:20+00:00","dateModified":"2025-04-13T02:36:58+00:00","mainEntityOfPage":{"@id":"https:\/\/quehacerpolitico.mx\/?p=115864"},"wordCount":411,"commentCount":0,"image":{"@id":"https:\/\/quehacerpolitico.mx\/?p=115864#primaryimage"},"thumbnailUrl":"https:\/\/quehacerpolitico.mx\/wp-content\/uploads\/2025\/04\/20250412_202444.jpg","articleSection":["Nacionales","Noticias"],"inLanguage":"es","potentialAction":[{"@type":"CommentAction","name":"Comment","target":["https:\/\/quehacerpolitico.mx\/?p=115864#respond"]}]},{"@type":"WebPage","@id":"https:\/\/quehacerpolitico.mx\/?p=115864","url":"https:\/\/quehacerpolitico.mx\/?p=115864","name":"Sheinbaum asegura que los mexicanos le han dado \u2018fuerza\u2019 para negociar con Trump -","isPartOf":{"@id":"https:\/\/quehacerpolitico.mx\/#website"},"primaryImageOfPage":{"@id":"https:\/\/quehacerpolitico.mx\/?p=115864#primaryimage"},"image":{"@id":"https:\/\/quehacerpolitico.mx\/?p=115864#primaryimage"},"thumbnailUrl":"https:\/\/quehacerpolitico.mx\/wp-content\/uploads\/2025\/04\/20250412_202444.jpg","datePublished":"2025-04-13T02:29:20+00:00","dateModified":"2025-04-13T02:36:58+00:00","author":{"@id":"https:\/\/quehacerpolitico.mx\/#\/schema\/person\/496d8ad2d1d3f8036101dca7ee39e585"},"breadcrumb":{"@id":"https:\/\/quehacerpolitico.mx\/?p=115864#breadcrumb"},"inLanguage":"es","potentialAction":[{"@type":"ReadAction","target":["https:\/\/quehacerpolitico.mx\/?p=115864"]}]},{"@type":"ImageObject","inLanguage":"es","@id":"https:\/\/quehacerpolitico.mx\/?p=115864#primaryimage","url":"https:\/\/quehacerpolitico.mx\/wp-content\/uploads\/2025\/04\/20250412_202444.jpg","contentUrl":"https:\/\/quehacerpolitico.mx\/wp-content\/uploads\/2025\/04\/20250412_202444.jpg","width":2048,"height":1362},{"@type":"BreadcrumbList","@id":"https:\/\/quehacerpolitico.mx\/?p=115864#breadcrumb","itemListElement":[{"@type":"ListItem","position":1,"name":"Inicio","item":"https:\/\/quehacerpolitico.mx\/"},{"@type":"ListItem","position":2,"name":"Sheinbaum asegura que los mexicanos le han dado \u2018fuerza\u2019 para negociar con Trump"}]},{"@type":"WebSite","@id":"https:\/\/quehacerpolitico.mx\/#website","url":"https:\/\/quehacerpolitico.mx\/","name":"","description":"","potentialAction":[{"@type":"SearchAction","target":{"@type":"EntryPoint","urlTemplate":"https:\/\/quehacerpolitico.mx\/?s={search_term_string}"},"query-input":{"@type":"PropertyValueSpecification","valueRequired":true,"valueName":"search_term_string"}}],"inLanguage":"es"},{"@type":"Person","@id":"https:\/\/quehacerpolitico.mx\/#\/schema\/person\/496d8ad2d1d3f8036101dca7ee39e585","name":"Redacci\u00f3n QP","image":{"@type":"ImageObject","inLanguage":"es","@id":"https:\/\/secure.gravatar.com\/avatar\/c7164ed6fdec453195284ad24a5ae5b6e1eed2b848477fa2a4787ba9adf39a41?s=96&d=mm&r=g","url":"https:\/\/secure.gravatar.com\/avatar\/c7164ed6fdec453195284ad24a5ae5b6e1eed2b848477fa2a4787ba9adf39a41?s=96&d=mm&r=g","contentUrl":"https:\/\/secure.gravatar.com\/avatar\/c7164ed6fdec453195284ad24a5ae5b6e1eed2b848477fa2a4787ba9adf39a41?s=96&d=mm&r=g","caption":"Redacci\u00f3n QP"},"url":"https:\/\/quehacerpolitico.mx\/?author=2"}]}},"featured_image_urls":{"full":["https:\/\/quehacerpolitico.mx\/wp-content\/uploads\/2025\/04\/20250412_202444.jpg",2048,1362,false],"thumbnail":["https:\/\/quehacerpolitico.mx\/wp-content\/uploads\/2025\/04\/20250412_202444-150x150.jpg",150,150,true],"medium":["https:\/\/quehacerpolitico.mx\/wp-content\/uploads\/2025\/04\/20250412_202444-300x200.jpg",300,200,true],"medium_large":["https:\/\/quehacerpolitico.mx\/wp-content\/uploads\/2025\/04\/20250412_202444-768x511.jpg",640,426,true],"large":["https:\/\/quehacerpolitico.mx\/wp-content\/uploads\/2025\/04\/20250412_202444-1024x681.jpg",640,426,true],"1536x1536":["https:\/\/quehacerpolitico.mx\/wp-content\/uploads\/2025\/04\/20250412_202444-1536x1022.jpg",1536,1022,true],"2048x2048":["https:\/\/quehacerpolitico.mx\/wp-content\/uploads\/2025\/04\/20250412_202444.jpg",2048,1362,false],"covernews-featured":["https:\/\/quehacerpolitico.mx\/wp-content\/uploads\/2025\/04\/20250412_202444-1024x681.jpg",1024,681,true],"covernews-medium":["https:\/\/quehacerpolitico.mx\/wp-content\/uploads\/2025\/04\/20250412_202444-540x340.jpg",540,340,true]},"author_info":{"display_name":"Redacci\u00f3n QP","author_link":"https:\/\/quehacerpolitico.mx\/?author=2"},"category_info":"<a href=\"https:\/\/quehacerpolitico.mx\/?cat=280\" rel=\"category\">Nacionales<\/a> <a href=\"https:\/\/quehacerpolitico.mx\/?cat=2\" rel=\"category\">Noticias<\/a>","tag_info":"Noticias","comment_count":"0","_links":{"self":[{"href":"https:\/\/quehacerpolitico.mx\/index.php?rest_route=\/wp\/v2\/posts\/115864","targetHints":{"allow":["GET"]}}],"collection":[{"href":"https:\/\/quehacerpolitico.mx\/index.php?rest_route=\/wp\/v2\/posts"}],"about":[{"href":"https:\/\/quehacerpolitico.mx\/index.php?rest_route=\/wp\/v2\/types\/post"}],"author":[{"embeddable":true,"href":"https:\/\/quehacerpolitico.mx\/index.php?rest_route=\/wp\/v2\/users\/2"}],"replies":[{"embeddable":true,"href":"https:\/\/quehacerpolitico.mx\/index.php?rest_route=%2Fwp%2Fv2%2Fcomments&post=115864"}],"version-history":[{"count":1,"href":"https:\/\/quehacerpolitico.mx\/index.php?rest_route=\/wp\/v2\/posts\/115864\/revisions"}],"predecessor-version":[{"id":115866,"href":"https:\/\/quehacerpolitico.mx\/index.php?rest_route=\/wp\/v2\/posts\/115864\/revisions\/115866"}],"wp:featuredmedia":[{"embeddable":true,"href":"https:\/\/quehacerpolitico.mx\/index.php?rest_route=\/wp\/v2\/media\/115865"}],"wp:attachment":[{"href":"https:\/\/quehacerpolitico.mx\/index.php?rest_route=%2Fwp%2Fv2%2Fmedia&parent=115864"}],"wp:term":[{"taxonomy":"category","embeddable":true,"href":"https:\/\/quehacerpolitico.mx\/index.php?rest_route=%2Fwp%2Fv2%2Fcategories&post=115864"},{"taxonomy":"post_tag","embeddable":true,"href":"https:\/\/quehacerpolitico.mx\/index.php?rest_route=%2Fwp%2Fv2%2Ftags&post=115864"}],"curies":[{"name":"wp","href":"https:\/\/api.w.org\/{rel}","templated":true}]}}