{"id":115860,"date":"2025-04-12T18:03:51","date_gmt":"2025-04-13T00:03:51","guid":{"rendered":"https:\/\/quehacerpolitico.mx\/?p=115860"},"modified":"2025-04-12T18:04:32","modified_gmt":"2025-04-13T00:04:32","slug":"autoridades-de-edomex-advierten-que-abriran-carpetas-de-investigacion-a-cantantes-que-promuevan-a-lideres-del-narco-y-grupos-criminales","status":"publish","type":"post","link":"https:\/\/quehacerpolitico.mx\/?p=115860","title":{"rendered":"Autoridades de Edomex advierten que abrir\u00e1n carpetas de investigaci\u00f3n a cantantes que promuevan a l\u00edderes del narco y grupos criminales"},"content":{"rendered":"\n<p>Por Redacci\u00f3n QP<\/p>\n\n\n\n<p>La fiscal\u00eda y gobierno estatal exhortaron a los organizadores a tomar las medidas necesarias para evitar que el talento art\u00edstico utilice cualquier referencia de personajes o actos il\u00edcitos en im\u00e1genes, voz, audio o videos<\/p>\n\n\n\n<p>Autoridades del Estado de M\u00e9xico advirtieron que abrir\u00e1n&nbsp;<strong>carpetas de investigaci\u00f3n&nbsp;<\/strong>a cantantes o grupos musicales que promuevan a l\u00edderes del narcotr\u00e1fico y grupos criminales.<\/p>\n\n\n\n<p>El gobierno del Estado de M\u00e9xico en conjunto con la fiscal\u00eda estatal, exhortaron a las autoridades de los municipios de&nbsp;<strong>Texcoco, Metepec y Tejupilco<\/strong>, en donde pr\u00f3ximamente se celebran ferias con la asistencia de diversos artistas y grupos musicales a vigilar que no se haga apolog\u00eda de la violencia, referencia a personajes ligados a actos criminales o consumo de narc\u00f3ticos.<\/p>\n\n\n\n<p>\u201cLa solicitud se extiende a autoridades municipales para vigilar desde la contrataci\u00f3n del talento art\u00edstico hasta el desarrollo de las actividades p\u00fablicas\u201d, cita el comunicado emitido este s\u00e1bado<\/p>\n\n\n\n<p>En una tarjeta informativa, las autoridades mexiquenses exhortaron a los gobiernos municipales a tomar las medidas necesarias para evitar que el talento art\u00edstico utilice cualquier referencia de personajes o&nbsp;<strong>actos il\u00edcitos&nbsp;<\/strong>en im\u00e1genes, voz, audio o videos.<\/p>\n\n\n\n<p>El comunicado, explica que el C\u00f3digo Penal del Estado de M\u00e9xico establece la facultad para sancionar a quienes cometan la falta, ya sean artistas, cantantes, productores, promotores, representantes, m\u00fasicos o p\u00fablico en general, por lo que de acuerdo a la norma se deber\u00e1n iniciar las carpetas de investigaci\u00f3n correspondientes en caso de existir dichas insinuaciones.<\/p>\n\n\n\n<p>En los pr\u00f3ximos d\u00edas, la entidad mexiquense tiene previstas ferias y festivales en los municipios de&nbsp;<strong>Metepec, Texcoco, Tejupilc<\/strong>o, por lo que las autoridades subrayan que estar\u00e1n vigilantes de las presentaciones de los&nbsp;<strong>artistas.<\/strong><\/p>\n\n\n\n<p>La noche de ayer viernes, el cantante mexicano&nbsp;<strong>Luis R. Conriquez<\/strong>&nbsp;fue abucheado y agredido por el p\u00fablico del&nbsp;<strong>Palenque de Texcoco<\/strong>&nbsp;despu\u00e9s de que se negara a cantar narcocorridos o canciones que pudieran ser consideradas apolog\u00eda del delito.<\/p>\n\n\n\n<p>Conriquez se present\u00f3 durante la<strong>&nbsp;Feria Internacional del Caballo<\/strong>&nbsp;y ya hab\u00eda anunciado horas antes de su concierto que dejar\u00eda de cantar canciones que hablaran sobre crimen organizado en eventos.&nbsp;<\/p>\n\n\n\n<p>Sin embargo, el p\u00fablico se indign\u00f3 ante esta decisi\u00f3n, por lo que empezaron a abuchearlo y a lanzarle objetos desde las gradas del lugar. El cantante sali\u00f3 del recinto<\/p>\n","protected":false},"excerpt":{"rendered":"<p>Por Redacci\u00f3n QP La fiscal\u00eda y gobierno estatal exhortaron a los organizadores a tomar las&#8230;<\/p>\n","protected":false},"author":2,"featured_media":115861,"comment_status":"open","ping_status":"open","sticky":false,"template":"","format":"standard","meta":{"_monsterinsights_skip_tracking":false,"_monsterinsights_sitenote_active":false,"_monsterinsights_sitenote_note":"","_monsterinsights_sitenote_category":0,"footnotes":""},"categories":[280,2],"tags":[],"class_list":["post-115860","post","type-post","status-publish","format-standard","has-post-thumbnail","hentry","category-nacionales","category-noticias"],"yoast_head":"<!-- This site is optimized with the Yoast SEO plugin v27.3 - https:\/\/yoast.com\/product\/yoast-seo-wordpress\/ -->\n<title>Autoridades de Edomex advierten que abrir\u00e1n carpetas de investigaci\u00f3n a cantantes que promuevan a l\u00edderes del narco y grupos criminales -<\/title>\n<meta name=\"robots\" content=\"index, follow, max-snippet:-1, max-image-preview:large, max-video-preview:-1\" \/>\n<link rel=\"canonical\" href=\"https:\/\/quehacerpolitico.mx\/?p=115860\" \/>\n<meta property=\"og:locale\" content=\"es_MX\" \/>\n<meta property=\"og:type\" content=\"article\" \/>\n<meta property=\"og:title\" content=\"Autoridades de Edomex advierten que abrir\u00e1n carpetas de investigaci\u00f3n a cantantes que promuevan a l\u00edderes del narco y grupos criminales -\" \/>\n<meta property=\"og:description\" content=\"Por Redacci\u00f3n QP La fiscal\u00eda y gobierno estatal exhortaron a los organizadores a tomar las...\" \/>\n<meta property=\"og:url\" content=\"https:\/\/quehacerpolitico.mx\/?p=115860\" \/>\n<meta property=\"article:published_time\" content=\"2025-04-13T00:03:51+00:00\" \/>\n<meta property=\"article:modified_time\" content=\"2025-04-13T00:04:32+00:00\" \/>\n<meta property=\"og:image\" content=\"https:\/\/quehacerpolitico.mx\/wp-content\/uploads\/2025\/04\/f425x230-111897_125879_5050.webp\" \/>\n\t<meta property=\"og:image:width\" content=\"425\" \/>\n\t<meta property=\"og:image:height\" content=\"230\" \/>\n\t<meta property=\"og:image:type\" content=\"image\/webp\" \/>\n<meta name=\"author\" content=\"Redacci\u00f3n QP\" \/>\n<meta name=\"twitter:card\" content=\"summary_large_image\" \/>\n<meta name=\"twitter:label1\" content=\"Escrito por\" \/>\n\t<meta name=\"twitter:data1\" content=\"Redacci\u00f3n QP\" \/>\n\t<meta name=\"twitter:label2\" content=\"Tiempo de lectura\" \/>\n\t<meta name=\"twitter:data2\" content=\"2 minutos\" \/>\n<script type=\"application\/ld+json\" class=\"yoast-schema-graph\">{\"@context\":\"https:\\\/\\\/schema.org\",\"@graph\":[{\"@type\":\"Article\",\"@id\":\"https:\\\/\\\/quehacerpolitico.mx\\\/?p=115860#article\",\"isPartOf\":{\"@id\":\"https:\\\/\\\/quehacerpolitico.mx\\\/?p=115860\"},\"author\":{\"name\":\"Redacci\u00f3n QP\",\"@id\":\"https:\\\/\\\/quehacerpolitico.mx\\\/#\\\/schema\\\/person\\\/496d8ad2d1d3f8036101dca7ee39e585\"},\"headline\":\"Autoridades de Edomex advierten que abrir\u00e1n carpetas de investigaci\u00f3n a cantantes que promuevan a l\u00edderes del narco y grupos criminales\",\"datePublished\":\"2025-04-13T00:03:51+00:00\",\"dateModified\":\"2025-04-13T00:04:32+00:00\",\"mainEntityOfPage\":{\"@id\":\"https:\\\/\\\/quehacerpolitico.mx\\\/?p=115860\"},\"wordCount\":449,\"commentCount\":0,\"image\":{\"@id\":\"https:\\\/\\\/quehacerpolitico.mx\\\/?p=115860#primaryimage\"},\"thumbnailUrl\":\"https:\\\/\\\/quehacerpolitico.mx\\\/wp-content\\\/uploads\\\/2025\\\/04\\\/f425x230-111897_125879_5050.webp\",\"articleSection\":[\"Nacionales\",\"Noticias\"],\"inLanguage\":\"es\",\"potentialAction\":[{\"@type\":\"CommentAction\",\"name\":\"Comment\",\"target\":[\"https:\\\/\\\/quehacerpolitico.mx\\\/?p=115860#respond\"]}]},{\"@type\":\"WebPage\",\"@id\":\"https:\\\/\\\/quehacerpolitico.mx\\\/?p=115860\",\"url\":\"https:\\\/\\\/quehacerpolitico.mx\\\/?p=115860\",\"name\":\"Autoridades de Edomex advierten que abrir\u00e1n carpetas de investigaci\u00f3n a cantantes que promuevan a l\u00edderes del narco y grupos criminales -\",\"isPartOf\":{\"@id\":\"https:\\\/\\\/quehacerpolitico.mx\\\/#website\"},\"primaryImageOfPage\":{\"@id\":\"https:\\\/\\\/quehacerpolitico.mx\\\/?p=115860#primaryimage\"},\"image\":{\"@id\":\"https:\\\/\\\/quehacerpolitico.mx\\\/?p=115860#primaryimage\"},\"thumbnailUrl\":\"https:\\\/\\\/quehacerpolitico.mx\\\/wp-content\\\/uploads\\\/2025\\\/04\\\/f425x230-111897_125879_5050.webp\",\"datePublished\":\"2025-04-13T00:03:51+00:00\",\"dateModified\":\"2025-04-13T00:04:32+00:00\",\"author\":{\"@id\":\"https:\\\/\\\/quehacerpolitico.mx\\\/#\\\/schema\\\/person\\\/496d8ad2d1d3f8036101dca7ee39e585\"},\"breadcrumb\":{\"@id\":\"https:\\\/\\\/quehacerpolitico.mx\\\/?p=115860#breadcrumb\"},\"inLanguage\":\"es\",\"potentialAction\":[{\"@type\":\"ReadAction\",\"target\":[\"https:\\\/\\\/quehacerpolitico.mx\\\/?p=115860\"]}]},{\"@type\":\"ImageObject\",\"inLanguage\":\"es\",\"@id\":\"https:\\\/\\\/quehacerpolitico.mx\\\/?p=115860#primaryimage\",\"url\":\"https:\\\/\\\/quehacerpolitico.mx\\\/wp-content\\\/uploads\\\/2025\\\/04\\\/f425x230-111897_125879_5050.webp\",\"contentUrl\":\"https:\\\/\\\/quehacerpolitico.mx\\\/wp-content\\\/uploads\\\/2025\\\/04\\\/f425x230-111897_125879_5050.webp\",\"width\":425,\"height\":230},{\"@type\":\"BreadcrumbList\",\"@id\":\"https:\\\/\\\/quehacerpolitico.mx\\\/?p=115860#breadcrumb\",\"itemListElement\":[{\"@type\":\"ListItem\",\"position\":1,\"name\":\"Inicio\",\"item\":\"https:\\\/\\\/quehacerpolitico.mx\\\/\"},{\"@type\":\"ListItem\",\"position\":2,\"name\":\"Autoridades de Edomex advierten que abrir\u00e1n carpetas de investigaci\u00f3n a cantantes que promuevan a l\u00edderes del narco y grupos criminales\"}]},{\"@type\":\"WebSite\",\"@id\":\"https:\\\/\\\/quehacerpolitico.mx\\\/#website\",\"url\":\"https:\\\/\\\/quehacerpolitico.mx\\\/\",\"name\":\"\",\"description\":\"\",\"potentialAction\":[{\"@type\":\"SearchAction\",\"target\":{\"@type\":\"EntryPoint\",\"urlTemplate\":\"https:\\\/\\\/quehacerpolitico.mx\\\/?s={search_term_string}\"},\"query-input\":{\"@type\":\"PropertyValueSpecification\",\"valueRequired\":true,\"valueName\":\"search_term_string\"}}],\"inLanguage\":\"es\"},{\"@type\":\"Person\",\"@id\":\"https:\\\/\\\/quehacerpolitico.mx\\\/#\\\/schema\\\/person\\\/496d8ad2d1d3f8036101dca7ee39e585\",\"name\":\"Redacci\u00f3n QP\",\"image\":{\"@type\":\"ImageObject\",\"inLanguage\":\"es\",\"@id\":\"https:\\\/\\\/secure.gravatar.com\\\/avatar\\\/c7164ed6fdec453195284ad24a5ae5b6e1eed2b848477fa2a4787ba9adf39a41?s=96&d=mm&r=g\",\"url\":\"https:\\\/\\\/secure.gravatar.com\\\/avatar\\\/c7164ed6fdec453195284ad24a5ae5b6e1eed2b848477fa2a4787ba9adf39a41?s=96&d=mm&r=g\",\"contentUrl\":\"https:\\\/\\\/secure.gravatar.com\\\/avatar\\\/c7164ed6fdec453195284ad24a5ae5b6e1eed2b848477fa2a4787ba9adf39a41?s=96&d=mm&r=g\",\"caption\":\"Redacci\u00f3n QP\"},\"url\":\"https:\\\/\\\/quehacerpolitico.mx\\\/?author=2\"}]}<\/script>\n<!-- \/ Yoast SEO plugin. -->","yoast_head_json":{"title":"Autoridades de Edomex advierten que abrir\u00e1n carpetas de investigaci\u00f3n a cantantes que promuevan a l\u00edderes del narco y grupos criminales -","robots":{"index":"index","follow":"follow","max-snippet":"max-snippet:-1","max-image-preview":"max-image-preview:large","max-video-preview":"max-video-preview:-1"},"canonical":"https:\/\/quehacerpolitico.mx\/?p=115860","og_locale":"es_MX","og_type":"article","og_title":"Autoridades de Edomex advierten que abrir\u00e1n carpetas de investigaci\u00f3n a cantantes que promuevan a l\u00edderes del narco y grupos criminales -","og_description":"Por Redacci\u00f3n QP La fiscal\u00eda y gobierno estatal exhortaron a los organizadores a tomar las...","og_url":"https:\/\/quehacerpolitico.mx\/?p=115860","article_published_time":"2025-04-13T00:03:51+00:00","article_modified_time":"2025-04-13T00:04:32+00:00","og_image":[{"width":425,"height":230,"url":"https:\/\/quehacerpolitico.mx\/wp-content\/uploads\/2025\/04\/f425x230-111897_125879_5050.webp","type":"image\/webp"}],"author":"Redacci\u00f3n QP","twitter_card":"summary_large_image","twitter_misc":{"Escrito por":"Redacci\u00f3n QP","Tiempo de lectura":"2 minutos"},"schema":{"@context":"https:\/\/schema.org","@graph":[{"@type":"Article","@id":"https:\/\/quehacerpolitico.mx\/?p=115860#article","isPartOf":{"@id":"https:\/\/quehacerpolitico.mx\/?p=115860"},"author":{"name":"Redacci\u00f3n QP","@id":"https:\/\/quehacerpolitico.mx\/#\/schema\/person\/496d8ad2d1d3f8036101dca7ee39e585"},"headline":"Autoridades de Edomex advierten que abrir\u00e1n carpetas de investigaci\u00f3n a cantantes que promuevan a l\u00edderes del narco y grupos criminales","datePublished":"2025-04-13T00:03:51+00:00","dateModified":"2025-04-13T00:04:32+00:00","mainEntityOfPage":{"@id":"https:\/\/quehacerpolitico.mx\/?p=115860"},"wordCount":449,"commentCount":0,"image":{"@id":"https:\/\/quehacerpolitico.mx\/?p=115860#primaryimage"},"thumbnailUrl":"https:\/\/quehacerpolitico.mx\/wp-content\/uploads\/2025\/04\/f425x230-111897_125879_5050.webp","articleSection":["Nacionales","Noticias"],"inLanguage":"es","potentialAction":[{"@type":"CommentAction","name":"Comment","target":["https:\/\/quehacerpolitico.mx\/?p=115860#respond"]}]},{"@type":"WebPage","@id":"https:\/\/quehacerpolitico.mx\/?p=115860","url":"https:\/\/quehacerpolitico.mx\/?p=115860","name":"Autoridades de Edomex advierten que abrir\u00e1n carpetas de investigaci\u00f3n a cantantes que promuevan a l\u00edderes del narco y grupos criminales -","isPartOf":{"@id":"https:\/\/quehacerpolitico.mx\/#website"},"primaryImageOfPage":{"@id":"https:\/\/quehacerpolitico.mx\/?p=115860#primaryimage"},"image":{"@id":"https:\/\/quehacerpolitico.mx\/?p=115860#primaryimage"},"thumbnailUrl":"https:\/\/quehacerpolitico.mx\/wp-content\/uploads\/2025\/04\/f425x230-111897_125879_5050.webp","datePublished":"2025-04-13T00:03:51+00:00","dateModified":"2025-04-13T00:04:32+00:00","author":{"@id":"https:\/\/quehacerpolitico.mx\/#\/schema\/person\/496d8ad2d1d3f8036101dca7ee39e585"},"breadcrumb":{"@id":"https:\/\/quehacerpolitico.mx\/?p=115860#breadcrumb"},"inLanguage":"es","potentialAction":[{"@type":"ReadAction","target":["https:\/\/quehacerpolitico.mx\/?p=115860"]}]},{"@type":"ImageObject","inLanguage":"es","@id":"https:\/\/quehacerpolitico.mx\/?p=115860#primaryimage","url":"https:\/\/quehacerpolitico.mx\/wp-content\/uploads\/2025\/04\/f425x230-111897_125879_5050.webp","contentUrl":"https:\/\/quehacerpolitico.mx\/wp-content\/uploads\/2025\/04\/f425x230-111897_125879_5050.webp","width":425,"height":230},{"@type":"BreadcrumbList","@id":"https:\/\/quehacerpolitico.mx\/?p=115860#breadcrumb","itemListElement":[{"@type":"ListItem","position":1,"name":"Inicio","item":"https:\/\/quehacerpolitico.mx\/"},{"@type":"ListItem","position":2,"name":"Autoridades de Edomex advierten que abrir\u00e1n carpetas de investigaci\u00f3n a cantantes que promuevan a l\u00edderes del narco y grupos criminales"}]},{"@type":"WebSite","@id":"https:\/\/quehacerpolitico.mx\/#website","url":"https:\/\/quehacerpolitico.mx\/","name":"","description":"","potentialAction":[{"@type":"SearchAction","target":{"@type":"EntryPoint","urlTemplate":"https:\/\/quehacerpolitico.mx\/?s={search_term_string}"},"query-input":{"@type":"PropertyValueSpecification","valueRequired":true,"valueName":"search_term_string"}}],"inLanguage":"es"},{"@type":"Person","@id":"https:\/\/quehacerpolitico.mx\/#\/schema\/person\/496d8ad2d1d3f8036101dca7ee39e585","name":"Redacci\u00f3n QP","image":{"@type":"ImageObject","inLanguage":"es","@id":"https:\/\/secure.gravatar.com\/avatar\/c7164ed6fdec453195284ad24a5ae5b6e1eed2b848477fa2a4787ba9adf39a41?s=96&d=mm&r=g","url":"https:\/\/secure.gravatar.com\/avatar\/c7164ed6fdec453195284ad24a5ae5b6e1eed2b848477fa2a4787ba9adf39a41?s=96&d=mm&r=g","contentUrl":"https:\/\/secure.gravatar.com\/avatar\/c7164ed6fdec453195284ad24a5ae5b6e1eed2b848477fa2a4787ba9adf39a41?s=96&d=mm&r=g","caption":"Redacci\u00f3n QP"},"url":"https:\/\/quehacerpolitico.mx\/?author=2"}]}},"featured_image_urls":{"full":["https:\/\/quehacerpolitico.mx\/wp-content\/uploads\/2025\/04\/f425x230-111897_125879_5050.webp",425,230,false],"thumbnail":["https:\/\/quehacerpolitico.mx\/wp-content\/uploads\/2025\/04\/f425x230-111897_125879_5050-150x150.webp",150,150,true],"medium":["https:\/\/quehacerpolitico.mx\/wp-content\/uploads\/2025\/04\/f425x230-111897_125879_5050-300x162.webp",300,162,true],"medium_large":["https:\/\/quehacerpolitico.mx\/wp-content\/uploads\/2025\/04\/f425x230-111897_125879_5050.webp",425,230,false],"large":["https:\/\/quehacerpolitico.mx\/wp-content\/uploads\/2025\/04\/f425x230-111897_125879_5050.webp",425,230,false],"1536x1536":["https:\/\/quehacerpolitico.mx\/wp-content\/uploads\/2025\/04\/f425x230-111897_125879_5050.webp",425,230,false],"2048x2048":["https:\/\/quehacerpolitico.mx\/wp-content\/uploads\/2025\/04\/f425x230-111897_125879_5050.webp",425,230,false],"covernews-featured":["https:\/\/quehacerpolitico.mx\/wp-content\/uploads\/2025\/04\/f425x230-111897_125879_5050.webp",425,230,false],"covernews-medium":["https:\/\/quehacerpolitico.mx\/wp-content\/uploads\/2025\/04\/f425x230-111897_125879_5050.webp",425,230,false]},"author_info":{"display_name":"Redacci\u00f3n QP","author_link":"https:\/\/quehacerpolitico.mx\/?author=2"},"category_info":"<a href=\"https:\/\/quehacerpolitico.mx\/?cat=280\" rel=\"category\">Nacionales<\/a> <a href=\"https:\/\/quehacerpolitico.mx\/?cat=2\" rel=\"category\">Noticias<\/a>","tag_info":"Noticias","comment_count":"0","_links":{"self":[{"href":"https:\/\/quehacerpolitico.mx\/index.php?rest_route=\/wp\/v2\/posts\/115860","targetHints":{"allow":["GET"]}}],"collection":[{"href":"https:\/\/quehacerpolitico.mx\/index.php?rest_route=\/wp\/v2\/posts"}],"about":[{"href":"https:\/\/quehacerpolitico.mx\/index.php?rest_route=\/wp\/v2\/types\/post"}],"author":[{"embeddable":true,"href":"https:\/\/quehacerpolitico.mx\/index.php?rest_route=\/wp\/v2\/users\/2"}],"replies":[{"embeddable":true,"href":"https:\/\/quehacerpolitico.mx\/index.php?rest_route=%2Fwp%2Fv2%2Fcomments&post=115860"}],"version-history":[{"count":1,"href":"https:\/\/quehacerpolitico.mx\/index.php?rest_route=\/wp\/v2\/posts\/115860\/revisions"}],"predecessor-version":[{"id":115862,"href":"https:\/\/quehacerpolitico.mx\/index.php?rest_route=\/wp\/v2\/posts\/115860\/revisions\/115862"}],"wp:featuredmedia":[{"embeddable":true,"href":"https:\/\/quehacerpolitico.mx\/index.php?rest_route=\/wp\/v2\/media\/115861"}],"wp:attachment":[{"href":"https:\/\/quehacerpolitico.mx\/index.php?rest_route=%2Fwp%2Fv2%2Fmedia&parent=115860"}],"wp:term":[{"taxonomy":"category","embeddable":true,"href":"https:\/\/quehacerpolitico.mx\/index.php?rest_route=%2Fwp%2Fv2%2Fcategories&post=115860"},{"taxonomy":"post_tag","embeddable":true,"href":"https:\/\/quehacerpolitico.mx\/index.php?rest_route=%2Fwp%2Fv2%2Ftags&post=115860"}],"curies":[{"name":"wp","href":"https:\/\/api.w.org\/{rel}","templated":true}]}}