{"id":115753,"date":"2025-04-07T09:16:56","date_gmt":"2025-04-07T15:16:56","guid":{"rendered":"https:\/\/quehacerpolitico.mx\/?p=115753"},"modified":"2025-04-07T09:16:59","modified_gmt":"2025-04-07T15:16:59","slug":"el-quehacer-politico-a-traves-jose-alberto-prado-angeles-ensuciando-teuchitlan","status":"publish","type":"post","link":"https:\/\/quehacerpolitico.mx\/?p=115753","title":{"rendered":"El Quehacer Pol\u00edtico a trav\u00e9s\/\/\/Jose Alberto Prado \u00c1ngeles\/\/\/Ensuciando Teuchitlan"},"content":{"rendered":"\n<p>Por Jos\u00e9 Alberto Prado \u00c1ngeles <\/p>\n\n\n\n<p>Director General y Editor<\/p>\n\n\n\n<p>Por supuesto que el caso del Rancho Izaguirre en Teuchitl\u00e1n no es ni ser\u00e1 una versi\u00f3n similar a la de los 43 de Ayotzinapa y menos \u201cEl tal\u00f3n de Aquiles\u201d del gobierno de la Presidente Claudia Sheinbaum, como lo sugiri\u00f3 -esto \u00faltimo- un supuesto reportero en la Ma\u00f1anera el Pueblo.En el caso muy tr\u00e1gico del caso Ayotzinapa la desaparici\u00f3n de los estudiantes se responsabiliza al gobierno, mientras que en Jalisco se le atribuye al crimen organizado, de ah\u00ed una gran diferencia; mientras que la vulnerabilidad o punto d\u00e9bil de la actual administraci\u00f3n sobre lo sucedido en el rancho, no le corresponde al gobierno actual, porque los hechos sucedieron antes de tomar posesi\u00f3n y en todo caso, la responsabilidad directa recae sobre las autoridades jaliscienses en funciones en su tiempo, que fueron quienes tuvieron conocimiento del asunto.<\/p>\n\n\n\n<p>A la administraci\u00f3n de Claudia se le podr\u00e1 evaluar en este asunto a partir de cuando la Fiscal\u00eda General de la Rep\u00fablica (FGR) supuestamente asumi\u00f3 la investigaci\u00f3n del caso, de la que la presidenta confi\u00f3 en que \u201char\u00e1 una buena investigaci\u00f3n\u2026 sin esconder nada y el deslinde de responsabilidades\u2026 pero que haya evidencia cient\u00edfica, cualquier investigaci\u00f3n requiere evidencia cient\u00edfica\u201d. Un planteamiento l\u00f3gico y leg\u00edtimo. Sin embargo, donde la mandataria \u201cla cajeteo\u201d fue cuando mezcl\u00f3 la filosof\u00eda lopezobradorista, cuando dijo, \u201c&#8230; atendemos todo y estamos en todo. Nosotros no somos los gobiernos neoliberalistas, no somos el PRIAN, no, no somos el PRIAN; nosotros nos comprometimos a no mentir, a no robar y no traicionar al pueblo, y as\u00ed hasta el \u00faltimo d\u00eda de mi mandato\u201d. No era necesario \u201cvolver al pasado\u201d con frases \u201chist\u00f3ricas\u201d y politizar de esa manera cuando el problema es de otras dimensiones.<\/p>\n\n\n\n<p>Y otro asunto que es \u201cel prietito en el arroz\u201d -y es reprobable- en el supuesto primer dia que la Fiscal\u00eda General de la Rep\u00fablica toma en sus manos la responsabilidad del Rancho Izaguirre, fue la \u201cvisita de museo\u201d que ayer se realiz\u00f3 en el inmueble por parte de los medios de comunicaci\u00f3n, madres buscadoras, colectivos, activistas, comisiones de derechos humanos y organismos internacionales. La investigaci\u00f3n del caso est\u00e1 \u201cinfectada\u201d de irregularidades por los protocolos que la autoridad no sigui\u00f3 desde que se tuvo conocimiento de los hechos. La intervenci\u00f3n de la FGR es motivada por esas omisiones y en el primer d\u00eda que asumen el compromiso el lugar se \u201cinunda\u201d de personas, cuando la escena del crimen deber\u00eda de conservarse sellada a personas ajenas a las indagaciones.<\/p>\n\n\n\n<p>Lo m\u00e1s probable es que del -manoseado y mal investigado- caso de Teuchitl\u00e1n nunca sabremos la verdadera realidad de lo que ah\u00ed sucedi\u00f3, pero si da oportunidad de politizar -como lo hizo Claudia- y de exhibirnos al \u201cpisotear\u201d una escena del crimen en el entorno de una investigaci\u00f3n.<\/p>\n\n\n\n<p>As\u00ed el Quehacer Pol\u00edtico Desde 1980, 44 a\u00f1os inquiriendo en la pol\u00edtica de M\u00e9xico, cuestionando, exponiendo, revelando y razonando.Es cuanto.<\/p>\n","protected":false},"excerpt":{"rendered":"<p>Por Jos\u00e9 Alberto Prado \u00c1ngeles Director General y Editor Por supuesto que el caso del&#8230;<\/p>\n","protected":false},"author":2,"featured_media":115754,"comment_status":"open","ping_status":"open","sticky":false,"template":"","format":"standard","meta":{"_monsterinsights_skip_tracking":false,"_monsterinsights_sitenote_active":false,"_monsterinsights_sitenote_note":"","_monsterinsights_sitenote_category":0,"footnotes":""},"categories":[280,2],"tags":[],"class_list":["post-115753","post","type-post","status-publish","format-standard","has-post-thumbnail","hentry","category-nacionales","category-noticias"],"yoast_head":"<!-- This site is optimized with the Yoast SEO plugin v27.3 - https:\/\/yoast.com\/product\/yoast-seo-wordpress\/ -->\n<title>El Quehacer Pol\u00edtico a trav\u00e9s\/\/\/Jose Alberto Prado \u00c1ngeles\/\/\/Ensuciando Teuchitlan -<\/title>\n<meta name=\"robots\" content=\"index, follow, max-snippet:-1, max-image-preview:large, max-video-preview:-1\" \/>\n<link rel=\"canonical\" href=\"https:\/\/quehacerpolitico.mx\/?p=115753\" \/>\n<meta property=\"og:locale\" content=\"es_MX\" \/>\n<meta property=\"og:type\" content=\"article\" \/>\n<meta property=\"og:title\" content=\"El Quehacer Pol\u00edtico a trav\u00e9s\/\/\/Jose Alberto Prado \u00c1ngeles\/\/\/Ensuciando Teuchitlan -\" \/>\n<meta property=\"og:description\" content=\"Por Jos\u00e9 Alberto Prado \u00c1ngeles Director General y Editor Por supuesto que el caso del...\" \/>\n<meta property=\"og:url\" content=\"https:\/\/quehacerpolitico.mx\/?p=115753\" \/>\n<meta property=\"article:published_time\" content=\"2025-04-07T15:16:56+00:00\" \/>\n<meta property=\"article:modified_time\" content=\"2025-04-07T15:16:59+00:00\" \/>\n<meta property=\"og:image\" content=\"https:\/\/quehacerpolitico.mx\/wp-content\/uploads\/2025\/04\/fb07bd44-0f95-41a8-8353-f61c55b6d960.jpeg\" \/>\n\t<meta property=\"og:image:width\" content=\"963\" \/>\n\t<meta property=\"og:image:height\" content=\"493\" \/>\n\t<meta property=\"og:image:type\" content=\"image\/jpeg\" \/>\n<meta name=\"author\" content=\"Redacci\u00f3n QP\" \/>\n<meta name=\"twitter:card\" content=\"summary_large_image\" \/>\n<meta name=\"twitter:label1\" content=\"Escrito por\" \/>\n\t<meta name=\"twitter:data1\" content=\"Redacci\u00f3n QP\" \/>\n\t<meta name=\"twitter:label2\" content=\"Tiempo de lectura\" \/>\n\t<meta name=\"twitter:data2\" content=\"3 minutos\" \/>\n<script type=\"application\/ld+json\" class=\"yoast-schema-graph\">{\"@context\":\"https:\\\/\\\/schema.org\",\"@graph\":[{\"@type\":\"Article\",\"@id\":\"https:\\\/\\\/quehacerpolitico.mx\\\/?p=115753#article\",\"isPartOf\":{\"@id\":\"https:\\\/\\\/quehacerpolitico.mx\\\/?p=115753\"},\"author\":{\"name\":\"Redacci\u00f3n QP\",\"@id\":\"https:\\\/\\\/quehacerpolitico.mx\\\/#\\\/schema\\\/person\\\/496d8ad2d1d3f8036101dca7ee39e585\"},\"headline\":\"El Quehacer Pol\u00edtico a trav\u00e9s\\\/\\\/\\\/Jose Alberto Prado \u00c1ngeles\\\/\\\/\\\/Ensuciando Teuchitlan\",\"datePublished\":\"2025-04-07T15:16:56+00:00\",\"dateModified\":\"2025-04-07T15:16:59+00:00\",\"mainEntityOfPage\":{\"@id\":\"https:\\\/\\\/quehacerpolitico.mx\\\/?p=115753\"},\"wordCount\":533,\"commentCount\":0,\"image\":{\"@id\":\"https:\\\/\\\/quehacerpolitico.mx\\\/?p=115753#primaryimage\"},\"thumbnailUrl\":\"https:\\\/\\\/quehacerpolitico.mx\\\/wp-content\\\/uploads\\\/2025\\\/04\\\/fb07bd44-0f95-41a8-8353-f61c55b6d960.jpeg\",\"articleSection\":[\"Nacionales\",\"Noticias\"],\"inLanguage\":\"es\",\"potentialAction\":[{\"@type\":\"CommentAction\",\"name\":\"Comment\",\"target\":[\"https:\\\/\\\/quehacerpolitico.mx\\\/?p=115753#respond\"]}]},{\"@type\":\"WebPage\",\"@id\":\"https:\\\/\\\/quehacerpolitico.mx\\\/?p=115753\",\"url\":\"https:\\\/\\\/quehacerpolitico.mx\\\/?p=115753\",\"name\":\"El Quehacer Pol\u00edtico a trav\u00e9s\\\/\\\/\\\/Jose Alberto Prado \u00c1ngeles\\\/\\\/\\\/Ensuciando Teuchitlan -\",\"isPartOf\":{\"@id\":\"https:\\\/\\\/quehacerpolitico.mx\\\/#website\"},\"primaryImageOfPage\":{\"@id\":\"https:\\\/\\\/quehacerpolitico.mx\\\/?p=115753#primaryimage\"},\"image\":{\"@id\":\"https:\\\/\\\/quehacerpolitico.mx\\\/?p=115753#primaryimage\"},\"thumbnailUrl\":\"https:\\\/\\\/quehacerpolitico.mx\\\/wp-content\\\/uploads\\\/2025\\\/04\\\/fb07bd44-0f95-41a8-8353-f61c55b6d960.jpeg\",\"datePublished\":\"2025-04-07T15:16:56+00:00\",\"dateModified\":\"2025-04-07T15:16:59+00:00\",\"author\":{\"@id\":\"https:\\\/\\\/quehacerpolitico.mx\\\/#\\\/schema\\\/person\\\/496d8ad2d1d3f8036101dca7ee39e585\"},\"breadcrumb\":{\"@id\":\"https:\\\/\\\/quehacerpolitico.mx\\\/?p=115753#breadcrumb\"},\"inLanguage\":\"es\",\"potentialAction\":[{\"@type\":\"ReadAction\",\"target\":[\"https:\\\/\\\/quehacerpolitico.mx\\\/?p=115753\"]}]},{\"@type\":\"ImageObject\",\"inLanguage\":\"es\",\"@id\":\"https:\\\/\\\/quehacerpolitico.mx\\\/?p=115753#primaryimage\",\"url\":\"https:\\\/\\\/quehacerpolitico.mx\\\/wp-content\\\/uploads\\\/2025\\\/04\\\/fb07bd44-0f95-41a8-8353-f61c55b6d960.jpeg\",\"contentUrl\":\"https:\\\/\\\/quehacerpolitico.mx\\\/wp-content\\\/uploads\\\/2025\\\/04\\\/fb07bd44-0f95-41a8-8353-f61c55b6d960.jpeg\",\"width\":963,\"height\":493},{\"@type\":\"BreadcrumbList\",\"@id\":\"https:\\\/\\\/quehacerpolitico.mx\\\/?p=115753#breadcrumb\",\"itemListElement\":[{\"@type\":\"ListItem\",\"position\":1,\"name\":\"Inicio\",\"item\":\"https:\\\/\\\/quehacerpolitico.mx\\\/\"},{\"@type\":\"ListItem\",\"position\":2,\"name\":\"El Quehacer Pol\u00edtico a trav\u00e9s\\\/\\\/\\\/Jose Alberto Prado \u00c1ngeles\\\/\\\/\\\/Ensuciando Teuchitlan\"}]},{\"@type\":\"WebSite\",\"@id\":\"https:\\\/\\\/quehacerpolitico.mx\\\/#website\",\"url\":\"https:\\\/\\\/quehacerpolitico.mx\\\/\",\"name\":\"\",\"description\":\"\",\"potentialAction\":[{\"@type\":\"SearchAction\",\"target\":{\"@type\":\"EntryPoint\",\"urlTemplate\":\"https:\\\/\\\/quehacerpolitico.mx\\\/?s={search_term_string}\"},\"query-input\":{\"@type\":\"PropertyValueSpecification\",\"valueRequired\":true,\"valueName\":\"search_term_string\"}}],\"inLanguage\":\"es\"},{\"@type\":\"Person\",\"@id\":\"https:\\\/\\\/quehacerpolitico.mx\\\/#\\\/schema\\\/person\\\/496d8ad2d1d3f8036101dca7ee39e585\",\"name\":\"Redacci\u00f3n QP\",\"image\":{\"@type\":\"ImageObject\",\"inLanguage\":\"es\",\"@id\":\"https:\\\/\\\/secure.gravatar.com\\\/avatar\\\/c7164ed6fdec453195284ad24a5ae5b6e1eed2b848477fa2a4787ba9adf39a41?s=96&d=mm&r=g\",\"url\":\"https:\\\/\\\/secure.gravatar.com\\\/avatar\\\/c7164ed6fdec453195284ad24a5ae5b6e1eed2b848477fa2a4787ba9adf39a41?s=96&d=mm&r=g\",\"contentUrl\":\"https:\\\/\\\/secure.gravatar.com\\\/avatar\\\/c7164ed6fdec453195284ad24a5ae5b6e1eed2b848477fa2a4787ba9adf39a41?s=96&d=mm&r=g\",\"caption\":\"Redacci\u00f3n QP\"},\"url\":\"https:\\\/\\\/quehacerpolitico.mx\\\/?author=2\"}]}<\/script>\n<!-- \/ Yoast SEO plugin. -->","yoast_head_json":{"title":"El Quehacer Pol\u00edtico a trav\u00e9s\/\/\/Jose Alberto Prado \u00c1ngeles\/\/\/Ensuciando Teuchitlan -","robots":{"index":"index","follow":"follow","max-snippet":"max-snippet:-1","max-image-preview":"max-image-preview:large","max-video-preview":"max-video-preview:-1"},"canonical":"https:\/\/quehacerpolitico.mx\/?p=115753","og_locale":"es_MX","og_type":"article","og_title":"El Quehacer Pol\u00edtico a trav\u00e9s\/\/\/Jose Alberto Prado \u00c1ngeles\/\/\/Ensuciando Teuchitlan -","og_description":"Por Jos\u00e9 Alberto Prado \u00c1ngeles Director General y Editor Por supuesto que el caso del...","og_url":"https:\/\/quehacerpolitico.mx\/?p=115753","article_published_time":"2025-04-07T15:16:56+00:00","article_modified_time":"2025-04-07T15:16:59+00:00","og_image":[{"width":963,"height":493,"url":"https:\/\/quehacerpolitico.mx\/wp-content\/uploads\/2025\/04\/fb07bd44-0f95-41a8-8353-f61c55b6d960.jpeg","type":"image\/jpeg"}],"author":"Redacci\u00f3n QP","twitter_card":"summary_large_image","twitter_misc":{"Escrito por":"Redacci\u00f3n QP","Tiempo de lectura":"3 minutos"},"schema":{"@context":"https:\/\/schema.org","@graph":[{"@type":"Article","@id":"https:\/\/quehacerpolitico.mx\/?p=115753#article","isPartOf":{"@id":"https:\/\/quehacerpolitico.mx\/?p=115753"},"author":{"name":"Redacci\u00f3n QP","@id":"https:\/\/quehacerpolitico.mx\/#\/schema\/person\/496d8ad2d1d3f8036101dca7ee39e585"},"headline":"El Quehacer Pol\u00edtico a trav\u00e9s\/\/\/Jose Alberto Prado \u00c1ngeles\/\/\/Ensuciando Teuchitlan","datePublished":"2025-04-07T15:16:56+00:00","dateModified":"2025-04-07T15:16:59+00:00","mainEntityOfPage":{"@id":"https:\/\/quehacerpolitico.mx\/?p=115753"},"wordCount":533,"commentCount":0,"image":{"@id":"https:\/\/quehacerpolitico.mx\/?p=115753#primaryimage"},"thumbnailUrl":"https:\/\/quehacerpolitico.mx\/wp-content\/uploads\/2025\/04\/fb07bd44-0f95-41a8-8353-f61c55b6d960.jpeg","articleSection":["Nacionales","Noticias"],"inLanguage":"es","potentialAction":[{"@type":"CommentAction","name":"Comment","target":["https:\/\/quehacerpolitico.mx\/?p=115753#respond"]}]},{"@type":"WebPage","@id":"https:\/\/quehacerpolitico.mx\/?p=115753","url":"https:\/\/quehacerpolitico.mx\/?p=115753","name":"El Quehacer Pol\u00edtico a trav\u00e9s\/\/\/Jose Alberto Prado \u00c1ngeles\/\/\/Ensuciando Teuchitlan -","isPartOf":{"@id":"https:\/\/quehacerpolitico.mx\/#website"},"primaryImageOfPage":{"@id":"https:\/\/quehacerpolitico.mx\/?p=115753#primaryimage"},"image":{"@id":"https:\/\/quehacerpolitico.mx\/?p=115753#primaryimage"},"thumbnailUrl":"https:\/\/quehacerpolitico.mx\/wp-content\/uploads\/2025\/04\/fb07bd44-0f95-41a8-8353-f61c55b6d960.jpeg","datePublished":"2025-04-07T15:16:56+00:00","dateModified":"2025-04-07T15:16:59+00:00","author":{"@id":"https:\/\/quehacerpolitico.mx\/#\/schema\/person\/496d8ad2d1d3f8036101dca7ee39e585"},"breadcrumb":{"@id":"https:\/\/quehacerpolitico.mx\/?p=115753#breadcrumb"},"inLanguage":"es","potentialAction":[{"@type":"ReadAction","target":["https:\/\/quehacerpolitico.mx\/?p=115753"]}]},{"@type":"ImageObject","inLanguage":"es","@id":"https:\/\/quehacerpolitico.mx\/?p=115753#primaryimage","url":"https:\/\/quehacerpolitico.mx\/wp-content\/uploads\/2025\/04\/fb07bd44-0f95-41a8-8353-f61c55b6d960.jpeg","contentUrl":"https:\/\/quehacerpolitico.mx\/wp-content\/uploads\/2025\/04\/fb07bd44-0f95-41a8-8353-f61c55b6d960.jpeg","width":963,"height":493},{"@type":"BreadcrumbList","@id":"https:\/\/quehacerpolitico.mx\/?p=115753#breadcrumb","itemListElement":[{"@type":"ListItem","position":1,"name":"Inicio","item":"https:\/\/quehacerpolitico.mx\/"},{"@type":"ListItem","position":2,"name":"El Quehacer Pol\u00edtico a trav\u00e9s\/\/\/Jose Alberto Prado \u00c1ngeles\/\/\/Ensuciando Teuchitlan"}]},{"@type":"WebSite","@id":"https:\/\/quehacerpolitico.mx\/#website","url":"https:\/\/quehacerpolitico.mx\/","name":"","description":"","potentialAction":[{"@type":"SearchAction","target":{"@type":"EntryPoint","urlTemplate":"https:\/\/quehacerpolitico.mx\/?s={search_term_string}"},"query-input":{"@type":"PropertyValueSpecification","valueRequired":true,"valueName":"search_term_string"}}],"inLanguage":"es"},{"@type":"Person","@id":"https:\/\/quehacerpolitico.mx\/#\/schema\/person\/496d8ad2d1d3f8036101dca7ee39e585","name":"Redacci\u00f3n QP","image":{"@type":"ImageObject","inLanguage":"es","@id":"https:\/\/secure.gravatar.com\/avatar\/c7164ed6fdec453195284ad24a5ae5b6e1eed2b848477fa2a4787ba9adf39a41?s=96&d=mm&r=g","url":"https:\/\/secure.gravatar.com\/avatar\/c7164ed6fdec453195284ad24a5ae5b6e1eed2b848477fa2a4787ba9adf39a41?s=96&d=mm&r=g","contentUrl":"https:\/\/secure.gravatar.com\/avatar\/c7164ed6fdec453195284ad24a5ae5b6e1eed2b848477fa2a4787ba9adf39a41?s=96&d=mm&r=g","caption":"Redacci\u00f3n QP"},"url":"https:\/\/quehacerpolitico.mx\/?author=2"}]}},"featured_image_urls":{"full":["https:\/\/quehacerpolitico.mx\/wp-content\/uploads\/2025\/04\/fb07bd44-0f95-41a8-8353-f61c55b6d960.jpeg",963,493,false],"thumbnail":["https:\/\/quehacerpolitico.mx\/wp-content\/uploads\/2025\/04\/fb07bd44-0f95-41a8-8353-f61c55b6d960-150x150.jpeg",150,150,true],"medium":["https:\/\/quehacerpolitico.mx\/wp-content\/uploads\/2025\/04\/fb07bd44-0f95-41a8-8353-f61c55b6d960-300x154.jpeg",300,154,true],"medium_large":["https:\/\/quehacerpolitico.mx\/wp-content\/uploads\/2025\/04\/fb07bd44-0f95-41a8-8353-f61c55b6d960-768x393.jpeg",640,328,true],"large":["https:\/\/quehacerpolitico.mx\/wp-content\/uploads\/2025\/04\/fb07bd44-0f95-41a8-8353-f61c55b6d960.jpeg",640,328,false],"1536x1536":["https:\/\/quehacerpolitico.mx\/wp-content\/uploads\/2025\/04\/fb07bd44-0f95-41a8-8353-f61c55b6d960.jpeg",963,493,false],"2048x2048":["https:\/\/quehacerpolitico.mx\/wp-content\/uploads\/2025\/04\/fb07bd44-0f95-41a8-8353-f61c55b6d960.jpeg",963,493,false],"covernews-featured":["https:\/\/quehacerpolitico.mx\/wp-content\/uploads\/2025\/04\/fb07bd44-0f95-41a8-8353-f61c55b6d960.jpeg",963,493,false],"covernews-medium":["https:\/\/quehacerpolitico.mx\/wp-content\/uploads\/2025\/04\/fb07bd44-0f95-41a8-8353-f61c55b6d960-540x340.jpeg",540,340,true]},"author_info":{"display_name":"Redacci\u00f3n QP","author_link":"https:\/\/quehacerpolitico.mx\/?author=2"},"category_info":"<a href=\"https:\/\/quehacerpolitico.mx\/?cat=280\" rel=\"category\">Nacionales<\/a> <a href=\"https:\/\/quehacerpolitico.mx\/?cat=2\" rel=\"category\">Noticias<\/a>","tag_info":"Noticias","comment_count":"0","_links":{"self":[{"href":"https:\/\/quehacerpolitico.mx\/index.php?rest_route=\/wp\/v2\/posts\/115753","targetHints":{"allow":["GET"]}}],"collection":[{"href":"https:\/\/quehacerpolitico.mx\/index.php?rest_route=\/wp\/v2\/posts"}],"about":[{"href":"https:\/\/quehacerpolitico.mx\/index.php?rest_route=\/wp\/v2\/types\/post"}],"author":[{"embeddable":true,"href":"https:\/\/quehacerpolitico.mx\/index.php?rest_route=\/wp\/v2\/users\/2"}],"replies":[{"embeddable":true,"href":"https:\/\/quehacerpolitico.mx\/index.php?rest_route=%2Fwp%2Fv2%2Fcomments&post=115753"}],"version-history":[{"count":1,"href":"https:\/\/quehacerpolitico.mx\/index.php?rest_route=\/wp\/v2\/posts\/115753\/revisions"}],"predecessor-version":[{"id":115755,"href":"https:\/\/quehacerpolitico.mx\/index.php?rest_route=\/wp\/v2\/posts\/115753\/revisions\/115755"}],"wp:featuredmedia":[{"embeddable":true,"href":"https:\/\/quehacerpolitico.mx\/index.php?rest_route=\/wp\/v2\/media\/115754"}],"wp:attachment":[{"href":"https:\/\/quehacerpolitico.mx\/index.php?rest_route=%2Fwp%2Fv2%2Fmedia&parent=115753"}],"wp:term":[{"taxonomy":"category","embeddable":true,"href":"https:\/\/quehacerpolitico.mx\/index.php?rest_route=%2Fwp%2Fv2%2Fcategories&post=115753"},{"taxonomy":"post_tag","embeddable":true,"href":"https:\/\/quehacerpolitico.mx\/index.php?rest_route=%2Fwp%2Fv2%2Ftags&post=115753"}],"curies":[{"name":"wp","href":"https:\/\/api.w.org\/{rel}","templated":true}]}}