{"id":115726,"date":"2025-04-02T20:35:39","date_gmt":"2025-04-03T02:35:39","guid":{"rendered":"https:\/\/quehacerpolitico.mx\/?p=115726"},"modified":"2025-04-02T20:35:41","modified_gmt":"2025-04-03T02:35:41","slug":"tribunal-federal-ordena-el-regreso-del-gober-precioso-mario-marin-al-penal-del-altiplano-tras-pasar-medio-ano-en-prision-domiciliaria-por-el-caso-de-tortura-contra-lydia-cacho","status":"publish","type":"post","link":"https:\/\/quehacerpolitico.mx\/?p=115726","title":{"rendered":"Tribunal federal ordena el regreso del &#8216;Gober Precioso&#8217; Mario Mar\u00edn al Penal del Altiplano, tras pasar medio a\u00f1o en prisi\u00f3n domiciliaria por el caso de tortura contra Lydia Cacho"},"content":{"rendered":"\n<p>Por Redacci\u00f3n QP<\/p>\n\n\n\n<p>El exgobernador de Puebla se encontraba en su domicilio con brazalete electr\u00f3nico y supervisi\u00f3n desde agosto de 2024, pero un juez dispuso que regresara a la c\u00e1rcel<\/p>\n\n\n\n<p>La Fiscal\u00eda General de la Rep\u00fablica (FGR) inform\u00f3 este mi\u00e9rcoles que el exgobernador de Puebla,<strong>&nbsp;Mario Mar\u00edn<\/strong>, regresa al penal de&nbsp;Centro Federal de Reinserci\u00f3n Social n\u00famero 1 \u201c<strong>Altiplano<\/strong>\u201d, debido a que se le revoc\u00f3 la medida cautelar&nbsp;de<strong>&nbsp;prisi\u00f3n domiciliaria<\/strong>, acusado del delito de tortura en contra de la periodista Lydia Cacho.<\/p>\n\n\n\n<p>&nbsp;&#8220;El Tribunal Colegiado de Apelaci\u00f3n del Vig\u00e9simo S\u00e9ptimo Circuito, con sede en Canc\u00fan, Quintana Roo, revoc\u00f3 la medida cautelar de prisi\u00f3n domiciliaria otorgada por una Jueza penal&#8221;, explic\u00f3 la&nbsp;<strong>FGR.<\/strong><\/p>\n\n\n\n<p>La fiscal\u00eda detall\u00f3 que elementos de la&nbsp;<strong>Guardia Nacional&nbsp;<\/strong>cumplimentaron el traslado del&nbsp;<strong>exgobernador<\/strong>, quien desde agosto del 2024 estaba en&nbsp;prisi\u00f3n domiciliaria, con brazalete electr\u00f3nico y supervisi\u00f3n directa.<\/p>\n\n\n\n<p>De acuerdo con las autoridades, la Fiscal\u00eda Especial para la Atenci\u00f3n de Delitos cometidos contra la Libertad de Expresi\u00f3n (FEADLE) impugn\u00f3 la prisi\u00f3n domiciliaria de&nbsp;<strong>Mario Mar\u00edn<\/strong>&nbsp;&#8220;por considerar que no se ajustaba a derecho&#8221;.<\/p>\n\n\n\n<p>Asimismo, la decisi\u00f3n del<strong>&nbsp;tribunal<\/strong>&nbsp;se\u00f1ala que la resoluci\u00f3n donde le otorgaron la&nbsp;<strong>prisi\u00f3n domiciliaria&nbsp;<\/strong>al exgobernador \u201ccareci\u00f3 de fundamentaci\u00f3n adecuada, no valor\u00f3 los riesgos procesales\u201d.<\/p>\n\n\n\n<p>Adem\u00e1s de que se omiti\u00f3 considerar el riesgo de fuga y la \u201cgravedad de los hechos\u201d, refiere la fiscal\u00eda.&nbsp;<\/p>\n\n\n\n<p>Por su parte, la organizaci\u00f3n Art\u00edculo 19 celebr\u00f3 la decisi\u00f3n del tribunal y difundi\u00f3 un video de la periodista\u00a0<strong>Lydia Cacho<\/strong>, donde anuncia que gan\u00f3 una apelaci\u00f3n para que\u00a0<strong>Mario Mar\u00edn<\/strong>\u00a0regrese al penal del Altiplano.<\/p>\n\n\n\n<figure class=\"wp-block-embed is-type-rich is-provider-twitter wp-block-embed-twitter\"><div class=\"wp-block-embed__wrapper\">\n<blockquote class=\"twitter-tweet\" data-width=\"550\" data-dnt=\"true\"><p lang=\"es\" dir=\"ltr\">&quot;Seguiremos dando la batalla 20 a\u00f1os despu\u00e9s&quot;, se\u00f1ala Lydia Cacho tras el regreso Mario Mar\u00edn al Altiplano por riesgo de fuga. <a href=\"https:\/\/t.co\/6w0LYqCvDZ\">pic.twitter.com\/6w0LYqCvDZ<\/a><\/p>&mdash; Manuel Lopez San Martin (@MLopezSanMartin) <a href=\"https:\/\/twitter.com\/MLopezSanMartin\/status\/1907621503362871334?ref_src=twsrc%5Etfw\">April 3, 2025<\/a><\/blockquote><script async src=\"https:\/\/platform.twitter.com\/widgets.js\" charset=\"utf-8\"><\/script>\n<\/div><\/figure>\n\n\n\n<p>\u201cDos de los tres jueces aseguraron en esta nueva sentencia que&nbsp;<strong>Mario Mar\u00edn<\/strong>&nbsp;es un preso peligroso y que debe de estar en el penal de alta seguridad, debemos recordad que en la c\u00e1rcel de Canc\u00fan cre\u00f3 una red de corrupci\u00f3n\u201d, dijo la periodista en la grabaci\u00f3n.<\/p>\n\n\n\n<figure class=\"wp-block-embed is-type-rich is-provider-twitter wp-block-embed-twitter\"><div class=\"wp-block-embed__wrapper\">\n<blockquote class=\"twitter-tweet\" data-width=\"550\" data-dnt=\"true\"><p lang=\"es\" dir=\"ltr\"><a href=\"https:\/\/twitter.com\/hashtag\/FGR?src=hash&amp;ref_src=twsrc%5Etfw\">#FGR<\/a> a trav\u00e9s de <a href=\"https:\/\/twitter.com\/hashtag\/FEMDH?src=hash&amp;ref_src=twsrc%5Etfw\">#FEMDH<\/a>, obtuvo revocaci\u00f3n a la medida cautelar de prisi\u00f3n domiciliaria que ten\u00eda Mario \u201cM\u201d, por su presunta responsabilidad en el delito de tortura cometido en contra de una periodista. 1\/2 <a href=\"https:\/\/t.co\/SRfL4Lx3Kj\">pic.twitter.com\/SRfL4Lx3Kj<\/a><\/p>&mdash; FGR M\u00e9xico (@FGRMexico) <a href=\"https:\/\/twitter.com\/FGRMexico\/status\/1907607039360286908?ref_src=twsrc%5Etfw\">April 3, 2025<\/a><\/blockquote><script async src=\"https:\/\/platform.twitter.com\/widgets.js\" charset=\"utf-8\"><\/script>\n<\/div><\/figure>\n","protected":false},"excerpt":{"rendered":"<p>Por Redacci\u00f3n QP El exgobernador de Puebla se encontraba en su domicilio con brazalete electr\u00f3nico&#8230;<\/p>\n","protected":false},"author":2,"featured_media":115727,"comment_status":"open","ping_status":"open","sticky":false,"template":"","format":"standard","meta":{"_monsterinsights_skip_tracking":false,"_monsterinsights_sitenote_active":false,"_monsterinsights_sitenote_note":"","_monsterinsights_sitenote_category":0,"footnotes":""},"categories":[280,2],"tags":[],"class_list":["post-115726","post","type-post","status-publish","format-standard","has-post-thumbnail","hentry","category-nacionales","category-noticias"],"yoast_head":"<!-- This site is optimized with the Yoast SEO plugin v27.3 - https:\/\/yoast.com\/product\/yoast-seo-wordpress\/ -->\n<title>Tribunal federal ordena el regreso del &#039;Gober Precioso&#039; Mario Mar\u00edn al Penal del Altiplano, tras pasar medio a\u00f1o en prisi\u00f3n domiciliaria por el caso de tortura contra Lydia Cacho -<\/title>\n<meta name=\"robots\" content=\"index, follow, max-snippet:-1, max-image-preview:large, max-video-preview:-1\" \/>\n<link rel=\"canonical\" href=\"https:\/\/quehacerpolitico.mx\/?p=115726\" \/>\n<meta property=\"og:locale\" content=\"es_MX\" \/>\n<meta property=\"og:type\" content=\"article\" \/>\n<meta property=\"og:title\" content=\"Tribunal federal ordena el regreso del &#039;Gober Precioso&#039; Mario Mar\u00edn al Penal del Altiplano, tras pasar medio a\u00f1o en prisi\u00f3n domiciliaria por el caso de tortura contra Lydia Cacho -\" \/>\n<meta property=\"og:description\" content=\"Por Redacci\u00f3n QP El exgobernador de Puebla se encontraba en su domicilio con brazalete electr\u00f3nico...\" \/>\n<meta property=\"og:url\" content=\"https:\/\/quehacerpolitico.mx\/?p=115726\" \/>\n<meta property=\"article:published_time\" content=\"2025-04-03T02:35:39+00:00\" \/>\n<meta property=\"article:modified_time\" content=\"2025-04-03T02:35:41+00:00\" \/>\n<meta property=\"og:image\" content=\"https:\/\/quehacerpolitico.mx\/wp-content\/uploads\/2025\/04\/IMG_1641.jpeg\" \/>\n\t<meta property=\"og:image:width\" content=\"1034\" \/>\n\t<meta property=\"og:image:height\" content=\"571\" \/>\n\t<meta property=\"og:image:type\" content=\"image\/jpeg\" \/>\n<meta name=\"author\" content=\"Redacci\u00f3n QP\" \/>\n<meta name=\"twitter:card\" content=\"summary_large_image\" \/>\n<meta name=\"twitter:label1\" content=\"Escrito por\" \/>\n\t<meta name=\"twitter:data1\" content=\"Redacci\u00f3n QP\" \/>\n\t<meta name=\"twitter:label2\" content=\"Tiempo de lectura\" \/>\n\t<meta name=\"twitter:data2\" content=\"2 minutos\" \/>\n<script type=\"application\/ld+json\" class=\"yoast-schema-graph\">{\"@context\":\"https:\\\/\\\/schema.org\",\"@graph\":[{\"@type\":\"Article\",\"@id\":\"https:\\\/\\\/quehacerpolitico.mx\\\/?p=115726#article\",\"isPartOf\":{\"@id\":\"https:\\\/\\\/quehacerpolitico.mx\\\/?p=115726\"},\"author\":{\"name\":\"Redacci\u00f3n QP\",\"@id\":\"https:\\\/\\\/quehacerpolitico.mx\\\/#\\\/schema\\\/person\\\/496d8ad2d1d3f8036101dca7ee39e585\"},\"headline\":\"Tribunal federal ordena el regreso del &#8216;Gober Precioso&#8217; Mario Mar\u00edn al Penal del Altiplano, tras pasar medio a\u00f1o en prisi\u00f3n domiciliaria por el caso de tortura contra Lydia Cacho\",\"datePublished\":\"2025-04-03T02:35:39+00:00\",\"dateModified\":\"2025-04-03T02:35:41+00:00\",\"mainEntityOfPage\":{\"@id\":\"https:\\\/\\\/quehacerpolitico.mx\\\/?p=115726\"},\"wordCount\":416,\"commentCount\":0,\"image\":{\"@id\":\"https:\\\/\\\/quehacerpolitico.mx\\\/?p=115726#primaryimage\"},\"thumbnailUrl\":\"https:\\\/\\\/quehacerpolitico.mx\\\/wp-content\\\/uploads\\\/2025\\\/04\\\/IMG_1641.jpeg\",\"articleSection\":[\"Nacionales\",\"Noticias\"],\"inLanguage\":\"es\",\"potentialAction\":[{\"@type\":\"CommentAction\",\"name\":\"Comment\",\"target\":[\"https:\\\/\\\/quehacerpolitico.mx\\\/?p=115726#respond\"]}]},{\"@type\":\"WebPage\",\"@id\":\"https:\\\/\\\/quehacerpolitico.mx\\\/?p=115726\",\"url\":\"https:\\\/\\\/quehacerpolitico.mx\\\/?p=115726\",\"name\":\"Tribunal federal ordena el regreso del 'Gober Precioso' Mario Mar\u00edn al Penal del Altiplano, tras pasar medio a\u00f1o en prisi\u00f3n domiciliaria por el caso de tortura contra Lydia Cacho -\",\"isPartOf\":{\"@id\":\"https:\\\/\\\/quehacerpolitico.mx\\\/#website\"},\"primaryImageOfPage\":{\"@id\":\"https:\\\/\\\/quehacerpolitico.mx\\\/?p=115726#primaryimage\"},\"image\":{\"@id\":\"https:\\\/\\\/quehacerpolitico.mx\\\/?p=115726#primaryimage\"},\"thumbnailUrl\":\"https:\\\/\\\/quehacerpolitico.mx\\\/wp-content\\\/uploads\\\/2025\\\/04\\\/IMG_1641.jpeg\",\"datePublished\":\"2025-04-03T02:35:39+00:00\",\"dateModified\":\"2025-04-03T02:35:41+00:00\",\"author\":{\"@id\":\"https:\\\/\\\/quehacerpolitico.mx\\\/#\\\/schema\\\/person\\\/496d8ad2d1d3f8036101dca7ee39e585\"},\"breadcrumb\":{\"@id\":\"https:\\\/\\\/quehacerpolitico.mx\\\/?p=115726#breadcrumb\"},\"inLanguage\":\"es\",\"potentialAction\":[{\"@type\":\"ReadAction\",\"target\":[\"https:\\\/\\\/quehacerpolitico.mx\\\/?p=115726\"]}]},{\"@type\":\"ImageObject\",\"inLanguage\":\"es\",\"@id\":\"https:\\\/\\\/quehacerpolitico.mx\\\/?p=115726#primaryimage\",\"url\":\"https:\\\/\\\/quehacerpolitico.mx\\\/wp-content\\\/uploads\\\/2025\\\/04\\\/IMG_1641.jpeg\",\"contentUrl\":\"https:\\\/\\\/quehacerpolitico.mx\\\/wp-content\\\/uploads\\\/2025\\\/04\\\/IMG_1641.jpeg\",\"width\":1034,\"height\":571,\"caption\":\"Screenshot\"},{\"@type\":\"BreadcrumbList\",\"@id\":\"https:\\\/\\\/quehacerpolitico.mx\\\/?p=115726#breadcrumb\",\"itemListElement\":[{\"@type\":\"ListItem\",\"position\":1,\"name\":\"Inicio\",\"item\":\"https:\\\/\\\/quehacerpolitico.mx\\\/\"},{\"@type\":\"ListItem\",\"position\":2,\"name\":\"Tribunal federal ordena el regreso del &#8216;Gober Precioso&#8217; Mario Mar\u00edn al Penal del Altiplano, tras pasar medio a\u00f1o en prisi\u00f3n domiciliaria por el caso de tortura contra Lydia Cacho\"}]},{\"@type\":\"WebSite\",\"@id\":\"https:\\\/\\\/quehacerpolitico.mx\\\/#website\",\"url\":\"https:\\\/\\\/quehacerpolitico.mx\\\/\",\"name\":\"\",\"description\":\"\",\"potentialAction\":[{\"@type\":\"SearchAction\",\"target\":{\"@type\":\"EntryPoint\",\"urlTemplate\":\"https:\\\/\\\/quehacerpolitico.mx\\\/?s={search_term_string}\"},\"query-input\":{\"@type\":\"PropertyValueSpecification\",\"valueRequired\":true,\"valueName\":\"search_term_string\"}}],\"inLanguage\":\"es\"},{\"@type\":\"Person\",\"@id\":\"https:\\\/\\\/quehacerpolitico.mx\\\/#\\\/schema\\\/person\\\/496d8ad2d1d3f8036101dca7ee39e585\",\"name\":\"Redacci\u00f3n QP\",\"image\":{\"@type\":\"ImageObject\",\"inLanguage\":\"es\",\"@id\":\"https:\\\/\\\/secure.gravatar.com\\\/avatar\\\/c7164ed6fdec453195284ad24a5ae5b6e1eed2b848477fa2a4787ba9adf39a41?s=96&d=mm&r=g\",\"url\":\"https:\\\/\\\/secure.gravatar.com\\\/avatar\\\/c7164ed6fdec453195284ad24a5ae5b6e1eed2b848477fa2a4787ba9adf39a41?s=96&d=mm&r=g\",\"contentUrl\":\"https:\\\/\\\/secure.gravatar.com\\\/avatar\\\/c7164ed6fdec453195284ad24a5ae5b6e1eed2b848477fa2a4787ba9adf39a41?s=96&d=mm&r=g\",\"caption\":\"Redacci\u00f3n QP\"},\"url\":\"https:\\\/\\\/quehacerpolitico.mx\\\/?author=2\"}]}<\/script>\n<!-- \/ Yoast SEO plugin. -->","yoast_head_json":{"title":"Tribunal federal ordena el regreso del 'Gober Precioso' Mario Mar\u00edn al Penal del Altiplano, tras pasar medio a\u00f1o en prisi\u00f3n domiciliaria por el caso de tortura contra Lydia Cacho -","robots":{"index":"index","follow":"follow","max-snippet":"max-snippet:-1","max-image-preview":"max-image-preview:large","max-video-preview":"max-video-preview:-1"},"canonical":"https:\/\/quehacerpolitico.mx\/?p=115726","og_locale":"es_MX","og_type":"article","og_title":"Tribunal federal ordena el regreso del 'Gober Precioso' Mario Mar\u00edn al Penal del Altiplano, tras pasar medio a\u00f1o en prisi\u00f3n domiciliaria por el caso de tortura contra Lydia Cacho -","og_description":"Por Redacci\u00f3n QP El exgobernador de Puebla se encontraba en su domicilio con brazalete electr\u00f3nico...","og_url":"https:\/\/quehacerpolitico.mx\/?p=115726","article_published_time":"2025-04-03T02:35:39+00:00","article_modified_time":"2025-04-03T02:35:41+00:00","og_image":[{"width":1034,"height":571,"url":"https:\/\/quehacerpolitico.mx\/wp-content\/uploads\/2025\/04\/IMG_1641.jpeg","type":"image\/jpeg"}],"author":"Redacci\u00f3n QP","twitter_card":"summary_large_image","twitter_misc":{"Escrito por":"Redacci\u00f3n QP","Tiempo de lectura":"2 minutos"},"schema":{"@context":"https:\/\/schema.org","@graph":[{"@type":"Article","@id":"https:\/\/quehacerpolitico.mx\/?p=115726#article","isPartOf":{"@id":"https:\/\/quehacerpolitico.mx\/?p=115726"},"author":{"name":"Redacci\u00f3n QP","@id":"https:\/\/quehacerpolitico.mx\/#\/schema\/person\/496d8ad2d1d3f8036101dca7ee39e585"},"headline":"Tribunal federal ordena el regreso del &#8216;Gober Precioso&#8217; Mario Mar\u00edn al Penal del Altiplano, tras pasar medio a\u00f1o en prisi\u00f3n domiciliaria por el caso de tortura contra Lydia Cacho","datePublished":"2025-04-03T02:35:39+00:00","dateModified":"2025-04-03T02:35:41+00:00","mainEntityOfPage":{"@id":"https:\/\/quehacerpolitico.mx\/?p=115726"},"wordCount":416,"commentCount":0,"image":{"@id":"https:\/\/quehacerpolitico.mx\/?p=115726#primaryimage"},"thumbnailUrl":"https:\/\/quehacerpolitico.mx\/wp-content\/uploads\/2025\/04\/IMG_1641.jpeg","articleSection":["Nacionales","Noticias"],"inLanguage":"es","potentialAction":[{"@type":"CommentAction","name":"Comment","target":["https:\/\/quehacerpolitico.mx\/?p=115726#respond"]}]},{"@type":"WebPage","@id":"https:\/\/quehacerpolitico.mx\/?p=115726","url":"https:\/\/quehacerpolitico.mx\/?p=115726","name":"Tribunal federal ordena el regreso del 'Gober Precioso' Mario Mar\u00edn al Penal del Altiplano, tras pasar medio a\u00f1o en prisi\u00f3n domiciliaria por el caso de tortura contra Lydia Cacho -","isPartOf":{"@id":"https:\/\/quehacerpolitico.mx\/#website"},"primaryImageOfPage":{"@id":"https:\/\/quehacerpolitico.mx\/?p=115726#primaryimage"},"image":{"@id":"https:\/\/quehacerpolitico.mx\/?p=115726#primaryimage"},"thumbnailUrl":"https:\/\/quehacerpolitico.mx\/wp-content\/uploads\/2025\/04\/IMG_1641.jpeg","datePublished":"2025-04-03T02:35:39+00:00","dateModified":"2025-04-03T02:35:41+00:00","author":{"@id":"https:\/\/quehacerpolitico.mx\/#\/schema\/person\/496d8ad2d1d3f8036101dca7ee39e585"},"breadcrumb":{"@id":"https:\/\/quehacerpolitico.mx\/?p=115726#breadcrumb"},"inLanguage":"es","potentialAction":[{"@type":"ReadAction","target":["https:\/\/quehacerpolitico.mx\/?p=115726"]}]},{"@type":"ImageObject","inLanguage":"es","@id":"https:\/\/quehacerpolitico.mx\/?p=115726#primaryimage","url":"https:\/\/quehacerpolitico.mx\/wp-content\/uploads\/2025\/04\/IMG_1641.jpeg","contentUrl":"https:\/\/quehacerpolitico.mx\/wp-content\/uploads\/2025\/04\/IMG_1641.jpeg","width":1034,"height":571,"caption":"Screenshot"},{"@type":"BreadcrumbList","@id":"https:\/\/quehacerpolitico.mx\/?p=115726#breadcrumb","itemListElement":[{"@type":"ListItem","position":1,"name":"Inicio","item":"https:\/\/quehacerpolitico.mx\/"},{"@type":"ListItem","position":2,"name":"Tribunal federal ordena el regreso del &#8216;Gober Precioso&#8217; Mario Mar\u00edn al Penal del Altiplano, tras pasar medio a\u00f1o en prisi\u00f3n domiciliaria por el caso de tortura contra Lydia Cacho"}]},{"@type":"WebSite","@id":"https:\/\/quehacerpolitico.mx\/#website","url":"https:\/\/quehacerpolitico.mx\/","name":"","description":"","potentialAction":[{"@type":"SearchAction","target":{"@type":"EntryPoint","urlTemplate":"https:\/\/quehacerpolitico.mx\/?s={search_term_string}"},"query-input":{"@type":"PropertyValueSpecification","valueRequired":true,"valueName":"search_term_string"}}],"inLanguage":"es"},{"@type":"Person","@id":"https:\/\/quehacerpolitico.mx\/#\/schema\/person\/496d8ad2d1d3f8036101dca7ee39e585","name":"Redacci\u00f3n QP","image":{"@type":"ImageObject","inLanguage":"es","@id":"https:\/\/secure.gravatar.com\/avatar\/c7164ed6fdec453195284ad24a5ae5b6e1eed2b848477fa2a4787ba9adf39a41?s=96&d=mm&r=g","url":"https:\/\/secure.gravatar.com\/avatar\/c7164ed6fdec453195284ad24a5ae5b6e1eed2b848477fa2a4787ba9adf39a41?s=96&d=mm&r=g","contentUrl":"https:\/\/secure.gravatar.com\/avatar\/c7164ed6fdec453195284ad24a5ae5b6e1eed2b848477fa2a4787ba9adf39a41?s=96&d=mm&r=g","caption":"Redacci\u00f3n QP"},"url":"https:\/\/quehacerpolitico.mx\/?author=2"}]}},"featured_image_urls":{"full":["https:\/\/quehacerpolitico.mx\/wp-content\/uploads\/2025\/04\/IMG_1641.jpeg",1034,571,false],"thumbnail":["https:\/\/quehacerpolitico.mx\/wp-content\/uploads\/2025\/04\/IMG_1641-150x150.jpeg",150,150,true],"medium":["https:\/\/quehacerpolitico.mx\/wp-content\/uploads\/2025\/04\/IMG_1641-300x166.jpeg",300,166,true],"medium_large":["https:\/\/quehacerpolitico.mx\/wp-content\/uploads\/2025\/04\/IMG_1641-768x424.jpeg",640,353,true],"large":["https:\/\/quehacerpolitico.mx\/wp-content\/uploads\/2025\/04\/IMG_1641-1024x565.jpeg",640,353,true],"1536x1536":["https:\/\/quehacerpolitico.mx\/wp-content\/uploads\/2025\/04\/IMG_1641.jpeg",1034,571,false],"2048x2048":["https:\/\/quehacerpolitico.mx\/wp-content\/uploads\/2025\/04\/IMG_1641.jpeg",1034,571,false],"covernews-featured":["https:\/\/quehacerpolitico.mx\/wp-content\/uploads\/2025\/04\/IMG_1641-1024x565.jpeg",1024,565,true],"covernews-medium":["https:\/\/quehacerpolitico.mx\/wp-content\/uploads\/2025\/04\/IMG_1641-540x340.jpeg",540,340,true]},"author_info":{"display_name":"Redacci\u00f3n QP","author_link":"https:\/\/quehacerpolitico.mx\/?author=2"},"category_info":"<a href=\"https:\/\/quehacerpolitico.mx\/?cat=280\" rel=\"category\">Nacionales<\/a> <a href=\"https:\/\/quehacerpolitico.mx\/?cat=2\" rel=\"category\">Noticias<\/a>","tag_info":"Noticias","comment_count":"0","_links":{"self":[{"href":"https:\/\/quehacerpolitico.mx\/index.php?rest_route=\/wp\/v2\/posts\/115726","targetHints":{"allow":["GET"]}}],"collection":[{"href":"https:\/\/quehacerpolitico.mx\/index.php?rest_route=\/wp\/v2\/posts"}],"about":[{"href":"https:\/\/quehacerpolitico.mx\/index.php?rest_route=\/wp\/v2\/types\/post"}],"author":[{"embeddable":true,"href":"https:\/\/quehacerpolitico.mx\/index.php?rest_route=\/wp\/v2\/users\/2"}],"replies":[{"embeddable":true,"href":"https:\/\/quehacerpolitico.mx\/index.php?rest_route=%2Fwp%2Fv2%2Fcomments&post=115726"}],"version-history":[{"count":1,"href":"https:\/\/quehacerpolitico.mx\/index.php?rest_route=\/wp\/v2\/posts\/115726\/revisions"}],"predecessor-version":[{"id":115728,"href":"https:\/\/quehacerpolitico.mx\/index.php?rest_route=\/wp\/v2\/posts\/115726\/revisions\/115728"}],"wp:featuredmedia":[{"embeddable":true,"href":"https:\/\/quehacerpolitico.mx\/index.php?rest_route=\/wp\/v2\/media\/115727"}],"wp:attachment":[{"href":"https:\/\/quehacerpolitico.mx\/index.php?rest_route=%2Fwp%2Fv2%2Fmedia&parent=115726"}],"wp:term":[{"taxonomy":"category","embeddable":true,"href":"https:\/\/quehacerpolitico.mx\/index.php?rest_route=%2Fwp%2Fv2%2Fcategories&post=115726"},{"taxonomy":"post_tag","embeddable":true,"href":"https:\/\/quehacerpolitico.mx\/index.php?rest_route=%2Fwp%2Fv2%2Ftags&post=115726"}],"curies":[{"name":"wp","href":"https:\/\/api.w.org\/{rel}","templated":true}]}}