{"id":115723,"date":"2025-04-02T20:15:10","date_gmt":"2025-04-03T02:15:10","guid":{"rendered":"https:\/\/quehacerpolitico.mx\/?p=115723"},"modified":"2025-04-02T20:15:13","modified_gmt":"2025-04-03T02:15:13","slug":"detienen-a-mujer-de-edad-avanzada-y-a-otros-dos-sujetos-acusados-de-homicidio-en-chalco","status":"publish","type":"post","link":"https:\/\/quehacerpolitico.mx\/?p=115723","title":{"rendered":"Detienen a mujer de edad avanzada y a otros dos sujetos acusados de homicidio en Chalco"},"content":{"rendered":"\n<p>Por Redacci\u00f3n QP<\/p>\n\n\n\n<p>En un video que se viraliz\u00f3 en redes sociales se muestra parte de la discusi\u00f3n entre los involucrados en la comunidad de Candelaria Tlapala, relacionada con la posesi\u00f3n de un inmueble privado<\/p>\n\n\n\n<figure class=\"wp-block-embed is-type-rich is-provider-twitter wp-block-embed-twitter\"><div class=\"wp-block-embed__wrapper\">\n<blockquote class=\"twitter-tweet\" data-width=\"550\" data-dnt=\"true\"><p lang=\"es\" dir=\"ltr\">LA ABUELITA\u2026 ES MAM\u00c1 de un EXDIPUTADO; YA la DETUVIERON<br>Carlota Alfaro es mam\u00e1 del exdiputado del <a href=\"https:\/\/twitter.com\/PRDMexico?ref_src=twsrc%5Etfw\">@PRDMexico<\/a> Arturo Santana<a href=\"https:\/\/twitter.com\/FiscaliaEdomex?ref_src=twsrc%5Etfw\">@FiscaliaEdomex<\/a> ya la tiene, acusada de doble homicidio.<br>Vive en la peligrosa <a href=\"https:\/\/twitter.com\/Alc_Iztapalapa?ref_src=twsrc%5Etfw\">@Alc_Iztapalapa<\/a> <br>Pero los atac\u00f3 en Chalco, dice ella, xq invadieron su casa. <a href=\"https:\/\/t.co\/gQkBuwZIJU\">pic.twitter.com\/gQkBuwZIJU<\/a><\/p>&mdash; Carlos Jim\u00e9nez (@c4jimenez) <a href=\"https:\/\/twitter.com\/c4jimenez\/status\/1907546998883909875?ref_src=twsrc%5Etfw\">April 2, 2025<\/a><\/blockquote><script async src=\"https:\/\/platform.twitter.com\/widgets.js\" charset=\"utf-8\"><\/script>\n<\/div><\/figure>\n\n\n\n<p>La fiscal\u00eda de Edomex&nbsp;inform\u00f3 sobre la detenci\u00f3n de&nbsp;<strong>Carlota \u201cN\u201d<\/strong>&nbsp;y dos personas m\u00e1s por su presunta participaci\u00f3n en el homicidio de dos hombres en el municipio de Chalco.<\/p>\n\n\n\n<p>En un comunicado, la autoridad detall\u00f3 que, tras los hechos ocurridos el pasado 1 de abril, en los que dos adultos fueron asesinados a balazos, elementos de la Secretar\u00eda de Seguridad estatal, polic\u00edas municipales de&nbsp;<strong>Chimalhuac\u00e1n y Chicoloapan<\/strong>, as\u00ed como agentes de la fiscal\u00eda estatal, detuvieron a Eduardo &#8220;N&#8221;, Mariana &#8220;N&#8221; y Carlota &#8220;N&#8221;.<\/p>\n\n\n\n<figure class=\"wp-block-embed is-type-rich is-provider-twitter wp-block-embed-twitter\"><div class=\"wp-block-embed__wrapper\">\n<blockquote class=\"twitter-tweet\" data-width=\"550\" data-dnt=\"true\"><p lang=\"es\" dir=\"ltr\"><a href=\"https:\/\/twitter.com\/hashtag\/Detenidos?src=hash&amp;ref_src=twsrc%5Etfw\">#Detenidos<\/a>. En relaci\u00f3n a hechos registrados el pasado martes 1 de abril, que causaron la muerte a un masculino y a un adolescente en el municipio de <a href=\"https:\/\/twitter.com\/hashtag\/Chalco?src=hash&amp;ref_src=twsrc%5Etfw\">#Chalco<\/a>, elementos de la <a href=\"https:\/\/twitter.com\/SS_Edomex?ref_src=twsrc%5Etfw\">@SS_Edomex<\/a>, as\u00ed como polic\u00edas municipales de <a href=\"https:\/\/twitter.com\/hashtag\/Chimalhuac%C3%A1n?src=hash&amp;ref_src=twsrc%5Etfw\">#Chimalhuac\u00e1n<\/a> y <a href=\"https:\/\/twitter.com\/hashtag\/Chicoloapan?src=hash&amp;ref_src=twsrc%5Etfw\">#Chicoloapan<\/a> y la <a href=\"https:\/\/twitter.com\/hashtag\/Fiscal%C3%ADaEdom%C3%A9x?src=hash&amp;ref_src=twsrc%5Etfw\">#Fiscal\u00edaEdom\u00e9x<\/a>,\u2026 <a href=\"https:\/\/t.co\/EWZ6ggSE8A\">pic.twitter.com\/EWZ6ggSE8A<\/a><\/p>&mdash; Fiscal\u00eda Edom\u00e9x (@FiscaliaEdomex) <a href=\"https:\/\/twitter.com\/FiscaliaEdomex\/status\/1907554271815487947?ref_src=twsrc%5Etfw\">April 2, 2025<\/a><\/blockquote><script async src=\"https:\/\/platform.twitter.com\/widgets.js\" charset=\"utf-8\"><\/script>\n<\/div><\/figure>\n\n\n\n<figure class=\"wp-block-embed is-type-rich is-provider-twitter wp-block-embed-twitter\"><div class=\"wp-block-embed__wrapper\">\n<blockquote class=\"twitter-tweet\" data-width=\"550\" data-dnt=\"true\"><p lang=\"es\" dir=\"ltr\"><a href=\"https:\/\/twitter.com\/hashtag\/Detenida?src=hash&amp;ref_src=twsrc%5Etfw\">#Detenida<\/a>. Elementos de la <a href=\"https:\/\/twitter.com\/SS_Edomex?ref_src=twsrc%5Etfw\">@SS_Edomex<\/a>, as\u00ed como Polic\u00edas municipales de <a href=\"https:\/\/twitter.com\/hashtag\/Chimalhuac%C3%A1n?src=hash&amp;ref_src=twsrc%5Etfw\">#Chimalhuac\u00e1n<\/a> y <a href=\"https:\/\/twitter.com\/hashtag\/Chicoloapan?src=hash&amp;ref_src=twsrc%5Etfw\">#Chicoloapan<\/a>, junto con la <a href=\"https:\/\/twitter.com\/hashtag\/Fiscal%C3%ADaEdom%C3%A9x?src=hash&amp;ref_src=twsrc%5Etfw\">#Fiscal\u00edaEdom\u00e9x<\/a>, detuvieron a Carlota &quot;N&quot;, investigada por su probable intervenci\u00f3n en hechos registrados el pasado martes 1 de abril, que causaron la muerte a un\u2026 <a href=\"https:\/\/t.co\/EaqWLwnSJ8\">pic.twitter.com\/EaqWLwnSJ8<\/a><\/p>&mdash; Fiscal\u00eda Edom\u00e9x (@FiscaliaEdomex) <a href=\"https:\/\/twitter.com\/FiscaliaEdomex\/status\/1907540769621131387?ref_src=twsrc%5Etfw\">April 2, 2025<\/a><\/blockquote><script async src=\"https:\/\/platform.twitter.com\/widgets.js\" charset=\"utf-8\"><\/script>\n<\/div><\/figure>\n\n\n\n<p>Las v\u00edctimas eran un hombre de 51 a\u00f1os y su hijo, identificado como Justin M\u00e1rquez, de 19 a\u00f1os.<\/p>\n\n\n\n<p>En un video que se viraliz\u00f3 en redes sociales se muestra parte de la discusi\u00f3n entre los involucrados en la comunidad de Candelaria Tlapala, relacionada con la posesi\u00f3n de un inmueble privado<\/p>\n\n\n\n<figure class=\"wp-block-embed is-type-rich is-provider-twitter wp-block-embed-twitter\"><div class=\"wp-block-embed__wrapper\">\n<blockquote class=\"twitter-tweet\" data-width=\"550\" data-dnt=\"true\"><p lang=\"es\" dir=\"ltr\">ELLA DICE q LE INVADIERON; ELLOS, q RENTABAN<br>Ma Carlota Alfaro tiene 74 a\u00f1os.<br>Es mam\u00e1 del exdiputado del <a href=\"https:\/\/twitter.com\/PRDMexico?ref_src=twsrc%5Etfw\">@PRDMexico<\/a> Arturo Santana<br>Sali\u00f3 d su casa en <a href=\"https:\/\/twitter.com\/Alc_Iztapalapa?ref_src=twsrc%5Etfw\">@Alc_Iztapalapa<\/a> y fue con sus otros 2 hijos a soltar bala as\u00ed.<a href=\"https:\/\/twitter.com\/FiscaliaEdomex?ref_src=twsrc%5Etfw\">@FiscaliaEdomex<\/a> los indaga por 2 homicidios.<br><br>El caso <a href=\"https:\/\/twitter.com\/hashtag\/C4EnAlerta?src=hash&amp;ref_src=twsrc%5Etfw\">#C4EnAlerta<\/a> <a href=\"https:\/\/t.co\/7IOeGGDEeW\">pic.twitter.com\/7IOeGGDEeW<\/a><\/p>&mdash; Carlos Jim\u00e9nez (@c4jimenez) <a href=\"https:\/\/twitter.com\/c4jimenez\/status\/1907565355796488496?ref_src=twsrc%5Etfw\">April 2, 2025<\/a><\/blockquote><script async src=\"https:\/\/platform.twitter.com\/widgets.js\" charset=\"utf-8\"><\/script>\n<\/div><\/figure>\n\n\n\n<p>En las im\u00e1genes se observa c\u00f3mo tres personas descienden de un autom\u00f3vil, entre ellas Carlota &#8220;N&#8221; y Eduardo &#8220;N&#8221;, ambos armados y se dirigen hacia Justin M\u00e1rquez y su padre, y en medio del altercado, la mujer de edad avanzada&nbsp;\u2014a quien usuarios de redes sociales han llamado &#8220;<strong>abuelita sicaria<\/strong>&#8220;\u2014 dispara contra el hombre de 51 a\u00f1os.<\/p>\n\n\n\n<p>Durante el enfrentamiento, un menor de 15 a\u00f1os, cuya identidad no ha sido revelada, result\u00f3 herido.<\/p>\n\n\n\n<p>La autoridad inform\u00f3 que las personas detenidas fueron presentadas ante el Ministerio P\u00fablico, quien se encuentra integrando el expediente de investigaci\u00f3n por los hechos y habr\u00e1 de determinar su<strong> situaci\u00f3n jur\u00eddica.<\/strong><\/p>\n\n\n\n<figure class=\"wp-block-embed is-type-rich is-provider-twitter wp-block-embed-twitter\"><div class=\"wp-block-embed__wrapper\">\n<blockquote class=\"twitter-tweet\" data-width=\"550\" data-dnt=\"true\"><p lang=\"es\" dir=\"ltr\">\u201cESTE CORRIDO SE\u00d1ORES\u2026es PA LA ANCIANA CARLOTA\u201d<br>Es el corrido de Ma Carlota Alfaro Quesada, la mam\u00e1 del exdiputado Arturo Santana, militante de <a href=\"https:\/\/twitter.com\/PartidoMorenaMx?ref_src=twsrc%5Etfw\">@PartidoMorenaMx<\/a> <br>Dice q es una abuela q trae huevos.<br>Hoy est\u00e1 detenida en <a href=\"https:\/\/twitter.com\/FiscaliaEdomex?ref_src=twsrc%5Etfw\">@FiscaliaEdomex<\/a> con 2 hijos, acusada de doble homicidio. <a href=\"https:\/\/t.co\/tQAKixbIkv\">pic.twitter.com\/tQAKixbIkv<\/a><\/p>&mdash; Carlos Jim\u00e9nez (@c4jimenez) <a href=\"https:\/\/twitter.com\/c4jimenez\/status\/1907599568625184901?ref_src=twsrc%5Etfw\">April 3, 2025<\/a><\/blockquote><script async src=\"https:\/\/platform.twitter.com\/widgets.js\" charset=\"utf-8\"><\/script>\n<\/div><\/figure>\n","protected":false},"excerpt":{"rendered":"<p>Por Redacci\u00f3n QP En un video que se viraliz\u00f3 en redes sociales se muestra parte&#8230;<\/p>\n","protected":false},"author":2,"featured_media":115724,"comment_status":"open","ping_status":"open","sticky":false,"template":"","format":"standard","meta":{"_monsterinsights_skip_tracking":false,"_monsterinsights_sitenote_active":false,"_monsterinsights_sitenote_note":"","_monsterinsights_sitenote_category":0,"footnotes":""},"categories":[280,2],"tags":[],"class_list":["post-115723","post","type-post","status-publish","format-standard","has-post-thumbnail","hentry","category-nacionales","category-noticias"],"yoast_head":"<!-- This site is optimized with the Yoast SEO plugin v27.3 - https:\/\/yoast.com\/product\/yoast-seo-wordpress\/ -->\n<title>Detienen a mujer de edad avanzada y a otros dos sujetos acusados de homicidio en Chalco -<\/title>\n<meta name=\"robots\" content=\"index, follow, max-snippet:-1, max-image-preview:large, max-video-preview:-1\" \/>\n<link rel=\"canonical\" href=\"https:\/\/quehacerpolitico.mx\/?p=115723\" \/>\n<meta property=\"og:locale\" content=\"es_MX\" \/>\n<meta property=\"og:type\" content=\"article\" \/>\n<meta property=\"og:title\" content=\"Detienen a mujer de edad avanzada y a otros dos sujetos acusados de homicidio en Chalco -\" \/>\n<meta property=\"og:description\" content=\"Por Redacci\u00f3n QP En un video que se viraliz\u00f3 en redes sociales se muestra parte...\" \/>\n<meta property=\"og:url\" content=\"https:\/\/quehacerpolitico.mx\/?p=115723\" \/>\n<meta property=\"article:published_time\" content=\"2025-04-03T02:15:10+00:00\" \/>\n<meta property=\"article:modified_time\" content=\"2025-04-03T02:15:13+00:00\" \/>\n<meta property=\"og:image\" content=\"https:\/\/quehacerpolitico.mx\/wp-content\/uploads\/2025\/04\/IMG_1639.webp\" \/>\n\t<meta property=\"og:image:width\" content=\"960\" \/>\n\t<meta property=\"og:image:height\" content=\"540\" \/>\n\t<meta property=\"og:image:type\" content=\"image\/webp\" \/>\n<meta name=\"author\" content=\"Redacci\u00f3n QP\" \/>\n<meta name=\"twitter:card\" content=\"summary_large_image\" \/>\n<meta name=\"twitter:label1\" content=\"Escrito por\" \/>\n\t<meta name=\"twitter:data1\" content=\"Redacci\u00f3n QP\" \/>\n\t<meta name=\"twitter:label2\" content=\"Tiempo de lectura\" \/>\n\t<meta name=\"twitter:data2\" content=\"2 minutos\" \/>\n<script type=\"application\/ld+json\" class=\"yoast-schema-graph\">{\"@context\":\"https:\\\/\\\/schema.org\",\"@graph\":[{\"@type\":\"Article\",\"@id\":\"https:\\\/\\\/quehacerpolitico.mx\\\/?p=115723#article\",\"isPartOf\":{\"@id\":\"https:\\\/\\\/quehacerpolitico.mx\\\/?p=115723\"},\"author\":{\"name\":\"Redacci\u00f3n QP\",\"@id\":\"https:\\\/\\\/quehacerpolitico.mx\\\/#\\\/schema\\\/person\\\/496d8ad2d1d3f8036101dca7ee39e585\"},\"headline\":\"Detienen a mujer de edad avanzada y a otros dos sujetos acusados de homicidio en Chalco\",\"datePublished\":\"2025-04-03T02:15:10+00:00\",\"dateModified\":\"2025-04-03T02:15:13+00:00\",\"mainEntityOfPage\":{\"@id\":\"https:\\\/\\\/quehacerpolitico.mx\\\/?p=115723\"},\"wordCount\":374,\"commentCount\":0,\"image\":{\"@id\":\"https:\\\/\\\/quehacerpolitico.mx\\\/?p=115723#primaryimage\"},\"thumbnailUrl\":\"https:\\\/\\\/quehacerpolitico.mx\\\/wp-content\\\/uploads\\\/2025\\\/04\\\/IMG_1639.webp\",\"articleSection\":[\"Nacionales\",\"Noticias\"],\"inLanguage\":\"es\",\"potentialAction\":[{\"@type\":\"CommentAction\",\"name\":\"Comment\",\"target\":[\"https:\\\/\\\/quehacerpolitico.mx\\\/?p=115723#respond\"]}]},{\"@type\":\"WebPage\",\"@id\":\"https:\\\/\\\/quehacerpolitico.mx\\\/?p=115723\",\"url\":\"https:\\\/\\\/quehacerpolitico.mx\\\/?p=115723\",\"name\":\"Detienen a mujer de edad avanzada y a otros dos sujetos acusados de homicidio en Chalco -\",\"isPartOf\":{\"@id\":\"https:\\\/\\\/quehacerpolitico.mx\\\/#website\"},\"primaryImageOfPage\":{\"@id\":\"https:\\\/\\\/quehacerpolitico.mx\\\/?p=115723#primaryimage\"},\"image\":{\"@id\":\"https:\\\/\\\/quehacerpolitico.mx\\\/?p=115723#primaryimage\"},\"thumbnailUrl\":\"https:\\\/\\\/quehacerpolitico.mx\\\/wp-content\\\/uploads\\\/2025\\\/04\\\/IMG_1639.webp\",\"datePublished\":\"2025-04-03T02:15:10+00:00\",\"dateModified\":\"2025-04-03T02:15:13+00:00\",\"author\":{\"@id\":\"https:\\\/\\\/quehacerpolitico.mx\\\/#\\\/schema\\\/person\\\/496d8ad2d1d3f8036101dca7ee39e585\"},\"breadcrumb\":{\"@id\":\"https:\\\/\\\/quehacerpolitico.mx\\\/?p=115723#breadcrumb\"},\"inLanguage\":\"es\",\"potentialAction\":[{\"@type\":\"ReadAction\",\"target\":[\"https:\\\/\\\/quehacerpolitico.mx\\\/?p=115723\"]}]},{\"@type\":\"ImageObject\",\"inLanguage\":\"es\",\"@id\":\"https:\\\/\\\/quehacerpolitico.mx\\\/?p=115723#primaryimage\",\"url\":\"https:\\\/\\\/quehacerpolitico.mx\\\/wp-content\\\/uploads\\\/2025\\\/04\\\/IMG_1639.webp\",\"contentUrl\":\"https:\\\/\\\/quehacerpolitico.mx\\\/wp-content\\\/uploads\\\/2025\\\/04\\\/IMG_1639.webp\",\"width\":960,\"height\":540},{\"@type\":\"BreadcrumbList\",\"@id\":\"https:\\\/\\\/quehacerpolitico.mx\\\/?p=115723#breadcrumb\",\"itemListElement\":[{\"@type\":\"ListItem\",\"position\":1,\"name\":\"Inicio\",\"item\":\"https:\\\/\\\/quehacerpolitico.mx\\\/\"},{\"@type\":\"ListItem\",\"position\":2,\"name\":\"Detienen a mujer de edad avanzada y a otros dos sujetos acusados de homicidio en Chalco\"}]},{\"@type\":\"WebSite\",\"@id\":\"https:\\\/\\\/quehacerpolitico.mx\\\/#website\",\"url\":\"https:\\\/\\\/quehacerpolitico.mx\\\/\",\"name\":\"\",\"description\":\"\",\"potentialAction\":[{\"@type\":\"SearchAction\",\"target\":{\"@type\":\"EntryPoint\",\"urlTemplate\":\"https:\\\/\\\/quehacerpolitico.mx\\\/?s={search_term_string}\"},\"query-input\":{\"@type\":\"PropertyValueSpecification\",\"valueRequired\":true,\"valueName\":\"search_term_string\"}}],\"inLanguage\":\"es\"},{\"@type\":\"Person\",\"@id\":\"https:\\\/\\\/quehacerpolitico.mx\\\/#\\\/schema\\\/person\\\/496d8ad2d1d3f8036101dca7ee39e585\",\"name\":\"Redacci\u00f3n QP\",\"image\":{\"@type\":\"ImageObject\",\"inLanguage\":\"es\",\"@id\":\"https:\\\/\\\/secure.gravatar.com\\\/avatar\\\/c7164ed6fdec453195284ad24a5ae5b6e1eed2b848477fa2a4787ba9adf39a41?s=96&d=mm&r=g\",\"url\":\"https:\\\/\\\/secure.gravatar.com\\\/avatar\\\/c7164ed6fdec453195284ad24a5ae5b6e1eed2b848477fa2a4787ba9adf39a41?s=96&d=mm&r=g\",\"contentUrl\":\"https:\\\/\\\/secure.gravatar.com\\\/avatar\\\/c7164ed6fdec453195284ad24a5ae5b6e1eed2b848477fa2a4787ba9adf39a41?s=96&d=mm&r=g\",\"caption\":\"Redacci\u00f3n QP\"},\"url\":\"https:\\\/\\\/quehacerpolitico.mx\\\/?author=2\"}]}<\/script>\n<!-- \/ Yoast SEO plugin. -->","yoast_head_json":{"title":"Detienen a mujer de edad avanzada y a otros dos sujetos acusados de homicidio en Chalco -","robots":{"index":"index","follow":"follow","max-snippet":"max-snippet:-1","max-image-preview":"max-image-preview:large","max-video-preview":"max-video-preview:-1"},"canonical":"https:\/\/quehacerpolitico.mx\/?p=115723","og_locale":"es_MX","og_type":"article","og_title":"Detienen a mujer de edad avanzada y a otros dos sujetos acusados de homicidio en Chalco -","og_description":"Por Redacci\u00f3n QP En un video que se viraliz\u00f3 en redes sociales se muestra parte...","og_url":"https:\/\/quehacerpolitico.mx\/?p=115723","article_published_time":"2025-04-03T02:15:10+00:00","article_modified_time":"2025-04-03T02:15:13+00:00","og_image":[{"width":960,"height":540,"url":"https:\/\/quehacerpolitico.mx\/wp-content\/uploads\/2025\/04\/IMG_1639.webp","type":"image\/webp"}],"author":"Redacci\u00f3n QP","twitter_card":"summary_large_image","twitter_misc":{"Escrito por":"Redacci\u00f3n QP","Tiempo de lectura":"2 minutos"},"schema":{"@context":"https:\/\/schema.org","@graph":[{"@type":"Article","@id":"https:\/\/quehacerpolitico.mx\/?p=115723#article","isPartOf":{"@id":"https:\/\/quehacerpolitico.mx\/?p=115723"},"author":{"name":"Redacci\u00f3n QP","@id":"https:\/\/quehacerpolitico.mx\/#\/schema\/person\/496d8ad2d1d3f8036101dca7ee39e585"},"headline":"Detienen a mujer de edad avanzada y a otros dos sujetos acusados de homicidio en Chalco","datePublished":"2025-04-03T02:15:10+00:00","dateModified":"2025-04-03T02:15:13+00:00","mainEntityOfPage":{"@id":"https:\/\/quehacerpolitico.mx\/?p=115723"},"wordCount":374,"commentCount":0,"image":{"@id":"https:\/\/quehacerpolitico.mx\/?p=115723#primaryimage"},"thumbnailUrl":"https:\/\/quehacerpolitico.mx\/wp-content\/uploads\/2025\/04\/IMG_1639.webp","articleSection":["Nacionales","Noticias"],"inLanguage":"es","potentialAction":[{"@type":"CommentAction","name":"Comment","target":["https:\/\/quehacerpolitico.mx\/?p=115723#respond"]}]},{"@type":"WebPage","@id":"https:\/\/quehacerpolitico.mx\/?p=115723","url":"https:\/\/quehacerpolitico.mx\/?p=115723","name":"Detienen a mujer de edad avanzada y a otros dos sujetos acusados de homicidio en Chalco -","isPartOf":{"@id":"https:\/\/quehacerpolitico.mx\/#website"},"primaryImageOfPage":{"@id":"https:\/\/quehacerpolitico.mx\/?p=115723#primaryimage"},"image":{"@id":"https:\/\/quehacerpolitico.mx\/?p=115723#primaryimage"},"thumbnailUrl":"https:\/\/quehacerpolitico.mx\/wp-content\/uploads\/2025\/04\/IMG_1639.webp","datePublished":"2025-04-03T02:15:10+00:00","dateModified":"2025-04-03T02:15:13+00:00","author":{"@id":"https:\/\/quehacerpolitico.mx\/#\/schema\/person\/496d8ad2d1d3f8036101dca7ee39e585"},"breadcrumb":{"@id":"https:\/\/quehacerpolitico.mx\/?p=115723#breadcrumb"},"inLanguage":"es","potentialAction":[{"@type":"ReadAction","target":["https:\/\/quehacerpolitico.mx\/?p=115723"]}]},{"@type":"ImageObject","inLanguage":"es","@id":"https:\/\/quehacerpolitico.mx\/?p=115723#primaryimage","url":"https:\/\/quehacerpolitico.mx\/wp-content\/uploads\/2025\/04\/IMG_1639.webp","contentUrl":"https:\/\/quehacerpolitico.mx\/wp-content\/uploads\/2025\/04\/IMG_1639.webp","width":960,"height":540},{"@type":"BreadcrumbList","@id":"https:\/\/quehacerpolitico.mx\/?p=115723#breadcrumb","itemListElement":[{"@type":"ListItem","position":1,"name":"Inicio","item":"https:\/\/quehacerpolitico.mx\/"},{"@type":"ListItem","position":2,"name":"Detienen a mujer de edad avanzada y a otros dos sujetos acusados de homicidio en Chalco"}]},{"@type":"WebSite","@id":"https:\/\/quehacerpolitico.mx\/#website","url":"https:\/\/quehacerpolitico.mx\/","name":"","description":"","potentialAction":[{"@type":"SearchAction","target":{"@type":"EntryPoint","urlTemplate":"https:\/\/quehacerpolitico.mx\/?s={search_term_string}"},"query-input":{"@type":"PropertyValueSpecification","valueRequired":true,"valueName":"search_term_string"}}],"inLanguage":"es"},{"@type":"Person","@id":"https:\/\/quehacerpolitico.mx\/#\/schema\/person\/496d8ad2d1d3f8036101dca7ee39e585","name":"Redacci\u00f3n QP","image":{"@type":"ImageObject","inLanguage":"es","@id":"https:\/\/secure.gravatar.com\/avatar\/c7164ed6fdec453195284ad24a5ae5b6e1eed2b848477fa2a4787ba9adf39a41?s=96&d=mm&r=g","url":"https:\/\/secure.gravatar.com\/avatar\/c7164ed6fdec453195284ad24a5ae5b6e1eed2b848477fa2a4787ba9adf39a41?s=96&d=mm&r=g","contentUrl":"https:\/\/secure.gravatar.com\/avatar\/c7164ed6fdec453195284ad24a5ae5b6e1eed2b848477fa2a4787ba9adf39a41?s=96&d=mm&r=g","caption":"Redacci\u00f3n QP"},"url":"https:\/\/quehacerpolitico.mx\/?author=2"}]}},"featured_image_urls":{"full":["https:\/\/quehacerpolitico.mx\/wp-content\/uploads\/2025\/04\/IMG_1639.webp",960,540,false],"thumbnail":["https:\/\/quehacerpolitico.mx\/wp-content\/uploads\/2025\/04\/IMG_1639-150x150.webp",150,150,true],"medium":["https:\/\/quehacerpolitico.mx\/wp-content\/uploads\/2025\/04\/IMG_1639-300x169.webp",300,169,true],"medium_large":["https:\/\/quehacerpolitico.mx\/wp-content\/uploads\/2025\/04\/IMG_1639-768x432.webp",640,360,true],"large":["https:\/\/quehacerpolitico.mx\/wp-content\/uploads\/2025\/04\/IMG_1639.webp",640,360,false],"1536x1536":["https:\/\/quehacerpolitico.mx\/wp-content\/uploads\/2025\/04\/IMG_1639.webp",960,540,false],"2048x2048":["https:\/\/quehacerpolitico.mx\/wp-content\/uploads\/2025\/04\/IMG_1639.webp",960,540,false],"covernews-featured":["https:\/\/quehacerpolitico.mx\/wp-content\/uploads\/2025\/04\/IMG_1639.webp",960,540,false],"covernews-medium":["https:\/\/quehacerpolitico.mx\/wp-content\/uploads\/2025\/04\/IMG_1639-540x340.webp",540,340,true]},"author_info":{"display_name":"Redacci\u00f3n QP","author_link":"https:\/\/quehacerpolitico.mx\/?author=2"},"category_info":"<a href=\"https:\/\/quehacerpolitico.mx\/?cat=280\" rel=\"category\">Nacionales<\/a> <a href=\"https:\/\/quehacerpolitico.mx\/?cat=2\" rel=\"category\">Noticias<\/a>","tag_info":"Noticias","comment_count":"0","_links":{"self":[{"href":"https:\/\/quehacerpolitico.mx\/index.php?rest_route=\/wp\/v2\/posts\/115723","targetHints":{"allow":["GET"]}}],"collection":[{"href":"https:\/\/quehacerpolitico.mx\/index.php?rest_route=\/wp\/v2\/posts"}],"about":[{"href":"https:\/\/quehacerpolitico.mx\/index.php?rest_route=\/wp\/v2\/types\/post"}],"author":[{"embeddable":true,"href":"https:\/\/quehacerpolitico.mx\/index.php?rest_route=\/wp\/v2\/users\/2"}],"replies":[{"embeddable":true,"href":"https:\/\/quehacerpolitico.mx\/index.php?rest_route=%2Fwp%2Fv2%2Fcomments&post=115723"}],"version-history":[{"count":1,"href":"https:\/\/quehacerpolitico.mx\/index.php?rest_route=\/wp\/v2\/posts\/115723\/revisions"}],"predecessor-version":[{"id":115725,"href":"https:\/\/quehacerpolitico.mx\/index.php?rest_route=\/wp\/v2\/posts\/115723\/revisions\/115725"}],"wp:featuredmedia":[{"embeddable":true,"href":"https:\/\/quehacerpolitico.mx\/index.php?rest_route=\/wp\/v2\/media\/115724"}],"wp:attachment":[{"href":"https:\/\/quehacerpolitico.mx\/index.php?rest_route=%2Fwp%2Fv2%2Fmedia&parent=115723"}],"wp:term":[{"taxonomy":"category","embeddable":true,"href":"https:\/\/quehacerpolitico.mx\/index.php?rest_route=%2Fwp%2Fv2%2Fcategories&post=115723"},{"taxonomy":"post_tag","embeddable":true,"href":"https:\/\/quehacerpolitico.mx\/index.php?rest_route=%2Fwp%2Fv2%2Ftags&post=115723"}],"curies":[{"name":"wp","href":"https:\/\/api.w.org\/{rel}","templated":true}]}}