{"id":115699,"date":"2025-04-02T12:43:29","date_gmt":"2025-04-02T18:43:29","guid":{"rendered":"https:\/\/quehacerpolitico.mx\/?p=115699"},"modified":"2025-04-02T12:43:31","modified_gmt":"2025-04-02T18:43:31","slug":"mexico-cumplira-con-el-tratado-de-aguas-con-eu-sheinbaum","status":"publish","type":"post","link":"https:\/\/quehacerpolitico.mx\/?p=115699","title":{"rendered":"M\u00e9xico cumplir\u00e1 con el Tratado de Aguas con EU: Sheinbaum"},"content":{"rendered":"\n<p>Por Redacci\u00f3n QP<\/p>\n\n\n\n<p>La Presidenta Sheinbaum aclar\u00f3 que el Tratado de Aguas se cumplir\u00e1 \u201cpoco a poco\u201d debido a la sequ\u00eda<\/p>\n\n\n\n<p>La<strong>&nbsp;Presidenta de M\u00e9xico<\/strong>,&nbsp;<strong>Claudia Sheinbaum<\/strong>, afirm\u00f3 que se cumplir\u00e1 con el&nbsp;<strong>Tratado de la Distribuci\u00f3n de Aguas Internacionales&nbsp;<\/strong>de&nbsp;<strong>Estados Unidos&nbsp;<\/strong>\u201cpoco a poco\u201d debido a los&nbsp;<strong>problemas de sequ\u00eda<\/strong>&nbsp;que enfrenta el pa\u00eds. Ante ello, revel\u00f3 que&nbsp;<strong>ya \u201chay un acuerdo\u201d&nbsp;<\/strong>despu\u00e9s de que funcionarios estadounidenses&nbsp;<strong>acusaron a M\u00e9xico de adeudar la provisi\u00f3n del l\u00edquido&nbsp;<\/strong>que debe entregar dentro del pacto fronterizo.<\/p>\n\n\n\n<p>&#8220;Hay acuerdo, en este momento<strong>&nbsp;hay negociaci\u00f3n con Estados Unidos porque ha habido muchos a\u00f1os de sequ\u00eda,&nbsp;<\/strong>entonces ahora el (r\u00edo) Bravo (o Grande) tiene menos agua, pero&nbsp;<strong>vamos a cumplir con el acuerdo poco a poco,<\/strong>&nbsp;y por eso hay este di\u00e1logo&#8221;, sostuvo la Mandataria en su conferencia matutina.<\/p>\n\n\n\n<p>La presi\u00f3n creci\u00f3 tras un pronunciamiento de&nbsp;<strong>legisladores de Texas<\/strong>&nbsp;en marzo en el que&nbsp;<strong>urgieron al presidente de Estados Unidos, Donald Trump,<\/strong>&nbsp;a incluir en las<strong>&nbsp;negociaciones de aranceles con M\u00e9xico<\/strong>&nbsp;presiones para que&nbsp;<strong>cumpla con la distribuci\u00f3n fronteriza del agua<\/strong>&nbsp;pactada en el tratado de 1944.<\/p>\n\n\n\n<p>En el documento se\u00f1alaron\u00a0<strong>p\u00e9rdidas que ascienden a unos 993 millones de d\u00f3lares anuales\u00a0<\/strong>en el sur de\u00a0<strong>Texas\u00a0<\/strong>por la<strong>\u00a0falta de agua para la irrigaci\u00f3n<\/strong>, seg\u00fan c\u00e1lculos de la universidad Texas A&amp;M.<\/p>\n\n\n\n<p>Pero la sequ\u00eda y la<strong>\u00a0&#8220;situaci\u00f3n cr\u00edtica&#8221; de las cuencas del r\u00edo Colorado y el r\u00edo Bravo<\/strong>, origen del agua para los acuerdos, han complicado el cumplimiento del pacto, seg\u00fan explic\u00f3 a EFE Rosario S\u00e1nchez, directora del<strong>\u00a0Foro Permanente de Aguas Binacionales.<\/strong><\/p>\n\n\n\n<p><strong>Sheinbaum&nbsp;<\/strong>insisti\u00f3 en que &#8220;<strong>hay di\u00e1logo con Estados Unidos,<\/strong>&nbsp;a trav\u00e9s de CILA&#8221;, la Comisi\u00f3n Internacional de L\u00edmites y Aguas.<\/p>\n\n\n\n<p>Tambi\u00e9n record\u00f3 que present\u00f3 a comienzos de s<strong>u Gobierno el Plan Nacional H\u00eddrico<\/strong>, que contempla tecnificar 200 mil hect\u00e1reas de riego agropecuario y una inversi\u00f3n inicial de 20 mil millones de pesos (983,7 millones de d\u00f3lares) en 2025.<\/p>\n\n\n\n<p>&#8220;Estamos haciendo, en particular en la frontera norte, aunque no s\u00f3lo porque es en todo el pa\u00eds, todo el&nbsp;<strong>programa de tecnificaci\u00f3n de riego agr\u00edcola<\/strong>, eso va a ser muy importante porque va a hacer m\u00e1s productivo el campo con menos agua, es algo que&nbsp;<strong>Estados Unidos&nbsp;<\/strong>hab\u00eda estado solicitando a&nbsp;<strong>M\u00e9xico<\/strong>&#8220;, coment\u00f3.<\/p>\n\n\n\n<p>Con informaci\u00f3n de EFE<\/p>\n","protected":false},"excerpt":{"rendered":"<p>Por Redacci\u00f3n QP La Presidenta Sheinbaum aclar\u00f3 que el Tratado de Aguas se cumplir\u00e1 \u201cpoco&#8230;<\/p>\n","protected":false},"author":2,"featured_media":115700,"comment_status":"open","ping_status":"open","sticky":false,"template":"","format":"standard","meta":{"_monsterinsights_skip_tracking":false,"_monsterinsights_sitenote_active":false,"_monsterinsights_sitenote_note":"","_monsterinsights_sitenote_category":0,"footnotes":""},"categories":[280,2],"tags":[],"class_list":["post-115699","post","type-post","status-publish","format-standard","has-post-thumbnail","hentry","category-nacionales","category-noticias"],"yoast_head":"<!-- This site is optimized with the Yoast SEO plugin v27.3 - https:\/\/yoast.com\/product\/yoast-seo-wordpress\/ -->\n<title>M\u00e9xico cumplir\u00e1 con el Tratado de Aguas con EU: Sheinbaum -<\/title>\n<meta name=\"robots\" content=\"index, follow, max-snippet:-1, max-image-preview:large, max-video-preview:-1\" \/>\n<link rel=\"canonical\" href=\"https:\/\/quehacerpolitico.mx\/?p=115699\" \/>\n<meta property=\"og:locale\" content=\"es_MX\" \/>\n<meta property=\"og:type\" content=\"article\" \/>\n<meta property=\"og:title\" content=\"M\u00e9xico cumplir\u00e1 con el Tratado de Aguas con EU: Sheinbaum -\" \/>\n<meta property=\"og:description\" content=\"Por Redacci\u00f3n QP La Presidenta Sheinbaum aclar\u00f3 que el Tratado de Aguas se cumplir\u00e1 \u201cpoco...\" \/>\n<meta property=\"og:url\" content=\"https:\/\/quehacerpolitico.mx\/?p=115699\" \/>\n<meta property=\"article:published_time\" content=\"2025-04-02T18:43:29+00:00\" \/>\n<meta property=\"article:modified_time\" content=\"2025-04-02T18:43:31+00:00\" \/>\n<meta property=\"og:image\" content=\"https:\/\/quehacerpolitico.mx\/wp-content\/uploads\/2025\/04\/IMG_1625.jpeg\" \/>\n\t<meta property=\"og:image:width\" content=\"1284\" \/>\n\t<meta property=\"og:image:height\" content=\"632\" \/>\n\t<meta property=\"og:image:type\" content=\"image\/jpeg\" \/>\n<meta name=\"author\" content=\"Redacci\u00f3n QP\" \/>\n<meta name=\"twitter:card\" content=\"summary_large_image\" \/>\n<meta name=\"twitter:label1\" content=\"Escrito por\" \/>\n\t<meta name=\"twitter:data1\" content=\"Redacci\u00f3n QP\" \/>\n\t<meta name=\"twitter:label2\" content=\"Tiempo de lectura\" \/>\n\t<meta name=\"twitter:data2\" content=\"2 minutos\" \/>\n<script type=\"application\/ld+json\" class=\"yoast-schema-graph\">{\"@context\":\"https:\\\/\\\/schema.org\",\"@graph\":[{\"@type\":\"Article\",\"@id\":\"https:\\\/\\\/quehacerpolitico.mx\\\/?p=115699#article\",\"isPartOf\":{\"@id\":\"https:\\\/\\\/quehacerpolitico.mx\\\/?p=115699\"},\"author\":{\"name\":\"Redacci\u00f3n QP\",\"@id\":\"https:\\\/\\\/quehacerpolitico.mx\\\/#\\\/schema\\\/person\\\/496d8ad2d1d3f8036101dca7ee39e585\"},\"headline\":\"M\u00e9xico cumplir\u00e1 con el Tratado de Aguas con EU: Sheinbaum\",\"datePublished\":\"2025-04-02T18:43:29+00:00\",\"dateModified\":\"2025-04-02T18:43:31+00:00\",\"mainEntityOfPage\":{\"@id\":\"https:\\\/\\\/quehacerpolitico.mx\\\/?p=115699\"},\"wordCount\":459,\"commentCount\":0,\"image\":{\"@id\":\"https:\\\/\\\/quehacerpolitico.mx\\\/?p=115699#primaryimage\"},\"thumbnailUrl\":\"https:\\\/\\\/quehacerpolitico.mx\\\/wp-content\\\/uploads\\\/2025\\\/04\\\/IMG_1625.jpeg\",\"articleSection\":[\"Nacionales\",\"Noticias\"],\"inLanguage\":\"es\",\"potentialAction\":[{\"@type\":\"CommentAction\",\"name\":\"Comment\",\"target\":[\"https:\\\/\\\/quehacerpolitico.mx\\\/?p=115699#respond\"]}]},{\"@type\":\"WebPage\",\"@id\":\"https:\\\/\\\/quehacerpolitico.mx\\\/?p=115699\",\"url\":\"https:\\\/\\\/quehacerpolitico.mx\\\/?p=115699\",\"name\":\"M\u00e9xico cumplir\u00e1 con el Tratado de Aguas con EU: Sheinbaum -\",\"isPartOf\":{\"@id\":\"https:\\\/\\\/quehacerpolitico.mx\\\/#website\"},\"primaryImageOfPage\":{\"@id\":\"https:\\\/\\\/quehacerpolitico.mx\\\/?p=115699#primaryimage\"},\"image\":{\"@id\":\"https:\\\/\\\/quehacerpolitico.mx\\\/?p=115699#primaryimage\"},\"thumbnailUrl\":\"https:\\\/\\\/quehacerpolitico.mx\\\/wp-content\\\/uploads\\\/2025\\\/04\\\/IMG_1625.jpeg\",\"datePublished\":\"2025-04-02T18:43:29+00:00\",\"dateModified\":\"2025-04-02T18:43:31+00:00\",\"author\":{\"@id\":\"https:\\\/\\\/quehacerpolitico.mx\\\/#\\\/schema\\\/person\\\/496d8ad2d1d3f8036101dca7ee39e585\"},\"breadcrumb\":{\"@id\":\"https:\\\/\\\/quehacerpolitico.mx\\\/?p=115699#breadcrumb\"},\"inLanguage\":\"es\",\"potentialAction\":[{\"@type\":\"ReadAction\",\"target\":[\"https:\\\/\\\/quehacerpolitico.mx\\\/?p=115699\"]}]},{\"@type\":\"ImageObject\",\"inLanguage\":\"es\",\"@id\":\"https:\\\/\\\/quehacerpolitico.mx\\\/?p=115699#primaryimage\",\"url\":\"https:\\\/\\\/quehacerpolitico.mx\\\/wp-content\\\/uploads\\\/2025\\\/04\\\/IMG_1625.jpeg\",\"contentUrl\":\"https:\\\/\\\/quehacerpolitico.mx\\\/wp-content\\\/uploads\\\/2025\\\/04\\\/IMG_1625.jpeg\",\"width\":1284,\"height\":632,\"caption\":\"Screenshot\"},{\"@type\":\"BreadcrumbList\",\"@id\":\"https:\\\/\\\/quehacerpolitico.mx\\\/?p=115699#breadcrumb\",\"itemListElement\":[{\"@type\":\"ListItem\",\"position\":1,\"name\":\"Inicio\",\"item\":\"https:\\\/\\\/quehacerpolitico.mx\\\/\"},{\"@type\":\"ListItem\",\"position\":2,\"name\":\"M\u00e9xico cumplir\u00e1 con el Tratado de Aguas con EU: Sheinbaum\"}]},{\"@type\":\"WebSite\",\"@id\":\"https:\\\/\\\/quehacerpolitico.mx\\\/#website\",\"url\":\"https:\\\/\\\/quehacerpolitico.mx\\\/\",\"name\":\"\",\"description\":\"\",\"potentialAction\":[{\"@type\":\"SearchAction\",\"target\":{\"@type\":\"EntryPoint\",\"urlTemplate\":\"https:\\\/\\\/quehacerpolitico.mx\\\/?s={search_term_string}\"},\"query-input\":{\"@type\":\"PropertyValueSpecification\",\"valueRequired\":true,\"valueName\":\"search_term_string\"}}],\"inLanguage\":\"es\"},{\"@type\":\"Person\",\"@id\":\"https:\\\/\\\/quehacerpolitico.mx\\\/#\\\/schema\\\/person\\\/496d8ad2d1d3f8036101dca7ee39e585\",\"name\":\"Redacci\u00f3n QP\",\"image\":{\"@type\":\"ImageObject\",\"inLanguage\":\"es\",\"@id\":\"https:\\\/\\\/secure.gravatar.com\\\/avatar\\\/c7164ed6fdec453195284ad24a5ae5b6e1eed2b848477fa2a4787ba9adf39a41?s=96&d=mm&r=g\",\"url\":\"https:\\\/\\\/secure.gravatar.com\\\/avatar\\\/c7164ed6fdec453195284ad24a5ae5b6e1eed2b848477fa2a4787ba9adf39a41?s=96&d=mm&r=g\",\"contentUrl\":\"https:\\\/\\\/secure.gravatar.com\\\/avatar\\\/c7164ed6fdec453195284ad24a5ae5b6e1eed2b848477fa2a4787ba9adf39a41?s=96&d=mm&r=g\",\"caption\":\"Redacci\u00f3n QP\"},\"url\":\"https:\\\/\\\/quehacerpolitico.mx\\\/?author=2\"}]}<\/script>\n<!-- \/ Yoast SEO plugin. -->","yoast_head_json":{"title":"M\u00e9xico cumplir\u00e1 con el Tratado de Aguas con EU: Sheinbaum -","robots":{"index":"index","follow":"follow","max-snippet":"max-snippet:-1","max-image-preview":"max-image-preview:large","max-video-preview":"max-video-preview:-1"},"canonical":"https:\/\/quehacerpolitico.mx\/?p=115699","og_locale":"es_MX","og_type":"article","og_title":"M\u00e9xico cumplir\u00e1 con el Tratado de Aguas con EU: Sheinbaum -","og_description":"Por Redacci\u00f3n QP La Presidenta Sheinbaum aclar\u00f3 que el Tratado de Aguas se cumplir\u00e1 \u201cpoco...","og_url":"https:\/\/quehacerpolitico.mx\/?p=115699","article_published_time":"2025-04-02T18:43:29+00:00","article_modified_time":"2025-04-02T18:43:31+00:00","og_image":[{"width":1284,"height":632,"url":"https:\/\/quehacerpolitico.mx\/wp-content\/uploads\/2025\/04\/IMG_1625.jpeg","type":"image\/jpeg"}],"author":"Redacci\u00f3n QP","twitter_card":"summary_large_image","twitter_misc":{"Escrito por":"Redacci\u00f3n QP","Tiempo de lectura":"2 minutos"},"schema":{"@context":"https:\/\/schema.org","@graph":[{"@type":"Article","@id":"https:\/\/quehacerpolitico.mx\/?p=115699#article","isPartOf":{"@id":"https:\/\/quehacerpolitico.mx\/?p=115699"},"author":{"name":"Redacci\u00f3n QP","@id":"https:\/\/quehacerpolitico.mx\/#\/schema\/person\/496d8ad2d1d3f8036101dca7ee39e585"},"headline":"M\u00e9xico cumplir\u00e1 con el Tratado de Aguas con EU: Sheinbaum","datePublished":"2025-04-02T18:43:29+00:00","dateModified":"2025-04-02T18:43:31+00:00","mainEntityOfPage":{"@id":"https:\/\/quehacerpolitico.mx\/?p=115699"},"wordCount":459,"commentCount":0,"image":{"@id":"https:\/\/quehacerpolitico.mx\/?p=115699#primaryimage"},"thumbnailUrl":"https:\/\/quehacerpolitico.mx\/wp-content\/uploads\/2025\/04\/IMG_1625.jpeg","articleSection":["Nacionales","Noticias"],"inLanguage":"es","potentialAction":[{"@type":"CommentAction","name":"Comment","target":["https:\/\/quehacerpolitico.mx\/?p=115699#respond"]}]},{"@type":"WebPage","@id":"https:\/\/quehacerpolitico.mx\/?p=115699","url":"https:\/\/quehacerpolitico.mx\/?p=115699","name":"M\u00e9xico cumplir\u00e1 con el Tratado de Aguas con EU: Sheinbaum -","isPartOf":{"@id":"https:\/\/quehacerpolitico.mx\/#website"},"primaryImageOfPage":{"@id":"https:\/\/quehacerpolitico.mx\/?p=115699#primaryimage"},"image":{"@id":"https:\/\/quehacerpolitico.mx\/?p=115699#primaryimage"},"thumbnailUrl":"https:\/\/quehacerpolitico.mx\/wp-content\/uploads\/2025\/04\/IMG_1625.jpeg","datePublished":"2025-04-02T18:43:29+00:00","dateModified":"2025-04-02T18:43:31+00:00","author":{"@id":"https:\/\/quehacerpolitico.mx\/#\/schema\/person\/496d8ad2d1d3f8036101dca7ee39e585"},"breadcrumb":{"@id":"https:\/\/quehacerpolitico.mx\/?p=115699#breadcrumb"},"inLanguage":"es","potentialAction":[{"@type":"ReadAction","target":["https:\/\/quehacerpolitico.mx\/?p=115699"]}]},{"@type":"ImageObject","inLanguage":"es","@id":"https:\/\/quehacerpolitico.mx\/?p=115699#primaryimage","url":"https:\/\/quehacerpolitico.mx\/wp-content\/uploads\/2025\/04\/IMG_1625.jpeg","contentUrl":"https:\/\/quehacerpolitico.mx\/wp-content\/uploads\/2025\/04\/IMG_1625.jpeg","width":1284,"height":632,"caption":"Screenshot"},{"@type":"BreadcrumbList","@id":"https:\/\/quehacerpolitico.mx\/?p=115699#breadcrumb","itemListElement":[{"@type":"ListItem","position":1,"name":"Inicio","item":"https:\/\/quehacerpolitico.mx\/"},{"@type":"ListItem","position":2,"name":"M\u00e9xico cumplir\u00e1 con el Tratado de Aguas con EU: Sheinbaum"}]},{"@type":"WebSite","@id":"https:\/\/quehacerpolitico.mx\/#website","url":"https:\/\/quehacerpolitico.mx\/","name":"","description":"","potentialAction":[{"@type":"SearchAction","target":{"@type":"EntryPoint","urlTemplate":"https:\/\/quehacerpolitico.mx\/?s={search_term_string}"},"query-input":{"@type":"PropertyValueSpecification","valueRequired":true,"valueName":"search_term_string"}}],"inLanguage":"es"},{"@type":"Person","@id":"https:\/\/quehacerpolitico.mx\/#\/schema\/person\/496d8ad2d1d3f8036101dca7ee39e585","name":"Redacci\u00f3n QP","image":{"@type":"ImageObject","inLanguage":"es","@id":"https:\/\/secure.gravatar.com\/avatar\/c7164ed6fdec453195284ad24a5ae5b6e1eed2b848477fa2a4787ba9adf39a41?s=96&d=mm&r=g","url":"https:\/\/secure.gravatar.com\/avatar\/c7164ed6fdec453195284ad24a5ae5b6e1eed2b848477fa2a4787ba9adf39a41?s=96&d=mm&r=g","contentUrl":"https:\/\/secure.gravatar.com\/avatar\/c7164ed6fdec453195284ad24a5ae5b6e1eed2b848477fa2a4787ba9adf39a41?s=96&d=mm&r=g","caption":"Redacci\u00f3n QP"},"url":"https:\/\/quehacerpolitico.mx\/?author=2"}]}},"featured_image_urls":{"full":["https:\/\/quehacerpolitico.mx\/wp-content\/uploads\/2025\/04\/IMG_1625.jpeg",1284,632,false],"thumbnail":["https:\/\/quehacerpolitico.mx\/wp-content\/uploads\/2025\/04\/IMG_1625-150x150.jpeg",150,150,true],"medium":["https:\/\/quehacerpolitico.mx\/wp-content\/uploads\/2025\/04\/IMG_1625-300x148.jpeg",300,148,true],"medium_large":["https:\/\/quehacerpolitico.mx\/wp-content\/uploads\/2025\/04\/IMG_1625-768x378.jpeg",640,315,true],"large":["https:\/\/quehacerpolitico.mx\/wp-content\/uploads\/2025\/04\/IMG_1625-1024x504.jpeg",640,315,true],"1536x1536":["https:\/\/quehacerpolitico.mx\/wp-content\/uploads\/2025\/04\/IMG_1625.jpeg",1284,632,false],"2048x2048":["https:\/\/quehacerpolitico.mx\/wp-content\/uploads\/2025\/04\/IMG_1625.jpeg",1284,632,false],"covernews-featured":["https:\/\/quehacerpolitico.mx\/wp-content\/uploads\/2025\/04\/IMG_1625-1024x504.jpeg",1024,504,true],"covernews-medium":["https:\/\/quehacerpolitico.mx\/wp-content\/uploads\/2025\/04\/IMG_1625-540x340.jpeg",540,340,true]},"author_info":{"display_name":"Redacci\u00f3n QP","author_link":"https:\/\/quehacerpolitico.mx\/?author=2"},"category_info":"<a href=\"https:\/\/quehacerpolitico.mx\/?cat=280\" rel=\"category\">Nacionales<\/a> <a href=\"https:\/\/quehacerpolitico.mx\/?cat=2\" rel=\"category\">Noticias<\/a>","tag_info":"Noticias","comment_count":"0","_links":{"self":[{"href":"https:\/\/quehacerpolitico.mx\/index.php?rest_route=\/wp\/v2\/posts\/115699","targetHints":{"allow":["GET"]}}],"collection":[{"href":"https:\/\/quehacerpolitico.mx\/index.php?rest_route=\/wp\/v2\/posts"}],"about":[{"href":"https:\/\/quehacerpolitico.mx\/index.php?rest_route=\/wp\/v2\/types\/post"}],"author":[{"embeddable":true,"href":"https:\/\/quehacerpolitico.mx\/index.php?rest_route=\/wp\/v2\/users\/2"}],"replies":[{"embeddable":true,"href":"https:\/\/quehacerpolitico.mx\/index.php?rest_route=%2Fwp%2Fv2%2Fcomments&post=115699"}],"version-history":[{"count":1,"href":"https:\/\/quehacerpolitico.mx\/index.php?rest_route=\/wp\/v2\/posts\/115699\/revisions"}],"predecessor-version":[{"id":115701,"href":"https:\/\/quehacerpolitico.mx\/index.php?rest_route=\/wp\/v2\/posts\/115699\/revisions\/115701"}],"wp:featuredmedia":[{"embeddable":true,"href":"https:\/\/quehacerpolitico.mx\/index.php?rest_route=\/wp\/v2\/media\/115700"}],"wp:attachment":[{"href":"https:\/\/quehacerpolitico.mx\/index.php?rest_route=%2Fwp%2Fv2%2Fmedia&parent=115699"}],"wp:term":[{"taxonomy":"category","embeddable":true,"href":"https:\/\/quehacerpolitico.mx\/index.php?rest_route=%2Fwp%2Fv2%2Fcategories&post=115699"},{"taxonomy":"post_tag","embeddable":true,"href":"https:\/\/quehacerpolitico.mx\/index.php?rest_route=%2Fwp%2Fv2%2Ftags&post=115699"}],"curies":[{"name":"wp","href":"https:\/\/api.w.org\/{rel}","templated":true}]}}