{"id":115675,"date":"2025-04-01T12:50:47","date_gmt":"2025-04-01T18:50:47","guid":{"rendered":"https:\/\/quehacerpolitico.mx\/?p=115675"},"modified":"2025-04-01T12:50:50","modified_gmt":"2025-04-01T18:50:50","slug":"sheinbaum-no-firmo-acuerdo-con-estados-unidos-para-compartir-datos-biometricos-porque-no-existe-un-registro","status":"publish","type":"post","link":"https:\/\/quehacerpolitico.mx\/?p=115675","title":{"rendered":"Sheinbaum no firm\u00f3 acuerdo con Estados Unidos para compartir datos biom\u00e9tricos porque no existe un registro"},"content":{"rendered":"\n<p>Por Redacci\u00f3n QP<\/p>\n\n\n\n<p>La presidenta Claudia Sheinbaum explic\u00f3 que en M\u00e9xico no hay una entidad que recopiple datos biom\u00e9tricos y que ese tema tendr\u00eda que ser parte de una mesa de trabajo<\/p>\n\n\n\n<p>La presidenta&nbsp;<strong>Claudia Sheinbaum&nbsp;<\/strong>revel\u00f3 este martes que&nbsp;<strong>no firm\u00f3 un acuerdo&nbsp;<\/strong>para&nbsp;<strong>compartir datos biom\u00e9tricos&nbsp;<\/strong>con&nbsp;<strong>Estados Unidos&nbsp;<\/strong>ni prometi\u00f3 &#8220;blindar&#8221; con&nbsp;<strong>militares<\/strong>&nbsp;la frontera con Centroam\u00e9rica durante su reuni\u00f3n con&nbsp;<strong>Kristi Noem<\/strong>, la secretaria estadounidense de&nbsp;<strong>Seguridad Nacional<\/strong>, el pasado viernes.<\/p>\n\n\n\n<p>Aunque Noem afirm\u00f3 el lunes a&nbsp;<em>Fox News&nbsp;<\/em>que dio a&nbsp;<strong>Sheinbaum<\/strong>&nbsp;&#8220;una lista de cosas que al presidente (Donald) Trump le encantar\u00eda ver&#8221;, la mandataria asegur\u00f3 que s\u00f3lo firm\u00f3 la<strong>renovaci\u00f3n<\/strong>&nbsp;de un&nbsp;<strong>memor\u00e1ndum de entendimiento<\/strong>, acordado en julio de 2022, para&nbsp;<strong>compartir informaci\u00f3n&nbsp;<\/strong>entre las<strong>agencias de aduanas<\/strong>&nbsp;de ambos pa\u00edses.<\/p>\n\n\n\n<figure class=\"wp-block-embed is-type-rich is-provider-twitter wp-block-embed-twitter\"><div class=\"wp-block-embed__wrapper\">\n<blockquote class=\"twitter-tweet\" data-width=\"550\" data-dnt=\"true\"><p lang=\"es\" dir=\"ltr\">\u201cLa presidenta responde a una sola autoridad: el Pueblo de M\u00e9xico\u201d, dice <a href=\"https:\/\/twitter.com\/Claudiashein?ref_src=twsrc%5Etfw\">@Claudiashein<\/a>. <br><br>Neg\u00f3 un acuerdo con <a href=\"https:\/\/twitter.com\/hashtag\/EU?src=hash&amp;ref_src=twsrc%5Etfw\">#EU<\/a> sobre datos biom\u00e9tricos de migrantes y aclar\u00f3 que solo se ratific\u00f3 un convenio de revisi\u00f3n de paqueter\u00eda en su reuni\u00f3n con Kristi Noem. \ud83c\uddf2\ud83c\uddfd\ud83e\udd1d <a href=\"https:\/\/twitter.com\/hashtag\/Soberan%C3%ADa?src=hash&amp;ref_src=twsrc%5Etfw\">#Soberan\u00eda<\/a> <a href=\"https:\/\/twitter.com\/hashtag\/M%C3%A9xico?src=hash&amp;ref_src=twsrc%5Etfw\">#M\u00e9xico<\/a> <a href=\"https:\/\/t.co\/RDwjhKtXhp\">pic.twitter.com\/RDwjhKtXhp<\/a><\/p>&mdash; Manuel Lopez San Martin (@MLopezSanMartin) <a href=\"https:\/\/twitter.com\/MLopezSanMartin\/status\/1907090885830996131?ref_src=twsrc%5Etfw\">April 1, 2025<\/a><\/blockquote><script async src=\"https:\/\/platform.twitter.com\/widgets.js\" charset=\"utf-8\"><\/script>\n<\/div><\/figure>\n\n\n\n<p>\u201cEn el caso de<strong>&nbsp;datos biom\u00e9tricos<\/strong>, yo le explicaba a la secretaria que en el caso de&nbsp;<strong>M\u00e9xico<\/strong>&nbsp;no tenemos una identidad de datos biom\u00e9tricos y que, en todo caso, eso tendr\u00eda que ser parte de una mesa de trabajo, entonces el segundo acuerdo&nbsp;<strong>no se firm\u00f3<\/strong>&#8220;, expuso Claudia Sheinbaum en su conferencia matutina.<\/p>\n\n\n\n<p>La presidenta reaccion\u00f3 a las declaraciones de&nbsp;<strong>Noem<\/strong>, quien desvel\u00f3 este lunes que en la reuni\u00f3n del viernes le pidi\u00f3 reforzar la frontera con&nbsp;<strong>Guatemala<\/strong>&nbsp;y compartir datos biom\u00e9tricos de<strong>&nbsp;migrantes<\/strong>&nbsp;y viajeros con las autoridades estadounidenses.<\/p>\n\n\n\n<p>La secretaria se\u00f1al\u00f3 tambi\u00e9n la necesidad de escanear los env\u00edos que llegan a&nbsp;<strong>Estados Unidos&nbsp;<\/strong>por v\u00eda a\u00e9rea y verificar con M\u00e9xico antecedentes penales.<\/p>\n\n\n\n<p>Ante estas declaraciones,&nbsp;<strong>Sheinbaum<\/strong>sostuvo que ella argument\u00f3 &#8220;que la mejor manera, no de blindar, sino de atender la&nbsp;<strong>migraci\u00f3n<\/strong>&nbsp;en la frontera sur, es hacer un polo de desarrollo entre&nbsp;<strong>Guatemala y M\u00e9xico<\/strong>&#8220;.<\/p>\n\n\n\n<p>La mandataria, quien busca construir dos centros industriales en&nbsp;<strong>Tapachula<\/strong>, la mayor ciudad de la frontera sur, y extender el Tren Interoc\u00e9anico hasta Guatemala, consider\u00f3 que &#8220;esa ser\u00eda la mejor forma, mejor eso a tener soldados en toda la frontera sur&#8221;.<\/p>\n\n\n\n<p>&#8220;De todas maneras nosotros trabajamos en el&nbsp;<strong>rescate humanitario<\/strong>&nbsp;de migrantes en todo el territorio nacional y le explicamos esta pol\u00edtica que venimos desarrollando desde hace tiempo, que adem\u00e1s de evitar que lleguen las personas al norte, que sean atendidas en nuestro territorio&#8221;, manifest\u00f3.&nbsp;<\/p>\n\n\n\n<p>El di\u00e1logo ocurre en v\u00edsperas de las nuevas&nbsp;<strong>medidas comerciales de Trump<\/strong>, quien ha amenazado con imponer aranceles del 25% a todos los productos de&nbsp;<strong>M\u00e9xico y Canad\u00e1<\/strong>&nbsp;si no se reduce el tr\u00e1fico de fentanilo y migrantes que entra a Estados Unidos.&nbsp;<\/p>\n\n\n\n<p>\u201cHay que repetirlo siempre porque no se puede olvidar, que nosotros nos coordinamos, pero no nos subordinamos, que colaboramos, y tambi\u00e9n que la presidenta le responde a una sola autoridad y esa se llama: el pueblo de M\u00e9xico&#8221;, reafirm\u00f3 Sheinbaum.<\/p>\n\n\n\n<p>Con informaci\u00f3n de EFE<\/p>\n","protected":false},"excerpt":{"rendered":"<p>Por Redacci\u00f3n QP La presidenta Claudia Sheinbaum explic\u00f3 que en M\u00e9xico no hay una entidad&#8230;<\/p>\n","protected":false},"author":2,"featured_media":115676,"comment_status":"open","ping_status":"open","sticky":false,"template":"","format":"standard","meta":{"_monsterinsights_skip_tracking":false,"_monsterinsights_sitenote_active":false,"_monsterinsights_sitenote_note":"","_monsterinsights_sitenote_category":0,"footnotes":""},"categories":[280,2],"tags":[],"class_list":["post-115675","post","type-post","status-publish","format-standard","has-post-thumbnail","hentry","category-nacionales","category-noticias"],"yoast_head":"<!-- This site is optimized with the Yoast SEO plugin v27.3 - https:\/\/yoast.com\/product\/yoast-seo-wordpress\/ -->\n<title>Sheinbaum no firm\u00f3 acuerdo con Estados Unidos para compartir datos biom\u00e9tricos porque no existe un registro -<\/title>\n<meta name=\"robots\" content=\"index, follow, max-snippet:-1, max-image-preview:large, max-video-preview:-1\" \/>\n<link rel=\"canonical\" href=\"https:\/\/quehacerpolitico.mx\/?p=115675\" \/>\n<meta property=\"og:locale\" content=\"es_MX\" \/>\n<meta property=\"og:type\" content=\"article\" \/>\n<meta property=\"og:title\" content=\"Sheinbaum no firm\u00f3 acuerdo con Estados Unidos para compartir datos biom\u00e9tricos porque no existe un registro -\" \/>\n<meta property=\"og:description\" content=\"Por Redacci\u00f3n QP La presidenta Claudia Sheinbaum explic\u00f3 que en M\u00e9xico no hay una entidad...\" \/>\n<meta property=\"og:url\" content=\"https:\/\/quehacerpolitico.mx\/?p=115675\" \/>\n<meta property=\"article:published_time\" content=\"2025-04-01T18:50:47+00:00\" \/>\n<meta property=\"article:modified_time\" content=\"2025-04-01T18:50:50+00:00\" \/>\n<meta property=\"og:image\" content=\"https:\/\/quehacerpolitico.mx\/wp-content\/uploads\/2025\/04\/IMG_1603.jpeg\" \/>\n\t<meta property=\"og:image:width\" content=\"1054\" \/>\n\t<meta property=\"og:image:height\" content=\"706\" \/>\n\t<meta property=\"og:image:type\" content=\"image\/jpeg\" \/>\n<meta name=\"author\" content=\"Redacci\u00f3n QP\" \/>\n<meta name=\"twitter:card\" content=\"summary_large_image\" \/>\n<meta name=\"twitter:label1\" content=\"Escrito por\" \/>\n\t<meta name=\"twitter:data1\" content=\"Redacci\u00f3n QP\" \/>\n\t<meta name=\"twitter:label2\" content=\"Tiempo de lectura\" \/>\n\t<meta name=\"twitter:data2\" content=\"3 minutos\" \/>\n<script type=\"application\/ld+json\" class=\"yoast-schema-graph\">{\"@context\":\"https:\\\/\\\/schema.org\",\"@graph\":[{\"@type\":\"Article\",\"@id\":\"https:\\\/\\\/quehacerpolitico.mx\\\/?p=115675#article\",\"isPartOf\":{\"@id\":\"https:\\\/\\\/quehacerpolitico.mx\\\/?p=115675\"},\"author\":{\"name\":\"Redacci\u00f3n QP\",\"@id\":\"https:\\\/\\\/quehacerpolitico.mx\\\/#\\\/schema\\\/person\\\/496d8ad2d1d3f8036101dca7ee39e585\"},\"headline\":\"Sheinbaum no firm\u00f3 acuerdo con Estados Unidos para compartir datos biom\u00e9tricos porque no existe un registro\",\"datePublished\":\"2025-04-01T18:50:47+00:00\",\"dateModified\":\"2025-04-01T18:50:50+00:00\",\"mainEntityOfPage\":{\"@id\":\"https:\\\/\\\/quehacerpolitico.mx\\\/?p=115675\"},\"wordCount\":554,\"commentCount\":0,\"image\":{\"@id\":\"https:\\\/\\\/quehacerpolitico.mx\\\/?p=115675#primaryimage\"},\"thumbnailUrl\":\"https:\\\/\\\/quehacerpolitico.mx\\\/wp-content\\\/uploads\\\/2025\\\/04\\\/IMG_1603.jpeg\",\"articleSection\":[\"Nacionales\",\"Noticias\"],\"inLanguage\":\"es\",\"potentialAction\":[{\"@type\":\"CommentAction\",\"name\":\"Comment\",\"target\":[\"https:\\\/\\\/quehacerpolitico.mx\\\/?p=115675#respond\"]}]},{\"@type\":\"WebPage\",\"@id\":\"https:\\\/\\\/quehacerpolitico.mx\\\/?p=115675\",\"url\":\"https:\\\/\\\/quehacerpolitico.mx\\\/?p=115675\",\"name\":\"Sheinbaum no firm\u00f3 acuerdo con Estados Unidos para compartir datos biom\u00e9tricos porque no existe un registro -\",\"isPartOf\":{\"@id\":\"https:\\\/\\\/quehacerpolitico.mx\\\/#website\"},\"primaryImageOfPage\":{\"@id\":\"https:\\\/\\\/quehacerpolitico.mx\\\/?p=115675#primaryimage\"},\"image\":{\"@id\":\"https:\\\/\\\/quehacerpolitico.mx\\\/?p=115675#primaryimage\"},\"thumbnailUrl\":\"https:\\\/\\\/quehacerpolitico.mx\\\/wp-content\\\/uploads\\\/2025\\\/04\\\/IMG_1603.jpeg\",\"datePublished\":\"2025-04-01T18:50:47+00:00\",\"dateModified\":\"2025-04-01T18:50:50+00:00\",\"author\":{\"@id\":\"https:\\\/\\\/quehacerpolitico.mx\\\/#\\\/schema\\\/person\\\/496d8ad2d1d3f8036101dca7ee39e585\"},\"breadcrumb\":{\"@id\":\"https:\\\/\\\/quehacerpolitico.mx\\\/?p=115675#breadcrumb\"},\"inLanguage\":\"es\",\"potentialAction\":[{\"@type\":\"ReadAction\",\"target\":[\"https:\\\/\\\/quehacerpolitico.mx\\\/?p=115675\"]}]},{\"@type\":\"ImageObject\",\"inLanguage\":\"es\",\"@id\":\"https:\\\/\\\/quehacerpolitico.mx\\\/?p=115675#primaryimage\",\"url\":\"https:\\\/\\\/quehacerpolitico.mx\\\/wp-content\\\/uploads\\\/2025\\\/04\\\/IMG_1603.jpeg\",\"contentUrl\":\"https:\\\/\\\/quehacerpolitico.mx\\\/wp-content\\\/uploads\\\/2025\\\/04\\\/IMG_1603.jpeg\",\"width\":1054,\"height\":706,\"caption\":\"Screenshot\"},{\"@type\":\"BreadcrumbList\",\"@id\":\"https:\\\/\\\/quehacerpolitico.mx\\\/?p=115675#breadcrumb\",\"itemListElement\":[{\"@type\":\"ListItem\",\"position\":1,\"name\":\"Inicio\",\"item\":\"https:\\\/\\\/quehacerpolitico.mx\\\/\"},{\"@type\":\"ListItem\",\"position\":2,\"name\":\"Sheinbaum no firm\u00f3 acuerdo con Estados Unidos para compartir datos biom\u00e9tricos porque no existe un registro\"}]},{\"@type\":\"WebSite\",\"@id\":\"https:\\\/\\\/quehacerpolitico.mx\\\/#website\",\"url\":\"https:\\\/\\\/quehacerpolitico.mx\\\/\",\"name\":\"\",\"description\":\"\",\"potentialAction\":[{\"@type\":\"SearchAction\",\"target\":{\"@type\":\"EntryPoint\",\"urlTemplate\":\"https:\\\/\\\/quehacerpolitico.mx\\\/?s={search_term_string}\"},\"query-input\":{\"@type\":\"PropertyValueSpecification\",\"valueRequired\":true,\"valueName\":\"search_term_string\"}}],\"inLanguage\":\"es\"},{\"@type\":\"Person\",\"@id\":\"https:\\\/\\\/quehacerpolitico.mx\\\/#\\\/schema\\\/person\\\/496d8ad2d1d3f8036101dca7ee39e585\",\"name\":\"Redacci\u00f3n QP\",\"image\":{\"@type\":\"ImageObject\",\"inLanguage\":\"es\",\"@id\":\"https:\\\/\\\/secure.gravatar.com\\\/avatar\\\/c7164ed6fdec453195284ad24a5ae5b6e1eed2b848477fa2a4787ba9adf39a41?s=96&d=mm&r=g\",\"url\":\"https:\\\/\\\/secure.gravatar.com\\\/avatar\\\/c7164ed6fdec453195284ad24a5ae5b6e1eed2b848477fa2a4787ba9adf39a41?s=96&d=mm&r=g\",\"contentUrl\":\"https:\\\/\\\/secure.gravatar.com\\\/avatar\\\/c7164ed6fdec453195284ad24a5ae5b6e1eed2b848477fa2a4787ba9adf39a41?s=96&d=mm&r=g\",\"caption\":\"Redacci\u00f3n QP\"},\"url\":\"https:\\\/\\\/quehacerpolitico.mx\\\/?author=2\"}]}<\/script>\n<!-- \/ Yoast SEO plugin. -->","yoast_head_json":{"title":"Sheinbaum no firm\u00f3 acuerdo con Estados Unidos para compartir datos biom\u00e9tricos porque no existe un registro -","robots":{"index":"index","follow":"follow","max-snippet":"max-snippet:-1","max-image-preview":"max-image-preview:large","max-video-preview":"max-video-preview:-1"},"canonical":"https:\/\/quehacerpolitico.mx\/?p=115675","og_locale":"es_MX","og_type":"article","og_title":"Sheinbaum no firm\u00f3 acuerdo con Estados Unidos para compartir datos biom\u00e9tricos porque no existe un registro -","og_description":"Por Redacci\u00f3n QP La presidenta Claudia Sheinbaum explic\u00f3 que en M\u00e9xico no hay una entidad...","og_url":"https:\/\/quehacerpolitico.mx\/?p=115675","article_published_time":"2025-04-01T18:50:47+00:00","article_modified_time":"2025-04-01T18:50:50+00:00","og_image":[{"width":1054,"height":706,"url":"https:\/\/quehacerpolitico.mx\/wp-content\/uploads\/2025\/04\/IMG_1603.jpeg","type":"image\/jpeg"}],"author":"Redacci\u00f3n QP","twitter_card":"summary_large_image","twitter_misc":{"Escrito por":"Redacci\u00f3n QP","Tiempo de lectura":"3 minutos"},"schema":{"@context":"https:\/\/schema.org","@graph":[{"@type":"Article","@id":"https:\/\/quehacerpolitico.mx\/?p=115675#article","isPartOf":{"@id":"https:\/\/quehacerpolitico.mx\/?p=115675"},"author":{"name":"Redacci\u00f3n QP","@id":"https:\/\/quehacerpolitico.mx\/#\/schema\/person\/496d8ad2d1d3f8036101dca7ee39e585"},"headline":"Sheinbaum no firm\u00f3 acuerdo con Estados Unidos para compartir datos biom\u00e9tricos porque no existe un registro","datePublished":"2025-04-01T18:50:47+00:00","dateModified":"2025-04-01T18:50:50+00:00","mainEntityOfPage":{"@id":"https:\/\/quehacerpolitico.mx\/?p=115675"},"wordCount":554,"commentCount":0,"image":{"@id":"https:\/\/quehacerpolitico.mx\/?p=115675#primaryimage"},"thumbnailUrl":"https:\/\/quehacerpolitico.mx\/wp-content\/uploads\/2025\/04\/IMG_1603.jpeg","articleSection":["Nacionales","Noticias"],"inLanguage":"es","potentialAction":[{"@type":"CommentAction","name":"Comment","target":["https:\/\/quehacerpolitico.mx\/?p=115675#respond"]}]},{"@type":"WebPage","@id":"https:\/\/quehacerpolitico.mx\/?p=115675","url":"https:\/\/quehacerpolitico.mx\/?p=115675","name":"Sheinbaum no firm\u00f3 acuerdo con Estados Unidos para compartir datos biom\u00e9tricos porque no existe un registro -","isPartOf":{"@id":"https:\/\/quehacerpolitico.mx\/#website"},"primaryImageOfPage":{"@id":"https:\/\/quehacerpolitico.mx\/?p=115675#primaryimage"},"image":{"@id":"https:\/\/quehacerpolitico.mx\/?p=115675#primaryimage"},"thumbnailUrl":"https:\/\/quehacerpolitico.mx\/wp-content\/uploads\/2025\/04\/IMG_1603.jpeg","datePublished":"2025-04-01T18:50:47+00:00","dateModified":"2025-04-01T18:50:50+00:00","author":{"@id":"https:\/\/quehacerpolitico.mx\/#\/schema\/person\/496d8ad2d1d3f8036101dca7ee39e585"},"breadcrumb":{"@id":"https:\/\/quehacerpolitico.mx\/?p=115675#breadcrumb"},"inLanguage":"es","potentialAction":[{"@type":"ReadAction","target":["https:\/\/quehacerpolitico.mx\/?p=115675"]}]},{"@type":"ImageObject","inLanguage":"es","@id":"https:\/\/quehacerpolitico.mx\/?p=115675#primaryimage","url":"https:\/\/quehacerpolitico.mx\/wp-content\/uploads\/2025\/04\/IMG_1603.jpeg","contentUrl":"https:\/\/quehacerpolitico.mx\/wp-content\/uploads\/2025\/04\/IMG_1603.jpeg","width":1054,"height":706,"caption":"Screenshot"},{"@type":"BreadcrumbList","@id":"https:\/\/quehacerpolitico.mx\/?p=115675#breadcrumb","itemListElement":[{"@type":"ListItem","position":1,"name":"Inicio","item":"https:\/\/quehacerpolitico.mx\/"},{"@type":"ListItem","position":2,"name":"Sheinbaum no firm\u00f3 acuerdo con Estados Unidos para compartir datos biom\u00e9tricos porque no existe un registro"}]},{"@type":"WebSite","@id":"https:\/\/quehacerpolitico.mx\/#website","url":"https:\/\/quehacerpolitico.mx\/","name":"","description":"","potentialAction":[{"@type":"SearchAction","target":{"@type":"EntryPoint","urlTemplate":"https:\/\/quehacerpolitico.mx\/?s={search_term_string}"},"query-input":{"@type":"PropertyValueSpecification","valueRequired":true,"valueName":"search_term_string"}}],"inLanguage":"es"},{"@type":"Person","@id":"https:\/\/quehacerpolitico.mx\/#\/schema\/person\/496d8ad2d1d3f8036101dca7ee39e585","name":"Redacci\u00f3n QP","image":{"@type":"ImageObject","inLanguage":"es","@id":"https:\/\/secure.gravatar.com\/avatar\/c7164ed6fdec453195284ad24a5ae5b6e1eed2b848477fa2a4787ba9adf39a41?s=96&d=mm&r=g","url":"https:\/\/secure.gravatar.com\/avatar\/c7164ed6fdec453195284ad24a5ae5b6e1eed2b848477fa2a4787ba9adf39a41?s=96&d=mm&r=g","contentUrl":"https:\/\/secure.gravatar.com\/avatar\/c7164ed6fdec453195284ad24a5ae5b6e1eed2b848477fa2a4787ba9adf39a41?s=96&d=mm&r=g","caption":"Redacci\u00f3n QP"},"url":"https:\/\/quehacerpolitico.mx\/?author=2"}]}},"featured_image_urls":{"full":["https:\/\/quehacerpolitico.mx\/wp-content\/uploads\/2025\/04\/IMG_1603.jpeg",1054,706,false],"thumbnail":["https:\/\/quehacerpolitico.mx\/wp-content\/uploads\/2025\/04\/IMG_1603-150x150.jpeg",150,150,true],"medium":["https:\/\/quehacerpolitico.mx\/wp-content\/uploads\/2025\/04\/IMG_1603-300x201.jpeg",300,201,true],"medium_large":["https:\/\/quehacerpolitico.mx\/wp-content\/uploads\/2025\/04\/IMG_1603-768x514.jpeg",640,428,true],"large":["https:\/\/quehacerpolitico.mx\/wp-content\/uploads\/2025\/04\/IMG_1603-1024x686.jpeg",640,429,true],"1536x1536":["https:\/\/quehacerpolitico.mx\/wp-content\/uploads\/2025\/04\/IMG_1603.jpeg",1054,706,false],"2048x2048":["https:\/\/quehacerpolitico.mx\/wp-content\/uploads\/2025\/04\/IMG_1603.jpeg",1054,706,false],"covernews-featured":["https:\/\/quehacerpolitico.mx\/wp-content\/uploads\/2025\/04\/IMG_1603-1024x686.jpeg",1024,686,true],"covernews-medium":["https:\/\/quehacerpolitico.mx\/wp-content\/uploads\/2025\/04\/IMG_1603-540x340.jpeg",540,340,true]},"author_info":{"display_name":"Redacci\u00f3n QP","author_link":"https:\/\/quehacerpolitico.mx\/?author=2"},"category_info":"<a href=\"https:\/\/quehacerpolitico.mx\/?cat=280\" rel=\"category\">Nacionales<\/a> <a href=\"https:\/\/quehacerpolitico.mx\/?cat=2\" rel=\"category\">Noticias<\/a>","tag_info":"Noticias","comment_count":"0","_links":{"self":[{"href":"https:\/\/quehacerpolitico.mx\/index.php?rest_route=\/wp\/v2\/posts\/115675","targetHints":{"allow":["GET"]}}],"collection":[{"href":"https:\/\/quehacerpolitico.mx\/index.php?rest_route=\/wp\/v2\/posts"}],"about":[{"href":"https:\/\/quehacerpolitico.mx\/index.php?rest_route=\/wp\/v2\/types\/post"}],"author":[{"embeddable":true,"href":"https:\/\/quehacerpolitico.mx\/index.php?rest_route=\/wp\/v2\/users\/2"}],"replies":[{"embeddable":true,"href":"https:\/\/quehacerpolitico.mx\/index.php?rest_route=%2Fwp%2Fv2%2Fcomments&post=115675"}],"version-history":[{"count":1,"href":"https:\/\/quehacerpolitico.mx\/index.php?rest_route=\/wp\/v2\/posts\/115675\/revisions"}],"predecessor-version":[{"id":115677,"href":"https:\/\/quehacerpolitico.mx\/index.php?rest_route=\/wp\/v2\/posts\/115675\/revisions\/115677"}],"wp:featuredmedia":[{"embeddable":true,"href":"https:\/\/quehacerpolitico.mx\/index.php?rest_route=\/wp\/v2\/media\/115676"}],"wp:attachment":[{"href":"https:\/\/quehacerpolitico.mx\/index.php?rest_route=%2Fwp%2Fv2%2Fmedia&parent=115675"}],"wp:term":[{"taxonomy":"category","embeddable":true,"href":"https:\/\/quehacerpolitico.mx\/index.php?rest_route=%2Fwp%2Fv2%2Fcategories&post=115675"},{"taxonomy":"post_tag","embeddable":true,"href":"https:\/\/quehacerpolitico.mx\/index.php?rest_route=%2Fwp%2Fv2%2Ftags&post=115675"}],"curies":[{"name":"wp","href":"https:\/\/api.w.org\/{rel}","templated":true}]}}