{"id":115672,"date":"2025-04-01T12:39:10","date_gmt":"2025-04-01T18:39:10","guid":{"rendered":"https:\/\/quehacerpolitico.mx\/?p=115672"},"modified":"2025-04-01T12:39:11","modified_gmt":"2025-04-01T18:39:11","slug":"mexico-acelera-dialogo-con-eu-para-evitar-aranceles","status":"publish","type":"post","link":"https:\/\/quehacerpolitico.mx\/?p=115672","title":{"rendered":"M\u00e9xico acelera di\u00e1logo con EU para evitar aranceles"},"content":{"rendered":"\n<p>Por Redacci\u00f3n QP<\/p>\n\n\n\n<p>En la v\u00edspera de que Trump anuncie aranceles generalizados del 25% a M\u00e9xico ma\u00f1ana, Sheinbaum insiste en que su Gobierno trabaja para evitarlos<\/p>\n\n\n\n<p>A tan solo un d\u00eda de que llegue a su fin el plazo acordado con el presidente de Estados Unidos, Donald Trump, para la imposici\u00f3n de aranceles, la Presidenta Claudia Sheinbaum explic\u00f3 durante su conferencia matutina de hoy que el Gobierno de M\u00e9xico \u201cacelera\u201d el trabajo para evitar las tarifas.<\/p>\n\n\n\n<figure class=\"wp-block-embed is-type-rich is-provider-twitter wp-block-embed-twitter\"><div class=\"wp-block-embed__wrapper\">\n<blockquote class=\"twitter-tweet\" data-width=\"550\" data-dnt=\"true\"><p lang=\"es\" dir=\"ltr\">\u201cNo creemos en el ojo por ojo, diente por diente\u201d, asegura <a href=\"https:\/\/twitter.com\/Claudiashein?ref_src=twsrc%5Etfw\">@Claudiashein<\/a> sobre el anuncio de los <a href=\"https:\/\/twitter.com\/hashtag\/aranceles?src=hash&amp;ref_src=twsrc%5Etfw\">#aranceles<\/a> de <a href=\"https:\/\/twitter.com\/hashtag\/Trump?src=hash&amp;ref_src=twsrc%5Etfw\">#Trump<\/a> que se realizar\u00e1 ma\u00f1ana. <a href=\"https:\/\/t.co\/Vd14erblRu\">pic.twitter.com\/Vd14erblRu<\/a><\/p>&mdash; Manuel Lopez San Martin (@MLopezSanMartin) <a href=\"https:\/\/twitter.com\/MLopezSanMartin\/status\/1907098967877308868?ref_src=twsrc%5Etfw\">April 1, 2025<\/a><\/blockquote><script async src=\"https:\/\/platform.twitter.com\/widgets.js\" charset=\"utf-8\"><\/script>\n<\/div><\/figure>\n\n\n\n<p>\u201cSigue habiendo di\u00e1logo\u201d, afirm\u00f3 la mandataria este martes.<\/p>\n\n\n\n<p><mark><strong>&#8220;Nosotros estamos trabajando y lo saben, y va todo en este sentido y lo estamos acelerando en el beneficio de M\u00e9xico, nuestra econom\u00eda est\u00e1 muy integrada con la econom\u00eda de Estados Unidos&#8221;<\/strong><\/mark>, declar\u00f3 la gobernante mexicana.<\/p>\n\n\n\n<h3 class=\"wp-block-heading\">Contin\u00faa el di\u00e1logo para evitar aranceles del gobierno estadounidense<\/h3>\n\n\n\n<p>En la v\u00edspera de que Trump anuncie aranceles generalizados del 25% a M\u00e9xico y al resto del mundo, la presidenta anunci\u00f3 el viaje a Washington este lunes del secretario de Seguridad, Omar Garc\u00eda Harfuch, y la llamada del canciller, Juan Ram\u00f3n de la Fuente, con Marco Rubio, secretario de Estado de Estados Unidos.<\/p>\n\n\n\n<p>Tambi\u00e9n asever\u00f3 que persisten las conversaciones entre el secretario mexicano de Econom\u00eda, Marcelo Ebrard, y el de Comercio de Estados Unidos, Howard Lutnick.<\/p>\n\n\n\n<p><mark><strong>&#8220;Nuestra respuesta frente a la situaci\u00f3n de aranceles, que se pueda presentar a M\u00e9xico, sigue habiendo di\u00e1logo, eso es importante que lo sepan, entre el secretario Ebrard y el secretario de Comercio de Estados Unidos, y va a seguir habiendo di\u00e1logo porque ese nunca debe suspenderse&#8221;<\/strong><\/mark>, sostuvo la presidenta.<\/p>\n\n\n\n<h3 class=\"wp-block-heading\">Sheinbaum buscar\u00e1 trato preferente de Trump<\/h3>\n\n\n\n<p><mark><strong>El Gobierno de M\u00e9xico busca un &#8220;trato preferente&#8221; de la Administraci\u00f3n de Trump, quien ha amenazado con imponer aranceles del 25% a todos los productos de M\u00e9xico y Canad\u00e1 por el tr\u00e1fico de drogas y migrantes.<\/strong><\/mark><\/p>\n\n\n\n<p>A diferencia de otros pa\u00edses, la mandataria de M\u00e9xico ha pedido esperar para revelar c\u00f3mo contestar\u00e1 a los impuestos comerciales de Trump al se\u00f1alar que el jueves o viernes expondr\u00e1 un plan para fortalecer la econom\u00eda interna y sustituir importaciones, sin precisar si habr\u00e1 medidas arancelarias en respuesta.<\/p>\n\n\n\n<p><strong>&#8220;S\u00ed tiene que haber en algunos casos (respuestas) con posibles medidas arancelarias, pero (el plan) no es un conflicto con Estados Unidos, sino es el fortalecimiento de nuestra econom\u00eda. Entonces, en ese sentido, va nuestra propuesta al pueblo de M\u00e9xico&#8221;<\/strong>, manifest\u00f3.<\/p>\n\n\n\n<p>Aun as\u00ed, prometi\u00f3 que en el Gobierno &#8220;est\u00e1n preparados&#8221; y hay reuniones &#8220;dos o tres veces a la semana para fortalecer las distintas medidas&#8221;.<\/p>\n\n\n\n<p><mark><strong>&#8220;Lo que queremos es proteger a M\u00e9xico y al empleo, esencialmente, y hay plan, y vamos a esperar a ver cu\u00e1l es la propuesta&#8221;<\/strong><\/mark>, expres\u00f3.<\/p>\n\n\n\n<p>Con informaci\u00f3n de EFE<\/p>\n","protected":false},"excerpt":{"rendered":"<p>Por Redacci\u00f3n QP En la v\u00edspera de que Trump anuncie aranceles generalizados del 25% a&#8230;<\/p>\n","protected":false},"author":2,"featured_media":115673,"comment_status":"open","ping_status":"open","sticky":false,"template":"","format":"standard","meta":{"_monsterinsights_skip_tracking":false,"_monsterinsights_sitenote_active":false,"_monsterinsights_sitenote_note":"","_monsterinsights_sitenote_category":0,"footnotes":""},"categories":[280,2],"tags":[],"class_list":["post-115672","post","type-post","status-publish","format-standard","has-post-thumbnail","hentry","category-nacionales","category-noticias"],"yoast_head":"<!-- This site is optimized with the Yoast SEO plugin v27.3 - https:\/\/yoast.com\/product\/yoast-seo-wordpress\/ -->\n<title>M\u00e9xico acelera di\u00e1logo con EU para evitar aranceles -<\/title>\n<meta name=\"robots\" content=\"index, follow, max-snippet:-1, max-image-preview:large, max-video-preview:-1\" \/>\n<link rel=\"canonical\" href=\"https:\/\/quehacerpolitico.mx\/?p=115672\" \/>\n<meta property=\"og:locale\" content=\"es_MX\" \/>\n<meta property=\"og:type\" content=\"article\" \/>\n<meta property=\"og:title\" content=\"M\u00e9xico acelera di\u00e1logo con EU para evitar aranceles -\" \/>\n<meta property=\"og:description\" content=\"Por Redacci\u00f3n QP En la v\u00edspera de que Trump anuncie aranceles generalizados del 25% a...\" \/>\n<meta property=\"og:url\" content=\"https:\/\/quehacerpolitico.mx\/?p=115672\" \/>\n<meta property=\"article:published_time\" content=\"2025-04-01T18:39:10+00:00\" \/>\n<meta property=\"article:modified_time\" content=\"2025-04-01T18:39:11+00:00\" \/>\n<meta property=\"og:image\" content=\"https:\/\/quehacerpolitico.mx\/wp-content\/uploads\/2025\/04\/IMG_1602.jpeg\" \/>\n\t<meta property=\"og:image:width\" content=\"1284\" \/>\n\t<meta property=\"og:image:height\" content=\"688\" \/>\n\t<meta property=\"og:image:type\" content=\"image\/jpeg\" \/>\n<meta name=\"author\" content=\"Redacci\u00f3n QP\" \/>\n<meta name=\"twitter:card\" content=\"summary_large_image\" \/>\n<meta name=\"twitter:label1\" content=\"Escrito por\" \/>\n\t<meta name=\"twitter:data1\" content=\"Redacci\u00f3n QP\" \/>\n\t<meta name=\"twitter:label2\" content=\"Tiempo de lectura\" \/>\n\t<meta name=\"twitter:data2\" content=\"2 minutos\" \/>\n<script type=\"application\/ld+json\" class=\"yoast-schema-graph\">{\"@context\":\"https:\\\/\\\/schema.org\",\"@graph\":[{\"@type\":\"Article\",\"@id\":\"https:\\\/\\\/quehacerpolitico.mx\\\/?p=115672#article\",\"isPartOf\":{\"@id\":\"https:\\\/\\\/quehacerpolitico.mx\\\/?p=115672\"},\"author\":{\"name\":\"Redacci\u00f3n QP\",\"@id\":\"https:\\\/\\\/quehacerpolitico.mx\\\/#\\\/schema\\\/person\\\/496d8ad2d1d3f8036101dca7ee39e585\"},\"headline\":\"M\u00e9xico acelera di\u00e1logo con EU para evitar aranceles\",\"datePublished\":\"2025-04-01T18:39:10+00:00\",\"dateModified\":\"2025-04-01T18:39:11+00:00\",\"mainEntityOfPage\":{\"@id\":\"https:\\\/\\\/quehacerpolitico.mx\\\/?p=115672\"},\"wordCount\":494,\"commentCount\":0,\"image\":{\"@id\":\"https:\\\/\\\/quehacerpolitico.mx\\\/?p=115672#primaryimage\"},\"thumbnailUrl\":\"https:\\\/\\\/quehacerpolitico.mx\\\/wp-content\\\/uploads\\\/2025\\\/04\\\/IMG_1602.jpeg\",\"articleSection\":[\"Nacionales\",\"Noticias\"],\"inLanguage\":\"es\",\"potentialAction\":[{\"@type\":\"CommentAction\",\"name\":\"Comment\",\"target\":[\"https:\\\/\\\/quehacerpolitico.mx\\\/?p=115672#respond\"]}]},{\"@type\":\"WebPage\",\"@id\":\"https:\\\/\\\/quehacerpolitico.mx\\\/?p=115672\",\"url\":\"https:\\\/\\\/quehacerpolitico.mx\\\/?p=115672\",\"name\":\"M\u00e9xico acelera di\u00e1logo con EU para evitar aranceles -\",\"isPartOf\":{\"@id\":\"https:\\\/\\\/quehacerpolitico.mx\\\/#website\"},\"primaryImageOfPage\":{\"@id\":\"https:\\\/\\\/quehacerpolitico.mx\\\/?p=115672#primaryimage\"},\"image\":{\"@id\":\"https:\\\/\\\/quehacerpolitico.mx\\\/?p=115672#primaryimage\"},\"thumbnailUrl\":\"https:\\\/\\\/quehacerpolitico.mx\\\/wp-content\\\/uploads\\\/2025\\\/04\\\/IMG_1602.jpeg\",\"datePublished\":\"2025-04-01T18:39:10+00:00\",\"dateModified\":\"2025-04-01T18:39:11+00:00\",\"author\":{\"@id\":\"https:\\\/\\\/quehacerpolitico.mx\\\/#\\\/schema\\\/person\\\/496d8ad2d1d3f8036101dca7ee39e585\"},\"breadcrumb\":{\"@id\":\"https:\\\/\\\/quehacerpolitico.mx\\\/?p=115672#breadcrumb\"},\"inLanguage\":\"es\",\"potentialAction\":[{\"@type\":\"ReadAction\",\"target\":[\"https:\\\/\\\/quehacerpolitico.mx\\\/?p=115672\"]}]},{\"@type\":\"ImageObject\",\"inLanguage\":\"es\",\"@id\":\"https:\\\/\\\/quehacerpolitico.mx\\\/?p=115672#primaryimage\",\"url\":\"https:\\\/\\\/quehacerpolitico.mx\\\/wp-content\\\/uploads\\\/2025\\\/04\\\/IMG_1602.jpeg\",\"contentUrl\":\"https:\\\/\\\/quehacerpolitico.mx\\\/wp-content\\\/uploads\\\/2025\\\/04\\\/IMG_1602.jpeg\",\"width\":1284,\"height\":688,\"caption\":\"Screenshot\"},{\"@type\":\"BreadcrumbList\",\"@id\":\"https:\\\/\\\/quehacerpolitico.mx\\\/?p=115672#breadcrumb\",\"itemListElement\":[{\"@type\":\"ListItem\",\"position\":1,\"name\":\"Inicio\",\"item\":\"https:\\\/\\\/quehacerpolitico.mx\\\/\"},{\"@type\":\"ListItem\",\"position\":2,\"name\":\"M\u00e9xico acelera di\u00e1logo con EU para evitar aranceles\"}]},{\"@type\":\"WebSite\",\"@id\":\"https:\\\/\\\/quehacerpolitico.mx\\\/#website\",\"url\":\"https:\\\/\\\/quehacerpolitico.mx\\\/\",\"name\":\"\",\"description\":\"\",\"potentialAction\":[{\"@type\":\"SearchAction\",\"target\":{\"@type\":\"EntryPoint\",\"urlTemplate\":\"https:\\\/\\\/quehacerpolitico.mx\\\/?s={search_term_string}\"},\"query-input\":{\"@type\":\"PropertyValueSpecification\",\"valueRequired\":true,\"valueName\":\"search_term_string\"}}],\"inLanguage\":\"es\"},{\"@type\":\"Person\",\"@id\":\"https:\\\/\\\/quehacerpolitico.mx\\\/#\\\/schema\\\/person\\\/496d8ad2d1d3f8036101dca7ee39e585\",\"name\":\"Redacci\u00f3n QP\",\"image\":{\"@type\":\"ImageObject\",\"inLanguage\":\"es\",\"@id\":\"https:\\\/\\\/secure.gravatar.com\\\/avatar\\\/c7164ed6fdec453195284ad24a5ae5b6e1eed2b848477fa2a4787ba9adf39a41?s=96&d=mm&r=g\",\"url\":\"https:\\\/\\\/secure.gravatar.com\\\/avatar\\\/c7164ed6fdec453195284ad24a5ae5b6e1eed2b848477fa2a4787ba9adf39a41?s=96&d=mm&r=g\",\"contentUrl\":\"https:\\\/\\\/secure.gravatar.com\\\/avatar\\\/c7164ed6fdec453195284ad24a5ae5b6e1eed2b848477fa2a4787ba9adf39a41?s=96&d=mm&r=g\",\"caption\":\"Redacci\u00f3n QP\"},\"url\":\"https:\\\/\\\/quehacerpolitico.mx\\\/?author=2\"}]}<\/script>\n<!-- \/ Yoast SEO plugin. -->","yoast_head_json":{"title":"M\u00e9xico acelera di\u00e1logo con EU para evitar aranceles -","robots":{"index":"index","follow":"follow","max-snippet":"max-snippet:-1","max-image-preview":"max-image-preview:large","max-video-preview":"max-video-preview:-1"},"canonical":"https:\/\/quehacerpolitico.mx\/?p=115672","og_locale":"es_MX","og_type":"article","og_title":"M\u00e9xico acelera di\u00e1logo con EU para evitar aranceles -","og_description":"Por Redacci\u00f3n QP En la v\u00edspera de que Trump anuncie aranceles generalizados del 25% a...","og_url":"https:\/\/quehacerpolitico.mx\/?p=115672","article_published_time":"2025-04-01T18:39:10+00:00","article_modified_time":"2025-04-01T18:39:11+00:00","og_image":[{"width":1284,"height":688,"url":"https:\/\/quehacerpolitico.mx\/wp-content\/uploads\/2025\/04\/IMG_1602.jpeg","type":"image\/jpeg"}],"author":"Redacci\u00f3n QP","twitter_card":"summary_large_image","twitter_misc":{"Escrito por":"Redacci\u00f3n QP","Tiempo de lectura":"2 minutos"},"schema":{"@context":"https:\/\/schema.org","@graph":[{"@type":"Article","@id":"https:\/\/quehacerpolitico.mx\/?p=115672#article","isPartOf":{"@id":"https:\/\/quehacerpolitico.mx\/?p=115672"},"author":{"name":"Redacci\u00f3n QP","@id":"https:\/\/quehacerpolitico.mx\/#\/schema\/person\/496d8ad2d1d3f8036101dca7ee39e585"},"headline":"M\u00e9xico acelera di\u00e1logo con EU para evitar aranceles","datePublished":"2025-04-01T18:39:10+00:00","dateModified":"2025-04-01T18:39:11+00:00","mainEntityOfPage":{"@id":"https:\/\/quehacerpolitico.mx\/?p=115672"},"wordCount":494,"commentCount":0,"image":{"@id":"https:\/\/quehacerpolitico.mx\/?p=115672#primaryimage"},"thumbnailUrl":"https:\/\/quehacerpolitico.mx\/wp-content\/uploads\/2025\/04\/IMG_1602.jpeg","articleSection":["Nacionales","Noticias"],"inLanguage":"es","potentialAction":[{"@type":"CommentAction","name":"Comment","target":["https:\/\/quehacerpolitico.mx\/?p=115672#respond"]}]},{"@type":"WebPage","@id":"https:\/\/quehacerpolitico.mx\/?p=115672","url":"https:\/\/quehacerpolitico.mx\/?p=115672","name":"M\u00e9xico acelera di\u00e1logo con EU para evitar aranceles -","isPartOf":{"@id":"https:\/\/quehacerpolitico.mx\/#website"},"primaryImageOfPage":{"@id":"https:\/\/quehacerpolitico.mx\/?p=115672#primaryimage"},"image":{"@id":"https:\/\/quehacerpolitico.mx\/?p=115672#primaryimage"},"thumbnailUrl":"https:\/\/quehacerpolitico.mx\/wp-content\/uploads\/2025\/04\/IMG_1602.jpeg","datePublished":"2025-04-01T18:39:10+00:00","dateModified":"2025-04-01T18:39:11+00:00","author":{"@id":"https:\/\/quehacerpolitico.mx\/#\/schema\/person\/496d8ad2d1d3f8036101dca7ee39e585"},"breadcrumb":{"@id":"https:\/\/quehacerpolitico.mx\/?p=115672#breadcrumb"},"inLanguage":"es","potentialAction":[{"@type":"ReadAction","target":["https:\/\/quehacerpolitico.mx\/?p=115672"]}]},{"@type":"ImageObject","inLanguage":"es","@id":"https:\/\/quehacerpolitico.mx\/?p=115672#primaryimage","url":"https:\/\/quehacerpolitico.mx\/wp-content\/uploads\/2025\/04\/IMG_1602.jpeg","contentUrl":"https:\/\/quehacerpolitico.mx\/wp-content\/uploads\/2025\/04\/IMG_1602.jpeg","width":1284,"height":688,"caption":"Screenshot"},{"@type":"BreadcrumbList","@id":"https:\/\/quehacerpolitico.mx\/?p=115672#breadcrumb","itemListElement":[{"@type":"ListItem","position":1,"name":"Inicio","item":"https:\/\/quehacerpolitico.mx\/"},{"@type":"ListItem","position":2,"name":"M\u00e9xico acelera di\u00e1logo con EU para evitar aranceles"}]},{"@type":"WebSite","@id":"https:\/\/quehacerpolitico.mx\/#website","url":"https:\/\/quehacerpolitico.mx\/","name":"","description":"","potentialAction":[{"@type":"SearchAction","target":{"@type":"EntryPoint","urlTemplate":"https:\/\/quehacerpolitico.mx\/?s={search_term_string}"},"query-input":{"@type":"PropertyValueSpecification","valueRequired":true,"valueName":"search_term_string"}}],"inLanguage":"es"},{"@type":"Person","@id":"https:\/\/quehacerpolitico.mx\/#\/schema\/person\/496d8ad2d1d3f8036101dca7ee39e585","name":"Redacci\u00f3n QP","image":{"@type":"ImageObject","inLanguage":"es","@id":"https:\/\/secure.gravatar.com\/avatar\/c7164ed6fdec453195284ad24a5ae5b6e1eed2b848477fa2a4787ba9adf39a41?s=96&d=mm&r=g","url":"https:\/\/secure.gravatar.com\/avatar\/c7164ed6fdec453195284ad24a5ae5b6e1eed2b848477fa2a4787ba9adf39a41?s=96&d=mm&r=g","contentUrl":"https:\/\/secure.gravatar.com\/avatar\/c7164ed6fdec453195284ad24a5ae5b6e1eed2b848477fa2a4787ba9adf39a41?s=96&d=mm&r=g","caption":"Redacci\u00f3n QP"},"url":"https:\/\/quehacerpolitico.mx\/?author=2"}]}},"featured_image_urls":{"full":["https:\/\/quehacerpolitico.mx\/wp-content\/uploads\/2025\/04\/IMG_1602.jpeg",1284,688,false],"thumbnail":["https:\/\/quehacerpolitico.mx\/wp-content\/uploads\/2025\/04\/IMG_1602-150x150.jpeg",150,150,true],"medium":["https:\/\/quehacerpolitico.mx\/wp-content\/uploads\/2025\/04\/IMG_1602-300x161.jpeg",300,161,true],"medium_large":["https:\/\/quehacerpolitico.mx\/wp-content\/uploads\/2025\/04\/IMG_1602-768x412.jpeg",640,343,true],"large":["https:\/\/quehacerpolitico.mx\/wp-content\/uploads\/2025\/04\/IMG_1602-1024x549.jpeg",640,343,true],"1536x1536":["https:\/\/quehacerpolitico.mx\/wp-content\/uploads\/2025\/04\/IMG_1602.jpeg",1284,688,false],"2048x2048":["https:\/\/quehacerpolitico.mx\/wp-content\/uploads\/2025\/04\/IMG_1602.jpeg",1284,688,false],"covernews-featured":["https:\/\/quehacerpolitico.mx\/wp-content\/uploads\/2025\/04\/IMG_1602-1024x549.jpeg",1024,549,true],"covernews-medium":["https:\/\/quehacerpolitico.mx\/wp-content\/uploads\/2025\/04\/IMG_1602-540x340.jpeg",540,340,true]},"author_info":{"display_name":"Redacci\u00f3n QP","author_link":"https:\/\/quehacerpolitico.mx\/?author=2"},"category_info":"<a href=\"https:\/\/quehacerpolitico.mx\/?cat=280\" rel=\"category\">Nacionales<\/a> <a href=\"https:\/\/quehacerpolitico.mx\/?cat=2\" rel=\"category\">Noticias<\/a>","tag_info":"Noticias","comment_count":"0","_links":{"self":[{"href":"https:\/\/quehacerpolitico.mx\/index.php?rest_route=\/wp\/v2\/posts\/115672","targetHints":{"allow":["GET"]}}],"collection":[{"href":"https:\/\/quehacerpolitico.mx\/index.php?rest_route=\/wp\/v2\/posts"}],"about":[{"href":"https:\/\/quehacerpolitico.mx\/index.php?rest_route=\/wp\/v2\/types\/post"}],"author":[{"embeddable":true,"href":"https:\/\/quehacerpolitico.mx\/index.php?rest_route=\/wp\/v2\/users\/2"}],"replies":[{"embeddable":true,"href":"https:\/\/quehacerpolitico.mx\/index.php?rest_route=%2Fwp%2Fv2%2Fcomments&post=115672"}],"version-history":[{"count":1,"href":"https:\/\/quehacerpolitico.mx\/index.php?rest_route=\/wp\/v2\/posts\/115672\/revisions"}],"predecessor-version":[{"id":115674,"href":"https:\/\/quehacerpolitico.mx\/index.php?rest_route=\/wp\/v2\/posts\/115672\/revisions\/115674"}],"wp:featuredmedia":[{"embeddable":true,"href":"https:\/\/quehacerpolitico.mx\/index.php?rest_route=\/wp\/v2\/media\/115673"}],"wp:attachment":[{"href":"https:\/\/quehacerpolitico.mx\/index.php?rest_route=%2Fwp%2Fv2%2Fmedia&parent=115672"}],"wp:term":[{"taxonomy":"category","embeddable":true,"href":"https:\/\/quehacerpolitico.mx\/index.php?rest_route=%2Fwp%2Fv2%2Fcategories&post=115672"},{"taxonomy":"post_tag","embeddable":true,"href":"https:\/\/quehacerpolitico.mx\/index.php?rest_route=%2Fwp%2Fv2%2Ftags&post=115672"}],"curies":[{"name":"wp","href":"https:\/\/api.w.org\/{rel}","templated":true}]}}