{"id":115649,"date":"2025-03-31T15:54:55","date_gmt":"2025-03-31T21:54:55","guid":{"rendered":"https:\/\/quehacerpolitico.mx\/?p=115649"},"modified":"2025-03-31T15:54:57","modified_gmt":"2025-03-31T21:54:57","slug":"harfuch-va-por-convocatoria-para-formar-a-los-nuevos-agentes-de-investigacion-e-inteligencia","status":"publish","type":"post","link":"https:\/\/quehacerpolitico.mx\/?p=115649","title":{"rendered":"Harfuch va por convocatoria para formar a los nuevos agentes de investigaci\u00f3n e inteligencia"},"content":{"rendered":"\n<p>Por Redacci\u00f3n QP<\/p>\n\n\n\n<p>La Secretar\u00eda de Seguridad y Protecci\u00f3n Ciudadana buscar\u00e1 cubrir mil vacantes en esta primera ronda de contrataciones<\/p>\n\n\n\n<p>La Secretar\u00eda de Seguridad y Protecci\u00f3n Ciudadana emiti\u00f3 este lunes la convocatoria para formar a los nuevos agentes de investigaci\u00f3n e inteligencia, con lo que su titular&nbsp;<strong>Omar Garc\u00eda Harfuch<\/strong>&nbsp;hace&nbsp;uso de las nuevas facultades de la dependencia.<\/p>\n\n\n\n<p>El anuncio se hizo este lunes por medio de las redes de la SSPC a cuatro&nbsp;meses de que el&nbsp;<strong>Congreso de la Uni\u00f3n&nbsp;<\/strong>aprobara una reforma que le otorgaba&nbsp;<strong>facultades de investigaci\u00f3n&nbsp;<\/strong>a la secretar\u00eda de Seguridad&nbsp;con el objetivo de consolidar la estrategia de seguridad y de protecci\u00f3n de la presidenta<strong>&nbsp;Claudia Sheinbaum.&nbsp;<\/strong><\/p>\n\n\n\n<p>Seg\u00fan la dependencia, este nuevo grupo se especializar\u00e1 en<strong>&nbsp;fortalecer la seguridad&nbsp;<\/strong>en el pa\u00eds por medio de la investigaci\u00f3n policial, an\u00e1lisis de informaci\u00f3n y uso de tecnolog\u00eda para combatir al crimen organizado.<\/p>\n\n\n\n<p>La SSPC buscar\u00e1<strong>&nbsp;cubrir mil vacantes&nbsp;<\/strong>en esta primera ronda de contrataciones y los interesados podr\u00e1n llenar la solicitud en la p\u00e1gina web de la dependencia.<\/p>\n\n\n\n<p>Los interesados deber\u00e1n de tener entre 23&nbsp;y 35 a\u00f1os y la licenciatura concluida en carreras como derecho, criminal\u00edstica, criminolog\u00eda, psicolog\u00eda, seguridad p\u00fablica o ciudadana, inform\u00e1tica, ingenier\u00eda en sistemas, ciencias forenses, contadur\u00eda, econom\u00eda, actuar\u00eda, estad\u00edsticas u otras relacionadas.<\/p>\n\n\n\n<p>A d\u00edas del arranque de nuevo sexenio, el 8 de octubre, durante la presentaci\u00f3n de la nueva estrategia de seguridad de Sheinbaum,\u00a0<strong>Harfuch<\/strong>\u00a0anunci\u00f3\u00a0la creaci\u00f3n de la<strong>\u00a0Subsecretar\u00eda de Inteligencia e Investigaci\u00f3n Policial<\/strong>\u00a0y una reforma presidencial para crear el\u00a0<strong>Sistema Nacional de Inteligencia.<\/strong><\/p>\n\n\n\n<figure class=\"wp-block-embed is-type-rich is-provider-twitter wp-block-embed-twitter\"><div class=\"wp-block-embed__wrapper\">\n<blockquote class=\"twitter-tweet\" data-width=\"550\" data-dnt=\"true\"><p lang=\"es\" dir=\"ltr\">Servir a M\u00e9xico requiere valor, compromiso absoluto con nuestro pa\u00eds y preparaci\u00f3n. <br>Por instrucciones de la Presidenta <a href=\"https:\/\/twitter.com\/Claudiashein?ref_src=twsrc%5Etfw\">@Claudiashein<\/a> hoy abrimos la convocatoria para formar la primera generaci\u00f3n de Agentes de Investigaci\u00f3n e Inteligencia de <a href=\"https:\/\/twitter.com\/SSPCMexico?ref_src=twsrc%5Etfw\">@SSPCMexico<\/a>. <br>Conoce los detalles de\u2026 <a href=\"https:\/\/t.co\/qOa6sOA4Wo\">https:\/\/t.co\/qOa6sOA4Wo<\/a> <a href=\"https:\/\/t.co\/r9EoXEMiOF\">pic.twitter.com\/r9EoXEMiOF<\/a><\/p>&mdash; Omar H Garcia Harfuch (@OHarfuch) <a href=\"https:\/\/twitter.com\/OHarfuch\/status\/1906776077873070281?ref_src=twsrc%5Etfw\">March 31, 2025<\/a><\/blockquote><script async src=\"https:\/\/platform.twitter.com\/widgets.js\" charset=\"utf-8\"><\/script>\n<\/div><\/figure>\n\n\n\n<p>La presidenta envi\u00f3 el pasado 8&nbsp;de noviembre una iniciativa para reformar el&nbsp;<strong>art\u00edculo 21 de la Constituci\u00f3n&nbsp;<\/strong>para&nbsp;dar&nbsp;<strong>facultades de investigaci\u00f3n de delitos&nbsp;<\/strong>a la secretar\u00eda de Seguridad y&nbsp;hacerla responsable de dirigir la estrategia nacional de seguridad p\u00fablica.<\/p>\n\n\n\n<p>\u201cSe busca habilitar a los agentes para investigar y&nbsp;desarrollar informaci\u00f3n estrat\u00e9gica&nbsp;y de inteligencia en materia de seguridad p\u00fablica, as\u00ed como mantener una efectiva coordinaci\u00f3n con la Fiscal\u00eda y las otras corporaciones de seguridad p\u00fablica que operan en el territorio nacional\u201d, dice el proyecto que fue aprobado el 27 de noviembre por el Congreso de la Uni\u00f3n.<\/p>\n","protected":false},"excerpt":{"rendered":"<p>Por Redacci\u00f3n QP La Secretar\u00eda de Seguridad y Protecci\u00f3n Ciudadana buscar\u00e1 cubrir mil vacantes en&#8230;<\/p>\n","protected":false},"author":2,"featured_media":115650,"comment_status":"open","ping_status":"open","sticky":false,"template":"","format":"standard","meta":{"_monsterinsights_skip_tracking":false,"_monsterinsights_sitenote_active":false,"_monsterinsights_sitenote_note":"","_monsterinsights_sitenote_category":0,"footnotes":""},"categories":[280,2],"tags":[],"class_list":["post-115649","post","type-post","status-publish","format-standard","has-post-thumbnail","hentry","category-nacionales","category-noticias"],"yoast_head":"<!-- This site is optimized with the Yoast SEO plugin v27.3 - https:\/\/yoast.com\/product\/yoast-seo-wordpress\/ -->\n<title>Harfuch va por convocatoria para formar a los nuevos agentes de investigaci\u00f3n e inteligencia -<\/title>\n<meta name=\"robots\" content=\"index, follow, max-snippet:-1, max-image-preview:large, max-video-preview:-1\" \/>\n<link rel=\"canonical\" href=\"https:\/\/quehacerpolitico.mx\/?p=115649\" \/>\n<meta property=\"og:locale\" content=\"es_MX\" \/>\n<meta property=\"og:type\" content=\"article\" \/>\n<meta property=\"og:title\" content=\"Harfuch va por convocatoria para formar a los nuevos agentes de investigaci\u00f3n e inteligencia -\" \/>\n<meta property=\"og:description\" content=\"Por Redacci\u00f3n QP La Secretar\u00eda de Seguridad y Protecci\u00f3n Ciudadana buscar\u00e1 cubrir mil vacantes en...\" \/>\n<meta property=\"og:url\" content=\"https:\/\/quehacerpolitico.mx\/?p=115649\" \/>\n<meta property=\"article:published_time\" content=\"2025-03-31T21:54:55+00:00\" \/>\n<meta property=\"article:modified_time\" content=\"2025-03-31T21:54:57+00:00\" \/>\n<meta property=\"og:image\" content=\"https:\/\/quehacerpolitico.mx\/wp-content\/uploads\/2025\/03\/IMG_1572.jpeg\" \/>\n\t<meta property=\"og:image:width\" content=\"1284\" \/>\n\t<meta property=\"og:image:height\" content=\"628\" \/>\n\t<meta property=\"og:image:type\" content=\"image\/jpeg\" \/>\n<meta name=\"author\" content=\"Redacci\u00f3n QP\" \/>\n<meta name=\"twitter:card\" content=\"summary_large_image\" \/>\n<meta name=\"twitter:label1\" content=\"Escrito por\" \/>\n\t<meta name=\"twitter:data1\" content=\"Redacci\u00f3n QP\" \/>\n\t<meta name=\"twitter:label2\" content=\"Tiempo de lectura\" \/>\n\t<meta name=\"twitter:data2\" content=\"2 minutos\" \/>\n<script type=\"application\/ld+json\" class=\"yoast-schema-graph\">{\"@context\":\"https:\\\/\\\/schema.org\",\"@graph\":[{\"@type\":\"Article\",\"@id\":\"https:\\\/\\\/quehacerpolitico.mx\\\/?p=115649#article\",\"isPartOf\":{\"@id\":\"https:\\\/\\\/quehacerpolitico.mx\\\/?p=115649\"},\"author\":{\"name\":\"Redacci\u00f3n QP\",\"@id\":\"https:\\\/\\\/quehacerpolitico.mx\\\/#\\\/schema\\\/person\\\/496d8ad2d1d3f8036101dca7ee39e585\"},\"headline\":\"Harfuch va por convocatoria para formar a los nuevos agentes de investigaci\u00f3n e inteligencia\",\"datePublished\":\"2025-03-31T21:54:55+00:00\",\"dateModified\":\"2025-03-31T21:54:57+00:00\",\"mainEntityOfPage\":{\"@id\":\"https:\\\/\\\/quehacerpolitico.mx\\\/?p=115649\"},\"wordCount\":448,\"commentCount\":0,\"image\":{\"@id\":\"https:\\\/\\\/quehacerpolitico.mx\\\/?p=115649#primaryimage\"},\"thumbnailUrl\":\"https:\\\/\\\/quehacerpolitico.mx\\\/wp-content\\\/uploads\\\/2025\\\/03\\\/IMG_1572.jpeg\",\"articleSection\":[\"Nacionales\",\"Noticias\"],\"inLanguage\":\"es\",\"potentialAction\":[{\"@type\":\"CommentAction\",\"name\":\"Comment\",\"target\":[\"https:\\\/\\\/quehacerpolitico.mx\\\/?p=115649#respond\"]}]},{\"@type\":\"WebPage\",\"@id\":\"https:\\\/\\\/quehacerpolitico.mx\\\/?p=115649\",\"url\":\"https:\\\/\\\/quehacerpolitico.mx\\\/?p=115649\",\"name\":\"Harfuch va por convocatoria para formar a los nuevos agentes de investigaci\u00f3n e inteligencia -\",\"isPartOf\":{\"@id\":\"https:\\\/\\\/quehacerpolitico.mx\\\/#website\"},\"primaryImageOfPage\":{\"@id\":\"https:\\\/\\\/quehacerpolitico.mx\\\/?p=115649#primaryimage\"},\"image\":{\"@id\":\"https:\\\/\\\/quehacerpolitico.mx\\\/?p=115649#primaryimage\"},\"thumbnailUrl\":\"https:\\\/\\\/quehacerpolitico.mx\\\/wp-content\\\/uploads\\\/2025\\\/03\\\/IMG_1572.jpeg\",\"datePublished\":\"2025-03-31T21:54:55+00:00\",\"dateModified\":\"2025-03-31T21:54:57+00:00\",\"author\":{\"@id\":\"https:\\\/\\\/quehacerpolitico.mx\\\/#\\\/schema\\\/person\\\/496d8ad2d1d3f8036101dca7ee39e585\"},\"breadcrumb\":{\"@id\":\"https:\\\/\\\/quehacerpolitico.mx\\\/?p=115649#breadcrumb\"},\"inLanguage\":\"es\",\"potentialAction\":[{\"@type\":\"ReadAction\",\"target\":[\"https:\\\/\\\/quehacerpolitico.mx\\\/?p=115649\"]}]},{\"@type\":\"ImageObject\",\"inLanguage\":\"es\",\"@id\":\"https:\\\/\\\/quehacerpolitico.mx\\\/?p=115649#primaryimage\",\"url\":\"https:\\\/\\\/quehacerpolitico.mx\\\/wp-content\\\/uploads\\\/2025\\\/03\\\/IMG_1572.jpeg\",\"contentUrl\":\"https:\\\/\\\/quehacerpolitico.mx\\\/wp-content\\\/uploads\\\/2025\\\/03\\\/IMG_1572.jpeg\",\"width\":1284,\"height\":628,\"caption\":\"Screenshot\"},{\"@type\":\"BreadcrumbList\",\"@id\":\"https:\\\/\\\/quehacerpolitico.mx\\\/?p=115649#breadcrumb\",\"itemListElement\":[{\"@type\":\"ListItem\",\"position\":1,\"name\":\"Inicio\",\"item\":\"https:\\\/\\\/quehacerpolitico.mx\\\/\"},{\"@type\":\"ListItem\",\"position\":2,\"name\":\"Harfuch va por convocatoria para formar a los nuevos agentes de investigaci\u00f3n e inteligencia\"}]},{\"@type\":\"WebSite\",\"@id\":\"https:\\\/\\\/quehacerpolitico.mx\\\/#website\",\"url\":\"https:\\\/\\\/quehacerpolitico.mx\\\/\",\"name\":\"\",\"description\":\"\",\"potentialAction\":[{\"@type\":\"SearchAction\",\"target\":{\"@type\":\"EntryPoint\",\"urlTemplate\":\"https:\\\/\\\/quehacerpolitico.mx\\\/?s={search_term_string}\"},\"query-input\":{\"@type\":\"PropertyValueSpecification\",\"valueRequired\":true,\"valueName\":\"search_term_string\"}}],\"inLanguage\":\"es\"},{\"@type\":\"Person\",\"@id\":\"https:\\\/\\\/quehacerpolitico.mx\\\/#\\\/schema\\\/person\\\/496d8ad2d1d3f8036101dca7ee39e585\",\"name\":\"Redacci\u00f3n QP\",\"image\":{\"@type\":\"ImageObject\",\"inLanguage\":\"es\",\"@id\":\"https:\\\/\\\/secure.gravatar.com\\\/avatar\\\/c7164ed6fdec453195284ad24a5ae5b6e1eed2b848477fa2a4787ba9adf39a41?s=96&d=mm&r=g\",\"url\":\"https:\\\/\\\/secure.gravatar.com\\\/avatar\\\/c7164ed6fdec453195284ad24a5ae5b6e1eed2b848477fa2a4787ba9adf39a41?s=96&d=mm&r=g\",\"contentUrl\":\"https:\\\/\\\/secure.gravatar.com\\\/avatar\\\/c7164ed6fdec453195284ad24a5ae5b6e1eed2b848477fa2a4787ba9adf39a41?s=96&d=mm&r=g\",\"caption\":\"Redacci\u00f3n QP\"},\"url\":\"https:\\\/\\\/quehacerpolitico.mx\\\/?author=2\"}]}<\/script>\n<!-- \/ Yoast SEO plugin. -->","yoast_head_json":{"title":"Harfuch va por convocatoria para formar a los nuevos agentes de investigaci\u00f3n e inteligencia -","robots":{"index":"index","follow":"follow","max-snippet":"max-snippet:-1","max-image-preview":"max-image-preview:large","max-video-preview":"max-video-preview:-1"},"canonical":"https:\/\/quehacerpolitico.mx\/?p=115649","og_locale":"es_MX","og_type":"article","og_title":"Harfuch va por convocatoria para formar a los nuevos agentes de investigaci\u00f3n e inteligencia -","og_description":"Por Redacci\u00f3n QP La Secretar\u00eda de Seguridad y Protecci\u00f3n Ciudadana buscar\u00e1 cubrir mil vacantes en...","og_url":"https:\/\/quehacerpolitico.mx\/?p=115649","article_published_time":"2025-03-31T21:54:55+00:00","article_modified_time":"2025-03-31T21:54:57+00:00","og_image":[{"width":1284,"height":628,"url":"https:\/\/quehacerpolitico.mx\/wp-content\/uploads\/2025\/03\/IMG_1572.jpeg","type":"image\/jpeg"}],"author":"Redacci\u00f3n QP","twitter_card":"summary_large_image","twitter_misc":{"Escrito por":"Redacci\u00f3n QP","Tiempo de lectura":"2 minutos"},"schema":{"@context":"https:\/\/schema.org","@graph":[{"@type":"Article","@id":"https:\/\/quehacerpolitico.mx\/?p=115649#article","isPartOf":{"@id":"https:\/\/quehacerpolitico.mx\/?p=115649"},"author":{"name":"Redacci\u00f3n QP","@id":"https:\/\/quehacerpolitico.mx\/#\/schema\/person\/496d8ad2d1d3f8036101dca7ee39e585"},"headline":"Harfuch va por convocatoria para formar a los nuevos agentes de investigaci\u00f3n e inteligencia","datePublished":"2025-03-31T21:54:55+00:00","dateModified":"2025-03-31T21:54:57+00:00","mainEntityOfPage":{"@id":"https:\/\/quehacerpolitico.mx\/?p=115649"},"wordCount":448,"commentCount":0,"image":{"@id":"https:\/\/quehacerpolitico.mx\/?p=115649#primaryimage"},"thumbnailUrl":"https:\/\/quehacerpolitico.mx\/wp-content\/uploads\/2025\/03\/IMG_1572.jpeg","articleSection":["Nacionales","Noticias"],"inLanguage":"es","potentialAction":[{"@type":"CommentAction","name":"Comment","target":["https:\/\/quehacerpolitico.mx\/?p=115649#respond"]}]},{"@type":"WebPage","@id":"https:\/\/quehacerpolitico.mx\/?p=115649","url":"https:\/\/quehacerpolitico.mx\/?p=115649","name":"Harfuch va por convocatoria para formar a los nuevos agentes de investigaci\u00f3n e inteligencia -","isPartOf":{"@id":"https:\/\/quehacerpolitico.mx\/#website"},"primaryImageOfPage":{"@id":"https:\/\/quehacerpolitico.mx\/?p=115649#primaryimage"},"image":{"@id":"https:\/\/quehacerpolitico.mx\/?p=115649#primaryimage"},"thumbnailUrl":"https:\/\/quehacerpolitico.mx\/wp-content\/uploads\/2025\/03\/IMG_1572.jpeg","datePublished":"2025-03-31T21:54:55+00:00","dateModified":"2025-03-31T21:54:57+00:00","author":{"@id":"https:\/\/quehacerpolitico.mx\/#\/schema\/person\/496d8ad2d1d3f8036101dca7ee39e585"},"breadcrumb":{"@id":"https:\/\/quehacerpolitico.mx\/?p=115649#breadcrumb"},"inLanguage":"es","potentialAction":[{"@type":"ReadAction","target":["https:\/\/quehacerpolitico.mx\/?p=115649"]}]},{"@type":"ImageObject","inLanguage":"es","@id":"https:\/\/quehacerpolitico.mx\/?p=115649#primaryimage","url":"https:\/\/quehacerpolitico.mx\/wp-content\/uploads\/2025\/03\/IMG_1572.jpeg","contentUrl":"https:\/\/quehacerpolitico.mx\/wp-content\/uploads\/2025\/03\/IMG_1572.jpeg","width":1284,"height":628,"caption":"Screenshot"},{"@type":"BreadcrumbList","@id":"https:\/\/quehacerpolitico.mx\/?p=115649#breadcrumb","itemListElement":[{"@type":"ListItem","position":1,"name":"Inicio","item":"https:\/\/quehacerpolitico.mx\/"},{"@type":"ListItem","position":2,"name":"Harfuch va por convocatoria para formar a los nuevos agentes de investigaci\u00f3n e inteligencia"}]},{"@type":"WebSite","@id":"https:\/\/quehacerpolitico.mx\/#website","url":"https:\/\/quehacerpolitico.mx\/","name":"","description":"","potentialAction":[{"@type":"SearchAction","target":{"@type":"EntryPoint","urlTemplate":"https:\/\/quehacerpolitico.mx\/?s={search_term_string}"},"query-input":{"@type":"PropertyValueSpecification","valueRequired":true,"valueName":"search_term_string"}}],"inLanguage":"es"},{"@type":"Person","@id":"https:\/\/quehacerpolitico.mx\/#\/schema\/person\/496d8ad2d1d3f8036101dca7ee39e585","name":"Redacci\u00f3n QP","image":{"@type":"ImageObject","inLanguage":"es","@id":"https:\/\/secure.gravatar.com\/avatar\/c7164ed6fdec453195284ad24a5ae5b6e1eed2b848477fa2a4787ba9adf39a41?s=96&d=mm&r=g","url":"https:\/\/secure.gravatar.com\/avatar\/c7164ed6fdec453195284ad24a5ae5b6e1eed2b848477fa2a4787ba9adf39a41?s=96&d=mm&r=g","contentUrl":"https:\/\/secure.gravatar.com\/avatar\/c7164ed6fdec453195284ad24a5ae5b6e1eed2b848477fa2a4787ba9adf39a41?s=96&d=mm&r=g","caption":"Redacci\u00f3n QP"},"url":"https:\/\/quehacerpolitico.mx\/?author=2"}]}},"featured_image_urls":{"full":["https:\/\/quehacerpolitico.mx\/wp-content\/uploads\/2025\/03\/IMG_1572.jpeg",1284,628,false],"thumbnail":["https:\/\/quehacerpolitico.mx\/wp-content\/uploads\/2025\/03\/IMG_1572-150x150.jpeg",150,150,true],"medium":["https:\/\/quehacerpolitico.mx\/wp-content\/uploads\/2025\/03\/IMG_1572-300x147.jpeg",300,147,true],"medium_large":["https:\/\/quehacerpolitico.mx\/wp-content\/uploads\/2025\/03\/IMG_1572-768x376.jpeg",640,313,true],"large":["https:\/\/quehacerpolitico.mx\/wp-content\/uploads\/2025\/03\/IMG_1572-1024x501.jpeg",640,313,true],"1536x1536":["https:\/\/quehacerpolitico.mx\/wp-content\/uploads\/2025\/03\/IMG_1572.jpeg",1284,628,false],"2048x2048":["https:\/\/quehacerpolitico.mx\/wp-content\/uploads\/2025\/03\/IMG_1572.jpeg",1284,628,false],"covernews-featured":["https:\/\/quehacerpolitico.mx\/wp-content\/uploads\/2025\/03\/IMG_1572-1024x501.jpeg",1024,501,true],"covernews-medium":["https:\/\/quehacerpolitico.mx\/wp-content\/uploads\/2025\/03\/IMG_1572-540x340.jpeg",540,340,true]},"author_info":{"display_name":"Redacci\u00f3n QP","author_link":"https:\/\/quehacerpolitico.mx\/?author=2"},"category_info":"<a href=\"https:\/\/quehacerpolitico.mx\/?cat=280\" rel=\"category\">Nacionales<\/a> <a href=\"https:\/\/quehacerpolitico.mx\/?cat=2\" rel=\"category\">Noticias<\/a>","tag_info":"Noticias","comment_count":"0","_links":{"self":[{"href":"https:\/\/quehacerpolitico.mx\/index.php?rest_route=\/wp\/v2\/posts\/115649","targetHints":{"allow":["GET"]}}],"collection":[{"href":"https:\/\/quehacerpolitico.mx\/index.php?rest_route=\/wp\/v2\/posts"}],"about":[{"href":"https:\/\/quehacerpolitico.mx\/index.php?rest_route=\/wp\/v2\/types\/post"}],"author":[{"embeddable":true,"href":"https:\/\/quehacerpolitico.mx\/index.php?rest_route=\/wp\/v2\/users\/2"}],"replies":[{"embeddable":true,"href":"https:\/\/quehacerpolitico.mx\/index.php?rest_route=%2Fwp%2Fv2%2Fcomments&post=115649"}],"version-history":[{"count":1,"href":"https:\/\/quehacerpolitico.mx\/index.php?rest_route=\/wp\/v2\/posts\/115649\/revisions"}],"predecessor-version":[{"id":115651,"href":"https:\/\/quehacerpolitico.mx\/index.php?rest_route=\/wp\/v2\/posts\/115649\/revisions\/115651"}],"wp:featuredmedia":[{"embeddable":true,"href":"https:\/\/quehacerpolitico.mx\/index.php?rest_route=\/wp\/v2\/media\/115650"}],"wp:attachment":[{"href":"https:\/\/quehacerpolitico.mx\/index.php?rest_route=%2Fwp%2Fv2%2Fmedia&parent=115649"}],"wp:term":[{"taxonomy":"category","embeddable":true,"href":"https:\/\/quehacerpolitico.mx\/index.php?rest_route=%2Fwp%2Fv2%2Fcategories&post=115649"},{"taxonomy":"post_tag","embeddable":true,"href":"https:\/\/quehacerpolitico.mx\/index.php?rest_route=%2Fwp%2Fv2%2Ftags&post=115649"}],"curies":[{"name":"wp","href":"https:\/\/api.w.org\/{rel}","templated":true}]}}