{"id":115639,"date":"2025-03-31T14:21:23","date_gmt":"2025-03-31T20:21:23","guid":{"rendered":"https:\/\/quehacerpolitico.mx\/?p=115639"},"modified":"2025-03-31T14:21:26","modified_gmt":"2025-03-31T20:21:26","slug":"fiscalia-de-jalisco-investiga-posible-apologia-del-delito-tras-difusion-de-imagenes-de-el-mencho-en-concierto-de-los-alegres-del-barranco","status":"publish","type":"post","link":"https:\/\/quehacerpolitico.mx\/?p=115639","title":{"rendered":"Fiscal\u00eda de Jalisco investiga posible apolog\u00eda del delito tras difusi\u00f3n de im\u00e1genes de &#8220;El Mencho&#8221; en concierto de Los Alegres del Barranco"},"content":{"rendered":"\n<p>Por Redacci\u00f3n QP<\/p>\n\n\n\n<p>Las autoridades detallaron que tomar\u00e1 testimonio a los integrantes de la banda musical y la empresa responsable del recinto ser\u00e1 incluida en las indagatorias<\/p>\n\n\n\n<p>La<strong>\u00a0Fiscal\u00eda del Estado de Jalisco<\/strong>\u00a0inform\u00f3 que abri\u00f3 una investigaci\u00f3n por\u00a0<strong>posible apolog\u00eda del delito<\/strong>, despu\u00e9s de que se se mostraran\u00a0im\u00e1genes de<strong>\u00a0Nemesio Oseguera Cervantes<\/strong>, \u201cEl Mencho\u201d,\u00a0l\u00edder del C\u00e1rtel Jalisco Nueva Generaci\u00f3n, durante un concierto realizado en\u00a0el\u00a0<strong>AuditorioTelmex<\/strong>\u00a0el pasado 29 de marzo.<\/p>\n\n\n\n<figure class=\"wp-block-embed is-type-rich is-provider-twitter wp-block-embed-twitter\"><div class=\"wp-block-embed__wrapper\">\n<blockquote class=\"twitter-tweet\" data-width=\"550\" data-dnt=\"true\"><p lang=\"es\" dir=\"ltr\">\ud83d\udd34 La imagen de Nemesio Oseguera, \u2018El Mencho\u2019, l\u00edder del CJNG, apareci\u00f3 como un homenaje en la presentaci\u00f3n de \u201cLos Alegres del Barranco\u201d en Guadalajara, Jalisco; el gobernador <a href=\"https:\/\/twitter.com\/PabloLemusN?ref_src=twsrc%5Etfw\">@PabloLemusN<\/a> dijo que \u201cesto no debe suceder\u201d.<br><br>V\u00eda <a href=\"https:\/\/twitter.com\/IrvingPineda?ref_src=twsrc%5Etfw\">@IrvingPineda<\/a> <a href=\"https:\/\/t.co\/aMpbBBJvPX\">pic.twitter.com\/aMpbBBJvPX<\/a><\/p>&mdash; Azucena Uresti (@azucenau) <a href=\"https:\/\/twitter.com\/azucenau\/status\/1906551106735342018?ref_src=twsrc%5Etfw\">March 31, 2025<\/a><\/blockquote><script async src=\"https:\/\/platform.twitter.com\/widgets.js\" charset=\"utf-8\"><\/script>\n<\/div><\/figure>\n\n\n\n<p>A trav\u00e9s de un comunicado publicado este lunes, la fiscal\u00eda inform\u00f3 que abri\u00f3 la carpeta de investigaci\u00f3n&nbsp;21010\/2025 y advirti\u00f3 que los responsables podr\u00edan ser acreedores de una condena de<strong>&nbsp;uno a seis meses de prisi\u00f3n&nbsp;<\/strong>&#8220;al que provoque p\u00fablicamente a cometer alg\u00fan delito o haga apolog\u00eda de \u00e9ste o de alg\u00fan vicio, si el delito no se ejecutare&#8221;.<\/p>\n\n\n\n<figure class=\"wp-block-image size-full\"><img loading=\"lazy\" decoding=\"async\" width=\"915\" height=\"759\" src=\"https:\/\/quehacerpolitico.mx\/wp-content\/uploads\/2025\/03\/image-32.jpeg\" alt=\"\" class=\"wp-image-115640\" srcset=\"https:\/\/quehacerpolitico.mx\/wp-content\/uploads\/2025\/03\/image-32.jpeg 915w, https:\/\/quehacerpolitico.mx\/wp-content\/uploads\/2025\/03\/image-32-300x249.jpeg 300w, https:\/\/quehacerpolitico.mx\/wp-content\/uploads\/2025\/03\/image-32-768x637.jpeg 768w\" sizes=\"auto, (max-width: 915px) 100vw, 915px\" \/><\/figure>\n\n\n\n<figure class=\"wp-block-embed is-type-rich is-provider-twitter wp-block-embed-twitter\"><div class=\"wp-block-embed__wrapper\">\n<blockquote class=\"twitter-tweet\" data-width=\"550\" data-dnt=\"true\"><p lang=\"es\" dir=\"ltr\">\ud83d\udce2 Tras la proyecci\u00f3n de im\u00e1genes en un concierto en Zapopan, que presuntamente hac\u00edan alusi\u00f3n a un personaje vinculado a un grupo criminal, la Fiscal\u00eda del Estado inici\u00f3 una carpeta de investigaci\u00f3n. (1-3) <a href=\"https:\/\/t.co\/OU4R8EYr6q\">pic.twitter.com\/OU4R8EYr6q<\/a><\/p>&mdash; Fiscal\u00eda del Estado de Jalisco (@FiscaliaJal) <a href=\"https:\/\/twitter.com\/FiscaliaJal\/status\/1906759379472511437?ref_src=twsrc%5Etfw\">March 31, 2025<\/a><\/blockquote><script async src=\"https:\/\/platform.twitter.com\/widgets.js\" charset=\"utf-8\"><\/script>\n<\/div><\/figure>\n\n\n\n<figure class=\"wp-block-embed is-type-rich is-provider-twitter wp-block-embed-twitter\"><div class=\"wp-block-embed__wrapper\">\n<blockquote class=\"twitter-tweet\" data-width=\"550\" data-dnt=\"true\"><p lang=\"es\" dir=\"ltr\">Si el delito se consuma, quien lo promovi\u00f3 tambi\u00e9n es responsable.  <br><br>\ud83d\udea8 No normalizaremos la violencia, ni permitiremos que el crimen sea exaltado.  <br><br>Sigue los detalles de este caso \ud83d\udc49 <a href=\"https:\/\/t.co\/Cz7plASNKC\">https:\/\/t.co\/Cz7plASNKC<\/a> (3-3)<\/p>&mdash; Fiscal\u00eda del Estado de Jalisco (@FiscaliaJal) <a href=\"https:\/\/twitter.com\/FiscaliaJal\/status\/1906759384585433435?ref_src=twsrc%5Etfw\">March 31, 2025<\/a><\/blockquote><script async src=\"https:\/\/platform.twitter.com\/widgets.js\" charset=\"utf-8\"><\/script>\n<\/div><\/figure>\n\n\n\n<p>Sin embargo, si el delito se configura, se podr\u00eda sancionar a los responsables lo que corresponda por su participaci\u00f3n en el delito cometido.<\/p>\n\n\n\n<p>La fiscal\u00eda de Jalisco detall\u00f3 que tomar\u00e1 testimonio a los integrantes<strong>&nbsp;Los Alegres del Barranco<\/strong>, que son quienes interpretaron una canci\u00f3n haciendo alusi\u00f3n al&nbsp;<strong>CJNG<\/strong>.<\/p>\n\n\n\n<p>Adem\u00e1s, las autoridades&nbsp;exhortaron&nbsp;a la sociedad a &#8220;no normalizar la violencia&#8221;.&nbsp;<\/p>\n\n\n\n<p>El 30 de marzo, el Auditorio Telmex&nbsp;se deslind\u00f3 de las im\u00e1genes transmitidas durante el concierto de&nbsp;<strong>Los Alegres del Barranco<\/strong>&nbsp; y asegur\u00f3 que&nbsp;est\u00e1 explorando la posibilidad de&nbsp;<strong>cambiar los contratos&nbsp;para que en lo sucesivo se pueda evitar&nbsp;<\/strong>en que se incurra en la apolog\u00eda al delito en el contenido audiovisual&nbsp;que se presenten los artistas.<\/p>\n\n\n\n<figure class=\"wp-block-embed is-type-rich is-provider-twitter wp-block-embed-twitter\"><div class=\"wp-block-embed__wrapper\">\n<blockquote class=\"twitter-tweet\" data-width=\"550\" data-dnt=\"true\"><p lang=\"zxx\" dir=\"ltr\"><a href=\"https:\/\/t.co\/kREM3wdAOz\">pic.twitter.com\/kREM3wdAOz<\/a><\/p>&mdash; Auditorio TELMEX (@AuditorioTelmex) <a href=\"https:\/\/twitter.com\/AuditorioTelmex\/status\/1906552023157530881?ref_src=twsrc%5Etfw\">March 31, 2025<\/a><\/blockquote><script async src=\"https:\/\/platform.twitter.com\/widgets.js\" charset=\"utf-8\"><\/script>\n<\/div><\/figure>\n\n\n\n<p>Asimismo, el recinto de conciertos ubicado en&nbsp;<strong>Zapopan<\/strong>,&nbsp;<strong>Jalisco<\/strong>, asegur\u00f3 que&nbsp;no tiene injerencia&nbsp;en la selecci\u00f3n del repertorio que presentan los artistas o en el material audiovisual que deciden&nbsp;transmitir durante el show&nbsp;que realizan en el escenario, ya que son un&nbsp;<strong>espacio de renta a promotores<\/strong>.<\/p>\n\n\n\n<p>El<strong>\u00a0gobernador de Jalisco<\/strong>,\u00a0Pablo Lemus, se pronunci\u00f3 con firmeza ante la pol\u00e9mica desatada durante el concierto de\u00a0Los Alegres de Barranco el pasado s\u00e1bado 29 de marzo en el\u00a0<strong>Auditorio Telmex\u00a0<\/strong>de la Universidad de Guadalajara.\u00a0<\/p>\n\n\n\n<p>En su<strong>&nbsp;cuenta de X,<\/strong>&nbsp;Lemus expres\u00f3 su rechazo a la proyecci\u00f3n de im\u00e1genes en el escenario del evento, las cuales parec\u00edan rendir<strong>&nbsp;homenaje al l\u00edder de un c\u00e1rtel criminal.<\/strong><\/p>\n\n\n\n<blockquote class=\"wp-block-quote is-layout-flow wp-block-quote-is-layout-flow\">\n<p>\u201cLo visto en el concierto de este fin de semana va en la direcci\u00f3n opuesta [a combatir la violencia]. Todos tenemos que hacer lo que nos toca para dejar de normalizar la violencia. No debe suceder en \u00e9ste ni en ning\u00fan otro lugar de nuestro estado\u201d, escribi\u00f3 el mandatario.<\/p>\n<\/blockquote>\n\n\n\n<p>El concierto incluy\u00f3 la interpretaci\u00f3n de un narcocorrido con versos que hac\u00edan referencia a la figura de&nbsp;<strong>Nemesio Oseguera Cervantes, alias \u201cEl Mencho\u201d<\/strong>. Durante la presentaci\u00f3n, la pantalla del escenario proyect\u00f3 im\u00e1genes que muchos interpretaron como una&nbsp;<strong>exaltaci\u00f3n del crimen organizado<\/strong>. El video del momento se viraliz\u00f3 en redes sociales, desatando una ola de cr\u00edticas.<\/p>\n\n\n\n<figure class=\"wp-block-image size-full\"><img loading=\"lazy\" decoding=\"async\" width=\"360\" height=\"280\" src=\"https:\/\/quehacerpolitico.mx\/wp-content\/uploads\/2025\/03\/image-4.png\" alt=\"\" class=\"wp-image-115641\" srcset=\"https:\/\/quehacerpolitico.mx\/wp-content\/uploads\/2025\/03\/image-4.png 360w, https:\/\/quehacerpolitico.mx\/wp-content\/uploads\/2025\/03\/image-4-300x233.png 300w\" sizes=\"auto, (max-width: 360px) 100vw, 360px\" \/><\/figure>\n\n\n\n<p>Dicha declaraci\u00f3n ser\u00e1 tomada en cuenta dentro de las indagatorias para esclarecer los hechos, afirm\u00f3 la fiscal\u00eda.&nbsp;<\/p>\n\n\n\n<p>Durante el evento realizado el pasado s\u00e1bado se present\u00f3 la banda&nbsp;Los Alegres del Barranco que proyect\u00f3&nbsp;fotograf\u00edas del&nbsp;l\u00edder del CJNG, mientras cantaron una canci\u00f3n en la que hicieron alusi\u00f3n al narcotraficante y a la agrupaci\u00f3n criminal.<\/p>\n","protected":false},"excerpt":{"rendered":"<p>Por Redacci\u00f3n QP Las autoridades detallaron que tomar\u00e1 testimonio a los integrantes de la banda&#8230;<\/p>\n","protected":false},"author":2,"featured_media":115642,"comment_status":"open","ping_status":"open","sticky":false,"template":"","format":"standard","meta":{"_monsterinsights_skip_tracking":false,"_monsterinsights_sitenote_active":false,"_monsterinsights_sitenote_note":"","_monsterinsights_sitenote_category":0,"footnotes":""},"categories":[280,2],"tags":[],"class_list":["post-115639","post","type-post","status-publish","format-standard","has-post-thumbnail","hentry","category-nacionales","category-noticias"],"yoast_head":"<!-- This site is optimized with the Yoast SEO plugin v27.3 - https:\/\/yoast.com\/product\/yoast-seo-wordpress\/ -->\n<title>Fiscal\u00eda de Jalisco investiga posible apolog\u00eda del delito tras difusi\u00f3n de im\u00e1genes de &quot;El Mencho&quot; en concierto de Los Alegres del Barranco -<\/title>\n<meta name=\"robots\" content=\"index, follow, max-snippet:-1, max-image-preview:large, max-video-preview:-1\" \/>\n<link rel=\"canonical\" href=\"https:\/\/quehacerpolitico.mx\/?p=115639\" \/>\n<meta property=\"og:locale\" content=\"es_MX\" \/>\n<meta property=\"og:type\" content=\"article\" \/>\n<meta property=\"og:title\" content=\"Fiscal\u00eda de Jalisco investiga posible apolog\u00eda del delito tras difusi\u00f3n de im\u00e1genes de &quot;El Mencho&quot; en concierto de Los Alegres del Barranco -\" \/>\n<meta property=\"og:description\" content=\"Por Redacci\u00f3n QP Las autoridades detallaron que tomar\u00e1 testimonio a los integrantes de la banda...\" \/>\n<meta property=\"og:url\" content=\"https:\/\/quehacerpolitico.mx\/?p=115639\" \/>\n<meta property=\"article:published_time\" content=\"2025-03-31T20:21:23+00:00\" \/>\n<meta property=\"article:modified_time\" content=\"2025-03-31T20:21:26+00:00\" \/>\n<meta property=\"og:image\" content=\"https:\/\/quehacerpolitico.mx\/wp-content\/uploads\/2025\/03\/IMG_1565.webp\" \/>\n\t<meta property=\"og:image:width\" content=\"960\" \/>\n\t<meta property=\"og:image:height\" content=\"540\" \/>\n\t<meta property=\"og:image:type\" content=\"image\/webp\" \/>\n<meta name=\"author\" content=\"Redacci\u00f3n QP\" \/>\n<meta name=\"twitter:card\" content=\"summary_large_image\" \/>\n<meta name=\"twitter:label1\" content=\"Escrito por\" \/>\n\t<meta name=\"twitter:data1\" content=\"Redacci\u00f3n QP\" \/>\n\t<meta name=\"twitter:label2\" content=\"Tiempo de lectura\" \/>\n\t<meta name=\"twitter:data2\" content=\"3 minutos\" \/>\n<script type=\"application\/ld+json\" class=\"yoast-schema-graph\">{\"@context\":\"https:\\\/\\\/schema.org\",\"@graph\":[{\"@type\":\"Article\",\"@id\":\"https:\\\/\\\/quehacerpolitico.mx\\\/?p=115639#article\",\"isPartOf\":{\"@id\":\"https:\\\/\\\/quehacerpolitico.mx\\\/?p=115639\"},\"author\":{\"name\":\"Redacci\u00f3n QP\",\"@id\":\"https:\\\/\\\/quehacerpolitico.mx\\\/#\\\/schema\\\/person\\\/496d8ad2d1d3f8036101dca7ee39e585\"},\"headline\":\"Fiscal\u00eda de Jalisco investiga posible apolog\u00eda del delito tras difusi\u00f3n de im\u00e1genes de &#8220;El Mencho&#8221; en concierto de Los Alegres del Barranco\",\"datePublished\":\"2025-03-31T20:21:23+00:00\",\"dateModified\":\"2025-03-31T20:21:26+00:00\",\"mainEntityOfPage\":{\"@id\":\"https:\\\/\\\/quehacerpolitico.mx\\\/?p=115639\"},\"wordCount\":673,\"commentCount\":0,\"image\":{\"@id\":\"https:\\\/\\\/quehacerpolitico.mx\\\/?p=115639#primaryimage\"},\"thumbnailUrl\":\"https:\\\/\\\/quehacerpolitico.mx\\\/wp-content\\\/uploads\\\/2025\\\/03\\\/IMG_1565.webp\",\"articleSection\":[\"Nacionales\",\"Noticias\"],\"inLanguage\":\"es\",\"potentialAction\":[{\"@type\":\"CommentAction\",\"name\":\"Comment\",\"target\":[\"https:\\\/\\\/quehacerpolitico.mx\\\/?p=115639#respond\"]}]},{\"@type\":\"WebPage\",\"@id\":\"https:\\\/\\\/quehacerpolitico.mx\\\/?p=115639\",\"url\":\"https:\\\/\\\/quehacerpolitico.mx\\\/?p=115639\",\"name\":\"Fiscal\u00eda de Jalisco investiga posible apolog\u00eda del delito tras difusi\u00f3n de im\u00e1genes de \\\"El Mencho\\\" en concierto de Los Alegres del Barranco -\",\"isPartOf\":{\"@id\":\"https:\\\/\\\/quehacerpolitico.mx\\\/#website\"},\"primaryImageOfPage\":{\"@id\":\"https:\\\/\\\/quehacerpolitico.mx\\\/?p=115639#primaryimage\"},\"image\":{\"@id\":\"https:\\\/\\\/quehacerpolitico.mx\\\/?p=115639#primaryimage\"},\"thumbnailUrl\":\"https:\\\/\\\/quehacerpolitico.mx\\\/wp-content\\\/uploads\\\/2025\\\/03\\\/IMG_1565.webp\",\"datePublished\":\"2025-03-31T20:21:23+00:00\",\"dateModified\":\"2025-03-31T20:21:26+00:00\",\"author\":{\"@id\":\"https:\\\/\\\/quehacerpolitico.mx\\\/#\\\/schema\\\/person\\\/496d8ad2d1d3f8036101dca7ee39e585\"},\"breadcrumb\":{\"@id\":\"https:\\\/\\\/quehacerpolitico.mx\\\/?p=115639#breadcrumb\"},\"inLanguage\":\"es\",\"potentialAction\":[{\"@type\":\"ReadAction\",\"target\":[\"https:\\\/\\\/quehacerpolitico.mx\\\/?p=115639\"]}]},{\"@type\":\"ImageObject\",\"inLanguage\":\"es\",\"@id\":\"https:\\\/\\\/quehacerpolitico.mx\\\/?p=115639#primaryimage\",\"url\":\"https:\\\/\\\/quehacerpolitico.mx\\\/wp-content\\\/uploads\\\/2025\\\/03\\\/IMG_1565.webp\",\"contentUrl\":\"https:\\\/\\\/quehacerpolitico.mx\\\/wp-content\\\/uploads\\\/2025\\\/03\\\/IMG_1565.webp\",\"width\":960,\"height\":540},{\"@type\":\"BreadcrumbList\",\"@id\":\"https:\\\/\\\/quehacerpolitico.mx\\\/?p=115639#breadcrumb\",\"itemListElement\":[{\"@type\":\"ListItem\",\"position\":1,\"name\":\"Inicio\",\"item\":\"https:\\\/\\\/quehacerpolitico.mx\\\/\"},{\"@type\":\"ListItem\",\"position\":2,\"name\":\"Fiscal\u00eda de Jalisco investiga posible apolog\u00eda del delito tras difusi\u00f3n de im\u00e1genes de &#8220;El Mencho&#8221; en concierto de Los Alegres del Barranco\"}]},{\"@type\":\"WebSite\",\"@id\":\"https:\\\/\\\/quehacerpolitico.mx\\\/#website\",\"url\":\"https:\\\/\\\/quehacerpolitico.mx\\\/\",\"name\":\"\",\"description\":\"\",\"potentialAction\":[{\"@type\":\"SearchAction\",\"target\":{\"@type\":\"EntryPoint\",\"urlTemplate\":\"https:\\\/\\\/quehacerpolitico.mx\\\/?s={search_term_string}\"},\"query-input\":{\"@type\":\"PropertyValueSpecification\",\"valueRequired\":true,\"valueName\":\"search_term_string\"}}],\"inLanguage\":\"es\"},{\"@type\":\"Person\",\"@id\":\"https:\\\/\\\/quehacerpolitico.mx\\\/#\\\/schema\\\/person\\\/496d8ad2d1d3f8036101dca7ee39e585\",\"name\":\"Redacci\u00f3n QP\",\"image\":{\"@type\":\"ImageObject\",\"inLanguage\":\"es\",\"@id\":\"https:\\\/\\\/secure.gravatar.com\\\/avatar\\\/c7164ed6fdec453195284ad24a5ae5b6e1eed2b848477fa2a4787ba9adf39a41?s=96&d=mm&r=g\",\"url\":\"https:\\\/\\\/secure.gravatar.com\\\/avatar\\\/c7164ed6fdec453195284ad24a5ae5b6e1eed2b848477fa2a4787ba9adf39a41?s=96&d=mm&r=g\",\"contentUrl\":\"https:\\\/\\\/secure.gravatar.com\\\/avatar\\\/c7164ed6fdec453195284ad24a5ae5b6e1eed2b848477fa2a4787ba9adf39a41?s=96&d=mm&r=g\",\"caption\":\"Redacci\u00f3n QP\"},\"url\":\"https:\\\/\\\/quehacerpolitico.mx\\\/?author=2\"}]}<\/script>\n<!-- \/ Yoast SEO plugin. -->","yoast_head_json":{"title":"Fiscal\u00eda de Jalisco investiga posible apolog\u00eda del delito tras difusi\u00f3n de im\u00e1genes de \"El Mencho\" en concierto de Los Alegres del Barranco -","robots":{"index":"index","follow":"follow","max-snippet":"max-snippet:-1","max-image-preview":"max-image-preview:large","max-video-preview":"max-video-preview:-1"},"canonical":"https:\/\/quehacerpolitico.mx\/?p=115639","og_locale":"es_MX","og_type":"article","og_title":"Fiscal\u00eda de Jalisco investiga posible apolog\u00eda del delito tras difusi\u00f3n de im\u00e1genes de \"El Mencho\" en concierto de Los Alegres del Barranco -","og_description":"Por Redacci\u00f3n QP Las autoridades detallaron que tomar\u00e1 testimonio a los integrantes de la banda...","og_url":"https:\/\/quehacerpolitico.mx\/?p=115639","article_published_time":"2025-03-31T20:21:23+00:00","article_modified_time":"2025-03-31T20:21:26+00:00","og_image":[{"width":960,"height":540,"url":"https:\/\/quehacerpolitico.mx\/wp-content\/uploads\/2025\/03\/IMG_1565.webp","type":"image\/webp"}],"author":"Redacci\u00f3n QP","twitter_card":"summary_large_image","twitter_misc":{"Escrito por":"Redacci\u00f3n QP","Tiempo de lectura":"3 minutos"},"schema":{"@context":"https:\/\/schema.org","@graph":[{"@type":"Article","@id":"https:\/\/quehacerpolitico.mx\/?p=115639#article","isPartOf":{"@id":"https:\/\/quehacerpolitico.mx\/?p=115639"},"author":{"name":"Redacci\u00f3n QP","@id":"https:\/\/quehacerpolitico.mx\/#\/schema\/person\/496d8ad2d1d3f8036101dca7ee39e585"},"headline":"Fiscal\u00eda de Jalisco investiga posible apolog\u00eda del delito tras difusi\u00f3n de im\u00e1genes de &#8220;El Mencho&#8221; en concierto de Los Alegres del Barranco","datePublished":"2025-03-31T20:21:23+00:00","dateModified":"2025-03-31T20:21:26+00:00","mainEntityOfPage":{"@id":"https:\/\/quehacerpolitico.mx\/?p=115639"},"wordCount":673,"commentCount":0,"image":{"@id":"https:\/\/quehacerpolitico.mx\/?p=115639#primaryimage"},"thumbnailUrl":"https:\/\/quehacerpolitico.mx\/wp-content\/uploads\/2025\/03\/IMG_1565.webp","articleSection":["Nacionales","Noticias"],"inLanguage":"es","potentialAction":[{"@type":"CommentAction","name":"Comment","target":["https:\/\/quehacerpolitico.mx\/?p=115639#respond"]}]},{"@type":"WebPage","@id":"https:\/\/quehacerpolitico.mx\/?p=115639","url":"https:\/\/quehacerpolitico.mx\/?p=115639","name":"Fiscal\u00eda de Jalisco investiga posible apolog\u00eda del delito tras difusi\u00f3n de im\u00e1genes de \"El Mencho\" en concierto de Los Alegres del Barranco -","isPartOf":{"@id":"https:\/\/quehacerpolitico.mx\/#website"},"primaryImageOfPage":{"@id":"https:\/\/quehacerpolitico.mx\/?p=115639#primaryimage"},"image":{"@id":"https:\/\/quehacerpolitico.mx\/?p=115639#primaryimage"},"thumbnailUrl":"https:\/\/quehacerpolitico.mx\/wp-content\/uploads\/2025\/03\/IMG_1565.webp","datePublished":"2025-03-31T20:21:23+00:00","dateModified":"2025-03-31T20:21:26+00:00","author":{"@id":"https:\/\/quehacerpolitico.mx\/#\/schema\/person\/496d8ad2d1d3f8036101dca7ee39e585"},"breadcrumb":{"@id":"https:\/\/quehacerpolitico.mx\/?p=115639#breadcrumb"},"inLanguage":"es","potentialAction":[{"@type":"ReadAction","target":["https:\/\/quehacerpolitico.mx\/?p=115639"]}]},{"@type":"ImageObject","inLanguage":"es","@id":"https:\/\/quehacerpolitico.mx\/?p=115639#primaryimage","url":"https:\/\/quehacerpolitico.mx\/wp-content\/uploads\/2025\/03\/IMG_1565.webp","contentUrl":"https:\/\/quehacerpolitico.mx\/wp-content\/uploads\/2025\/03\/IMG_1565.webp","width":960,"height":540},{"@type":"BreadcrumbList","@id":"https:\/\/quehacerpolitico.mx\/?p=115639#breadcrumb","itemListElement":[{"@type":"ListItem","position":1,"name":"Inicio","item":"https:\/\/quehacerpolitico.mx\/"},{"@type":"ListItem","position":2,"name":"Fiscal\u00eda de Jalisco investiga posible apolog\u00eda del delito tras difusi\u00f3n de im\u00e1genes de &#8220;El Mencho&#8221; en concierto de Los Alegres del Barranco"}]},{"@type":"WebSite","@id":"https:\/\/quehacerpolitico.mx\/#website","url":"https:\/\/quehacerpolitico.mx\/","name":"","description":"","potentialAction":[{"@type":"SearchAction","target":{"@type":"EntryPoint","urlTemplate":"https:\/\/quehacerpolitico.mx\/?s={search_term_string}"},"query-input":{"@type":"PropertyValueSpecification","valueRequired":true,"valueName":"search_term_string"}}],"inLanguage":"es"},{"@type":"Person","@id":"https:\/\/quehacerpolitico.mx\/#\/schema\/person\/496d8ad2d1d3f8036101dca7ee39e585","name":"Redacci\u00f3n QP","image":{"@type":"ImageObject","inLanguage":"es","@id":"https:\/\/secure.gravatar.com\/avatar\/c7164ed6fdec453195284ad24a5ae5b6e1eed2b848477fa2a4787ba9adf39a41?s=96&d=mm&r=g","url":"https:\/\/secure.gravatar.com\/avatar\/c7164ed6fdec453195284ad24a5ae5b6e1eed2b848477fa2a4787ba9adf39a41?s=96&d=mm&r=g","contentUrl":"https:\/\/secure.gravatar.com\/avatar\/c7164ed6fdec453195284ad24a5ae5b6e1eed2b848477fa2a4787ba9adf39a41?s=96&d=mm&r=g","caption":"Redacci\u00f3n QP"},"url":"https:\/\/quehacerpolitico.mx\/?author=2"}]}},"featured_image_urls":{"full":["https:\/\/quehacerpolitico.mx\/wp-content\/uploads\/2025\/03\/IMG_1565.webp",960,540,false],"thumbnail":["https:\/\/quehacerpolitico.mx\/wp-content\/uploads\/2025\/03\/IMG_1565-150x150.webp",150,150,true],"medium":["https:\/\/quehacerpolitico.mx\/wp-content\/uploads\/2025\/03\/IMG_1565-300x169.webp",300,169,true],"medium_large":["https:\/\/quehacerpolitico.mx\/wp-content\/uploads\/2025\/03\/IMG_1565-768x432.webp",640,360,true],"large":["https:\/\/quehacerpolitico.mx\/wp-content\/uploads\/2025\/03\/IMG_1565.webp",640,360,false],"1536x1536":["https:\/\/quehacerpolitico.mx\/wp-content\/uploads\/2025\/03\/IMG_1565.webp",960,540,false],"2048x2048":["https:\/\/quehacerpolitico.mx\/wp-content\/uploads\/2025\/03\/IMG_1565.webp",960,540,false],"covernews-featured":["https:\/\/quehacerpolitico.mx\/wp-content\/uploads\/2025\/03\/IMG_1565.webp",960,540,false],"covernews-medium":["https:\/\/quehacerpolitico.mx\/wp-content\/uploads\/2025\/03\/IMG_1565-540x340.webp",540,340,true]},"author_info":{"display_name":"Redacci\u00f3n QP","author_link":"https:\/\/quehacerpolitico.mx\/?author=2"},"category_info":"<a href=\"https:\/\/quehacerpolitico.mx\/?cat=280\" rel=\"category\">Nacionales<\/a> <a href=\"https:\/\/quehacerpolitico.mx\/?cat=2\" rel=\"category\">Noticias<\/a>","tag_info":"Noticias","comment_count":"0","_links":{"self":[{"href":"https:\/\/quehacerpolitico.mx\/index.php?rest_route=\/wp\/v2\/posts\/115639","targetHints":{"allow":["GET"]}}],"collection":[{"href":"https:\/\/quehacerpolitico.mx\/index.php?rest_route=\/wp\/v2\/posts"}],"about":[{"href":"https:\/\/quehacerpolitico.mx\/index.php?rest_route=\/wp\/v2\/types\/post"}],"author":[{"embeddable":true,"href":"https:\/\/quehacerpolitico.mx\/index.php?rest_route=\/wp\/v2\/users\/2"}],"replies":[{"embeddable":true,"href":"https:\/\/quehacerpolitico.mx\/index.php?rest_route=%2Fwp%2Fv2%2Fcomments&post=115639"}],"version-history":[{"count":1,"href":"https:\/\/quehacerpolitico.mx\/index.php?rest_route=\/wp\/v2\/posts\/115639\/revisions"}],"predecessor-version":[{"id":115643,"href":"https:\/\/quehacerpolitico.mx\/index.php?rest_route=\/wp\/v2\/posts\/115639\/revisions\/115643"}],"wp:featuredmedia":[{"embeddable":true,"href":"https:\/\/quehacerpolitico.mx\/index.php?rest_route=\/wp\/v2\/media\/115642"}],"wp:attachment":[{"href":"https:\/\/quehacerpolitico.mx\/index.php?rest_route=%2Fwp%2Fv2%2Fmedia&parent=115639"}],"wp:term":[{"taxonomy":"category","embeddable":true,"href":"https:\/\/quehacerpolitico.mx\/index.php?rest_route=%2Fwp%2Fv2%2Fcategories&post=115639"},{"taxonomy":"post_tag","embeddable":true,"href":"https:\/\/quehacerpolitico.mx\/index.php?rest_route=%2Fwp%2Fv2%2Ftags&post=115639"}],"curies":[{"name":"wp","href":"https:\/\/api.w.org\/{rel}","templated":true}]}}