{"id":115635,"date":"2025-03-31T13:47:27","date_gmt":"2025-03-31T19:47:27","guid":{"rendered":"https:\/\/quehacerpolitico.mx\/?p=115635"},"modified":"2025-03-31T13:47:57","modified_gmt":"2025-03-31T19:47:57","slug":"el-quehacer-politico-internacional-a-traves-de-la-opinion-carolina-alonso-romei-donald-trump-podria-anunciar-el-miercoles-un-impuesto-aduanero-generalizado-de-20-wall-street-journal","status":"publish","type":"post","link":"https:\/\/quehacerpolitico.mx\/?p=115635","title":{"rendered":"El Quehacer Pol\u00edtico Internacional a trav\u00e9s de la opini\u00f3n\/\/\/Carolina Alonso Romei\/\/\/Donald Trump podr\u00eda anunciar el mi\u00e9rcoles un impuesto aduanero generalizado de 20%: Wall Street Journal"},"content":{"rendered":"\n<p>Por Carolina Alonso Romei<\/p>\n\n\n\n<p>Internacionalista <\/p>\n\n\n\n<p>Las conversaciones en el gobierno se han acelerado para determinar cu\u00e1l ser\u00e1 exactamente el alcance del nuevo paquete de grav\u00e1menes que el presidente quiere presentar el 2 de abril, cita la publicaci\u00f3n<\/p>\n\n\n\n<p>El presidente de Estados Unidos,&nbsp;<strong>Donald Trump<\/strong>, baraja anunciar el mi\u00e9rcoles una&nbsp;<strong>bater\u00eda de aranceles<\/strong>&nbsp;m\u00e1s agresiva de lo que hab\u00eda sugerido en d\u00edas previos, incluyendo la opci\u00f3n de un<strong>&nbsp;impuesto aduanero&nbsp;<\/strong>generalizado del 20%, seg\u00fan medios estadounidenses.<\/p>\n\n\n\n<p>El diario&nbsp;<em>The Wall Street Journal<\/em>, citando fuentes cercanas al asunto, afirma este lunes que las conversaciones en el seno de la administraci\u00f3n&nbsp;<strong>Trump<\/strong>&nbsp;se han acelerado para determinar cu\u00e1l ser\u00e1 exactamente el alcance del nuevo<strong>&nbsp;paquete de grav\u00e1menes<\/strong>que el presidente quiere presentar el 2 de abril, jornada que ha bautizado como &#8220;<strong>D\u00eda de la liberaci\u00f3n<\/strong>&#8220;, y que la posibilidad de cargar con un&nbsp;<strong>arancel<\/strong>&nbsp;del 20% a todos los socios comerciales de Estados Unidos est\u00e1 sobre la mesa.<\/p>\n\n\n\n<p>La opci\u00f3n de gravar indiscriminadamente con un 20% todas las<strong>&nbsp;importaciones<\/strong>&nbsp;que entren en territorio estadounidense, romper\u00eda con la idea que apunt\u00f3 el secretario del Tesoro,&nbsp;<strong>Scott Bessent<\/strong>, sobre castigar principalmente a los 15 socios comerciales \u2014a los que llam\u00f3 los &#8220;15 sucios&#8221;\u2014&nbsp;de Estados Unidos&nbsp;con mayores super\u00e1vits con respecto a la primera econom\u00eda.<\/p>\n\n\n\n<p>Sea cual sea el paquete anunciado, un funcionario citado por el rotativo econ\u00f3mico, asegur\u00f3 que&nbsp;<strong>Trump<\/strong>&nbsp;quiere que lo presentado resulte &#8220;grande y simple&#8221;.<\/p>\n\n\n\n<p><em>The Washington Post&nbsp;<\/em>indic\u00f3 a su vez el fin de semana que Trump ha pedido a sus principales asesores un anuncio m\u00e1s agresivo en el terreno<strong>&nbsp;arancelario<\/strong>&nbsp;para el 2 de abril, lo que contrasta con comentarios que realiz\u00f3 la semana pasada, indicando, por ejemplo, que ser\u00eda m\u00e1s &#8220;generoso&#8221; con aquellos pa\u00edses que tienen super\u00e1vits comerciales y que seg\u00fan \u00e9l se &#8220;aprovechan&#8221; de Estados Unidos.<\/p>\n\n\n\n<p>Los mensajes equ\u00edvocos que se env\u00edan desde&nbsp;<strong>Washington<\/strong>&nbsp;est\u00e1n aumentando adem\u00e1s la inquietud en los&nbsp;<strong>mercados<\/strong>&nbsp;\u2014con ca\u00eddas generalizadas este lunes en Asia y Europa o aperturas en rojo del Nasdaq y el S&amp;P 500\u2014&nbsp;a la espera de que ma\u00f1ana, d\u00eda en que est\u00e1 previsto que&nbsp;<strong>Trump<\/strong>&nbsp;reciba un informe detallado sobre los principales socios comerciales de&nbsp;<strong>Estados Unidos<\/strong>, se puedan conocer nuevos detalles sobre lo que se anunciar\u00e1 el mi\u00e9rcoles.<\/p>\n\n\n\n<p>Con informaci\u00f3n de EFE<\/p>\n","protected":false},"excerpt":{"rendered":"<p>Por Carolina Alonso Romei Internacionalista Las conversaciones en el gobierno se han acelerado para determinar&#8230;<\/p>\n","protected":false},"author":2,"featured_media":115636,"comment_status":"open","ping_status":"open","sticky":false,"template":"","format":"standard","meta":{"_monsterinsights_skip_tracking":false,"_monsterinsights_sitenote_active":false,"_monsterinsights_sitenote_note":"","_monsterinsights_sitenote_category":0,"footnotes":""},"categories":[1],"tags":[],"class_list":["post-115635","post","type-post","status-publish","format-standard","has-post-thumbnail","hentry","category-sin-categoria"],"yoast_head":"<!-- This site is optimized with the Yoast SEO plugin v27.3 - https:\/\/yoast.com\/product\/yoast-seo-wordpress\/ -->\n<title>El Quehacer Pol\u00edtico Internacional a trav\u00e9s de la opini\u00f3n\/\/\/Carolina Alonso Romei\/\/\/Donald Trump podr\u00eda anunciar el mi\u00e9rcoles un impuesto aduanero generalizado de 20%: Wall Street Journal -<\/title>\n<meta name=\"robots\" content=\"index, follow, max-snippet:-1, max-image-preview:large, max-video-preview:-1\" \/>\n<link rel=\"canonical\" href=\"https:\/\/quehacerpolitico.mx\/?p=115635\" \/>\n<meta property=\"og:locale\" content=\"es_MX\" \/>\n<meta property=\"og:type\" content=\"article\" \/>\n<meta property=\"og:title\" content=\"El Quehacer Pol\u00edtico Internacional a trav\u00e9s de la opini\u00f3n\/\/\/Carolina Alonso Romei\/\/\/Donald Trump podr\u00eda anunciar el mi\u00e9rcoles un impuesto aduanero generalizado de 20%: Wall Street Journal -\" \/>\n<meta property=\"og:description\" content=\"Por Carolina Alonso Romei Internacionalista Las conversaciones en el gobierno se han acelerado para determinar...\" \/>\n<meta property=\"og:url\" content=\"https:\/\/quehacerpolitico.mx\/?p=115635\" \/>\n<meta property=\"article:published_time\" content=\"2025-03-31T19:47:27+00:00\" \/>\n<meta property=\"article:modified_time\" content=\"2025-03-31T19:47:57+00:00\" \/>\n<meta property=\"og:image\" content=\"https:\/\/quehacerpolitico.mx\/wp-content\/uploads\/2025\/03\/03fa6135-c3fe-44b7-8e96-c6ca323ffebb-11.jpeg\" \/>\n\t<meta property=\"og:image:width\" content=\"963\" \/>\n\t<meta property=\"og:image:height\" content=\"493\" \/>\n\t<meta property=\"og:image:type\" content=\"image\/jpeg\" \/>\n<meta name=\"author\" content=\"Redacci\u00f3n QP\" \/>\n<meta name=\"twitter:card\" content=\"summary_large_image\" \/>\n<meta name=\"twitter:label1\" content=\"Escrito por\" \/>\n\t<meta name=\"twitter:data1\" content=\"Redacci\u00f3n QP\" \/>\n\t<meta name=\"twitter:label2\" content=\"Tiempo de lectura\" \/>\n\t<meta name=\"twitter:data2\" content=\"2 minutos\" \/>\n<script type=\"application\/ld+json\" class=\"yoast-schema-graph\">{\"@context\":\"https:\\\/\\\/schema.org\",\"@graph\":[{\"@type\":\"Article\",\"@id\":\"https:\\\/\\\/quehacerpolitico.mx\\\/?p=115635#article\",\"isPartOf\":{\"@id\":\"https:\\\/\\\/quehacerpolitico.mx\\\/?p=115635\"},\"author\":{\"name\":\"Redacci\u00f3n QP\",\"@id\":\"https:\\\/\\\/quehacerpolitico.mx\\\/#\\\/schema\\\/person\\\/496d8ad2d1d3f8036101dca7ee39e585\"},\"headline\":\"El Quehacer Pol\u00edtico Internacional a trav\u00e9s de la opini\u00f3n\\\/\\\/\\\/Carolina Alonso Romei\\\/\\\/\\\/Donald Trump podr\u00eda anunciar el mi\u00e9rcoles un impuesto aduanero generalizado de 20%: Wall Street Journal\",\"datePublished\":\"2025-03-31T19:47:27+00:00\",\"dateModified\":\"2025-03-31T19:47:57+00:00\",\"mainEntityOfPage\":{\"@id\":\"https:\\\/\\\/quehacerpolitico.mx\\\/?p=115635\"},\"wordCount\":462,\"commentCount\":0,\"image\":{\"@id\":\"https:\\\/\\\/quehacerpolitico.mx\\\/?p=115635#primaryimage\"},\"thumbnailUrl\":\"https:\\\/\\\/quehacerpolitico.mx\\\/wp-content\\\/uploads\\\/2025\\\/03\\\/03fa6135-c3fe-44b7-8e96-c6ca323ffebb-11.jpeg\",\"articleSection\":[\"Internacionales\"],\"inLanguage\":\"es\",\"potentialAction\":[{\"@type\":\"CommentAction\",\"name\":\"Comment\",\"target\":[\"https:\\\/\\\/quehacerpolitico.mx\\\/?p=115635#respond\"]}]},{\"@type\":\"WebPage\",\"@id\":\"https:\\\/\\\/quehacerpolitico.mx\\\/?p=115635\",\"url\":\"https:\\\/\\\/quehacerpolitico.mx\\\/?p=115635\",\"name\":\"El Quehacer Pol\u00edtico Internacional a trav\u00e9s de la opini\u00f3n\\\/\\\/\\\/Carolina Alonso Romei\\\/\\\/\\\/Donald Trump podr\u00eda anunciar el mi\u00e9rcoles un impuesto aduanero generalizado de 20%: Wall Street Journal -\",\"isPartOf\":{\"@id\":\"https:\\\/\\\/quehacerpolitico.mx\\\/#website\"},\"primaryImageOfPage\":{\"@id\":\"https:\\\/\\\/quehacerpolitico.mx\\\/?p=115635#primaryimage\"},\"image\":{\"@id\":\"https:\\\/\\\/quehacerpolitico.mx\\\/?p=115635#primaryimage\"},\"thumbnailUrl\":\"https:\\\/\\\/quehacerpolitico.mx\\\/wp-content\\\/uploads\\\/2025\\\/03\\\/03fa6135-c3fe-44b7-8e96-c6ca323ffebb-11.jpeg\",\"datePublished\":\"2025-03-31T19:47:27+00:00\",\"dateModified\":\"2025-03-31T19:47:57+00:00\",\"author\":{\"@id\":\"https:\\\/\\\/quehacerpolitico.mx\\\/#\\\/schema\\\/person\\\/496d8ad2d1d3f8036101dca7ee39e585\"},\"breadcrumb\":{\"@id\":\"https:\\\/\\\/quehacerpolitico.mx\\\/?p=115635#breadcrumb\"},\"inLanguage\":\"es\",\"potentialAction\":[{\"@type\":\"ReadAction\",\"target\":[\"https:\\\/\\\/quehacerpolitico.mx\\\/?p=115635\"]}]},{\"@type\":\"ImageObject\",\"inLanguage\":\"es\",\"@id\":\"https:\\\/\\\/quehacerpolitico.mx\\\/?p=115635#primaryimage\",\"url\":\"https:\\\/\\\/quehacerpolitico.mx\\\/wp-content\\\/uploads\\\/2025\\\/03\\\/03fa6135-c3fe-44b7-8e96-c6ca323ffebb-11.jpeg\",\"contentUrl\":\"https:\\\/\\\/quehacerpolitico.mx\\\/wp-content\\\/uploads\\\/2025\\\/03\\\/03fa6135-c3fe-44b7-8e96-c6ca323ffebb-11.jpeg\",\"width\":963,\"height\":493},{\"@type\":\"BreadcrumbList\",\"@id\":\"https:\\\/\\\/quehacerpolitico.mx\\\/?p=115635#breadcrumb\",\"itemListElement\":[{\"@type\":\"ListItem\",\"position\":1,\"name\":\"Inicio\",\"item\":\"https:\\\/\\\/quehacerpolitico.mx\\\/\"},{\"@type\":\"ListItem\",\"position\":2,\"name\":\"El Quehacer Pol\u00edtico Internacional a trav\u00e9s de la opini\u00f3n\\\/\\\/\\\/Carolina Alonso Romei\\\/\\\/\\\/Donald Trump podr\u00eda anunciar el mi\u00e9rcoles un impuesto aduanero generalizado de 20%: Wall Street Journal\"}]},{\"@type\":\"WebSite\",\"@id\":\"https:\\\/\\\/quehacerpolitico.mx\\\/#website\",\"url\":\"https:\\\/\\\/quehacerpolitico.mx\\\/\",\"name\":\"\",\"description\":\"\",\"potentialAction\":[{\"@type\":\"SearchAction\",\"target\":{\"@type\":\"EntryPoint\",\"urlTemplate\":\"https:\\\/\\\/quehacerpolitico.mx\\\/?s={search_term_string}\"},\"query-input\":{\"@type\":\"PropertyValueSpecification\",\"valueRequired\":true,\"valueName\":\"search_term_string\"}}],\"inLanguage\":\"es\"},{\"@type\":\"Person\",\"@id\":\"https:\\\/\\\/quehacerpolitico.mx\\\/#\\\/schema\\\/person\\\/496d8ad2d1d3f8036101dca7ee39e585\",\"name\":\"Redacci\u00f3n QP\",\"image\":{\"@type\":\"ImageObject\",\"inLanguage\":\"es\",\"@id\":\"https:\\\/\\\/secure.gravatar.com\\\/avatar\\\/c7164ed6fdec453195284ad24a5ae5b6e1eed2b848477fa2a4787ba9adf39a41?s=96&d=mm&r=g\",\"url\":\"https:\\\/\\\/secure.gravatar.com\\\/avatar\\\/c7164ed6fdec453195284ad24a5ae5b6e1eed2b848477fa2a4787ba9adf39a41?s=96&d=mm&r=g\",\"contentUrl\":\"https:\\\/\\\/secure.gravatar.com\\\/avatar\\\/c7164ed6fdec453195284ad24a5ae5b6e1eed2b848477fa2a4787ba9adf39a41?s=96&d=mm&r=g\",\"caption\":\"Redacci\u00f3n QP\"},\"url\":\"https:\\\/\\\/quehacerpolitico.mx\\\/?author=2\"}]}<\/script>\n<!-- \/ Yoast SEO plugin. -->","yoast_head_json":{"title":"El Quehacer Pol\u00edtico Internacional a trav\u00e9s de la opini\u00f3n\/\/\/Carolina Alonso Romei\/\/\/Donald Trump podr\u00eda anunciar el mi\u00e9rcoles un impuesto aduanero generalizado de 20%: Wall Street Journal -","robots":{"index":"index","follow":"follow","max-snippet":"max-snippet:-1","max-image-preview":"max-image-preview:large","max-video-preview":"max-video-preview:-1"},"canonical":"https:\/\/quehacerpolitico.mx\/?p=115635","og_locale":"es_MX","og_type":"article","og_title":"El Quehacer Pol\u00edtico Internacional a trav\u00e9s de la opini\u00f3n\/\/\/Carolina Alonso Romei\/\/\/Donald Trump podr\u00eda anunciar el mi\u00e9rcoles un impuesto aduanero generalizado de 20%: Wall Street Journal -","og_description":"Por Carolina Alonso Romei Internacionalista Las conversaciones en el gobierno se han acelerado para determinar...","og_url":"https:\/\/quehacerpolitico.mx\/?p=115635","article_published_time":"2025-03-31T19:47:27+00:00","article_modified_time":"2025-03-31T19:47:57+00:00","og_image":[{"width":963,"height":493,"url":"https:\/\/quehacerpolitico.mx\/wp-content\/uploads\/2025\/03\/03fa6135-c3fe-44b7-8e96-c6ca323ffebb-11.jpeg","type":"image\/jpeg"}],"author":"Redacci\u00f3n QP","twitter_card":"summary_large_image","twitter_misc":{"Escrito por":"Redacci\u00f3n QP","Tiempo de lectura":"2 minutos"},"schema":{"@context":"https:\/\/schema.org","@graph":[{"@type":"Article","@id":"https:\/\/quehacerpolitico.mx\/?p=115635#article","isPartOf":{"@id":"https:\/\/quehacerpolitico.mx\/?p=115635"},"author":{"name":"Redacci\u00f3n QP","@id":"https:\/\/quehacerpolitico.mx\/#\/schema\/person\/496d8ad2d1d3f8036101dca7ee39e585"},"headline":"El Quehacer Pol\u00edtico Internacional a trav\u00e9s de la opini\u00f3n\/\/\/Carolina Alonso Romei\/\/\/Donald Trump podr\u00eda anunciar el mi\u00e9rcoles un impuesto aduanero generalizado de 20%: Wall Street Journal","datePublished":"2025-03-31T19:47:27+00:00","dateModified":"2025-03-31T19:47:57+00:00","mainEntityOfPage":{"@id":"https:\/\/quehacerpolitico.mx\/?p=115635"},"wordCount":462,"commentCount":0,"image":{"@id":"https:\/\/quehacerpolitico.mx\/?p=115635#primaryimage"},"thumbnailUrl":"https:\/\/quehacerpolitico.mx\/wp-content\/uploads\/2025\/03\/03fa6135-c3fe-44b7-8e96-c6ca323ffebb-11.jpeg","articleSection":["Internacionales"],"inLanguage":"es","potentialAction":[{"@type":"CommentAction","name":"Comment","target":["https:\/\/quehacerpolitico.mx\/?p=115635#respond"]}]},{"@type":"WebPage","@id":"https:\/\/quehacerpolitico.mx\/?p=115635","url":"https:\/\/quehacerpolitico.mx\/?p=115635","name":"El Quehacer Pol\u00edtico Internacional a trav\u00e9s de la opini\u00f3n\/\/\/Carolina Alonso Romei\/\/\/Donald Trump podr\u00eda anunciar el mi\u00e9rcoles un impuesto aduanero generalizado de 20%: Wall Street Journal -","isPartOf":{"@id":"https:\/\/quehacerpolitico.mx\/#website"},"primaryImageOfPage":{"@id":"https:\/\/quehacerpolitico.mx\/?p=115635#primaryimage"},"image":{"@id":"https:\/\/quehacerpolitico.mx\/?p=115635#primaryimage"},"thumbnailUrl":"https:\/\/quehacerpolitico.mx\/wp-content\/uploads\/2025\/03\/03fa6135-c3fe-44b7-8e96-c6ca323ffebb-11.jpeg","datePublished":"2025-03-31T19:47:27+00:00","dateModified":"2025-03-31T19:47:57+00:00","author":{"@id":"https:\/\/quehacerpolitico.mx\/#\/schema\/person\/496d8ad2d1d3f8036101dca7ee39e585"},"breadcrumb":{"@id":"https:\/\/quehacerpolitico.mx\/?p=115635#breadcrumb"},"inLanguage":"es","potentialAction":[{"@type":"ReadAction","target":["https:\/\/quehacerpolitico.mx\/?p=115635"]}]},{"@type":"ImageObject","inLanguage":"es","@id":"https:\/\/quehacerpolitico.mx\/?p=115635#primaryimage","url":"https:\/\/quehacerpolitico.mx\/wp-content\/uploads\/2025\/03\/03fa6135-c3fe-44b7-8e96-c6ca323ffebb-11.jpeg","contentUrl":"https:\/\/quehacerpolitico.mx\/wp-content\/uploads\/2025\/03\/03fa6135-c3fe-44b7-8e96-c6ca323ffebb-11.jpeg","width":963,"height":493},{"@type":"BreadcrumbList","@id":"https:\/\/quehacerpolitico.mx\/?p=115635#breadcrumb","itemListElement":[{"@type":"ListItem","position":1,"name":"Inicio","item":"https:\/\/quehacerpolitico.mx\/"},{"@type":"ListItem","position":2,"name":"El Quehacer Pol\u00edtico Internacional a trav\u00e9s de la opini\u00f3n\/\/\/Carolina Alonso Romei\/\/\/Donald Trump podr\u00eda anunciar el mi\u00e9rcoles un impuesto aduanero generalizado de 20%: Wall Street Journal"}]},{"@type":"WebSite","@id":"https:\/\/quehacerpolitico.mx\/#website","url":"https:\/\/quehacerpolitico.mx\/","name":"","description":"","potentialAction":[{"@type":"SearchAction","target":{"@type":"EntryPoint","urlTemplate":"https:\/\/quehacerpolitico.mx\/?s={search_term_string}"},"query-input":{"@type":"PropertyValueSpecification","valueRequired":true,"valueName":"search_term_string"}}],"inLanguage":"es"},{"@type":"Person","@id":"https:\/\/quehacerpolitico.mx\/#\/schema\/person\/496d8ad2d1d3f8036101dca7ee39e585","name":"Redacci\u00f3n QP","image":{"@type":"ImageObject","inLanguage":"es","@id":"https:\/\/secure.gravatar.com\/avatar\/c7164ed6fdec453195284ad24a5ae5b6e1eed2b848477fa2a4787ba9adf39a41?s=96&d=mm&r=g","url":"https:\/\/secure.gravatar.com\/avatar\/c7164ed6fdec453195284ad24a5ae5b6e1eed2b848477fa2a4787ba9adf39a41?s=96&d=mm&r=g","contentUrl":"https:\/\/secure.gravatar.com\/avatar\/c7164ed6fdec453195284ad24a5ae5b6e1eed2b848477fa2a4787ba9adf39a41?s=96&d=mm&r=g","caption":"Redacci\u00f3n QP"},"url":"https:\/\/quehacerpolitico.mx\/?author=2"}]}},"featured_image_urls":{"full":["https:\/\/quehacerpolitico.mx\/wp-content\/uploads\/2025\/03\/03fa6135-c3fe-44b7-8e96-c6ca323ffebb-11.jpeg",963,493,false],"thumbnail":["https:\/\/quehacerpolitico.mx\/wp-content\/uploads\/2025\/03\/03fa6135-c3fe-44b7-8e96-c6ca323ffebb-11-150x150.jpeg",150,150,true],"medium":["https:\/\/quehacerpolitico.mx\/wp-content\/uploads\/2025\/03\/03fa6135-c3fe-44b7-8e96-c6ca323ffebb-11-300x154.jpeg",300,154,true],"medium_large":["https:\/\/quehacerpolitico.mx\/wp-content\/uploads\/2025\/03\/03fa6135-c3fe-44b7-8e96-c6ca323ffebb-11-768x393.jpeg",640,328,true],"large":["https:\/\/quehacerpolitico.mx\/wp-content\/uploads\/2025\/03\/03fa6135-c3fe-44b7-8e96-c6ca323ffebb-11.jpeg",640,328,false],"1536x1536":["https:\/\/quehacerpolitico.mx\/wp-content\/uploads\/2025\/03\/03fa6135-c3fe-44b7-8e96-c6ca323ffebb-11.jpeg",963,493,false],"2048x2048":["https:\/\/quehacerpolitico.mx\/wp-content\/uploads\/2025\/03\/03fa6135-c3fe-44b7-8e96-c6ca323ffebb-11.jpeg",963,493,false],"covernews-featured":["https:\/\/quehacerpolitico.mx\/wp-content\/uploads\/2025\/03\/03fa6135-c3fe-44b7-8e96-c6ca323ffebb-11.jpeg",963,493,false],"covernews-medium":["https:\/\/quehacerpolitico.mx\/wp-content\/uploads\/2025\/03\/03fa6135-c3fe-44b7-8e96-c6ca323ffebb-11-540x340.jpeg",540,340,true]},"author_info":{"display_name":"Redacci\u00f3n QP","author_link":"https:\/\/quehacerpolitico.mx\/?author=2"},"category_info":"<a href=\"https:\/\/quehacerpolitico.mx\/?cat=1\" rel=\"category\">Internacionales<\/a>","tag_info":"Internacionales","comment_count":"0","_links":{"self":[{"href":"https:\/\/quehacerpolitico.mx\/index.php?rest_route=\/wp\/v2\/posts\/115635","targetHints":{"allow":["GET"]}}],"collection":[{"href":"https:\/\/quehacerpolitico.mx\/index.php?rest_route=\/wp\/v2\/posts"}],"about":[{"href":"https:\/\/quehacerpolitico.mx\/index.php?rest_route=\/wp\/v2\/types\/post"}],"author":[{"embeddable":true,"href":"https:\/\/quehacerpolitico.mx\/index.php?rest_route=\/wp\/v2\/users\/2"}],"replies":[{"embeddable":true,"href":"https:\/\/quehacerpolitico.mx\/index.php?rest_route=%2Fwp%2Fv2%2Fcomments&post=115635"}],"version-history":[{"count":1,"href":"https:\/\/quehacerpolitico.mx\/index.php?rest_route=\/wp\/v2\/posts\/115635\/revisions"}],"predecessor-version":[{"id":115637,"href":"https:\/\/quehacerpolitico.mx\/index.php?rest_route=\/wp\/v2\/posts\/115635\/revisions\/115637"}],"wp:featuredmedia":[{"embeddable":true,"href":"https:\/\/quehacerpolitico.mx\/index.php?rest_route=\/wp\/v2\/media\/115636"}],"wp:attachment":[{"href":"https:\/\/quehacerpolitico.mx\/index.php?rest_route=%2Fwp%2Fv2%2Fmedia&parent=115635"}],"wp:term":[{"taxonomy":"category","embeddable":true,"href":"https:\/\/quehacerpolitico.mx\/index.php?rest_route=%2Fwp%2Fv2%2Fcategories&post=115635"},{"taxonomy":"post_tag","embeddable":true,"href":"https:\/\/quehacerpolitico.mx\/index.php?rest_route=%2Fwp%2Fv2%2Ftags&post=115635"}],"curies":[{"name":"wp","href":"https:\/\/api.w.org\/{rel}","templated":true}]}}