{"id":115629,"date":"2025-03-31T12:58:20","date_gmt":"2025-03-31T18:58:20","guid":{"rendered":"https:\/\/quehacerpolitico.mx\/?p=115629"},"modified":"2025-03-31T12:58:23","modified_gmt":"2025-03-31T18:58:23","slug":"alexis-vega-y-una-obra-de-arte-aplaudida-por-todo-el-mundo-benzema-da-me-gusta-al-golazo-del-delantero-mexicano","status":"publish","type":"post","link":"https:\/\/quehacerpolitico.mx\/?p=115629","title":{"rendered":"Alexis Vega y una \u2018obra de arte\u2019 aplaudida por todo el mundo: Benzema da \u2018me gusta\u2019 al golazo del delantero mexicano"},"content":{"rendered":"\n<p>Por Redacci\u00f3n QP<\/p>\n\n\n\n<p>El jugador del Toluca comparti\u00f3 que el franc\u00e9s que fue una figura del Real Madrid, reconoci\u00f3 su gol al observar el video en redes sociales.<\/p>\n\n\n\n<p>El delantero<strong>&nbsp;Alexis Vega<\/strong>&nbsp;fue el gran protagonista de la victoria (3-2) del&nbsp;<strong>Toluca<\/strong>sobre&nbsp;<strong>Pachuca<\/strong>&nbsp;el pasado s\u00e1bado al dar una asistencia y marcar un&nbsp;<strong>golazo<\/strong>, mismo que tuvo el reconocimiento de una estrella internacional.<\/p>\n\n\n\n<p>El seleccionado nacional comparti\u00f3 en sus redes sociales el video de la acci\u00f3n en la que<strong>se quita a tres rivales<\/strong>, el portero incluido, y define con un toque suave (minuto 48\u2019) para firmar el 3-0 parcial en ese momento.<\/p>\n\n\n\n<figure class=\"wp-block-embed is-type-video is-provider-youtube wp-block-embed-youtube wp-embed-aspect-16-9 wp-has-aspect-ratio\"><div class=\"wp-block-embed__wrapper\">\n<iframe loading=\"lazy\" title=\"\u00a1LOCURA DE GOL! Vega hace una obra de arte | Toluca 3-0 Pachuca | Liga MX - Jornada 13 CL25 | TUDN\" width=\"640\" height=\"360\" src=\"https:\/\/www.youtube.com\/embed\/iRQHfm68JCQ?feature=oembed\" frameborder=\"0\" allow=\"accelerometer; autoplay; clipboard-write; encrypted-media; gyroscope; picture-in-picture; web-share\" referrerpolicy=\"strict-origin-when-cross-origin\" allowfullscreen><\/iframe>\n<\/div><\/figure>\n\n\n\n<p>Posteriormente Vega presumi\u00f3 que el delantero franc\u00e9s&nbsp;<strong>Karim Benzema<\/strong>, quien fue figura con el&nbsp;<strong>Real Madrid<\/strong>&nbsp;y actualmente juega en el futbol de Arabia Saudita, le dio \u201c<strong>me gusta<\/strong>\u201d a la publicaci\u00f3n con el video del golazo.<\/p>\n\n\n\n<p>Vega est\u00e1 convertido en uno de los mejores jugadores del torneo Clausura 2025 con los&nbsp;<strong>Diablos Rojos&nbsp;<\/strong>que son subl\u00edderes, y ya se dio su regreso a la&nbsp;<strong>Selecci\u00f3n Mexicana&nbsp;<\/strong>con la que tuvo participaci\u00f3n en los duelos ante Canad\u00e1 y Panam\u00e1 para ganar la Nations League de la Concacaf.<\/p>\n\n\n\n<figure class=\"wp-block-image\"><img decoding=\"async\" src=\"https:\/\/latinus.us\/u\/fotografias\/m\/2025\/3\/31\/f768x1-111890_112017_5050.jpg\" alt=\"\"\/><\/figure>\n","protected":false},"excerpt":{"rendered":"<p>Por Redacci\u00f3n QP El jugador del Toluca comparti\u00f3 que el franc\u00e9s que fue una figura&#8230;<\/p>\n","protected":false},"author":2,"featured_media":115630,"comment_status":"open","ping_status":"open","sticky":false,"template":"","format":"standard","meta":{"_monsterinsights_skip_tracking":false,"_monsterinsights_sitenote_active":false,"_monsterinsights_sitenote_note":"","_monsterinsights_sitenote_category":0,"footnotes":""},"categories":[54],"tags":[],"class_list":["post-115629","post","type-post","status-publish","format-standard","has-post-thumbnail","hentry","category-deportes"],"yoast_head":"<!-- This site is optimized with the Yoast SEO plugin v27.3 - https:\/\/yoast.com\/product\/yoast-seo-wordpress\/ -->\n<title>Alexis Vega y una \u2018obra de arte\u2019 aplaudida por todo el mundo: Benzema da \u2018me gusta\u2019 al golazo del delantero mexicano -<\/title>\n<meta name=\"robots\" content=\"index, follow, max-snippet:-1, max-image-preview:large, max-video-preview:-1\" \/>\n<link rel=\"canonical\" href=\"https:\/\/quehacerpolitico.mx\/?p=115629\" \/>\n<meta property=\"og:locale\" content=\"es_MX\" \/>\n<meta property=\"og:type\" content=\"article\" \/>\n<meta property=\"og:title\" content=\"Alexis Vega y una \u2018obra de arte\u2019 aplaudida por todo el mundo: Benzema da \u2018me gusta\u2019 al golazo del delantero mexicano -\" \/>\n<meta property=\"og:description\" content=\"Por Redacci\u00f3n QP El jugador del Toluca comparti\u00f3 que el franc\u00e9s que fue una figura...\" \/>\n<meta property=\"og:url\" content=\"https:\/\/quehacerpolitico.mx\/?p=115629\" \/>\n<meta property=\"article:published_time\" content=\"2025-03-31T18:58:20+00:00\" \/>\n<meta property=\"article:modified_time\" content=\"2025-03-31T18:58:23+00:00\" \/>\n<meta property=\"og:image\" content=\"https:\/\/quehacerpolitico.mx\/wp-content\/uploads\/2025\/03\/IMG_1563.jpeg\" \/>\n\t<meta property=\"og:image:width\" content=\"1284\" \/>\n\t<meta property=\"og:image:height\" content=\"1135\" \/>\n\t<meta property=\"og:image:type\" content=\"image\/jpeg\" \/>\n<meta name=\"author\" content=\"Redacci\u00f3n QP\" \/>\n<meta name=\"twitter:card\" content=\"summary_large_image\" \/>\n<meta name=\"twitter:label1\" content=\"Escrito por\" \/>\n\t<meta name=\"twitter:data1\" content=\"Redacci\u00f3n QP\" \/>\n\t<meta name=\"twitter:label2\" content=\"Tiempo de lectura\" \/>\n\t<meta name=\"twitter:data2\" content=\"1 minuto\" \/>\n<script type=\"application\/ld+json\" class=\"yoast-schema-graph\">{\"@context\":\"https:\\\/\\\/schema.org\",\"@graph\":[{\"@type\":\"Article\",\"@id\":\"https:\\\/\\\/quehacerpolitico.mx\\\/?p=115629#article\",\"isPartOf\":{\"@id\":\"https:\\\/\\\/quehacerpolitico.mx\\\/?p=115629\"},\"author\":{\"name\":\"Redacci\u00f3n QP\",\"@id\":\"https:\\\/\\\/quehacerpolitico.mx\\\/#\\\/schema\\\/person\\\/496d8ad2d1d3f8036101dca7ee39e585\"},\"headline\":\"Alexis Vega y una \u2018obra de arte\u2019 aplaudida por todo el mundo: Benzema da \u2018me gusta\u2019 al golazo del delantero mexicano\",\"datePublished\":\"2025-03-31T18:58:20+00:00\",\"dateModified\":\"2025-03-31T18:58:23+00:00\",\"mainEntityOfPage\":{\"@id\":\"https:\\\/\\\/quehacerpolitico.mx\\\/?p=115629\"},\"wordCount\":239,\"commentCount\":0,\"image\":{\"@id\":\"https:\\\/\\\/quehacerpolitico.mx\\\/?p=115629#primaryimage\"},\"thumbnailUrl\":\"https:\\\/\\\/quehacerpolitico.mx\\\/wp-content\\\/uploads\\\/2025\\\/03\\\/IMG_1563.jpeg\",\"articleSection\":[\"Deportes\"],\"inLanguage\":\"es\",\"potentialAction\":[{\"@type\":\"CommentAction\",\"name\":\"Comment\",\"target\":[\"https:\\\/\\\/quehacerpolitico.mx\\\/?p=115629#respond\"]}]},{\"@type\":\"WebPage\",\"@id\":\"https:\\\/\\\/quehacerpolitico.mx\\\/?p=115629\",\"url\":\"https:\\\/\\\/quehacerpolitico.mx\\\/?p=115629\",\"name\":\"Alexis Vega y una \u2018obra de arte\u2019 aplaudida por todo el mundo: Benzema da \u2018me gusta\u2019 al golazo del delantero mexicano -\",\"isPartOf\":{\"@id\":\"https:\\\/\\\/quehacerpolitico.mx\\\/#website\"},\"primaryImageOfPage\":{\"@id\":\"https:\\\/\\\/quehacerpolitico.mx\\\/?p=115629#primaryimage\"},\"image\":{\"@id\":\"https:\\\/\\\/quehacerpolitico.mx\\\/?p=115629#primaryimage\"},\"thumbnailUrl\":\"https:\\\/\\\/quehacerpolitico.mx\\\/wp-content\\\/uploads\\\/2025\\\/03\\\/IMG_1563.jpeg\",\"datePublished\":\"2025-03-31T18:58:20+00:00\",\"dateModified\":\"2025-03-31T18:58:23+00:00\",\"author\":{\"@id\":\"https:\\\/\\\/quehacerpolitico.mx\\\/#\\\/schema\\\/person\\\/496d8ad2d1d3f8036101dca7ee39e585\"},\"breadcrumb\":{\"@id\":\"https:\\\/\\\/quehacerpolitico.mx\\\/?p=115629#breadcrumb\"},\"inLanguage\":\"es\",\"potentialAction\":[{\"@type\":\"ReadAction\",\"target\":[\"https:\\\/\\\/quehacerpolitico.mx\\\/?p=115629\"]}]},{\"@type\":\"ImageObject\",\"inLanguage\":\"es\",\"@id\":\"https:\\\/\\\/quehacerpolitico.mx\\\/?p=115629#primaryimage\",\"url\":\"https:\\\/\\\/quehacerpolitico.mx\\\/wp-content\\\/uploads\\\/2025\\\/03\\\/IMG_1563.jpeg\",\"contentUrl\":\"https:\\\/\\\/quehacerpolitico.mx\\\/wp-content\\\/uploads\\\/2025\\\/03\\\/IMG_1563.jpeg\",\"width\":1284,\"height\":1135,\"caption\":\"Screenshot\"},{\"@type\":\"BreadcrumbList\",\"@id\":\"https:\\\/\\\/quehacerpolitico.mx\\\/?p=115629#breadcrumb\",\"itemListElement\":[{\"@type\":\"ListItem\",\"position\":1,\"name\":\"Inicio\",\"item\":\"https:\\\/\\\/quehacerpolitico.mx\\\/\"},{\"@type\":\"ListItem\",\"position\":2,\"name\":\"Alexis Vega y una \u2018obra de arte\u2019 aplaudida por todo el mundo: Benzema da \u2018me gusta\u2019 al golazo del delantero mexicano\"}]},{\"@type\":\"WebSite\",\"@id\":\"https:\\\/\\\/quehacerpolitico.mx\\\/#website\",\"url\":\"https:\\\/\\\/quehacerpolitico.mx\\\/\",\"name\":\"\",\"description\":\"\",\"potentialAction\":[{\"@type\":\"SearchAction\",\"target\":{\"@type\":\"EntryPoint\",\"urlTemplate\":\"https:\\\/\\\/quehacerpolitico.mx\\\/?s={search_term_string}\"},\"query-input\":{\"@type\":\"PropertyValueSpecification\",\"valueRequired\":true,\"valueName\":\"search_term_string\"}}],\"inLanguage\":\"es\"},{\"@type\":\"Person\",\"@id\":\"https:\\\/\\\/quehacerpolitico.mx\\\/#\\\/schema\\\/person\\\/496d8ad2d1d3f8036101dca7ee39e585\",\"name\":\"Redacci\u00f3n QP\",\"image\":{\"@type\":\"ImageObject\",\"inLanguage\":\"es\",\"@id\":\"https:\\\/\\\/secure.gravatar.com\\\/avatar\\\/c7164ed6fdec453195284ad24a5ae5b6e1eed2b848477fa2a4787ba9adf39a41?s=96&d=mm&r=g\",\"url\":\"https:\\\/\\\/secure.gravatar.com\\\/avatar\\\/c7164ed6fdec453195284ad24a5ae5b6e1eed2b848477fa2a4787ba9adf39a41?s=96&d=mm&r=g\",\"contentUrl\":\"https:\\\/\\\/secure.gravatar.com\\\/avatar\\\/c7164ed6fdec453195284ad24a5ae5b6e1eed2b848477fa2a4787ba9adf39a41?s=96&d=mm&r=g\",\"caption\":\"Redacci\u00f3n QP\"},\"url\":\"https:\\\/\\\/quehacerpolitico.mx\\\/?author=2\"}]}<\/script>\n<!-- \/ Yoast SEO plugin. -->","yoast_head_json":{"title":"Alexis Vega y una \u2018obra de arte\u2019 aplaudida por todo el mundo: Benzema da \u2018me gusta\u2019 al golazo del delantero mexicano -","robots":{"index":"index","follow":"follow","max-snippet":"max-snippet:-1","max-image-preview":"max-image-preview:large","max-video-preview":"max-video-preview:-1"},"canonical":"https:\/\/quehacerpolitico.mx\/?p=115629","og_locale":"es_MX","og_type":"article","og_title":"Alexis Vega y una \u2018obra de arte\u2019 aplaudida por todo el mundo: Benzema da \u2018me gusta\u2019 al golazo del delantero mexicano -","og_description":"Por Redacci\u00f3n QP El jugador del Toluca comparti\u00f3 que el franc\u00e9s que fue una figura...","og_url":"https:\/\/quehacerpolitico.mx\/?p=115629","article_published_time":"2025-03-31T18:58:20+00:00","article_modified_time":"2025-03-31T18:58:23+00:00","og_image":[{"width":1284,"height":1135,"url":"https:\/\/quehacerpolitico.mx\/wp-content\/uploads\/2025\/03\/IMG_1563.jpeg","type":"image\/jpeg"}],"author":"Redacci\u00f3n QP","twitter_card":"summary_large_image","twitter_misc":{"Escrito por":"Redacci\u00f3n QP","Tiempo de lectura":"1 minuto"},"schema":{"@context":"https:\/\/schema.org","@graph":[{"@type":"Article","@id":"https:\/\/quehacerpolitico.mx\/?p=115629#article","isPartOf":{"@id":"https:\/\/quehacerpolitico.mx\/?p=115629"},"author":{"name":"Redacci\u00f3n QP","@id":"https:\/\/quehacerpolitico.mx\/#\/schema\/person\/496d8ad2d1d3f8036101dca7ee39e585"},"headline":"Alexis Vega y una \u2018obra de arte\u2019 aplaudida por todo el mundo: Benzema da \u2018me gusta\u2019 al golazo del delantero mexicano","datePublished":"2025-03-31T18:58:20+00:00","dateModified":"2025-03-31T18:58:23+00:00","mainEntityOfPage":{"@id":"https:\/\/quehacerpolitico.mx\/?p=115629"},"wordCount":239,"commentCount":0,"image":{"@id":"https:\/\/quehacerpolitico.mx\/?p=115629#primaryimage"},"thumbnailUrl":"https:\/\/quehacerpolitico.mx\/wp-content\/uploads\/2025\/03\/IMG_1563.jpeg","articleSection":["Deportes"],"inLanguage":"es","potentialAction":[{"@type":"CommentAction","name":"Comment","target":["https:\/\/quehacerpolitico.mx\/?p=115629#respond"]}]},{"@type":"WebPage","@id":"https:\/\/quehacerpolitico.mx\/?p=115629","url":"https:\/\/quehacerpolitico.mx\/?p=115629","name":"Alexis Vega y una \u2018obra de arte\u2019 aplaudida por todo el mundo: Benzema da \u2018me gusta\u2019 al golazo del delantero mexicano -","isPartOf":{"@id":"https:\/\/quehacerpolitico.mx\/#website"},"primaryImageOfPage":{"@id":"https:\/\/quehacerpolitico.mx\/?p=115629#primaryimage"},"image":{"@id":"https:\/\/quehacerpolitico.mx\/?p=115629#primaryimage"},"thumbnailUrl":"https:\/\/quehacerpolitico.mx\/wp-content\/uploads\/2025\/03\/IMG_1563.jpeg","datePublished":"2025-03-31T18:58:20+00:00","dateModified":"2025-03-31T18:58:23+00:00","author":{"@id":"https:\/\/quehacerpolitico.mx\/#\/schema\/person\/496d8ad2d1d3f8036101dca7ee39e585"},"breadcrumb":{"@id":"https:\/\/quehacerpolitico.mx\/?p=115629#breadcrumb"},"inLanguage":"es","potentialAction":[{"@type":"ReadAction","target":["https:\/\/quehacerpolitico.mx\/?p=115629"]}]},{"@type":"ImageObject","inLanguage":"es","@id":"https:\/\/quehacerpolitico.mx\/?p=115629#primaryimage","url":"https:\/\/quehacerpolitico.mx\/wp-content\/uploads\/2025\/03\/IMG_1563.jpeg","contentUrl":"https:\/\/quehacerpolitico.mx\/wp-content\/uploads\/2025\/03\/IMG_1563.jpeg","width":1284,"height":1135,"caption":"Screenshot"},{"@type":"BreadcrumbList","@id":"https:\/\/quehacerpolitico.mx\/?p=115629#breadcrumb","itemListElement":[{"@type":"ListItem","position":1,"name":"Inicio","item":"https:\/\/quehacerpolitico.mx\/"},{"@type":"ListItem","position":2,"name":"Alexis Vega y una \u2018obra de arte\u2019 aplaudida por todo el mundo: Benzema da \u2018me gusta\u2019 al golazo del delantero mexicano"}]},{"@type":"WebSite","@id":"https:\/\/quehacerpolitico.mx\/#website","url":"https:\/\/quehacerpolitico.mx\/","name":"","description":"","potentialAction":[{"@type":"SearchAction","target":{"@type":"EntryPoint","urlTemplate":"https:\/\/quehacerpolitico.mx\/?s={search_term_string}"},"query-input":{"@type":"PropertyValueSpecification","valueRequired":true,"valueName":"search_term_string"}}],"inLanguage":"es"},{"@type":"Person","@id":"https:\/\/quehacerpolitico.mx\/#\/schema\/person\/496d8ad2d1d3f8036101dca7ee39e585","name":"Redacci\u00f3n QP","image":{"@type":"ImageObject","inLanguage":"es","@id":"https:\/\/secure.gravatar.com\/avatar\/c7164ed6fdec453195284ad24a5ae5b6e1eed2b848477fa2a4787ba9adf39a41?s=96&d=mm&r=g","url":"https:\/\/secure.gravatar.com\/avatar\/c7164ed6fdec453195284ad24a5ae5b6e1eed2b848477fa2a4787ba9adf39a41?s=96&d=mm&r=g","contentUrl":"https:\/\/secure.gravatar.com\/avatar\/c7164ed6fdec453195284ad24a5ae5b6e1eed2b848477fa2a4787ba9adf39a41?s=96&d=mm&r=g","caption":"Redacci\u00f3n QP"},"url":"https:\/\/quehacerpolitico.mx\/?author=2"}]}},"featured_image_urls":{"full":["https:\/\/quehacerpolitico.mx\/wp-content\/uploads\/2025\/03\/IMG_1563.jpeg",1284,1135,false],"thumbnail":["https:\/\/quehacerpolitico.mx\/wp-content\/uploads\/2025\/03\/IMG_1563-150x150.jpeg",150,150,true],"medium":["https:\/\/quehacerpolitico.mx\/wp-content\/uploads\/2025\/03\/IMG_1563-300x265.jpeg",300,265,true],"medium_large":["https:\/\/quehacerpolitico.mx\/wp-content\/uploads\/2025\/03\/IMG_1563-768x679.jpeg",640,566,true],"large":["https:\/\/quehacerpolitico.mx\/wp-content\/uploads\/2025\/03\/IMG_1563-1024x905.jpeg",640,566,true],"1536x1536":["https:\/\/quehacerpolitico.mx\/wp-content\/uploads\/2025\/03\/IMG_1563.jpeg",1284,1135,false],"2048x2048":["https:\/\/quehacerpolitico.mx\/wp-content\/uploads\/2025\/03\/IMG_1563.jpeg",1284,1135,false],"covernews-featured":["https:\/\/quehacerpolitico.mx\/wp-content\/uploads\/2025\/03\/IMG_1563-1024x905.jpeg",1024,905,true],"covernews-medium":["https:\/\/quehacerpolitico.mx\/wp-content\/uploads\/2025\/03\/IMG_1563-540x340.jpeg",540,340,true]},"author_info":{"display_name":"Redacci\u00f3n QP","author_link":"https:\/\/quehacerpolitico.mx\/?author=2"},"category_info":"<a href=\"https:\/\/quehacerpolitico.mx\/?cat=54\" rel=\"category\">Deportes<\/a>","tag_info":"Deportes","comment_count":"0","_links":{"self":[{"href":"https:\/\/quehacerpolitico.mx\/index.php?rest_route=\/wp\/v2\/posts\/115629","targetHints":{"allow":["GET"]}}],"collection":[{"href":"https:\/\/quehacerpolitico.mx\/index.php?rest_route=\/wp\/v2\/posts"}],"about":[{"href":"https:\/\/quehacerpolitico.mx\/index.php?rest_route=\/wp\/v2\/types\/post"}],"author":[{"embeddable":true,"href":"https:\/\/quehacerpolitico.mx\/index.php?rest_route=\/wp\/v2\/users\/2"}],"replies":[{"embeddable":true,"href":"https:\/\/quehacerpolitico.mx\/index.php?rest_route=%2Fwp%2Fv2%2Fcomments&post=115629"}],"version-history":[{"count":1,"href":"https:\/\/quehacerpolitico.mx\/index.php?rest_route=\/wp\/v2\/posts\/115629\/revisions"}],"predecessor-version":[{"id":115631,"href":"https:\/\/quehacerpolitico.mx\/index.php?rest_route=\/wp\/v2\/posts\/115629\/revisions\/115631"}],"wp:featuredmedia":[{"embeddable":true,"href":"https:\/\/quehacerpolitico.mx\/index.php?rest_route=\/wp\/v2\/media\/115630"}],"wp:attachment":[{"href":"https:\/\/quehacerpolitico.mx\/index.php?rest_route=%2Fwp%2Fv2%2Fmedia&parent=115629"}],"wp:term":[{"taxonomy":"category","embeddable":true,"href":"https:\/\/quehacerpolitico.mx\/index.php?rest_route=%2Fwp%2Fv2%2Fcategories&post=115629"},{"taxonomy":"post_tag","embeddable":true,"href":"https:\/\/quehacerpolitico.mx\/index.php?rest_route=%2Fwp%2Fv2%2Ftags&post=115629"}],"curies":[{"name":"wp","href":"https:\/\/api.w.org\/{rel}","templated":true}]}}