{"id":115626,"date":"2025-03-31T11:37:24","date_gmt":"2025-03-31T17:37:24","guid":{"rendered":"https:\/\/quehacerpolitico.mx\/?p=115626"},"modified":"2025-03-31T11:37:26","modified_gmt":"2025-03-31T17:37:26","slug":"no-es-campana-por-alguien-sino-informar-sobre-la-eleccion-dice-la-presidenta-sheinbaum-sobre-el-arranque-de-campanas-de-los-aspirantes-a-la-eleccionjudicial2025","status":"publish","type":"post","link":"https:\/\/quehacerpolitico.mx\/?p=115626","title":{"rendered":"\u201cNo es campa\u00f1a por alguien sino informar sobre la elecci\u00f3n\u201d dice la presidenta Sheinbaum sobre el arranque de campa\u00f1as de los aspirantes a la #Elecci\u00f3nJudicial2025"},"content":{"rendered":"\n<p>Por Redacci\u00f3n QP<\/p>\n\n\n\n<p>\u201cCreemos que es importante que el Poder Ejecutivo, el Poder Legislativo, sin orientar a una u otra persona, pues igual que el INE, participe en la difusi\u00f3n de este evento tan transformador&#8221;, dijo la mandataria<\/p>\n\n\n\n<p>La presidenta&nbsp;<strong>Claudia Sheinbaum&nbsp;<\/strong>dijo que es importante que los poderes&nbsp;<strong>Ejecutivo y Legislativo&nbsp;<\/strong>participen en la&nbsp;<strong>promoci\u00f3n de la elecci\u00f3n judicial y la participaci\u00f3n ciudadana<\/strong>, y que cuando el Instituto Nacional Electoral (INE) le notifique que est\u00e1 impedida para hacerlo,&nbsp;<strong>impugnar\u00e1 ante tribunales<\/strong>.<\/p>\n\n\n\n<p>En su conferencia matutina, la mandataria se\u00f1al\u00f3 que \u201ccreemos que es importante que el Poder Ejecutivo, el Poder Legislativo, sin orientar a una u otra persona, pues igual que el INE,&nbsp;<strong>participe en la difusi\u00f3n de este evento tan transformador&nbsp;<\/strong>que va a ocurrir en M\u00e9xico el primero de junio\u201d.<\/p>\n\n\n\n<figure class=\"wp-block-embed is-type-rich is-provider-twitter wp-block-embed-twitter\"><div class=\"wp-block-embed__wrapper\">\n<blockquote class=\"twitter-tweet\" data-width=\"550\" data-dnt=\"true\"><p lang=\"es\" dir=\"ltr\">\u201cNo es campa\u00f1a por alguien sino informar sobre la elecci\u00f3n\u201d dice la presidenta <a href=\"https:\/\/twitter.com\/Claudiashein?ref_src=twsrc%5Etfw\">@Claudiashein<\/a> sobre el arranque de campa\u00f1as de los aspirantes a la <a href=\"https:\/\/twitter.com\/hashtag\/Elecci%C3%B3nJudicial2025?src=hash&amp;ref_src=twsrc%5Etfw\">#Elecci\u00f3nJudicial2025<\/a>. <br><br>Asegura que el <a href=\"https:\/\/twitter.com\/INEMexico?ref_src=twsrc%5Etfw\">@INEMexico<\/a> no le ha notificado que no puede hablar de ese proceso electoral. <a href=\"https:\/\/t.co\/5Lcvml87u1\">pic.twitter.com\/5Lcvml87u1<\/a><\/p>&mdash; Manuel Lopez San Martin (@MLopezSanMartin) <a href=\"https:\/\/twitter.com\/MLopezSanMartin\/status\/1906725686015848903?ref_src=twsrc%5Etfw\">March 31, 2025<\/a><\/blockquote><script async src=\"https:\/\/platform.twitter.com\/widgets.js\" charset=\"utf-8\"><\/script>\n<\/div><\/figure>\n\n\n\n<p>Ayer, la presidenta promocion\u00f3 la elecci\u00f3n judicial durante un evento en una gira por&nbsp;<strong>Sonora<\/strong>, donde pregunt\u00f3 a los asistentes: &#8220;\u00bfQu\u00e9 va a ocurrir este a\u00f1o? Algo especial en junio.&nbsp;<strong>El primero de junio, \u00bfqu\u00e9 va a pasar?<\/strong>&#8220;, para se\u00f1alar a continuaci\u00f3n: &#8220;La elecci\u00f3n de los jueces porque los otros eran bien corruptos&#8221;.<\/p>\n\n\n\n<p>Despu\u00e9s, interrogada por la prensa local respecto a la determinaci\u00f3n del INE de impedirle llamar al voto o promover la participaci\u00f3n ciudadana, adoptada el s\u00e1bado, la mandataria dijo que&nbsp;<strong>no ha sido notificada<\/strong>, y hoy insisti\u00f3 en lo mismo en su conferencia matutina, donde le preguntaron qu\u00e9 le dir\u00eda a los j\u00f3venes respecto a esta elecci\u00f3n.<\/p>\n\n\n\n<p>&#8220;Pues que se informen, hay una p\u00e1gina ah\u00ed del INE, entiendo, donde&nbsp;<strong>viene la historia de cada uno de los que est\u00e1 participando<\/strong>, su curr\u00edculum, las&nbsp;propuestas de cada persona que est\u00e1 participando. Hay que informarse y poder ejercer este derecho, que es muy importante&#8221;, respondi\u00f3.<\/p>\n\n\n\n<p>&#8220;Por cierto,&nbsp;dicen que el INE dijo que no pod\u00edamos hacer campa\u00f1a,&nbsp;<strong>no es campa\u00f1a por alguien<\/strong>, sino informar sobre la elecci\u00f3n del primero de junio;&nbsp;todav\u00eda no hemos sido notificados, porque la ley es cuando te notifican&#8221;, dijo.<\/p>\n\n\n\n<p>En cuanto a la difusi\u00f3n del gobierno, agreg\u00f3, &#8220;el objetivo es&nbsp;<strong>promover que participe la gente el primero de junio<\/strong>, no vamos a promover el voto por una o por otra persona, sino sencillamente la participaci\u00f3n&#8221;.<\/p>\n","protected":false},"excerpt":{"rendered":"<p>Por Redacci\u00f3n QP \u201cCreemos que es importante que el Poder Ejecutivo, el Poder Legislativo, sin&#8230;<\/p>\n","protected":false},"author":2,"featured_media":115627,"comment_status":"open","ping_status":"open","sticky":false,"template":"","format":"standard","meta":{"_monsterinsights_skip_tracking":false,"_monsterinsights_sitenote_active":false,"_monsterinsights_sitenote_note":"","_monsterinsights_sitenote_category":0,"footnotes":""},"categories":[280,2],"tags":[],"class_list":["post-115626","post","type-post","status-publish","format-standard","has-post-thumbnail","hentry","category-nacionales","category-noticias"],"yoast_head":"<!-- This site is optimized with the Yoast SEO plugin v27.3 - https:\/\/yoast.com\/product\/yoast-seo-wordpress\/ -->\n<title>\u201cNo es campa\u00f1a por alguien sino informar sobre la elecci\u00f3n\u201d dice la presidenta Sheinbaum sobre el arranque de campa\u00f1as de los aspirantes a la #Elecci\u00f3nJudicial2025 -<\/title>\n<meta name=\"robots\" content=\"index, follow, max-snippet:-1, max-image-preview:large, max-video-preview:-1\" \/>\n<link rel=\"canonical\" href=\"https:\/\/quehacerpolitico.mx\/?p=115626\" \/>\n<meta property=\"og:locale\" content=\"es_MX\" \/>\n<meta property=\"og:type\" content=\"article\" \/>\n<meta property=\"og:title\" content=\"\u201cNo es campa\u00f1a por alguien sino informar sobre la elecci\u00f3n\u201d dice la presidenta Sheinbaum sobre el arranque de campa\u00f1as de los aspirantes a la #Elecci\u00f3nJudicial2025 -\" \/>\n<meta property=\"og:description\" content=\"Por Redacci\u00f3n QP \u201cCreemos que es importante que el Poder Ejecutivo, el Poder Legislativo, sin...\" \/>\n<meta property=\"og:url\" content=\"https:\/\/quehacerpolitico.mx\/?p=115626\" \/>\n<meta property=\"article:published_time\" content=\"2025-03-31T17:37:24+00:00\" \/>\n<meta property=\"article:modified_time\" content=\"2025-03-31T17:37:26+00:00\" \/>\n<meta property=\"og:image\" content=\"https:\/\/quehacerpolitico.mx\/wp-content\/uploads\/2025\/03\/IMG_1562.jpeg\" \/>\n\t<meta property=\"og:image:width\" content=\"1284\" \/>\n\t<meta property=\"og:image:height\" content=\"711\" \/>\n\t<meta property=\"og:image:type\" content=\"image\/jpeg\" \/>\n<meta name=\"author\" content=\"Redacci\u00f3n QP\" \/>\n<meta name=\"twitter:card\" content=\"summary_large_image\" \/>\n<meta name=\"twitter:label1\" content=\"Escrito por\" \/>\n\t<meta name=\"twitter:data1\" content=\"Redacci\u00f3n QP\" \/>\n\t<meta name=\"twitter:label2\" content=\"Tiempo de lectura\" \/>\n\t<meta name=\"twitter:data2\" content=\"2 minutos\" \/>\n<script type=\"application\/ld+json\" class=\"yoast-schema-graph\">{\"@context\":\"https:\\\/\\\/schema.org\",\"@graph\":[{\"@type\":\"Article\",\"@id\":\"https:\\\/\\\/quehacerpolitico.mx\\\/?p=115626#article\",\"isPartOf\":{\"@id\":\"https:\\\/\\\/quehacerpolitico.mx\\\/?p=115626\"},\"author\":{\"name\":\"Redacci\u00f3n QP\",\"@id\":\"https:\\\/\\\/quehacerpolitico.mx\\\/#\\\/schema\\\/person\\\/496d8ad2d1d3f8036101dca7ee39e585\"},\"headline\":\"\u201cNo es campa\u00f1a por alguien sino informar sobre la elecci\u00f3n\u201d dice la presidenta Sheinbaum sobre el arranque de campa\u00f1as de los aspirantes a la #Elecci\u00f3nJudicial2025\",\"datePublished\":\"2025-03-31T17:37:24+00:00\",\"dateModified\":\"2025-03-31T17:37:26+00:00\",\"mainEntityOfPage\":{\"@id\":\"https:\\\/\\\/quehacerpolitico.mx\\\/?p=115626\"},\"wordCount\":448,\"commentCount\":0,\"image\":{\"@id\":\"https:\\\/\\\/quehacerpolitico.mx\\\/?p=115626#primaryimage\"},\"thumbnailUrl\":\"https:\\\/\\\/quehacerpolitico.mx\\\/wp-content\\\/uploads\\\/2025\\\/03\\\/IMG_1562.jpeg\",\"articleSection\":[\"Nacionales\",\"Noticias\"],\"inLanguage\":\"es\",\"potentialAction\":[{\"@type\":\"CommentAction\",\"name\":\"Comment\",\"target\":[\"https:\\\/\\\/quehacerpolitico.mx\\\/?p=115626#respond\"]}]},{\"@type\":\"WebPage\",\"@id\":\"https:\\\/\\\/quehacerpolitico.mx\\\/?p=115626\",\"url\":\"https:\\\/\\\/quehacerpolitico.mx\\\/?p=115626\",\"name\":\"\u201cNo es campa\u00f1a por alguien sino informar sobre la elecci\u00f3n\u201d dice la presidenta Sheinbaum sobre el arranque de campa\u00f1as de los aspirantes a la #Elecci\u00f3nJudicial2025 -\",\"isPartOf\":{\"@id\":\"https:\\\/\\\/quehacerpolitico.mx\\\/#website\"},\"primaryImageOfPage\":{\"@id\":\"https:\\\/\\\/quehacerpolitico.mx\\\/?p=115626#primaryimage\"},\"image\":{\"@id\":\"https:\\\/\\\/quehacerpolitico.mx\\\/?p=115626#primaryimage\"},\"thumbnailUrl\":\"https:\\\/\\\/quehacerpolitico.mx\\\/wp-content\\\/uploads\\\/2025\\\/03\\\/IMG_1562.jpeg\",\"datePublished\":\"2025-03-31T17:37:24+00:00\",\"dateModified\":\"2025-03-31T17:37:26+00:00\",\"author\":{\"@id\":\"https:\\\/\\\/quehacerpolitico.mx\\\/#\\\/schema\\\/person\\\/496d8ad2d1d3f8036101dca7ee39e585\"},\"breadcrumb\":{\"@id\":\"https:\\\/\\\/quehacerpolitico.mx\\\/?p=115626#breadcrumb\"},\"inLanguage\":\"es\",\"potentialAction\":[{\"@type\":\"ReadAction\",\"target\":[\"https:\\\/\\\/quehacerpolitico.mx\\\/?p=115626\"]}]},{\"@type\":\"ImageObject\",\"inLanguage\":\"es\",\"@id\":\"https:\\\/\\\/quehacerpolitico.mx\\\/?p=115626#primaryimage\",\"url\":\"https:\\\/\\\/quehacerpolitico.mx\\\/wp-content\\\/uploads\\\/2025\\\/03\\\/IMG_1562.jpeg\",\"contentUrl\":\"https:\\\/\\\/quehacerpolitico.mx\\\/wp-content\\\/uploads\\\/2025\\\/03\\\/IMG_1562.jpeg\",\"width\":1284,\"height\":711,\"caption\":\"Screenshot\"},{\"@type\":\"BreadcrumbList\",\"@id\":\"https:\\\/\\\/quehacerpolitico.mx\\\/?p=115626#breadcrumb\",\"itemListElement\":[{\"@type\":\"ListItem\",\"position\":1,\"name\":\"Inicio\",\"item\":\"https:\\\/\\\/quehacerpolitico.mx\\\/\"},{\"@type\":\"ListItem\",\"position\":2,\"name\":\"\u201cNo es campa\u00f1a por alguien sino informar sobre la elecci\u00f3n\u201d dice la presidenta Sheinbaum sobre el arranque de campa\u00f1as de los aspirantes a la #Elecci\u00f3nJudicial2025\"}]},{\"@type\":\"WebSite\",\"@id\":\"https:\\\/\\\/quehacerpolitico.mx\\\/#website\",\"url\":\"https:\\\/\\\/quehacerpolitico.mx\\\/\",\"name\":\"\",\"description\":\"\",\"potentialAction\":[{\"@type\":\"SearchAction\",\"target\":{\"@type\":\"EntryPoint\",\"urlTemplate\":\"https:\\\/\\\/quehacerpolitico.mx\\\/?s={search_term_string}\"},\"query-input\":{\"@type\":\"PropertyValueSpecification\",\"valueRequired\":true,\"valueName\":\"search_term_string\"}}],\"inLanguage\":\"es\"},{\"@type\":\"Person\",\"@id\":\"https:\\\/\\\/quehacerpolitico.mx\\\/#\\\/schema\\\/person\\\/496d8ad2d1d3f8036101dca7ee39e585\",\"name\":\"Redacci\u00f3n QP\",\"image\":{\"@type\":\"ImageObject\",\"inLanguage\":\"es\",\"@id\":\"https:\\\/\\\/secure.gravatar.com\\\/avatar\\\/c7164ed6fdec453195284ad24a5ae5b6e1eed2b848477fa2a4787ba9adf39a41?s=96&d=mm&r=g\",\"url\":\"https:\\\/\\\/secure.gravatar.com\\\/avatar\\\/c7164ed6fdec453195284ad24a5ae5b6e1eed2b848477fa2a4787ba9adf39a41?s=96&d=mm&r=g\",\"contentUrl\":\"https:\\\/\\\/secure.gravatar.com\\\/avatar\\\/c7164ed6fdec453195284ad24a5ae5b6e1eed2b848477fa2a4787ba9adf39a41?s=96&d=mm&r=g\",\"caption\":\"Redacci\u00f3n QP\"},\"url\":\"https:\\\/\\\/quehacerpolitico.mx\\\/?author=2\"}]}<\/script>\n<!-- \/ Yoast SEO plugin. -->","yoast_head_json":{"title":"\u201cNo es campa\u00f1a por alguien sino informar sobre la elecci\u00f3n\u201d dice la presidenta Sheinbaum sobre el arranque de campa\u00f1as de los aspirantes a la #Elecci\u00f3nJudicial2025 -","robots":{"index":"index","follow":"follow","max-snippet":"max-snippet:-1","max-image-preview":"max-image-preview:large","max-video-preview":"max-video-preview:-1"},"canonical":"https:\/\/quehacerpolitico.mx\/?p=115626","og_locale":"es_MX","og_type":"article","og_title":"\u201cNo es campa\u00f1a por alguien sino informar sobre la elecci\u00f3n\u201d dice la presidenta Sheinbaum sobre el arranque de campa\u00f1as de los aspirantes a la #Elecci\u00f3nJudicial2025 -","og_description":"Por Redacci\u00f3n QP \u201cCreemos que es importante que el Poder Ejecutivo, el Poder Legislativo, sin...","og_url":"https:\/\/quehacerpolitico.mx\/?p=115626","article_published_time":"2025-03-31T17:37:24+00:00","article_modified_time":"2025-03-31T17:37:26+00:00","og_image":[{"width":1284,"height":711,"url":"https:\/\/quehacerpolitico.mx\/wp-content\/uploads\/2025\/03\/IMG_1562.jpeg","type":"image\/jpeg"}],"author":"Redacci\u00f3n QP","twitter_card":"summary_large_image","twitter_misc":{"Escrito por":"Redacci\u00f3n QP","Tiempo de lectura":"2 minutos"},"schema":{"@context":"https:\/\/schema.org","@graph":[{"@type":"Article","@id":"https:\/\/quehacerpolitico.mx\/?p=115626#article","isPartOf":{"@id":"https:\/\/quehacerpolitico.mx\/?p=115626"},"author":{"name":"Redacci\u00f3n QP","@id":"https:\/\/quehacerpolitico.mx\/#\/schema\/person\/496d8ad2d1d3f8036101dca7ee39e585"},"headline":"\u201cNo es campa\u00f1a por alguien sino informar sobre la elecci\u00f3n\u201d dice la presidenta Sheinbaum sobre el arranque de campa\u00f1as de los aspirantes a la #Elecci\u00f3nJudicial2025","datePublished":"2025-03-31T17:37:24+00:00","dateModified":"2025-03-31T17:37:26+00:00","mainEntityOfPage":{"@id":"https:\/\/quehacerpolitico.mx\/?p=115626"},"wordCount":448,"commentCount":0,"image":{"@id":"https:\/\/quehacerpolitico.mx\/?p=115626#primaryimage"},"thumbnailUrl":"https:\/\/quehacerpolitico.mx\/wp-content\/uploads\/2025\/03\/IMG_1562.jpeg","articleSection":["Nacionales","Noticias"],"inLanguage":"es","potentialAction":[{"@type":"CommentAction","name":"Comment","target":["https:\/\/quehacerpolitico.mx\/?p=115626#respond"]}]},{"@type":"WebPage","@id":"https:\/\/quehacerpolitico.mx\/?p=115626","url":"https:\/\/quehacerpolitico.mx\/?p=115626","name":"\u201cNo es campa\u00f1a por alguien sino informar sobre la elecci\u00f3n\u201d dice la presidenta Sheinbaum sobre el arranque de campa\u00f1as de los aspirantes a la #Elecci\u00f3nJudicial2025 -","isPartOf":{"@id":"https:\/\/quehacerpolitico.mx\/#website"},"primaryImageOfPage":{"@id":"https:\/\/quehacerpolitico.mx\/?p=115626#primaryimage"},"image":{"@id":"https:\/\/quehacerpolitico.mx\/?p=115626#primaryimage"},"thumbnailUrl":"https:\/\/quehacerpolitico.mx\/wp-content\/uploads\/2025\/03\/IMG_1562.jpeg","datePublished":"2025-03-31T17:37:24+00:00","dateModified":"2025-03-31T17:37:26+00:00","author":{"@id":"https:\/\/quehacerpolitico.mx\/#\/schema\/person\/496d8ad2d1d3f8036101dca7ee39e585"},"breadcrumb":{"@id":"https:\/\/quehacerpolitico.mx\/?p=115626#breadcrumb"},"inLanguage":"es","potentialAction":[{"@type":"ReadAction","target":["https:\/\/quehacerpolitico.mx\/?p=115626"]}]},{"@type":"ImageObject","inLanguage":"es","@id":"https:\/\/quehacerpolitico.mx\/?p=115626#primaryimage","url":"https:\/\/quehacerpolitico.mx\/wp-content\/uploads\/2025\/03\/IMG_1562.jpeg","contentUrl":"https:\/\/quehacerpolitico.mx\/wp-content\/uploads\/2025\/03\/IMG_1562.jpeg","width":1284,"height":711,"caption":"Screenshot"},{"@type":"BreadcrumbList","@id":"https:\/\/quehacerpolitico.mx\/?p=115626#breadcrumb","itemListElement":[{"@type":"ListItem","position":1,"name":"Inicio","item":"https:\/\/quehacerpolitico.mx\/"},{"@type":"ListItem","position":2,"name":"\u201cNo es campa\u00f1a por alguien sino informar sobre la elecci\u00f3n\u201d dice la presidenta Sheinbaum sobre el arranque de campa\u00f1as de los aspirantes a la #Elecci\u00f3nJudicial2025"}]},{"@type":"WebSite","@id":"https:\/\/quehacerpolitico.mx\/#website","url":"https:\/\/quehacerpolitico.mx\/","name":"","description":"","potentialAction":[{"@type":"SearchAction","target":{"@type":"EntryPoint","urlTemplate":"https:\/\/quehacerpolitico.mx\/?s={search_term_string}"},"query-input":{"@type":"PropertyValueSpecification","valueRequired":true,"valueName":"search_term_string"}}],"inLanguage":"es"},{"@type":"Person","@id":"https:\/\/quehacerpolitico.mx\/#\/schema\/person\/496d8ad2d1d3f8036101dca7ee39e585","name":"Redacci\u00f3n QP","image":{"@type":"ImageObject","inLanguage":"es","@id":"https:\/\/secure.gravatar.com\/avatar\/c7164ed6fdec453195284ad24a5ae5b6e1eed2b848477fa2a4787ba9adf39a41?s=96&d=mm&r=g","url":"https:\/\/secure.gravatar.com\/avatar\/c7164ed6fdec453195284ad24a5ae5b6e1eed2b848477fa2a4787ba9adf39a41?s=96&d=mm&r=g","contentUrl":"https:\/\/secure.gravatar.com\/avatar\/c7164ed6fdec453195284ad24a5ae5b6e1eed2b848477fa2a4787ba9adf39a41?s=96&d=mm&r=g","caption":"Redacci\u00f3n QP"},"url":"https:\/\/quehacerpolitico.mx\/?author=2"}]}},"featured_image_urls":{"full":["https:\/\/quehacerpolitico.mx\/wp-content\/uploads\/2025\/03\/IMG_1562.jpeg",1284,711,false],"thumbnail":["https:\/\/quehacerpolitico.mx\/wp-content\/uploads\/2025\/03\/IMG_1562-150x150.jpeg",150,150,true],"medium":["https:\/\/quehacerpolitico.mx\/wp-content\/uploads\/2025\/03\/IMG_1562-300x166.jpeg",300,166,true],"medium_large":["https:\/\/quehacerpolitico.mx\/wp-content\/uploads\/2025\/03\/IMG_1562-768x425.jpeg",640,354,true],"large":["https:\/\/quehacerpolitico.mx\/wp-content\/uploads\/2025\/03\/IMG_1562-1024x567.jpeg",640,354,true],"1536x1536":["https:\/\/quehacerpolitico.mx\/wp-content\/uploads\/2025\/03\/IMG_1562.jpeg",1284,711,false],"2048x2048":["https:\/\/quehacerpolitico.mx\/wp-content\/uploads\/2025\/03\/IMG_1562.jpeg",1284,711,false],"covernews-featured":["https:\/\/quehacerpolitico.mx\/wp-content\/uploads\/2025\/03\/IMG_1562-1024x567.jpeg",1024,567,true],"covernews-medium":["https:\/\/quehacerpolitico.mx\/wp-content\/uploads\/2025\/03\/IMG_1562-540x340.jpeg",540,340,true]},"author_info":{"display_name":"Redacci\u00f3n QP","author_link":"https:\/\/quehacerpolitico.mx\/?author=2"},"category_info":"<a href=\"https:\/\/quehacerpolitico.mx\/?cat=280\" rel=\"category\">Nacionales<\/a> <a href=\"https:\/\/quehacerpolitico.mx\/?cat=2\" rel=\"category\">Noticias<\/a>","tag_info":"Noticias","comment_count":"0","_links":{"self":[{"href":"https:\/\/quehacerpolitico.mx\/index.php?rest_route=\/wp\/v2\/posts\/115626","targetHints":{"allow":["GET"]}}],"collection":[{"href":"https:\/\/quehacerpolitico.mx\/index.php?rest_route=\/wp\/v2\/posts"}],"about":[{"href":"https:\/\/quehacerpolitico.mx\/index.php?rest_route=\/wp\/v2\/types\/post"}],"author":[{"embeddable":true,"href":"https:\/\/quehacerpolitico.mx\/index.php?rest_route=\/wp\/v2\/users\/2"}],"replies":[{"embeddable":true,"href":"https:\/\/quehacerpolitico.mx\/index.php?rest_route=%2Fwp%2Fv2%2Fcomments&post=115626"}],"version-history":[{"count":1,"href":"https:\/\/quehacerpolitico.mx\/index.php?rest_route=\/wp\/v2\/posts\/115626\/revisions"}],"predecessor-version":[{"id":115628,"href":"https:\/\/quehacerpolitico.mx\/index.php?rest_route=\/wp\/v2\/posts\/115626\/revisions\/115628"}],"wp:featuredmedia":[{"embeddable":true,"href":"https:\/\/quehacerpolitico.mx\/index.php?rest_route=\/wp\/v2\/media\/115627"}],"wp:attachment":[{"href":"https:\/\/quehacerpolitico.mx\/index.php?rest_route=%2Fwp%2Fv2%2Fmedia&parent=115626"}],"wp:term":[{"taxonomy":"category","embeddable":true,"href":"https:\/\/quehacerpolitico.mx\/index.php?rest_route=%2Fwp%2Fv2%2Fcategories&post=115626"},{"taxonomy":"post_tag","embeddable":true,"href":"https:\/\/quehacerpolitico.mx\/index.php?rest_route=%2Fwp%2Fv2%2Ftags&post=115626"}],"curies":[{"name":"wp","href":"https:\/\/api.w.org\/{rel}","templated":true}]}}