{"id":115614,"date":"2025-03-31T09:10:44","date_gmt":"2025-03-31T15:10:44","guid":{"rendered":"https:\/\/quehacerpolitico.mx\/?p=115614"},"modified":"2025-03-31T09:10:46","modified_gmt":"2025-03-31T15:10:46","slug":"el-quehacer-politico-a-traves-jose-alberto-prado-angeles-nuevamente-nos-las-dejan-caer-doblada","status":"publish","type":"post","link":"https:\/\/quehacerpolitico.mx\/?p=115614","title":{"rendered":"El Quehacer Pol\u00edtico a trav\u00e9s\/\/\/Jose Alberto Prado \u00c1ngeles\/\/\/Nuevamente nos las dejan caer doblada"},"content":{"rendered":"\n<p>Por Jos\u00e9 Alberto Prado \u00c1ngeles <\/p>\n\n\n\n<p>Director General y Editor<\/p>\n\n\n\n<p>El 11 de junio de 2019 se logr\u00f3 el hist\u00f3rico acuerdo migratorio entre los gobiernos de M\u00e9xico y Estados Unidos y se evit\u00f3 la imposici\u00f3n de aranceles, y seg\u00fan ha recordado en varias ocasiones Donald Trump, el convenio se logr\u00f3 cuando \u201cvino a verme el m\u00e1ximo representante de M\u00e9xico -Marcelo Ebrard- justo debajo del puesto m\u00e1s alto del jefe\u2026 Nunca he visto doblarse a nadie as\u00ed. Entr\u00f3 a mi oficina y se rio de m\u00ed cuando le dije: \u2018Necesitamos 28 mil soldados en la frontera, gratis\u2019. \u00c9l me mir\u00f3 y me dijo: \u2018\u00bfGratis? \u00bfPor qu\u00e9 har\u00edamos algo as\u00ed en M\u00e9xico?\u2019. Le dije: \u2018Necesitamos algo llamado \u2018Qu\u00e9date en M\u00e9xico\u2019\u201d. Esa fue la primera vez que nos \u201cdoblaron\u201d.<\/p>\n\n\n\n<p>El pasado 12 de diciembre, ante la amenaza del presidente electo de iniciar redadas masivas a partir del primer d\u00eda que llegara a la Casa Blanca -20 de enero-, la secretaria de Gobernaci\u00f3n, Rosa Icela Rodr\u00edguez, asegur\u00f3 que \u201cM\u00e9xico no se convertir\u00e1 en un tercer pa\u00eds seguro\u201d ante la posible ola de inmigrantes deportados en nuestro pa\u00eds. Y el pasado 21 de enero, la Presidenta Claudia Sheinbaum rechaz\u00f3 que nos vayamos a convertir en ese \u201ctercer pa\u00eds seguro\u201d tras el decreto firmado por Trump, instaurando nuevamente los Protocolos de Protecci\u00f3n a Migrantes (MPP), mejor conocido como \u201cQu\u00e9date en M\u00e9xico\u201d.<\/p>\n\n\n\n<p>Sin embargo, el viernes pasado la secretar\u00eda de Seguridad Interior de Estados Unidos, Kristi Noem, estuvo de visita en Palacio Nacional para darle continuidad a los acuerdos que el presidente Trump y el secretario de Estado, Marco Rubio, han logrado con el Gobierno mexicano. Y al final, sin que se llegara a realizar una declaraci\u00f3n bilateral -como se acostumbra-, la funcionaria estadounidense a trav\u00e9s de las redes sociales inform\u00f3: \u201cHoy me reun\u00ed con @Claudiashein para hablar SOBRE EL PAPEL DE M\u00c9XICO en la seguridad de la frontera entre Estados Unidos y M\u00e9xico. El despliegue de tropas de la Guardia Nacional en la frontera Y LA ACEPTACI\u00d3N DE VUELOS DE DEPORTACI\u00d3N POR PARTE DE M\u00c9XICO es un paso positivo, pero a\u00fan queda mucho por hacer para detener el flujo de drogas e inmigrantes indocumentados hacia nuestro pa\u00eds\u201d.<\/p>\n\n\n\n<p>La Presidenta Sheinbaum ya lo hab\u00eda adelantado el viernes en su conferencia matutina que iba a \u201ccompartir con ella -Kristi Noem- lo que se est\u00e1 haciendo y tambi\u00e9n el trabajo de coordinaci\u00f3n y COLABORACI\u00d3N QUE SE HA ESTABLECIDO CON ESTADOS UNIDOS en el marco de la defensa\u201d. Y despu\u00e9s de la reuni\u00f3n, Sheinbaum escribi\u00f3 en las redes sociales que \u201cNuestra COLABORACI\u00d3N contribuir\u00e1 a que Estados Unidos y la regi\u00f3n centroamericana vuelvan a ser seguros\u201d. \u00a0\u00a1Nos volvieron a doblar!<\/p>\n\n\n\n<p>As\u00ed el Quehacer Pol\u00edtico Desde 1980, 44 a\u00f1os inquiriendo en la pol\u00edtica de M\u00e9xico, cuestionando, exponiendo, revelando y razonando.Es cuanto.<\/p>\n","protected":false},"excerpt":{"rendered":"<p>Por Jos\u00e9 Alberto Prado \u00c1ngeles Director General y Editor El 11 de junio de 2019&#8230;<\/p>\n","protected":false},"author":2,"featured_media":115615,"comment_status":"open","ping_status":"open","sticky":false,"template":"","format":"standard","meta":{"_monsterinsights_skip_tracking":false,"_monsterinsights_sitenote_active":false,"_monsterinsights_sitenote_note":"","_monsterinsights_sitenote_category":0,"footnotes":""},"categories":[280,2],"tags":[],"class_list":["post-115614","post","type-post","status-publish","format-standard","has-post-thumbnail","hentry","category-nacionales","category-noticias"],"yoast_head":"<!-- This site is optimized with the Yoast SEO plugin v27.3 - https:\/\/yoast.com\/product\/yoast-seo-wordpress\/ -->\n<title>El Quehacer Pol\u00edtico a trav\u00e9s\/\/\/Jose Alberto Prado \u00c1ngeles\/\/\/Nuevamente nos las dejan caer doblada -<\/title>\n<meta name=\"robots\" content=\"index, follow, max-snippet:-1, max-image-preview:large, max-video-preview:-1\" \/>\n<link rel=\"canonical\" href=\"https:\/\/quehacerpolitico.mx\/?p=115614\" \/>\n<meta property=\"og:locale\" content=\"es_MX\" \/>\n<meta property=\"og:type\" content=\"article\" \/>\n<meta property=\"og:title\" content=\"El Quehacer Pol\u00edtico a trav\u00e9s\/\/\/Jose Alberto Prado \u00c1ngeles\/\/\/Nuevamente nos las dejan caer doblada -\" \/>\n<meta property=\"og:description\" content=\"Por Jos\u00e9 Alberto Prado \u00c1ngeles Director General y Editor El 11 de junio de 2019...\" \/>\n<meta property=\"og:url\" content=\"https:\/\/quehacerpolitico.mx\/?p=115614\" \/>\n<meta property=\"article:published_time\" content=\"2025-03-31T15:10:44+00:00\" \/>\n<meta property=\"article:modified_time\" content=\"2025-03-31T15:10:46+00:00\" \/>\n<meta property=\"og:image\" content=\"https:\/\/quehacerpolitico.mx\/wp-content\/uploads\/2025\/03\/fb07bd44-0f95-41a8-8353-f61c55b6d960-4.jpeg\" \/>\n\t<meta property=\"og:image:width\" content=\"963\" \/>\n\t<meta property=\"og:image:height\" content=\"493\" \/>\n\t<meta property=\"og:image:type\" content=\"image\/jpeg\" \/>\n<meta name=\"author\" content=\"Redacci\u00f3n QP\" \/>\n<meta name=\"twitter:card\" content=\"summary_large_image\" \/>\n<meta name=\"twitter:label1\" content=\"Escrito por\" \/>\n\t<meta name=\"twitter:data1\" content=\"Redacci\u00f3n QP\" \/>\n\t<meta name=\"twitter:label2\" content=\"Tiempo de lectura\" \/>\n\t<meta name=\"twitter:data2\" content=\"2 minutos\" \/>\n<script type=\"application\/ld+json\" class=\"yoast-schema-graph\">{\"@context\":\"https:\\\/\\\/schema.org\",\"@graph\":[{\"@type\":\"Article\",\"@id\":\"https:\\\/\\\/quehacerpolitico.mx\\\/?p=115614#article\",\"isPartOf\":{\"@id\":\"https:\\\/\\\/quehacerpolitico.mx\\\/?p=115614\"},\"author\":{\"name\":\"Redacci\u00f3n QP\",\"@id\":\"https:\\\/\\\/quehacerpolitico.mx\\\/#\\\/schema\\\/person\\\/496d8ad2d1d3f8036101dca7ee39e585\"},\"headline\":\"El Quehacer Pol\u00edtico a trav\u00e9s\\\/\\\/\\\/Jose Alberto Prado \u00c1ngeles\\\/\\\/\\\/Nuevamente nos las dejan caer doblada\",\"datePublished\":\"2025-03-31T15:10:44+00:00\",\"dateModified\":\"2025-03-31T15:10:46+00:00\",\"mainEntityOfPage\":{\"@id\":\"https:\\\/\\\/quehacerpolitico.mx\\\/?p=115614\"},\"wordCount\":512,\"commentCount\":0,\"image\":{\"@id\":\"https:\\\/\\\/quehacerpolitico.mx\\\/?p=115614#primaryimage\"},\"thumbnailUrl\":\"https:\\\/\\\/quehacerpolitico.mx\\\/wp-content\\\/uploads\\\/2025\\\/03\\\/fb07bd44-0f95-41a8-8353-f61c55b6d960-4.jpeg\",\"articleSection\":[\"Nacionales\",\"Noticias\"],\"inLanguage\":\"es\",\"potentialAction\":[{\"@type\":\"CommentAction\",\"name\":\"Comment\",\"target\":[\"https:\\\/\\\/quehacerpolitico.mx\\\/?p=115614#respond\"]}]},{\"@type\":\"WebPage\",\"@id\":\"https:\\\/\\\/quehacerpolitico.mx\\\/?p=115614\",\"url\":\"https:\\\/\\\/quehacerpolitico.mx\\\/?p=115614\",\"name\":\"El Quehacer Pol\u00edtico a trav\u00e9s\\\/\\\/\\\/Jose Alberto Prado \u00c1ngeles\\\/\\\/\\\/Nuevamente nos las dejan caer doblada -\",\"isPartOf\":{\"@id\":\"https:\\\/\\\/quehacerpolitico.mx\\\/#website\"},\"primaryImageOfPage\":{\"@id\":\"https:\\\/\\\/quehacerpolitico.mx\\\/?p=115614#primaryimage\"},\"image\":{\"@id\":\"https:\\\/\\\/quehacerpolitico.mx\\\/?p=115614#primaryimage\"},\"thumbnailUrl\":\"https:\\\/\\\/quehacerpolitico.mx\\\/wp-content\\\/uploads\\\/2025\\\/03\\\/fb07bd44-0f95-41a8-8353-f61c55b6d960-4.jpeg\",\"datePublished\":\"2025-03-31T15:10:44+00:00\",\"dateModified\":\"2025-03-31T15:10:46+00:00\",\"author\":{\"@id\":\"https:\\\/\\\/quehacerpolitico.mx\\\/#\\\/schema\\\/person\\\/496d8ad2d1d3f8036101dca7ee39e585\"},\"breadcrumb\":{\"@id\":\"https:\\\/\\\/quehacerpolitico.mx\\\/?p=115614#breadcrumb\"},\"inLanguage\":\"es\",\"potentialAction\":[{\"@type\":\"ReadAction\",\"target\":[\"https:\\\/\\\/quehacerpolitico.mx\\\/?p=115614\"]}]},{\"@type\":\"ImageObject\",\"inLanguage\":\"es\",\"@id\":\"https:\\\/\\\/quehacerpolitico.mx\\\/?p=115614#primaryimage\",\"url\":\"https:\\\/\\\/quehacerpolitico.mx\\\/wp-content\\\/uploads\\\/2025\\\/03\\\/fb07bd44-0f95-41a8-8353-f61c55b6d960-4.jpeg\",\"contentUrl\":\"https:\\\/\\\/quehacerpolitico.mx\\\/wp-content\\\/uploads\\\/2025\\\/03\\\/fb07bd44-0f95-41a8-8353-f61c55b6d960-4.jpeg\",\"width\":963,\"height\":493},{\"@type\":\"BreadcrumbList\",\"@id\":\"https:\\\/\\\/quehacerpolitico.mx\\\/?p=115614#breadcrumb\",\"itemListElement\":[{\"@type\":\"ListItem\",\"position\":1,\"name\":\"Inicio\",\"item\":\"https:\\\/\\\/quehacerpolitico.mx\\\/\"},{\"@type\":\"ListItem\",\"position\":2,\"name\":\"El Quehacer Pol\u00edtico a trav\u00e9s\\\/\\\/\\\/Jose Alberto Prado \u00c1ngeles\\\/\\\/\\\/Nuevamente nos las dejan caer doblada\"}]},{\"@type\":\"WebSite\",\"@id\":\"https:\\\/\\\/quehacerpolitico.mx\\\/#website\",\"url\":\"https:\\\/\\\/quehacerpolitico.mx\\\/\",\"name\":\"\",\"description\":\"\",\"potentialAction\":[{\"@type\":\"SearchAction\",\"target\":{\"@type\":\"EntryPoint\",\"urlTemplate\":\"https:\\\/\\\/quehacerpolitico.mx\\\/?s={search_term_string}\"},\"query-input\":{\"@type\":\"PropertyValueSpecification\",\"valueRequired\":true,\"valueName\":\"search_term_string\"}}],\"inLanguage\":\"es\"},{\"@type\":\"Person\",\"@id\":\"https:\\\/\\\/quehacerpolitico.mx\\\/#\\\/schema\\\/person\\\/496d8ad2d1d3f8036101dca7ee39e585\",\"name\":\"Redacci\u00f3n QP\",\"image\":{\"@type\":\"ImageObject\",\"inLanguage\":\"es\",\"@id\":\"https:\\\/\\\/secure.gravatar.com\\\/avatar\\\/c7164ed6fdec453195284ad24a5ae5b6e1eed2b848477fa2a4787ba9adf39a41?s=96&d=mm&r=g\",\"url\":\"https:\\\/\\\/secure.gravatar.com\\\/avatar\\\/c7164ed6fdec453195284ad24a5ae5b6e1eed2b848477fa2a4787ba9adf39a41?s=96&d=mm&r=g\",\"contentUrl\":\"https:\\\/\\\/secure.gravatar.com\\\/avatar\\\/c7164ed6fdec453195284ad24a5ae5b6e1eed2b848477fa2a4787ba9adf39a41?s=96&d=mm&r=g\",\"caption\":\"Redacci\u00f3n QP\"},\"url\":\"https:\\\/\\\/quehacerpolitico.mx\\\/?author=2\"}]}<\/script>\n<!-- \/ Yoast SEO plugin. -->","yoast_head_json":{"title":"El Quehacer Pol\u00edtico a trav\u00e9s\/\/\/Jose Alberto Prado \u00c1ngeles\/\/\/Nuevamente nos las dejan caer doblada -","robots":{"index":"index","follow":"follow","max-snippet":"max-snippet:-1","max-image-preview":"max-image-preview:large","max-video-preview":"max-video-preview:-1"},"canonical":"https:\/\/quehacerpolitico.mx\/?p=115614","og_locale":"es_MX","og_type":"article","og_title":"El Quehacer Pol\u00edtico a trav\u00e9s\/\/\/Jose Alberto Prado \u00c1ngeles\/\/\/Nuevamente nos las dejan caer doblada -","og_description":"Por Jos\u00e9 Alberto Prado \u00c1ngeles Director General y Editor El 11 de junio de 2019...","og_url":"https:\/\/quehacerpolitico.mx\/?p=115614","article_published_time":"2025-03-31T15:10:44+00:00","article_modified_time":"2025-03-31T15:10:46+00:00","og_image":[{"width":963,"height":493,"url":"https:\/\/quehacerpolitico.mx\/wp-content\/uploads\/2025\/03\/fb07bd44-0f95-41a8-8353-f61c55b6d960-4.jpeg","type":"image\/jpeg"}],"author":"Redacci\u00f3n QP","twitter_card":"summary_large_image","twitter_misc":{"Escrito por":"Redacci\u00f3n QP","Tiempo de lectura":"2 minutos"},"schema":{"@context":"https:\/\/schema.org","@graph":[{"@type":"Article","@id":"https:\/\/quehacerpolitico.mx\/?p=115614#article","isPartOf":{"@id":"https:\/\/quehacerpolitico.mx\/?p=115614"},"author":{"name":"Redacci\u00f3n QP","@id":"https:\/\/quehacerpolitico.mx\/#\/schema\/person\/496d8ad2d1d3f8036101dca7ee39e585"},"headline":"El Quehacer Pol\u00edtico a trav\u00e9s\/\/\/Jose Alberto Prado \u00c1ngeles\/\/\/Nuevamente nos las dejan caer doblada","datePublished":"2025-03-31T15:10:44+00:00","dateModified":"2025-03-31T15:10:46+00:00","mainEntityOfPage":{"@id":"https:\/\/quehacerpolitico.mx\/?p=115614"},"wordCount":512,"commentCount":0,"image":{"@id":"https:\/\/quehacerpolitico.mx\/?p=115614#primaryimage"},"thumbnailUrl":"https:\/\/quehacerpolitico.mx\/wp-content\/uploads\/2025\/03\/fb07bd44-0f95-41a8-8353-f61c55b6d960-4.jpeg","articleSection":["Nacionales","Noticias"],"inLanguage":"es","potentialAction":[{"@type":"CommentAction","name":"Comment","target":["https:\/\/quehacerpolitico.mx\/?p=115614#respond"]}]},{"@type":"WebPage","@id":"https:\/\/quehacerpolitico.mx\/?p=115614","url":"https:\/\/quehacerpolitico.mx\/?p=115614","name":"El Quehacer Pol\u00edtico a trav\u00e9s\/\/\/Jose Alberto Prado \u00c1ngeles\/\/\/Nuevamente nos las dejan caer doblada -","isPartOf":{"@id":"https:\/\/quehacerpolitico.mx\/#website"},"primaryImageOfPage":{"@id":"https:\/\/quehacerpolitico.mx\/?p=115614#primaryimage"},"image":{"@id":"https:\/\/quehacerpolitico.mx\/?p=115614#primaryimage"},"thumbnailUrl":"https:\/\/quehacerpolitico.mx\/wp-content\/uploads\/2025\/03\/fb07bd44-0f95-41a8-8353-f61c55b6d960-4.jpeg","datePublished":"2025-03-31T15:10:44+00:00","dateModified":"2025-03-31T15:10:46+00:00","author":{"@id":"https:\/\/quehacerpolitico.mx\/#\/schema\/person\/496d8ad2d1d3f8036101dca7ee39e585"},"breadcrumb":{"@id":"https:\/\/quehacerpolitico.mx\/?p=115614#breadcrumb"},"inLanguage":"es","potentialAction":[{"@type":"ReadAction","target":["https:\/\/quehacerpolitico.mx\/?p=115614"]}]},{"@type":"ImageObject","inLanguage":"es","@id":"https:\/\/quehacerpolitico.mx\/?p=115614#primaryimage","url":"https:\/\/quehacerpolitico.mx\/wp-content\/uploads\/2025\/03\/fb07bd44-0f95-41a8-8353-f61c55b6d960-4.jpeg","contentUrl":"https:\/\/quehacerpolitico.mx\/wp-content\/uploads\/2025\/03\/fb07bd44-0f95-41a8-8353-f61c55b6d960-4.jpeg","width":963,"height":493},{"@type":"BreadcrumbList","@id":"https:\/\/quehacerpolitico.mx\/?p=115614#breadcrumb","itemListElement":[{"@type":"ListItem","position":1,"name":"Inicio","item":"https:\/\/quehacerpolitico.mx\/"},{"@type":"ListItem","position":2,"name":"El Quehacer Pol\u00edtico a trav\u00e9s\/\/\/Jose Alberto Prado \u00c1ngeles\/\/\/Nuevamente nos las dejan caer doblada"}]},{"@type":"WebSite","@id":"https:\/\/quehacerpolitico.mx\/#website","url":"https:\/\/quehacerpolitico.mx\/","name":"","description":"","potentialAction":[{"@type":"SearchAction","target":{"@type":"EntryPoint","urlTemplate":"https:\/\/quehacerpolitico.mx\/?s={search_term_string}"},"query-input":{"@type":"PropertyValueSpecification","valueRequired":true,"valueName":"search_term_string"}}],"inLanguage":"es"},{"@type":"Person","@id":"https:\/\/quehacerpolitico.mx\/#\/schema\/person\/496d8ad2d1d3f8036101dca7ee39e585","name":"Redacci\u00f3n QP","image":{"@type":"ImageObject","inLanguage":"es","@id":"https:\/\/secure.gravatar.com\/avatar\/c7164ed6fdec453195284ad24a5ae5b6e1eed2b848477fa2a4787ba9adf39a41?s=96&d=mm&r=g","url":"https:\/\/secure.gravatar.com\/avatar\/c7164ed6fdec453195284ad24a5ae5b6e1eed2b848477fa2a4787ba9adf39a41?s=96&d=mm&r=g","contentUrl":"https:\/\/secure.gravatar.com\/avatar\/c7164ed6fdec453195284ad24a5ae5b6e1eed2b848477fa2a4787ba9adf39a41?s=96&d=mm&r=g","caption":"Redacci\u00f3n QP"},"url":"https:\/\/quehacerpolitico.mx\/?author=2"}]}},"featured_image_urls":{"full":["https:\/\/quehacerpolitico.mx\/wp-content\/uploads\/2025\/03\/fb07bd44-0f95-41a8-8353-f61c55b6d960-4.jpeg",963,493,false],"thumbnail":["https:\/\/quehacerpolitico.mx\/wp-content\/uploads\/2025\/03\/fb07bd44-0f95-41a8-8353-f61c55b6d960-4-150x150.jpeg",150,150,true],"medium":["https:\/\/quehacerpolitico.mx\/wp-content\/uploads\/2025\/03\/fb07bd44-0f95-41a8-8353-f61c55b6d960-4-300x154.jpeg",300,154,true],"medium_large":["https:\/\/quehacerpolitico.mx\/wp-content\/uploads\/2025\/03\/fb07bd44-0f95-41a8-8353-f61c55b6d960-4-768x393.jpeg",640,328,true],"large":["https:\/\/quehacerpolitico.mx\/wp-content\/uploads\/2025\/03\/fb07bd44-0f95-41a8-8353-f61c55b6d960-4.jpeg",640,328,false],"1536x1536":["https:\/\/quehacerpolitico.mx\/wp-content\/uploads\/2025\/03\/fb07bd44-0f95-41a8-8353-f61c55b6d960-4.jpeg",963,493,false],"2048x2048":["https:\/\/quehacerpolitico.mx\/wp-content\/uploads\/2025\/03\/fb07bd44-0f95-41a8-8353-f61c55b6d960-4.jpeg",963,493,false],"covernews-featured":["https:\/\/quehacerpolitico.mx\/wp-content\/uploads\/2025\/03\/fb07bd44-0f95-41a8-8353-f61c55b6d960-4.jpeg",963,493,false],"covernews-medium":["https:\/\/quehacerpolitico.mx\/wp-content\/uploads\/2025\/03\/fb07bd44-0f95-41a8-8353-f61c55b6d960-4-540x340.jpeg",540,340,true]},"author_info":{"display_name":"Redacci\u00f3n QP","author_link":"https:\/\/quehacerpolitico.mx\/?author=2"},"category_info":"<a href=\"https:\/\/quehacerpolitico.mx\/?cat=280\" rel=\"category\">Nacionales<\/a> <a href=\"https:\/\/quehacerpolitico.mx\/?cat=2\" rel=\"category\">Noticias<\/a>","tag_info":"Noticias","comment_count":"0","_links":{"self":[{"href":"https:\/\/quehacerpolitico.mx\/index.php?rest_route=\/wp\/v2\/posts\/115614","targetHints":{"allow":["GET"]}}],"collection":[{"href":"https:\/\/quehacerpolitico.mx\/index.php?rest_route=\/wp\/v2\/posts"}],"about":[{"href":"https:\/\/quehacerpolitico.mx\/index.php?rest_route=\/wp\/v2\/types\/post"}],"author":[{"embeddable":true,"href":"https:\/\/quehacerpolitico.mx\/index.php?rest_route=\/wp\/v2\/users\/2"}],"replies":[{"embeddable":true,"href":"https:\/\/quehacerpolitico.mx\/index.php?rest_route=%2Fwp%2Fv2%2Fcomments&post=115614"}],"version-history":[{"count":1,"href":"https:\/\/quehacerpolitico.mx\/index.php?rest_route=\/wp\/v2\/posts\/115614\/revisions"}],"predecessor-version":[{"id":115616,"href":"https:\/\/quehacerpolitico.mx\/index.php?rest_route=\/wp\/v2\/posts\/115614\/revisions\/115616"}],"wp:featuredmedia":[{"embeddable":true,"href":"https:\/\/quehacerpolitico.mx\/index.php?rest_route=\/wp\/v2\/media\/115615"}],"wp:attachment":[{"href":"https:\/\/quehacerpolitico.mx\/index.php?rest_route=%2Fwp%2Fv2%2Fmedia&parent=115614"}],"wp:term":[{"taxonomy":"category","embeddable":true,"href":"https:\/\/quehacerpolitico.mx\/index.php?rest_route=%2Fwp%2Fv2%2Fcategories&post=115614"},{"taxonomy":"post_tag","embeddable":true,"href":"https:\/\/quehacerpolitico.mx\/index.php?rest_route=%2Fwp%2Fv2%2Ftags&post=115614"}],"curies":[{"name":"wp","href":"https:\/\/api.w.org\/{rel}","templated":true}]}}