{"id":115594,"date":"2025-03-27T17:52:03","date_gmt":"2025-03-27T23:52:03","guid":{"rendered":"https:\/\/quehacerpolitico.mx\/?p=115594"},"modified":"2025-03-27T17:58:03","modified_gmt":"2025-03-27T23:58:03","slug":"hoy-27-de-marzo-se-celebra-el-dia-mundial-del-teatro-aqui-consulta-cual-es-con-entrada-gratis-en-la-cdmx","status":"publish","type":"post","link":"https:\/\/quehacerpolitico.mx\/?p=115594","title":{"rendered":"Hoy 27 de marzo se celebra el D\u00eda Mundial del Teatro: aqu\u00ed consulta cu\u00e1l es con entrada GRATIS en la CDMX"},"content":{"rendered":"\n<p>Por Redacci\u00f3n QP<\/p>\n\n\n\n<p>Este d\u00eda se reconoce la importancia del teatro dentro de la sociedad global<\/p>\n\n\n\n<p><mark><strong>Desde el a\u00f1o de 1961 se conmemora el D\u00eda Mundial den Teatro cada 27 de marzo<\/strong><\/mark>, con el objetivo de&nbsp;<strong>reconocer la importancia de este arte<\/strong>&nbsp;dentro de la sociedad global, como un espacio en el que se exploran las emociones, se promueve la cultura, la expresi\u00f3n humana y la creatividad.<\/p>\n\n\n\n<p>Por esta raz\u00f3n, el Sistema de Teatros de la Ciudad de M\u00e9xico&nbsp;<strong>tiene preparadas funciones teatrales de todo tipo<\/strong>, con entrada completamente libre.<\/p>\n\n\n\n<h2 class=\"wp-block-heading\">Celebrando el d\u00eda Mundial del Teatro<\/h2>\n\n\n\n<p>El Sistema de Teatros de la CDMX&nbsp;<mark><strong>tiene la funci\u00f3n de llevar y promover el teatro a todo tipo de p\u00fablico<\/strong><\/mark>, ya sea en recintos teatrales o incluso en la calle, con la finalidad de acercar y promover este arte esc\u00e9nico a la gente, as\u00ed como brindar espacios a artistas con diversas propuestas.<\/p>\n\n\n\n<p>A continuaci\u00f3n, te presentamos la cartelera de n\u00fameros teatrales que el Sistema de Teatros de la CDMX tiene listo para festejar este d\u00eda.<\/p>\n\n\n\n<ul class=\"wp-block-list\">\n<li><em><strong>Carlota: Un lugar fuera del mapa\u00a0<\/strong><\/em><strong>(obra)<\/strong><\/li>\n<\/ul>\n\n\n\n<p>\u201cCarlota\u201d es una ni\u00f1a sin hogar que desea encontrar su lugar en el mundo. Es rechazada por la Ley, as\u00ed que se aventura fuera del mapa, sin lograr encajar en ning\u00fan sitio. Al final, la ni\u00f1a descubre que el lugar perfecto no existe, sin embargo, junto a sus amigos puede crearlo.<\/p>\n\n\n\n<p>Esta obra hace una invitaci\u00f3n a reflexionar sobre la imaginaci\u00f3n y lo dif\u00edcil que puede ser encontrar un hogar. Asimismo, resalta valores como la empat\u00eda y la diversidad para construir comunidades inclusivas.<\/p>\n\n\n\n<p>Esta obra ser\u00e1 representada en el Teatro Benito Ju\u00e1rez, en Calz. Manuel Villalong\u00edn 15, Renacimiento, Cuauht\u00e9moc,\u00a0<mark><strong>el 26 y 27 de marzo a las 6:00 p.m.<\/strong><\/mark><\/p>\n\n\n\n<ul class=\"wp-block-list\">\n<li><em><strong>Respirar con libertad<\/strong><\/em><strong>\u00a0(taller)<\/strong><\/li>\n<\/ul>\n\n\n\n<p>Este taller estar\u00e1 a cargo de Luisa Huertas, una leyenda del teatro en nuestro pa\u00eds con m\u00e1s de 50 a\u00f1os de trayectoria en teatro, cine y televisi\u00f3n.<\/p>\n\n\n\n<p>Se llev\u00f3 a cabo en el Teatro Sergio Maga\u00f1a, en C. Sor Juana In\u00e9s de la Cruz 114, Sta Mar\u00eda la Ribera, Cuauht\u00e9moc,<strong>&nbsp;este jueves 27 de marzo a las 11:00 a.m.<\/strong><\/p>\n\n\n\n<ul class=\"wp-block-list\">\n<li><em><strong>El teatro hoy en d\u00eda<\/strong><\/em><strong>\u00a0(conversatorio)<\/strong><\/li>\n<\/ul>\n\n\n\n<p>En esta charla sobre el panorama actual en el teatro, participar\u00e1n figuras como Laura Almeda, Jos\u00e9 Sefami, Emma Dib, Jos\u00e9 \u00c1valos, Priscila Imaz y Jaime Chabaud. El cupo ser\u00e1 limitado a 80 personas.<\/p>\n\n\n\n<p>El conversatorio ser\u00e1 en el Teatro de la Ciudad Esperanza Iris, en Donceles 36, Centro Hist\u00f3rico de la Cdad. de M\u00e9xico, Centro, Cuauht\u00e9moc,&nbsp;<mark><strong>este jueves 27 de marzo a las 5:00 p.m.<\/strong><\/mark><\/p>\n\n\n\n<ul class=\"wp-block-list\">\n<li><em><strong>Te dar\u00eda mi cuerpo<\/strong><\/em><strong>\u00a0(ensayo abierto)<\/strong><\/li>\n<\/ul>\n\n\n\n<p>Esta es una propuesta teatral \u00fanica, que combina 4 voces y un cello. Una obra basada en el poema del mismo nombre de Jazm\u00edn Montes de Oca, el cual gan\u00f3 el X Premio Iberoamericano de Poes\u00eda Joven Alejandro Aura.<\/p>\n\n\n\n<p>Ser\u00e1 presentada en el Teatro del Pueblo, en Rep\u00fablica de Venezuela 72, Centro Hist\u00f3rico, Cuauht\u00e9moc,&nbsp;<mark><strong>este jueves a las 5:00 p.m.<\/strong><\/mark><\/p>\n\n\n\n<ul class=\"wp-block-list\">\n<li><em><strong>Archiduque\u00a0<\/strong><\/em><strong>(obra)<\/strong><\/li>\n<\/ul>\n\n\n\n<p>Una obra de Mariana Hern\u00e1ndez, interpretada por los alumnos de la generaci\u00f3n 2022 del Centro Universitario de Teatro de la UNAM, dirigida por Gin\u00e9s Cruz. Una historia que te sumergir\u00e1 en un mundo donde se mezclan la historia, el absurdo y la cr\u00edtica social.<\/p>\n\n\n\n<p>Ser\u00e1 presentada en el Teatro de la Ciudad Esperanza Iris, en Donceles 36, Centro Hist\u00f3rico, Cuauht\u00e9moc,\u00a0<mark><strong>este jueves a las 7:00 p.m.<\/strong><\/mark><\/p>\n\n\n\n<ul class=\"wp-block-list\">\n<li><em><strong>Miguel \u00c1ngel<\/strong><\/em><strong>\u00a0(mon\u00f3logo)<\/strong><\/li>\n<\/ul>\n\n\n\n<p>En esta obra, Miguel \u00c1ngel est\u00e1 encerrado en su cuarto, intentando estudiar sobre la fundaci\u00f3n de Tenochtitl\u00e1n. Mientras tanto, se aferra a la esperanza de ganar un concurso de fotograf\u00eda, greyendo que con esto ganar\u00e1 el respeto de sus compa\u00f1eros. Este mon\u00f3logo es dirigido por Luc\u00eda Maciel y Paula Grinszpan, y tambi\u00e9n tiene cupo limitado.<\/p>\n\n\n\n<p>Se presentar\u00e1 en el Teatro Sergio Maga\u00f1a, en C. Sor Juana In\u00e9s de la Cruz 114, Sta Mar\u00eda la Ribera, Cuauht\u00e9moc,&nbsp;<mark><strong>este jueves 27 de marzo a las 8:00 p.m.<\/strong><\/mark><\/p>\n","protected":false},"excerpt":{"rendered":"<p>Por Redacci\u00f3n QP Este d\u00eda se reconoce la importancia del teatro dentro de la sociedad&#8230;<\/p>\n","protected":false},"author":2,"featured_media":115598,"comment_status":"open","ping_status":"open","sticky":false,"template":"","format":"standard","meta":{"_monsterinsights_skip_tracking":false,"_monsterinsights_sitenote_active":false,"_monsterinsights_sitenote_note":"","_monsterinsights_sitenote_category":0,"footnotes":""},"categories":[55,58],"tags":[],"class_list":["post-115594","post","type-post","status-publish","format-standard","has-post-thumbnail","hentry","category-cdmx","category-cultura"],"yoast_head":"<!-- This site is optimized with the Yoast SEO plugin v27.3 - https:\/\/yoast.com\/product\/yoast-seo-wordpress\/ -->\n<title>Hoy 27 de marzo se celebra el D\u00eda Mundial del Teatro: aqu\u00ed consulta cu\u00e1l es con entrada GRATIS en la CDMX -<\/title>\n<meta name=\"robots\" content=\"index, follow, max-snippet:-1, max-image-preview:large, max-video-preview:-1\" \/>\n<link rel=\"canonical\" href=\"https:\/\/quehacerpolitico.mx\/?p=115594\" \/>\n<meta property=\"og:locale\" content=\"es_MX\" \/>\n<meta property=\"og:type\" content=\"article\" \/>\n<meta property=\"og:title\" content=\"Hoy 27 de marzo se celebra el D\u00eda Mundial del Teatro: aqu\u00ed consulta cu\u00e1l es con entrada GRATIS en la CDMX -\" \/>\n<meta property=\"og:description\" content=\"Por Redacci\u00f3n QP Este d\u00eda se reconoce la importancia del teatro dentro de la sociedad...\" \/>\n<meta property=\"og:url\" content=\"https:\/\/quehacerpolitico.mx\/?p=115594\" \/>\n<meta property=\"article:published_time\" content=\"2025-03-27T23:52:03+00:00\" \/>\n<meta property=\"article:modified_time\" content=\"2025-03-27T23:58:03+00:00\" \/>\n<meta property=\"og:image\" content=\"https:\/\/quehacerpolitico.mx\/wp-content\/uploads\/2025\/03\/IMG_1502-2.jpeg\" \/>\n\t<meta property=\"og:image:width\" content=\"678\" \/>\n\t<meta property=\"og:image:height\" content=\"452\" \/>\n\t<meta property=\"og:image:type\" content=\"image\/jpeg\" \/>\n<meta name=\"author\" content=\"Redacci\u00f3n QP\" \/>\n<meta name=\"twitter:card\" content=\"summary_large_image\" \/>\n<meta name=\"twitter:label1\" content=\"Escrito por\" \/>\n\t<meta name=\"twitter:data1\" content=\"Redacci\u00f3n QP\" \/>\n\t<meta name=\"twitter:label2\" content=\"Tiempo de lectura\" \/>\n\t<meta name=\"twitter:data2\" content=\"3 minutos\" \/>\n<script type=\"application\/ld+json\" class=\"yoast-schema-graph\">{\"@context\":\"https:\\\/\\\/schema.org\",\"@graph\":[{\"@type\":\"Article\",\"@id\":\"https:\\\/\\\/quehacerpolitico.mx\\\/?p=115594#article\",\"isPartOf\":{\"@id\":\"https:\\\/\\\/quehacerpolitico.mx\\\/?p=115594\"},\"author\":{\"name\":\"Redacci\u00f3n QP\",\"@id\":\"https:\\\/\\\/quehacerpolitico.mx\\\/#\\\/schema\\\/person\\\/496d8ad2d1d3f8036101dca7ee39e585\"},\"headline\":\"Hoy 27 de marzo se celebra el D\u00eda Mundial del Teatro: aqu\u00ed consulta cu\u00e1l es con entrada GRATIS en la CDMX\",\"datePublished\":\"2025-03-27T23:52:03+00:00\",\"dateModified\":\"2025-03-27T23:58:03+00:00\",\"mainEntityOfPage\":{\"@id\":\"https:\\\/\\\/quehacerpolitico.mx\\\/?p=115594\"},\"wordCount\":718,\"commentCount\":0,\"image\":{\"@id\":\"https:\\\/\\\/quehacerpolitico.mx\\\/?p=115594#primaryimage\"},\"thumbnailUrl\":\"https:\\\/\\\/quehacerpolitico.mx\\\/wp-content\\\/uploads\\\/2025\\\/03\\\/IMG_1502-2.jpeg\",\"articleSection\":[\"CDMX\",\"Cultura y Entretenimiento\"],\"inLanguage\":\"es\",\"potentialAction\":[{\"@type\":\"CommentAction\",\"name\":\"Comment\",\"target\":[\"https:\\\/\\\/quehacerpolitico.mx\\\/?p=115594#respond\"]}]},{\"@type\":\"WebPage\",\"@id\":\"https:\\\/\\\/quehacerpolitico.mx\\\/?p=115594\",\"url\":\"https:\\\/\\\/quehacerpolitico.mx\\\/?p=115594\",\"name\":\"Hoy 27 de marzo se celebra el D\u00eda Mundial del Teatro: aqu\u00ed consulta cu\u00e1l es con entrada GRATIS en la CDMX -\",\"isPartOf\":{\"@id\":\"https:\\\/\\\/quehacerpolitico.mx\\\/#website\"},\"primaryImageOfPage\":{\"@id\":\"https:\\\/\\\/quehacerpolitico.mx\\\/?p=115594#primaryimage\"},\"image\":{\"@id\":\"https:\\\/\\\/quehacerpolitico.mx\\\/?p=115594#primaryimage\"},\"thumbnailUrl\":\"https:\\\/\\\/quehacerpolitico.mx\\\/wp-content\\\/uploads\\\/2025\\\/03\\\/IMG_1502-2.jpeg\",\"datePublished\":\"2025-03-27T23:52:03+00:00\",\"dateModified\":\"2025-03-27T23:58:03+00:00\",\"author\":{\"@id\":\"https:\\\/\\\/quehacerpolitico.mx\\\/#\\\/schema\\\/person\\\/496d8ad2d1d3f8036101dca7ee39e585\"},\"breadcrumb\":{\"@id\":\"https:\\\/\\\/quehacerpolitico.mx\\\/?p=115594#breadcrumb\"},\"inLanguage\":\"es\",\"potentialAction\":[{\"@type\":\"ReadAction\",\"target\":[\"https:\\\/\\\/quehacerpolitico.mx\\\/?p=115594\"]}]},{\"@type\":\"ImageObject\",\"inLanguage\":\"es\",\"@id\":\"https:\\\/\\\/quehacerpolitico.mx\\\/?p=115594#primaryimage\",\"url\":\"https:\\\/\\\/quehacerpolitico.mx\\\/wp-content\\\/uploads\\\/2025\\\/03\\\/IMG_1502-2.jpeg\",\"contentUrl\":\"https:\\\/\\\/quehacerpolitico.mx\\\/wp-content\\\/uploads\\\/2025\\\/03\\\/IMG_1502-2.jpeg\",\"width\":678,\"height\":452},{\"@type\":\"BreadcrumbList\",\"@id\":\"https:\\\/\\\/quehacerpolitico.mx\\\/?p=115594#breadcrumb\",\"itemListElement\":[{\"@type\":\"ListItem\",\"position\":1,\"name\":\"Inicio\",\"item\":\"https:\\\/\\\/quehacerpolitico.mx\\\/\"},{\"@type\":\"ListItem\",\"position\":2,\"name\":\"Hoy 27 de marzo se celebra el D\u00eda Mundial del Teatro: aqu\u00ed consulta cu\u00e1l es con entrada GRATIS en la CDMX\"}]},{\"@type\":\"WebSite\",\"@id\":\"https:\\\/\\\/quehacerpolitico.mx\\\/#website\",\"url\":\"https:\\\/\\\/quehacerpolitico.mx\\\/\",\"name\":\"\",\"description\":\"\",\"potentialAction\":[{\"@type\":\"SearchAction\",\"target\":{\"@type\":\"EntryPoint\",\"urlTemplate\":\"https:\\\/\\\/quehacerpolitico.mx\\\/?s={search_term_string}\"},\"query-input\":{\"@type\":\"PropertyValueSpecification\",\"valueRequired\":true,\"valueName\":\"search_term_string\"}}],\"inLanguage\":\"es\"},{\"@type\":\"Person\",\"@id\":\"https:\\\/\\\/quehacerpolitico.mx\\\/#\\\/schema\\\/person\\\/496d8ad2d1d3f8036101dca7ee39e585\",\"name\":\"Redacci\u00f3n QP\",\"image\":{\"@type\":\"ImageObject\",\"inLanguage\":\"es\",\"@id\":\"https:\\\/\\\/secure.gravatar.com\\\/avatar\\\/c7164ed6fdec453195284ad24a5ae5b6e1eed2b848477fa2a4787ba9adf39a41?s=96&d=mm&r=g\",\"url\":\"https:\\\/\\\/secure.gravatar.com\\\/avatar\\\/c7164ed6fdec453195284ad24a5ae5b6e1eed2b848477fa2a4787ba9adf39a41?s=96&d=mm&r=g\",\"contentUrl\":\"https:\\\/\\\/secure.gravatar.com\\\/avatar\\\/c7164ed6fdec453195284ad24a5ae5b6e1eed2b848477fa2a4787ba9adf39a41?s=96&d=mm&r=g\",\"caption\":\"Redacci\u00f3n QP\"},\"url\":\"https:\\\/\\\/quehacerpolitico.mx\\\/?author=2\"}]}<\/script>\n<!-- \/ Yoast SEO plugin. -->","yoast_head_json":{"title":"Hoy 27 de marzo se celebra el D\u00eda Mundial del Teatro: aqu\u00ed consulta cu\u00e1l es con entrada GRATIS en la CDMX -","robots":{"index":"index","follow":"follow","max-snippet":"max-snippet:-1","max-image-preview":"max-image-preview:large","max-video-preview":"max-video-preview:-1"},"canonical":"https:\/\/quehacerpolitico.mx\/?p=115594","og_locale":"es_MX","og_type":"article","og_title":"Hoy 27 de marzo se celebra el D\u00eda Mundial del Teatro: aqu\u00ed consulta cu\u00e1l es con entrada GRATIS en la CDMX -","og_description":"Por Redacci\u00f3n QP Este d\u00eda se reconoce la importancia del teatro dentro de la sociedad...","og_url":"https:\/\/quehacerpolitico.mx\/?p=115594","article_published_time":"2025-03-27T23:52:03+00:00","article_modified_time":"2025-03-27T23:58:03+00:00","og_image":[{"width":678,"height":452,"url":"https:\/\/quehacerpolitico.mx\/wp-content\/uploads\/2025\/03\/IMG_1502-2.jpeg","type":"image\/jpeg"}],"author":"Redacci\u00f3n QP","twitter_card":"summary_large_image","twitter_misc":{"Escrito por":"Redacci\u00f3n QP","Tiempo de lectura":"3 minutos"},"schema":{"@context":"https:\/\/schema.org","@graph":[{"@type":"Article","@id":"https:\/\/quehacerpolitico.mx\/?p=115594#article","isPartOf":{"@id":"https:\/\/quehacerpolitico.mx\/?p=115594"},"author":{"name":"Redacci\u00f3n QP","@id":"https:\/\/quehacerpolitico.mx\/#\/schema\/person\/496d8ad2d1d3f8036101dca7ee39e585"},"headline":"Hoy 27 de marzo se celebra el D\u00eda Mundial del Teatro: aqu\u00ed consulta cu\u00e1l es con entrada GRATIS en la CDMX","datePublished":"2025-03-27T23:52:03+00:00","dateModified":"2025-03-27T23:58:03+00:00","mainEntityOfPage":{"@id":"https:\/\/quehacerpolitico.mx\/?p=115594"},"wordCount":718,"commentCount":0,"image":{"@id":"https:\/\/quehacerpolitico.mx\/?p=115594#primaryimage"},"thumbnailUrl":"https:\/\/quehacerpolitico.mx\/wp-content\/uploads\/2025\/03\/IMG_1502-2.jpeg","articleSection":["CDMX","Cultura y Entretenimiento"],"inLanguage":"es","potentialAction":[{"@type":"CommentAction","name":"Comment","target":["https:\/\/quehacerpolitico.mx\/?p=115594#respond"]}]},{"@type":"WebPage","@id":"https:\/\/quehacerpolitico.mx\/?p=115594","url":"https:\/\/quehacerpolitico.mx\/?p=115594","name":"Hoy 27 de marzo se celebra el D\u00eda Mundial del Teatro: aqu\u00ed consulta cu\u00e1l es con entrada GRATIS en la CDMX -","isPartOf":{"@id":"https:\/\/quehacerpolitico.mx\/#website"},"primaryImageOfPage":{"@id":"https:\/\/quehacerpolitico.mx\/?p=115594#primaryimage"},"image":{"@id":"https:\/\/quehacerpolitico.mx\/?p=115594#primaryimage"},"thumbnailUrl":"https:\/\/quehacerpolitico.mx\/wp-content\/uploads\/2025\/03\/IMG_1502-2.jpeg","datePublished":"2025-03-27T23:52:03+00:00","dateModified":"2025-03-27T23:58:03+00:00","author":{"@id":"https:\/\/quehacerpolitico.mx\/#\/schema\/person\/496d8ad2d1d3f8036101dca7ee39e585"},"breadcrumb":{"@id":"https:\/\/quehacerpolitico.mx\/?p=115594#breadcrumb"},"inLanguage":"es","potentialAction":[{"@type":"ReadAction","target":["https:\/\/quehacerpolitico.mx\/?p=115594"]}]},{"@type":"ImageObject","inLanguage":"es","@id":"https:\/\/quehacerpolitico.mx\/?p=115594#primaryimage","url":"https:\/\/quehacerpolitico.mx\/wp-content\/uploads\/2025\/03\/IMG_1502-2.jpeg","contentUrl":"https:\/\/quehacerpolitico.mx\/wp-content\/uploads\/2025\/03\/IMG_1502-2.jpeg","width":678,"height":452},{"@type":"BreadcrumbList","@id":"https:\/\/quehacerpolitico.mx\/?p=115594#breadcrumb","itemListElement":[{"@type":"ListItem","position":1,"name":"Inicio","item":"https:\/\/quehacerpolitico.mx\/"},{"@type":"ListItem","position":2,"name":"Hoy 27 de marzo se celebra el D\u00eda Mundial del Teatro: aqu\u00ed consulta cu\u00e1l es con entrada GRATIS en la CDMX"}]},{"@type":"WebSite","@id":"https:\/\/quehacerpolitico.mx\/#website","url":"https:\/\/quehacerpolitico.mx\/","name":"","description":"","potentialAction":[{"@type":"SearchAction","target":{"@type":"EntryPoint","urlTemplate":"https:\/\/quehacerpolitico.mx\/?s={search_term_string}"},"query-input":{"@type":"PropertyValueSpecification","valueRequired":true,"valueName":"search_term_string"}}],"inLanguage":"es"},{"@type":"Person","@id":"https:\/\/quehacerpolitico.mx\/#\/schema\/person\/496d8ad2d1d3f8036101dca7ee39e585","name":"Redacci\u00f3n QP","image":{"@type":"ImageObject","inLanguage":"es","@id":"https:\/\/secure.gravatar.com\/avatar\/c7164ed6fdec453195284ad24a5ae5b6e1eed2b848477fa2a4787ba9adf39a41?s=96&d=mm&r=g","url":"https:\/\/secure.gravatar.com\/avatar\/c7164ed6fdec453195284ad24a5ae5b6e1eed2b848477fa2a4787ba9adf39a41?s=96&d=mm&r=g","contentUrl":"https:\/\/secure.gravatar.com\/avatar\/c7164ed6fdec453195284ad24a5ae5b6e1eed2b848477fa2a4787ba9adf39a41?s=96&d=mm&r=g","caption":"Redacci\u00f3n QP"},"url":"https:\/\/quehacerpolitico.mx\/?author=2"}]}},"featured_image_urls":{"full":["https:\/\/quehacerpolitico.mx\/wp-content\/uploads\/2025\/03\/IMG_1502-2.jpeg",678,452,false],"thumbnail":["https:\/\/quehacerpolitico.mx\/wp-content\/uploads\/2025\/03\/IMG_1502-2-150x150.jpeg",150,150,true],"medium":["https:\/\/quehacerpolitico.mx\/wp-content\/uploads\/2025\/03\/IMG_1502-2-300x200.jpeg",300,200,true],"medium_large":["https:\/\/quehacerpolitico.mx\/wp-content\/uploads\/2025\/03\/IMG_1502-2.jpeg",640,427,false],"large":["https:\/\/quehacerpolitico.mx\/wp-content\/uploads\/2025\/03\/IMG_1502-2.jpeg",640,427,false],"1536x1536":["https:\/\/quehacerpolitico.mx\/wp-content\/uploads\/2025\/03\/IMG_1502-2.jpeg",678,452,false],"2048x2048":["https:\/\/quehacerpolitico.mx\/wp-content\/uploads\/2025\/03\/IMG_1502-2.jpeg",678,452,false],"covernews-featured":["https:\/\/quehacerpolitico.mx\/wp-content\/uploads\/2025\/03\/IMG_1502-2.jpeg",678,452,false],"covernews-medium":["https:\/\/quehacerpolitico.mx\/wp-content\/uploads\/2025\/03\/IMG_1502-2-540x340.jpeg",540,340,true]},"author_info":{"display_name":"Redacci\u00f3n QP","author_link":"https:\/\/quehacerpolitico.mx\/?author=2"},"category_info":"<a href=\"https:\/\/quehacerpolitico.mx\/?cat=55\" rel=\"category\">CDMX<\/a> <a href=\"https:\/\/quehacerpolitico.mx\/?cat=58\" rel=\"category\">Cultura y Entretenimiento<\/a>","tag_info":"Cultura y Entretenimiento","comment_count":"0","_links":{"self":[{"href":"https:\/\/quehacerpolitico.mx\/index.php?rest_route=\/wp\/v2\/posts\/115594","targetHints":{"allow":["GET"]}}],"collection":[{"href":"https:\/\/quehacerpolitico.mx\/index.php?rest_route=\/wp\/v2\/posts"}],"about":[{"href":"https:\/\/quehacerpolitico.mx\/index.php?rest_route=\/wp\/v2\/types\/post"}],"author":[{"embeddable":true,"href":"https:\/\/quehacerpolitico.mx\/index.php?rest_route=\/wp\/v2\/users\/2"}],"replies":[{"embeddable":true,"href":"https:\/\/quehacerpolitico.mx\/index.php?rest_route=%2Fwp%2Fv2%2Fcomments&post=115594"}],"version-history":[{"count":1,"href":"https:\/\/quehacerpolitico.mx\/index.php?rest_route=\/wp\/v2\/posts\/115594\/revisions"}],"predecessor-version":[{"id":115597,"href":"https:\/\/quehacerpolitico.mx\/index.php?rest_route=\/wp\/v2\/posts\/115594\/revisions\/115597"}],"wp:featuredmedia":[{"embeddable":true,"href":"https:\/\/quehacerpolitico.mx\/index.php?rest_route=\/wp\/v2\/media\/115598"}],"wp:attachment":[{"href":"https:\/\/quehacerpolitico.mx\/index.php?rest_route=%2Fwp%2Fv2%2Fmedia&parent=115594"}],"wp:term":[{"taxonomy":"category","embeddable":true,"href":"https:\/\/quehacerpolitico.mx\/index.php?rest_route=%2Fwp%2Fv2%2Fcategories&post=115594"},{"taxonomy":"post_tag","embeddable":true,"href":"https:\/\/quehacerpolitico.mx\/index.php?rest_route=%2Fwp%2Fv2%2Ftags&post=115594"}],"curies":[{"name":"wp","href":"https:\/\/api.w.org\/{rel}","templated":true}]}}