{"id":115561,"date":"2025-03-27T12:51:01","date_gmt":"2025-03-27T18:51:01","guid":{"rendered":"https:\/\/quehacerpolitico.mx\/?p=115561"},"modified":"2025-03-27T12:51:04","modified_gmt":"2025-03-27T18:51:04","slug":"sheinbaum-envia-al-congreso-las-reformas-para-atender-la-crisis-de-desapariciones","status":"publish","type":"post","link":"https:\/\/quehacerpolitico.mx\/?p=115561","title":{"rendered":"Sheinbaum env\u00eda al Congreso las reformas para atender la crisis de desapariciones"},"content":{"rendered":"\n<p>Por Redacci\u00f3n QP<\/p>\n\n\n\n<p>La mandataria dijo que estas modificaciones se toman para fortalecer la investigaci\u00f3n y prevenci\u00f3n de este tipo de casos<\/p>\n\n\n\n<p>La presidenta&nbsp;<strong>Claudia Sheinbaum<\/strong>&nbsp;inform\u00f3 este jueves que envi\u00f3 al Congreso las reformas que anunci\u00f3 a inicios de semana ante la crisis de desapariciones en el pa\u00eds.&nbsp;<\/p>\n\n\n\n<p>Desde&nbsp;<strong>Palacio Nacional<\/strong>, la mandataria dijo que estas modificaciones se toman para fortalecer la investigaci\u00f3n y prevenci\u00f3n de las desapariciones.&nbsp;<\/p>\n\n\n\n<p>\u201cAdem\u00e1s de que nos va a ayudar en general en fortalecer la seguridad y la paz en nuestro pa\u00eds\u201d, a\u00f1adi\u00f3 mientras firmaba la reforma junto con Ernestina Godoy, consejera jur\u00eddica del Ejecutivo.<\/p>\n\n\n\n<figure class=\"wp-block-embed is-type-rich is-provider-twitter wp-block-embed-twitter\"><div class=\"wp-block-embed__wrapper\">\n<blockquote class=\"twitter-tweet\" data-width=\"550\" data-dnt=\"true\"><p lang=\"es\" dir=\"ltr\"><a href=\"https:\/\/twitter.com\/hashtag\/EnLaMa%C3%B1anera?src=hash&amp;ref_src=twsrc%5Etfw\">#EnLaMa\u00f1anera<\/a> | La presidenta Sheinbaum, en compa\u00f1\u00eda de Ernestina Godoy, Consejera Jur\u00eddica de la Presidencia, firm\u00f3 y envi\u00f3 al Congreso las reformas a la Ley de B\u00fasqueda y de Poblaci\u00f3n con el objetivo de apoyar a la prevenci\u00f3n y atenci\u00f3n de personas desaparecidas <a href=\"https:\/\/t.co\/jeplVIK2Aa\">pic.twitter.com\/jeplVIK2Aa<\/a><\/p>&mdash; El Financiero (@ElFinanciero_Mx) <a href=\"https:\/\/twitter.com\/ElFinanciero_Mx\/status\/1905264325347942452?ref_src=twsrc%5Etfw\">March 27, 2025<\/a><\/blockquote><script async src=\"https:\/\/platform.twitter.com\/widgets.js\" charset=\"utf-8\"><\/script>\n<\/div><\/figure>\n\n\n\n<p>Entre las medidas anunciadas&nbsp;destaca el&nbsp;fortalecimiento de los registros de identificaci\u00f3n&nbsp;y&nbsp;las&nbsp;fiscal\u00edas estatales, la creaci\u00f3n de una&nbsp;base \u00fanica forense,&nbsp;nuevos protocolos que permitan generar una&nbsp;b\u00fasqueda inmediata&nbsp;y abrir de inmediato carpetas de investigaci\u00f3n para que no se tenga que esperar 72 horas, y&nbsp;equiparar la desaparici\u00f3n con el secuestro.<\/p>\n\n\n\n<p><strong>Sheinbaum<\/strong>\u00a0afirm\u00f3 que las familias buscadoras tambi\u00e9n podr\u00e1n participar en la discusi\u00f3n de las reformas, despu\u00e9s de que la Oficina de Derechos Humanos de la ONU pidi\u00f3 &#8220;mejorar las medidas preventivas y a garantizar la protecci\u00f3n y el apoyo a las familias\u00a0<strong>v\u00edctimas de desapariciones<\/strong>&#8221; tras el<strong> hallazgo del rancho Izaguirre.<\/strong><\/p>\n\n\n\n<p>&#8220;Hay algunas acciones que tienen que realizar los gobiernos para poder fortalecer y seguir las pl\u00e1ticas, nunca estamos negados a dialogar, jam\u00e1s. Ellas pueden participar, una vez que llegue al Congreso (la iniciativa de reforma)&#8221;, prometi\u00f3.&nbsp;<\/p>\n\n\n\n<p>La firma se dio luego de que la presidente&nbsp;<strong>negara&nbsp;que existan cr\u00edmenes de lesa humanidad,<\/strong>&nbsp;como denuncian activistas y opositores, en el rancho que presuntamente era un campo de adiestramiento del Cartel Jalisco Nueva Generaci\u00f3n (CJNG) en&nbsp;<strong>Teuchitl\u00e1n<\/strong>, en el occidental estado de Jalisco.<br><br>&#8220;No s\u00e9 qu\u00e9 quieran decir con cr\u00edmenes de<strong>lesa humanidad,<\/strong>&nbsp;durante muchos a\u00f1os los cr\u00edmenes de lesa humanidad ven\u00edan del Estado, eso no existe ya en M\u00e9xico, lo que hay es delincuencia organizada y estamos haciendo nuestro trabajo para pacificar y disminuir los delitos en M\u00e9xico&#8221;, manifest\u00f3 la mandataria en su conferencia matutina.<\/p>\n\n\n\n<p><em>Con informaci\u00f3n de EFE<\/em><\/p>\n","protected":false},"excerpt":{"rendered":"<p>Por Redacci\u00f3n QP La mandataria dijo que estas modificaciones se toman para fortalecer la investigaci\u00f3n&#8230;<\/p>\n","protected":false},"author":2,"featured_media":115562,"comment_status":"open","ping_status":"open","sticky":false,"template":"","format":"standard","meta":{"_monsterinsights_skip_tracking":false,"_monsterinsights_sitenote_active":false,"_monsterinsights_sitenote_note":"","_monsterinsights_sitenote_category":0,"footnotes":""},"categories":[280,2],"tags":[],"class_list":["post-115561","post","type-post","status-publish","format-standard","has-post-thumbnail","hentry","category-nacionales","category-noticias"],"yoast_head":"<!-- This site is optimized with the Yoast SEO plugin v27.3 - https:\/\/yoast.com\/product\/yoast-seo-wordpress\/ -->\n<title>Sheinbaum env\u00eda al Congreso las reformas para atender la crisis de desapariciones -<\/title>\n<meta name=\"robots\" content=\"index, follow, max-snippet:-1, max-image-preview:large, max-video-preview:-1\" \/>\n<link rel=\"canonical\" href=\"https:\/\/quehacerpolitico.mx\/?p=115561\" \/>\n<meta property=\"og:locale\" content=\"es_MX\" \/>\n<meta property=\"og:type\" content=\"article\" \/>\n<meta property=\"og:title\" content=\"Sheinbaum env\u00eda al Congreso las reformas para atender la crisis de desapariciones -\" \/>\n<meta property=\"og:description\" content=\"Por Redacci\u00f3n QP La mandataria dijo que estas modificaciones se toman para fortalecer la investigaci\u00f3n...\" \/>\n<meta property=\"og:url\" content=\"https:\/\/quehacerpolitico.mx\/?p=115561\" \/>\n<meta property=\"article:published_time\" content=\"2025-03-27T18:51:01+00:00\" \/>\n<meta property=\"article:modified_time\" content=\"2025-03-27T18:51:04+00:00\" \/>\n<meta property=\"og:image\" content=\"https:\/\/quehacerpolitico.mx\/wp-content\/uploads\/2025\/03\/IMG_1481.jpeg\" \/>\n\t<meta property=\"og:image:width\" content=\"2048\" \/>\n\t<meta property=\"og:image:height\" content=\"1362\" \/>\n\t<meta property=\"og:image:type\" content=\"image\/jpeg\" \/>\n<meta name=\"author\" content=\"Redacci\u00f3n QP\" \/>\n<meta name=\"twitter:card\" content=\"summary_large_image\" \/>\n<meta name=\"twitter:label1\" content=\"Escrito por\" \/>\n\t<meta name=\"twitter:data1\" content=\"Redacci\u00f3n QP\" \/>\n\t<meta name=\"twitter:label2\" content=\"Tiempo de lectura\" \/>\n\t<meta name=\"twitter:data2\" content=\"2 minutos\" \/>\n<script type=\"application\/ld+json\" class=\"yoast-schema-graph\">{\"@context\":\"https:\\\/\\\/schema.org\",\"@graph\":[{\"@type\":\"Article\",\"@id\":\"https:\\\/\\\/quehacerpolitico.mx\\\/?p=115561#article\",\"isPartOf\":{\"@id\":\"https:\\\/\\\/quehacerpolitico.mx\\\/?p=115561\"},\"author\":{\"name\":\"Redacci\u00f3n QP\",\"@id\":\"https:\\\/\\\/quehacerpolitico.mx\\\/#\\\/schema\\\/person\\\/496d8ad2d1d3f8036101dca7ee39e585\"},\"headline\":\"Sheinbaum env\u00eda al Congreso las reformas para atender la crisis de desapariciones\",\"datePublished\":\"2025-03-27T18:51:01+00:00\",\"dateModified\":\"2025-03-27T18:51:04+00:00\",\"mainEntityOfPage\":{\"@id\":\"https:\\\/\\\/quehacerpolitico.mx\\\/?p=115561\"},\"wordCount\":422,\"commentCount\":0,\"image\":{\"@id\":\"https:\\\/\\\/quehacerpolitico.mx\\\/?p=115561#primaryimage\"},\"thumbnailUrl\":\"https:\\\/\\\/quehacerpolitico.mx\\\/wp-content\\\/uploads\\\/2025\\\/03\\\/IMG_1481.jpeg\",\"articleSection\":[\"Nacionales\",\"Noticias\"],\"inLanguage\":\"es\",\"potentialAction\":[{\"@type\":\"CommentAction\",\"name\":\"Comment\",\"target\":[\"https:\\\/\\\/quehacerpolitico.mx\\\/?p=115561#respond\"]}]},{\"@type\":\"WebPage\",\"@id\":\"https:\\\/\\\/quehacerpolitico.mx\\\/?p=115561\",\"url\":\"https:\\\/\\\/quehacerpolitico.mx\\\/?p=115561\",\"name\":\"Sheinbaum env\u00eda al Congreso las reformas para atender la crisis de desapariciones -\",\"isPartOf\":{\"@id\":\"https:\\\/\\\/quehacerpolitico.mx\\\/#website\"},\"primaryImageOfPage\":{\"@id\":\"https:\\\/\\\/quehacerpolitico.mx\\\/?p=115561#primaryimage\"},\"image\":{\"@id\":\"https:\\\/\\\/quehacerpolitico.mx\\\/?p=115561#primaryimage\"},\"thumbnailUrl\":\"https:\\\/\\\/quehacerpolitico.mx\\\/wp-content\\\/uploads\\\/2025\\\/03\\\/IMG_1481.jpeg\",\"datePublished\":\"2025-03-27T18:51:01+00:00\",\"dateModified\":\"2025-03-27T18:51:04+00:00\",\"author\":{\"@id\":\"https:\\\/\\\/quehacerpolitico.mx\\\/#\\\/schema\\\/person\\\/496d8ad2d1d3f8036101dca7ee39e585\"},\"breadcrumb\":{\"@id\":\"https:\\\/\\\/quehacerpolitico.mx\\\/?p=115561#breadcrumb\"},\"inLanguage\":\"es\",\"potentialAction\":[{\"@type\":\"ReadAction\",\"target\":[\"https:\\\/\\\/quehacerpolitico.mx\\\/?p=115561\"]}]},{\"@type\":\"ImageObject\",\"inLanguage\":\"es\",\"@id\":\"https:\\\/\\\/quehacerpolitico.mx\\\/?p=115561#primaryimage\",\"url\":\"https:\\\/\\\/quehacerpolitico.mx\\\/wp-content\\\/uploads\\\/2025\\\/03\\\/IMG_1481.jpeg\",\"contentUrl\":\"https:\\\/\\\/quehacerpolitico.mx\\\/wp-content\\\/uploads\\\/2025\\\/03\\\/IMG_1481.jpeg\",\"width\":2048,\"height\":1362},{\"@type\":\"BreadcrumbList\",\"@id\":\"https:\\\/\\\/quehacerpolitico.mx\\\/?p=115561#breadcrumb\",\"itemListElement\":[{\"@type\":\"ListItem\",\"position\":1,\"name\":\"Inicio\",\"item\":\"https:\\\/\\\/quehacerpolitico.mx\\\/\"},{\"@type\":\"ListItem\",\"position\":2,\"name\":\"Sheinbaum env\u00eda al Congreso las reformas para atender la crisis de desapariciones\"}]},{\"@type\":\"WebSite\",\"@id\":\"https:\\\/\\\/quehacerpolitico.mx\\\/#website\",\"url\":\"https:\\\/\\\/quehacerpolitico.mx\\\/\",\"name\":\"\",\"description\":\"\",\"potentialAction\":[{\"@type\":\"SearchAction\",\"target\":{\"@type\":\"EntryPoint\",\"urlTemplate\":\"https:\\\/\\\/quehacerpolitico.mx\\\/?s={search_term_string}\"},\"query-input\":{\"@type\":\"PropertyValueSpecification\",\"valueRequired\":true,\"valueName\":\"search_term_string\"}}],\"inLanguage\":\"es\"},{\"@type\":\"Person\",\"@id\":\"https:\\\/\\\/quehacerpolitico.mx\\\/#\\\/schema\\\/person\\\/496d8ad2d1d3f8036101dca7ee39e585\",\"name\":\"Redacci\u00f3n QP\",\"image\":{\"@type\":\"ImageObject\",\"inLanguage\":\"es\",\"@id\":\"https:\\\/\\\/secure.gravatar.com\\\/avatar\\\/c7164ed6fdec453195284ad24a5ae5b6e1eed2b848477fa2a4787ba9adf39a41?s=96&d=mm&r=g\",\"url\":\"https:\\\/\\\/secure.gravatar.com\\\/avatar\\\/c7164ed6fdec453195284ad24a5ae5b6e1eed2b848477fa2a4787ba9adf39a41?s=96&d=mm&r=g\",\"contentUrl\":\"https:\\\/\\\/secure.gravatar.com\\\/avatar\\\/c7164ed6fdec453195284ad24a5ae5b6e1eed2b848477fa2a4787ba9adf39a41?s=96&d=mm&r=g\",\"caption\":\"Redacci\u00f3n QP\"},\"url\":\"https:\\\/\\\/quehacerpolitico.mx\\\/?author=2\"}]}<\/script>\n<!-- \/ Yoast SEO plugin. -->","yoast_head_json":{"title":"Sheinbaum env\u00eda al Congreso las reformas para atender la crisis de desapariciones -","robots":{"index":"index","follow":"follow","max-snippet":"max-snippet:-1","max-image-preview":"max-image-preview:large","max-video-preview":"max-video-preview:-1"},"canonical":"https:\/\/quehacerpolitico.mx\/?p=115561","og_locale":"es_MX","og_type":"article","og_title":"Sheinbaum env\u00eda al Congreso las reformas para atender la crisis de desapariciones -","og_description":"Por Redacci\u00f3n QP La mandataria dijo que estas modificaciones se toman para fortalecer la investigaci\u00f3n...","og_url":"https:\/\/quehacerpolitico.mx\/?p=115561","article_published_time":"2025-03-27T18:51:01+00:00","article_modified_time":"2025-03-27T18:51:04+00:00","og_image":[{"width":2048,"height":1362,"url":"https:\/\/quehacerpolitico.mx\/wp-content\/uploads\/2025\/03\/IMG_1481.jpeg","type":"image\/jpeg"}],"author":"Redacci\u00f3n QP","twitter_card":"summary_large_image","twitter_misc":{"Escrito por":"Redacci\u00f3n QP","Tiempo de lectura":"2 minutos"},"schema":{"@context":"https:\/\/schema.org","@graph":[{"@type":"Article","@id":"https:\/\/quehacerpolitico.mx\/?p=115561#article","isPartOf":{"@id":"https:\/\/quehacerpolitico.mx\/?p=115561"},"author":{"name":"Redacci\u00f3n QP","@id":"https:\/\/quehacerpolitico.mx\/#\/schema\/person\/496d8ad2d1d3f8036101dca7ee39e585"},"headline":"Sheinbaum env\u00eda al Congreso las reformas para atender la crisis de desapariciones","datePublished":"2025-03-27T18:51:01+00:00","dateModified":"2025-03-27T18:51:04+00:00","mainEntityOfPage":{"@id":"https:\/\/quehacerpolitico.mx\/?p=115561"},"wordCount":422,"commentCount":0,"image":{"@id":"https:\/\/quehacerpolitico.mx\/?p=115561#primaryimage"},"thumbnailUrl":"https:\/\/quehacerpolitico.mx\/wp-content\/uploads\/2025\/03\/IMG_1481.jpeg","articleSection":["Nacionales","Noticias"],"inLanguage":"es","potentialAction":[{"@type":"CommentAction","name":"Comment","target":["https:\/\/quehacerpolitico.mx\/?p=115561#respond"]}]},{"@type":"WebPage","@id":"https:\/\/quehacerpolitico.mx\/?p=115561","url":"https:\/\/quehacerpolitico.mx\/?p=115561","name":"Sheinbaum env\u00eda al Congreso las reformas para atender la crisis de desapariciones -","isPartOf":{"@id":"https:\/\/quehacerpolitico.mx\/#website"},"primaryImageOfPage":{"@id":"https:\/\/quehacerpolitico.mx\/?p=115561#primaryimage"},"image":{"@id":"https:\/\/quehacerpolitico.mx\/?p=115561#primaryimage"},"thumbnailUrl":"https:\/\/quehacerpolitico.mx\/wp-content\/uploads\/2025\/03\/IMG_1481.jpeg","datePublished":"2025-03-27T18:51:01+00:00","dateModified":"2025-03-27T18:51:04+00:00","author":{"@id":"https:\/\/quehacerpolitico.mx\/#\/schema\/person\/496d8ad2d1d3f8036101dca7ee39e585"},"breadcrumb":{"@id":"https:\/\/quehacerpolitico.mx\/?p=115561#breadcrumb"},"inLanguage":"es","potentialAction":[{"@type":"ReadAction","target":["https:\/\/quehacerpolitico.mx\/?p=115561"]}]},{"@type":"ImageObject","inLanguage":"es","@id":"https:\/\/quehacerpolitico.mx\/?p=115561#primaryimage","url":"https:\/\/quehacerpolitico.mx\/wp-content\/uploads\/2025\/03\/IMG_1481.jpeg","contentUrl":"https:\/\/quehacerpolitico.mx\/wp-content\/uploads\/2025\/03\/IMG_1481.jpeg","width":2048,"height":1362},{"@type":"BreadcrumbList","@id":"https:\/\/quehacerpolitico.mx\/?p=115561#breadcrumb","itemListElement":[{"@type":"ListItem","position":1,"name":"Inicio","item":"https:\/\/quehacerpolitico.mx\/"},{"@type":"ListItem","position":2,"name":"Sheinbaum env\u00eda al Congreso las reformas para atender la crisis de desapariciones"}]},{"@type":"WebSite","@id":"https:\/\/quehacerpolitico.mx\/#website","url":"https:\/\/quehacerpolitico.mx\/","name":"","description":"","potentialAction":[{"@type":"SearchAction","target":{"@type":"EntryPoint","urlTemplate":"https:\/\/quehacerpolitico.mx\/?s={search_term_string}"},"query-input":{"@type":"PropertyValueSpecification","valueRequired":true,"valueName":"search_term_string"}}],"inLanguage":"es"},{"@type":"Person","@id":"https:\/\/quehacerpolitico.mx\/#\/schema\/person\/496d8ad2d1d3f8036101dca7ee39e585","name":"Redacci\u00f3n QP","image":{"@type":"ImageObject","inLanguage":"es","@id":"https:\/\/secure.gravatar.com\/avatar\/c7164ed6fdec453195284ad24a5ae5b6e1eed2b848477fa2a4787ba9adf39a41?s=96&d=mm&r=g","url":"https:\/\/secure.gravatar.com\/avatar\/c7164ed6fdec453195284ad24a5ae5b6e1eed2b848477fa2a4787ba9adf39a41?s=96&d=mm&r=g","contentUrl":"https:\/\/secure.gravatar.com\/avatar\/c7164ed6fdec453195284ad24a5ae5b6e1eed2b848477fa2a4787ba9adf39a41?s=96&d=mm&r=g","caption":"Redacci\u00f3n QP"},"url":"https:\/\/quehacerpolitico.mx\/?author=2"}]}},"featured_image_urls":{"full":["https:\/\/quehacerpolitico.mx\/wp-content\/uploads\/2025\/03\/IMG_1481.jpeg",2048,1362,false],"thumbnail":["https:\/\/quehacerpolitico.mx\/wp-content\/uploads\/2025\/03\/IMG_1481-150x150.jpeg",150,150,true],"medium":["https:\/\/quehacerpolitico.mx\/wp-content\/uploads\/2025\/03\/IMG_1481-300x200.jpeg",300,200,true],"medium_large":["https:\/\/quehacerpolitico.mx\/wp-content\/uploads\/2025\/03\/IMG_1481-768x511.jpeg",640,426,true],"large":["https:\/\/quehacerpolitico.mx\/wp-content\/uploads\/2025\/03\/IMG_1481-1024x681.jpeg",640,426,true],"1536x1536":["https:\/\/quehacerpolitico.mx\/wp-content\/uploads\/2025\/03\/IMG_1481-1536x1022.jpeg",1536,1022,true],"2048x2048":["https:\/\/quehacerpolitico.mx\/wp-content\/uploads\/2025\/03\/IMG_1481.jpeg",2048,1362,false],"covernews-featured":["https:\/\/quehacerpolitico.mx\/wp-content\/uploads\/2025\/03\/IMG_1481-1024x681.jpeg",1024,681,true],"covernews-medium":["https:\/\/quehacerpolitico.mx\/wp-content\/uploads\/2025\/03\/IMG_1481-540x340.jpeg",540,340,true]},"author_info":{"display_name":"Redacci\u00f3n QP","author_link":"https:\/\/quehacerpolitico.mx\/?author=2"},"category_info":"<a href=\"https:\/\/quehacerpolitico.mx\/?cat=280\" rel=\"category\">Nacionales<\/a> <a href=\"https:\/\/quehacerpolitico.mx\/?cat=2\" rel=\"category\">Noticias<\/a>","tag_info":"Noticias","comment_count":"0","_links":{"self":[{"href":"https:\/\/quehacerpolitico.mx\/index.php?rest_route=\/wp\/v2\/posts\/115561","targetHints":{"allow":["GET"]}}],"collection":[{"href":"https:\/\/quehacerpolitico.mx\/index.php?rest_route=\/wp\/v2\/posts"}],"about":[{"href":"https:\/\/quehacerpolitico.mx\/index.php?rest_route=\/wp\/v2\/types\/post"}],"author":[{"embeddable":true,"href":"https:\/\/quehacerpolitico.mx\/index.php?rest_route=\/wp\/v2\/users\/2"}],"replies":[{"embeddable":true,"href":"https:\/\/quehacerpolitico.mx\/index.php?rest_route=%2Fwp%2Fv2%2Fcomments&post=115561"}],"version-history":[{"count":1,"href":"https:\/\/quehacerpolitico.mx\/index.php?rest_route=\/wp\/v2\/posts\/115561\/revisions"}],"predecessor-version":[{"id":115563,"href":"https:\/\/quehacerpolitico.mx\/index.php?rest_route=\/wp\/v2\/posts\/115561\/revisions\/115563"}],"wp:featuredmedia":[{"embeddable":true,"href":"https:\/\/quehacerpolitico.mx\/index.php?rest_route=\/wp\/v2\/media\/115562"}],"wp:attachment":[{"href":"https:\/\/quehacerpolitico.mx\/index.php?rest_route=%2Fwp%2Fv2%2Fmedia&parent=115561"}],"wp:term":[{"taxonomy":"category","embeddable":true,"href":"https:\/\/quehacerpolitico.mx\/index.php?rest_route=%2Fwp%2Fv2%2Fcategories&post=115561"},{"taxonomy":"post_tag","embeddable":true,"href":"https:\/\/quehacerpolitico.mx\/index.php?rest_route=%2Fwp%2Fv2%2Ftags&post=115561"}],"curies":[{"name":"wp","href":"https:\/\/api.w.org\/{rel}","templated":true}]}}