{"id":115519,"date":"2025-03-26T12:07:47","date_gmt":"2025-03-26T18:07:47","guid":{"rendered":"https:\/\/quehacerpolitico.mx\/?p=115519"},"modified":"2025-03-26T12:07:49","modified_gmt":"2025-03-26T18:07:49","slug":"siempre-respaldaremos-a-las-mujeres-pero-siempre-tiene-que-haber-pruebas-suficientes-dice-sheinbaum-sobre-cuauhtemocblanco","status":"publish","type":"post","link":"https:\/\/quehacerpolitico.mx\/?p=115519","title":{"rendered":"&#8220;Siempre respaldaremos a las mujeres, pero siempre tiene que haber pruebas suficientes&#8221;, dice Sheinbaum sobre #Cuauht\u00e9mocBlanco"},"content":{"rendered":"\n<p>Por Redacci\u00f3n QP<\/p>\n\n\n\n<p>Sheinbaum reaccion\u00f3 luego de que en la C\u00e1mara de Diputados se declarara improcedente&nbsp;la&nbsp;solicitud de desafuero contra Cuauht\u00e9moc Blanco<\/p>\n\n\n\n<p>La presidenta de M\u00e9xico,&nbsp;<strong>Claudia Sheinbaum Pardo<\/strong>,&nbsp;se pronunci\u00f3 sobre el hecho de que la&nbsp;<strong>C\u00e1mara de Diputados<\/strong> declarara <strong>improcedente<\/strong>&nbsp;la&nbsp;<strong>solicitud de desafuero<\/strong>&nbsp;en contra del legislador morenista&nbsp;<strong>Cuauht\u00e9moc<\/strong>&nbsp;<strong>Blanco<\/strong>, se\u00f1alado por&nbsp;<strong>violaci\u00f3n<\/strong>&nbsp;en grado de tentativa en Morelos.<\/p>\n\n\n\n<p>En la conferencia matutina de Palacio Nacional, Sheinbaum Pardo dej\u00f3 en claro que siempre apoyar\u00e1 a las mujeres, pero que deben existir \u201cpruebas suficientes\u201d para un caso como este.<\/p>\n\n\n\n<p>\u201cNo conozco las pruebas, es una decisi\u00f3n del Congreso. S\u00ed es importante m\u00e1s all\u00e1 de revisar en todo caso las pruebas, el contexto, es importante\u201d, argument\u00f3.<\/p>\n\n\n\n<p>Repito siempre vamos a apoyar a las mujeres, eso no est\u00e1 en duda, pero siempre tiene que haber pruebas suficientes para un caso como este\u201d, lanz\u00f3.<\/p>\n\n\n\n<p>La mandataria mexicana desestim\u00f3 la denuncia realizada por el anterior fiscal de Morelos,&nbsp;<strong>Uriel Carmona G\u00e1ndara<\/strong>, quien fue removido de su cargo por el Congreso estatal tras realizar la denuncia contra el exgobernador Blanco Bravo.<\/p>\n\n\n\n<p>\u201c\u00bfDe d\u00f3nde viene esta denuncia que le hacen al exgobernador? \u00bfQui\u00e9n la hizo? \u00bfQu\u00e9 Fiscal\u00eda? \u00bfEse fiscal de Morelos qu\u00e9 caracter\u00edsticas ten\u00eda? Era encubridor de feminicidios, con muchos casos de corrupci\u00f3n. Fue desaforado por la C\u00e1mara de Diputados y el Congreso local, solo para que se ponga en contexto\u201d, refiri\u00f3.<\/p>\n\n\n\n<figure class=\"wp-block-embed is-type-rich is-provider-twitter wp-block-embed-twitter\"><div class=\"wp-block-embed__wrapper\">\n<blockquote class=\"twitter-tweet\" data-width=\"550\" data-dnt=\"true\"><p lang=\"es\" dir=\"ltr\">&quot;Siempre respaldaremos a las mujeres, pero siempre tiene que haber pruebas suficientes&quot;, dice <a href=\"https:\/\/twitter.com\/Claudiashein?ref_src=twsrc%5Etfw\">@Claudiashein<\/a> sobre <a href=\"https:\/\/twitter.com\/hashtag\/Cuauht%C3%A9mocBlanco?src=hash&amp;ref_src=twsrc%5Etfw\">#Cuauht\u00e9mocBlanco<\/a>.<br><br>Pide que el nuevo fiscal de Morelos revise el caso. <a href=\"https:\/\/t.co\/hSUlRW0dW9\">pic.twitter.com\/hSUlRW0dW9<\/a><\/p>&mdash; Manuel Lopez San Martin (@MLopezSanMartin) <a href=\"https:\/\/twitter.com\/MLopezSanMartin\/status\/1904916153153073162?ref_src=twsrc%5Etfw\">March 26, 2025<\/a><\/blockquote><script async src=\"https:\/\/platform.twitter.com\/widgets.js\" charset=\"utf-8\"><\/script>\n<\/div><\/figure>\n\n\n\n<p>Sheinbaum Pardo asegur\u00f3 que desechar la solicitud de desafuero fue una decisi\u00f3n de la C\u00e1mara de Diputados.<\/p>\n\n\n\n<p>\u201cNo (habr\u00e1 ruptura en la 4T), ninguna. Es una decisi\u00f3n del Congreso y en todo caso que se revise el caso ya con nuevas personas que est\u00e1n en otra situaci\u00f3n\u201d, enfatiz\u00f3.<\/p>\n\n\n\n<p>Son decisiones del Congreso, a veces creen que la presidenta est\u00e1 metida en todo y la verdad es que nosotros s\u00ed creemos en la separaci\u00f3n de poderes\u201d, extern\u00f3.<\/p>\n\n\n\n<p>\u201cLa decisi\u00f3n es del Congreso y confiamos en que los diputados tengan suficientes elementos para una u otra decisi\u00f3n en cualquiera de los temas (\u2026) La presidenta no est\u00e1 metida en las decisiones, como esta por ejemplo, de las C\u00e1maras, Tienen que decidir los diputados\u201d, enfatiz\u00f3.<\/p>\n\n\n\n<p>Preguntada sobre el papel que jugaron los legisladores del Partido Revolucionario Institucional (<strong>PRI<\/strong>), quienes votaron a favor de mantener el fuero al exfutbolista junto con Morena, la gobernante mexicana neg\u00f3 que esto represente una ruptura en su partido.<\/p>\n\n\n\n<p>\u201cEn este caso no es que haya una alianza, sino que diputados del PRI decidieron votar as\u00ed. \u00bfC\u00f3mo creen que va a haber una alianza con el PRI?. O sea, imag\u00ednense lo que dir\u00eda el pueblo. Entonces, una cosa es que en un tema voten diputados de un partido por algo que est\u00e1n de acuerdo o no, y otra cosa es que se establezca una alianza electoral con el PRI\u201d, zanj\u00f3.<\/p>\n\n\n\n<p>En la previa, la&nbsp;<strong>C\u00e1mara de Diputados<\/strong>&nbsp;declar\u00f3&nbsp;<strong>improcedente<\/strong>&nbsp;la&nbsp;<strong>solicitud de desafuero<\/strong>&nbsp;en contra del morenista&nbsp;<strong>Cuauht\u00e9moc<\/strong>&nbsp;<strong>Blanco<\/strong>, se\u00f1alado de abuso sexual.<\/p>\n\n\n\n<figure class=\"wp-block-embed is-type-rich is-provider-twitter wp-block-embed-twitter\"><div class=\"wp-block-embed__wrapper\">\n<blockquote class=\"twitter-tweet\" data-width=\"550\" data-dnt=\"true\"><p lang=\"es\" dir=\"ltr\">\ud83d\udea8 &quot;\u00bfQu\u00e9 nos digan cu\u00e1l dedo quieren que nos chupemos?&quot;<br><br>El PT critica que <a href=\"https:\/\/twitter.com\/hashtag\/Cuauht%C3%A9mocBlanco?src=hash&amp;ref_src=twsrc%5Etfw\">#Cuauht\u00e9mocBlanco<\/a> se presente ante la Fiscal\u00eda de Morelos, manteniendo el fuero y anuncia voto en contra del dictamen que frena el desafuero. <a href=\"https:\/\/t.co\/PLmEvSjVzo\">pic.twitter.com\/PLmEvSjVzo<\/a><\/p>&mdash; Manuel Lopez San Martin (@MLopezSanMartin) <a href=\"https:\/\/twitter.com\/MLopezSanMartin\/status\/1904620893453591008?ref_src=twsrc%5Etfw\">March 25, 2025<\/a><\/blockquote><script async src=\"https:\/\/platform.twitter.com\/widgets.js\" charset=\"utf-8\"><\/script>\n<\/div><\/figure>\n\n\n\n<p>As\u00ed, la mayor\u00eda legislativa declar\u00f3 como \u201cimprocedente\u201d la petici\u00f3n de quitarle la inmunidad pol\u00edtica a Blanco, uno de los futbolistas m\u00e1s destacados en la historia de M\u00e9xico y exgobernador de Morelos.<\/p>\n\n\n\n<p>Antes de la votaci\u00f3n, la bancada de Morena le dio la palabra a Blanco, sin que el resto de las fracciones pol\u00edticas estuvieran de acuerdo, mientras algunos de sus compa\u00f1eros legisladores gritaban: \u201c\u2018\u00a1No est\u00e1s solo!\u201d.<\/p>\n\n\n\n<p>El legislador morenista asegur\u00f3 que su \u201cconciencia est\u00e1 tranquila\u201d, no tiene \u201cmiedo\u201d y est\u00e1 en la disposici\u00f3n de acudir a la fiscal\u00eda local para responder a la demanda en su contra.<\/p>\n\n\n\n<p>\u201cTodo esto que se me est\u00e1 haciendo es injustificado. Esto es lo \u00fanico que les pido y yo con mucho gusto estar\u00eda dispuesto a ir a la fiscal\u00eda\u201d, sostuvo.<\/p>\n\n\n\n<figure class=\"wp-block-embed is-type-rich is-provider-twitter wp-block-embed-twitter\"><div class=\"wp-block-embed__wrapper\">\n<blockquote class=\"twitter-tweet\" data-width=\"550\" data-dnt=\"true\"><p lang=\"es\" dir=\"ltr\">En lo grotesco y lo inaudito, diputadas morenistas arropan a <a href=\"https:\/\/twitter.com\/hashtag\/Cuauht%C3%A9mocBlanco?src=hash&amp;ref_src=twsrc%5Etfw\">#Cuauht\u00e9mocBlanco<\/a>.<br><br>&#39;Es injusto lo que me est\u00e1n haciendo&#39;, dice el diputado, acusado de intento de violaci\u00f3n. <a href=\"https:\/\/t.co\/oBpPSltPnm\">pic.twitter.com\/oBpPSltPnm<\/a><\/p>&mdash; Manuel Lopez San Martin (@MLopezSanMartin) <a href=\"https:\/\/twitter.com\/MLopezSanMartin\/status\/1904629425335132381?ref_src=twsrc%5Etfw\">March 25, 2025<\/a><\/blockquote><script async src=\"https:\/\/platform.twitter.com\/widgets.js\" charset=\"utf-8\"><\/script>\n<\/div><\/figure>\n","protected":false},"excerpt":{"rendered":"<p>Por Redacci\u00f3n QP Sheinbaum reaccion\u00f3 luego de que en la C\u00e1mara de Diputados se declarara&#8230;<\/p>\n","protected":false},"author":2,"featured_media":115520,"comment_status":"open","ping_status":"open","sticky":false,"template":"","format":"standard","meta":{"_monsterinsights_skip_tracking":false,"_monsterinsights_sitenote_active":false,"_monsterinsights_sitenote_note":"","_monsterinsights_sitenote_category":0,"footnotes":""},"categories":[280,2],"tags":[],"class_list":["post-115519","post","type-post","status-publish","format-standard","has-post-thumbnail","hentry","category-nacionales","category-noticias"],"yoast_head":"<!-- This site is optimized with the Yoast SEO plugin v27.3 - https:\/\/yoast.com\/product\/yoast-seo-wordpress\/ -->\n<title>&quot;Siempre respaldaremos a las mujeres, pero siempre tiene que haber pruebas suficientes&quot;, dice Sheinbaum sobre #Cuauht\u00e9mocBlanco -<\/title>\n<meta name=\"robots\" content=\"index, follow, max-snippet:-1, max-image-preview:large, max-video-preview:-1\" \/>\n<link rel=\"canonical\" href=\"https:\/\/quehacerpolitico.mx\/?p=115519\" \/>\n<meta property=\"og:locale\" content=\"es_MX\" \/>\n<meta property=\"og:type\" content=\"article\" \/>\n<meta property=\"og:title\" content=\"&quot;Siempre respaldaremos a las mujeres, pero siempre tiene que haber pruebas suficientes&quot;, dice Sheinbaum sobre #Cuauht\u00e9mocBlanco -\" \/>\n<meta property=\"og:description\" content=\"Por Redacci\u00f3n QP Sheinbaum reaccion\u00f3 luego de que en la C\u00e1mara de Diputados se declarara...\" \/>\n<meta property=\"og:url\" content=\"https:\/\/quehacerpolitico.mx\/?p=115519\" \/>\n<meta property=\"article:published_time\" content=\"2025-03-26T18:07:47+00:00\" \/>\n<meta property=\"article:modified_time\" content=\"2025-03-26T18:07:49+00:00\" \/>\n<meta property=\"og:image\" content=\"https:\/\/quehacerpolitico.mx\/wp-content\/uploads\/2025\/03\/IMG_1454.jpeg\" \/>\n\t<meta property=\"og:image:width\" content=\"678\" \/>\n\t<meta property=\"og:image:height\" content=\"452\" \/>\n\t<meta property=\"og:image:type\" content=\"image\/jpeg\" \/>\n<meta name=\"author\" content=\"Redacci\u00f3n QP\" \/>\n<meta name=\"twitter:card\" content=\"summary_large_image\" \/>\n<meta name=\"twitter:label1\" content=\"Escrito por\" \/>\n\t<meta name=\"twitter:data1\" content=\"Redacci\u00f3n QP\" \/>\n\t<meta name=\"twitter:label2\" content=\"Tiempo de lectura\" \/>\n\t<meta name=\"twitter:data2\" content=\"4 minutos\" \/>\n<script type=\"application\/ld+json\" class=\"yoast-schema-graph\">{\"@context\":\"https:\\\/\\\/schema.org\",\"@graph\":[{\"@type\":\"Article\",\"@id\":\"https:\\\/\\\/quehacerpolitico.mx\\\/?p=115519#article\",\"isPartOf\":{\"@id\":\"https:\\\/\\\/quehacerpolitico.mx\\\/?p=115519\"},\"author\":{\"name\":\"Redacci\u00f3n QP\",\"@id\":\"https:\\\/\\\/quehacerpolitico.mx\\\/#\\\/schema\\\/person\\\/496d8ad2d1d3f8036101dca7ee39e585\"},\"headline\":\"&#8220;Siempre respaldaremos a las mujeres, pero siempre tiene que haber pruebas suficientes&#8221;, dice Sheinbaum sobre #Cuauht\u00e9mocBlanco\",\"datePublished\":\"2025-03-26T18:07:47+00:00\",\"dateModified\":\"2025-03-26T18:07:49+00:00\",\"mainEntityOfPage\":{\"@id\":\"https:\\\/\\\/quehacerpolitico.mx\\\/?p=115519\"},\"wordCount\":726,\"commentCount\":0,\"image\":{\"@id\":\"https:\\\/\\\/quehacerpolitico.mx\\\/?p=115519#primaryimage\"},\"thumbnailUrl\":\"https:\\\/\\\/quehacerpolitico.mx\\\/wp-content\\\/uploads\\\/2025\\\/03\\\/IMG_1454.jpeg\",\"articleSection\":[\"Nacionales\",\"Noticias\"],\"inLanguage\":\"es\",\"potentialAction\":[{\"@type\":\"CommentAction\",\"name\":\"Comment\",\"target\":[\"https:\\\/\\\/quehacerpolitico.mx\\\/?p=115519#respond\"]}]},{\"@type\":\"WebPage\",\"@id\":\"https:\\\/\\\/quehacerpolitico.mx\\\/?p=115519\",\"url\":\"https:\\\/\\\/quehacerpolitico.mx\\\/?p=115519\",\"name\":\"\\\"Siempre respaldaremos a las mujeres, pero siempre tiene que haber pruebas suficientes\\\", dice Sheinbaum sobre #Cuauht\u00e9mocBlanco -\",\"isPartOf\":{\"@id\":\"https:\\\/\\\/quehacerpolitico.mx\\\/#website\"},\"primaryImageOfPage\":{\"@id\":\"https:\\\/\\\/quehacerpolitico.mx\\\/?p=115519#primaryimage\"},\"image\":{\"@id\":\"https:\\\/\\\/quehacerpolitico.mx\\\/?p=115519#primaryimage\"},\"thumbnailUrl\":\"https:\\\/\\\/quehacerpolitico.mx\\\/wp-content\\\/uploads\\\/2025\\\/03\\\/IMG_1454.jpeg\",\"datePublished\":\"2025-03-26T18:07:47+00:00\",\"dateModified\":\"2025-03-26T18:07:49+00:00\",\"author\":{\"@id\":\"https:\\\/\\\/quehacerpolitico.mx\\\/#\\\/schema\\\/person\\\/496d8ad2d1d3f8036101dca7ee39e585\"},\"breadcrumb\":{\"@id\":\"https:\\\/\\\/quehacerpolitico.mx\\\/?p=115519#breadcrumb\"},\"inLanguage\":\"es\",\"potentialAction\":[{\"@type\":\"ReadAction\",\"target\":[\"https:\\\/\\\/quehacerpolitico.mx\\\/?p=115519\"]}]},{\"@type\":\"ImageObject\",\"inLanguage\":\"es\",\"@id\":\"https:\\\/\\\/quehacerpolitico.mx\\\/?p=115519#primaryimage\",\"url\":\"https:\\\/\\\/quehacerpolitico.mx\\\/wp-content\\\/uploads\\\/2025\\\/03\\\/IMG_1454.jpeg\",\"contentUrl\":\"https:\\\/\\\/quehacerpolitico.mx\\\/wp-content\\\/uploads\\\/2025\\\/03\\\/IMG_1454.jpeg\",\"width\":678,\"height\":452},{\"@type\":\"BreadcrumbList\",\"@id\":\"https:\\\/\\\/quehacerpolitico.mx\\\/?p=115519#breadcrumb\",\"itemListElement\":[{\"@type\":\"ListItem\",\"position\":1,\"name\":\"Inicio\",\"item\":\"https:\\\/\\\/quehacerpolitico.mx\\\/\"},{\"@type\":\"ListItem\",\"position\":2,\"name\":\"&#8220;Siempre respaldaremos a las mujeres, pero siempre tiene que haber pruebas suficientes&#8221;, dice Sheinbaum sobre #Cuauht\u00e9mocBlanco\"}]},{\"@type\":\"WebSite\",\"@id\":\"https:\\\/\\\/quehacerpolitico.mx\\\/#website\",\"url\":\"https:\\\/\\\/quehacerpolitico.mx\\\/\",\"name\":\"\",\"description\":\"\",\"potentialAction\":[{\"@type\":\"SearchAction\",\"target\":{\"@type\":\"EntryPoint\",\"urlTemplate\":\"https:\\\/\\\/quehacerpolitico.mx\\\/?s={search_term_string}\"},\"query-input\":{\"@type\":\"PropertyValueSpecification\",\"valueRequired\":true,\"valueName\":\"search_term_string\"}}],\"inLanguage\":\"es\"},{\"@type\":\"Person\",\"@id\":\"https:\\\/\\\/quehacerpolitico.mx\\\/#\\\/schema\\\/person\\\/496d8ad2d1d3f8036101dca7ee39e585\",\"name\":\"Redacci\u00f3n QP\",\"image\":{\"@type\":\"ImageObject\",\"inLanguage\":\"es\",\"@id\":\"https:\\\/\\\/secure.gravatar.com\\\/avatar\\\/c7164ed6fdec453195284ad24a5ae5b6e1eed2b848477fa2a4787ba9adf39a41?s=96&d=mm&r=g\",\"url\":\"https:\\\/\\\/secure.gravatar.com\\\/avatar\\\/c7164ed6fdec453195284ad24a5ae5b6e1eed2b848477fa2a4787ba9adf39a41?s=96&d=mm&r=g\",\"contentUrl\":\"https:\\\/\\\/secure.gravatar.com\\\/avatar\\\/c7164ed6fdec453195284ad24a5ae5b6e1eed2b848477fa2a4787ba9adf39a41?s=96&d=mm&r=g\",\"caption\":\"Redacci\u00f3n QP\"},\"url\":\"https:\\\/\\\/quehacerpolitico.mx\\\/?author=2\"}]}<\/script>\n<!-- \/ Yoast SEO plugin. -->","yoast_head_json":{"title":"\"Siempre respaldaremos a las mujeres, pero siempre tiene que haber pruebas suficientes\", dice Sheinbaum sobre #Cuauht\u00e9mocBlanco -","robots":{"index":"index","follow":"follow","max-snippet":"max-snippet:-1","max-image-preview":"max-image-preview:large","max-video-preview":"max-video-preview:-1"},"canonical":"https:\/\/quehacerpolitico.mx\/?p=115519","og_locale":"es_MX","og_type":"article","og_title":"\"Siempre respaldaremos a las mujeres, pero siempre tiene que haber pruebas suficientes\", dice Sheinbaum sobre #Cuauht\u00e9mocBlanco -","og_description":"Por Redacci\u00f3n QP Sheinbaum reaccion\u00f3 luego de que en la C\u00e1mara de Diputados se declarara...","og_url":"https:\/\/quehacerpolitico.mx\/?p=115519","article_published_time":"2025-03-26T18:07:47+00:00","article_modified_time":"2025-03-26T18:07:49+00:00","og_image":[{"width":678,"height":452,"url":"https:\/\/quehacerpolitico.mx\/wp-content\/uploads\/2025\/03\/IMG_1454.jpeg","type":"image\/jpeg"}],"author":"Redacci\u00f3n QP","twitter_card":"summary_large_image","twitter_misc":{"Escrito por":"Redacci\u00f3n QP","Tiempo de lectura":"4 minutos"},"schema":{"@context":"https:\/\/schema.org","@graph":[{"@type":"Article","@id":"https:\/\/quehacerpolitico.mx\/?p=115519#article","isPartOf":{"@id":"https:\/\/quehacerpolitico.mx\/?p=115519"},"author":{"name":"Redacci\u00f3n QP","@id":"https:\/\/quehacerpolitico.mx\/#\/schema\/person\/496d8ad2d1d3f8036101dca7ee39e585"},"headline":"&#8220;Siempre respaldaremos a las mujeres, pero siempre tiene que haber pruebas suficientes&#8221;, dice Sheinbaum sobre #Cuauht\u00e9mocBlanco","datePublished":"2025-03-26T18:07:47+00:00","dateModified":"2025-03-26T18:07:49+00:00","mainEntityOfPage":{"@id":"https:\/\/quehacerpolitico.mx\/?p=115519"},"wordCount":726,"commentCount":0,"image":{"@id":"https:\/\/quehacerpolitico.mx\/?p=115519#primaryimage"},"thumbnailUrl":"https:\/\/quehacerpolitico.mx\/wp-content\/uploads\/2025\/03\/IMG_1454.jpeg","articleSection":["Nacionales","Noticias"],"inLanguage":"es","potentialAction":[{"@type":"CommentAction","name":"Comment","target":["https:\/\/quehacerpolitico.mx\/?p=115519#respond"]}]},{"@type":"WebPage","@id":"https:\/\/quehacerpolitico.mx\/?p=115519","url":"https:\/\/quehacerpolitico.mx\/?p=115519","name":"\"Siempre respaldaremos a las mujeres, pero siempre tiene que haber pruebas suficientes\", dice Sheinbaum sobre #Cuauht\u00e9mocBlanco -","isPartOf":{"@id":"https:\/\/quehacerpolitico.mx\/#website"},"primaryImageOfPage":{"@id":"https:\/\/quehacerpolitico.mx\/?p=115519#primaryimage"},"image":{"@id":"https:\/\/quehacerpolitico.mx\/?p=115519#primaryimage"},"thumbnailUrl":"https:\/\/quehacerpolitico.mx\/wp-content\/uploads\/2025\/03\/IMG_1454.jpeg","datePublished":"2025-03-26T18:07:47+00:00","dateModified":"2025-03-26T18:07:49+00:00","author":{"@id":"https:\/\/quehacerpolitico.mx\/#\/schema\/person\/496d8ad2d1d3f8036101dca7ee39e585"},"breadcrumb":{"@id":"https:\/\/quehacerpolitico.mx\/?p=115519#breadcrumb"},"inLanguage":"es","potentialAction":[{"@type":"ReadAction","target":["https:\/\/quehacerpolitico.mx\/?p=115519"]}]},{"@type":"ImageObject","inLanguage":"es","@id":"https:\/\/quehacerpolitico.mx\/?p=115519#primaryimage","url":"https:\/\/quehacerpolitico.mx\/wp-content\/uploads\/2025\/03\/IMG_1454.jpeg","contentUrl":"https:\/\/quehacerpolitico.mx\/wp-content\/uploads\/2025\/03\/IMG_1454.jpeg","width":678,"height":452},{"@type":"BreadcrumbList","@id":"https:\/\/quehacerpolitico.mx\/?p=115519#breadcrumb","itemListElement":[{"@type":"ListItem","position":1,"name":"Inicio","item":"https:\/\/quehacerpolitico.mx\/"},{"@type":"ListItem","position":2,"name":"&#8220;Siempre respaldaremos a las mujeres, pero siempre tiene que haber pruebas suficientes&#8221;, dice Sheinbaum sobre #Cuauht\u00e9mocBlanco"}]},{"@type":"WebSite","@id":"https:\/\/quehacerpolitico.mx\/#website","url":"https:\/\/quehacerpolitico.mx\/","name":"","description":"","potentialAction":[{"@type":"SearchAction","target":{"@type":"EntryPoint","urlTemplate":"https:\/\/quehacerpolitico.mx\/?s={search_term_string}"},"query-input":{"@type":"PropertyValueSpecification","valueRequired":true,"valueName":"search_term_string"}}],"inLanguage":"es"},{"@type":"Person","@id":"https:\/\/quehacerpolitico.mx\/#\/schema\/person\/496d8ad2d1d3f8036101dca7ee39e585","name":"Redacci\u00f3n QP","image":{"@type":"ImageObject","inLanguage":"es","@id":"https:\/\/secure.gravatar.com\/avatar\/c7164ed6fdec453195284ad24a5ae5b6e1eed2b848477fa2a4787ba9adf39a41?s=96&d=mm&r=g","url":"https:\/\/secure.gravatar.com\/avatar\/c7164ed6fdec453195284ad24a5ae5b6e1eed2b848477fa2a4787ba9adf39a41?s=96&d=mm&r=g","contentUrl":"https:\/\/secure.gravatar.com\/avatar\/c7164ed6fdec453195284ad24a5ae5b6e1eed2b848477fa2a4787ba9adf39a41?s=96&d=mm&r=g","caption":"Redacci\u00f3n QP"},"url":"https:\/\/quehacerpolitico.mx\/?author=2"}]}},"featured_image_urls":{"full":["https:\/\/quehacerpolitico.mx\/wp-content\/uploads\/2025\/03\/IMG_1454.jpeg",678,452,false],"thumbnail":["https:\/\/quehacerpolitico.mx\/wp-content\/uploads\/2025\/03\/IMG_1454-150x150.jpeg",150,150,true],"medium":["https:\/\/quehacerpolitico.mx\/wp-content\/uploads\/2025\/03\/IMG_1454-300x200.jpeg",300,200,true],"medium_large":["https:\/\/quehacerpolitico.mx\/wp-content\/uploads\/2025\/03\/IMG_1454.jpeg",640,427,false],"large":["https:\/\/quehacerpolitico.mx\/wp-content\/uploads\/2025\/03\/IMG_1454.jpeg",640,427,false],"1536x1536":["https:\/\/quehacerpolitico.mx\/wp-content\/uploads\/2025\/03\/IMG_1454.jpeg",678,452,false],"2048x2048":["https:\/\/quehacerpolitico.mx\/wp-content\/uploads\/2025\/03\/IMG_1454.jpeg",678,452,false],"covernews-featured":["https:\/\/quehacerpolitico.mx\/wp-content\/uploads\/2025\/03\/IMG_1454.jpeg",678,452,false],"covernews-medium":["https:\/\/quehacerpolitico.mx\/wp-content\/uploads\/2025\/03\/IMG_1454-540x340.jpeg",540,340,true]},"author_info":{"display_name":"Redacci\u00f3n QP","author_link":"https:\/\/quehacerpolitico.mx\/?author=2"},"category_info":"<a href=\"https:\/\/quehacerpolitico.mx\/?cat=280\" rel=\"category\">Nacionales<\/a> <a href=\"https:\/\/quehacerpolitico.mx\/?cat=2\" rel=\"category\">Noticias<\/a>","tag_info":"Noticias","comment_count":"0","_links":{"self":[{"href":"https:\/\/quehacerpolitico.mx\/index.php?rest_route=\/wp\/v2\/posts\/115519","targetHints":{"allow":["GET"]}}],"collection":[{"href":"https:\/\/quehacerpolitico.mx\/index.php?rest_route=\/wp\/v2\/posts"}],"about":[{"href":"https:\/\/quehacerpolitico.mx\/index.php?rest_route=\/wp\/v2\/types\/post"}],"author":[{"embeddable":true,"href":"https:\/\/quehacerpolitico.mx\/index.php?rest_route=\/wp\/v2\/users\/2"}],"replies":[{"embeddable":true,"href":"https:\/\/quehacerpolitico.mx\/index.php?rest_route=%2Fwp%2Fv2%2Fcomments&post=115519"}],"version-history":[{"count":1,"href":"https:\/\/quehacerpolitico.mx\/index.php?rest_route=\/wp\/v2\/posts\/115519\/revisions"}],"predecessor-version":[{"id":115521,"href":"https:\/\/quehacerpolitico.mx\/index.php?rest_route=\/wp\/v2\/posts\/115519\/revisions\/115521"}],"wp:featuredmedia":[{"embeddable":true,"href":"https:\/\/quehacerpolitico.mx\/index.php?rest_route=\/wp\/v2\/media\/115520"}],"wp:attachment":[{"href":"https:\/\/quehacerpolitico.mx\/index.php?rest_route=%2Fwp%2Fv2%2Fmedia&parent=115519"}],"wp:term":[{"taxonomy":"category","embeddable":true,"href":"https:\/\/quehacerpolitico.mx\/index.php?rest_route=%2Fwp%2Fv2%2Fcategories&post=115519"},{"taxonomy":"post_tag","embeddable":true,"href":"https:\/\/quehacerpolitico.mx\/index.php?rest_route=%2Fwp%2Fv2%2Ftags&post=115519"}],"curies":[{"name":"wp","href":"https:\/\/api.w.org\/{rel}","templated":true}]}}