{"id":115439,"date":"2025-03-20T12:32:14","date_gmt":"2025-03-20T18:32:14","guid":{"rendered":"https:\/\/quehacerpolitico.mx\/?p=115439"},"modified":"2025-03-20T12:32:16","modified_gmt":"2025-03-20T18:32:16","slug":"ya-se-esta-atendiendo-dice-sheinbaum-sobre-acusacion-de-texas-por-incumplimiento-del-tratado-de-agua","status":"publish","type":"post","link":"https:\/\/quehacerpolitico.mx\/?p=115439","title":{"rendered":"&#8220;Ya se est\u00e1 atendiendo&#8221;, dice Sheinbaum sobre acusaci\u00f3n de Texas por incumplimiento del tratado de agua"},"content":{"rendered":"\n<p>Por Redacci\u00f3n QP<\/p>\n\n\n\n<p>Las declaraciones de la mandataria ocurren tras trascender que legisladores texanos pidieron al presidente Trump que incluya en las negociaciones arancelarias presiones para que M\u00e9xico cumpla con la distribuci\u00f3n fronteriza del agua<\/p>\n\n\n\n<p>La presidenta<strong>&nbsp;Claudia Sheinbaum<\/strong>asegur\u00f3 este jueves que la&nbsp;<strong>distribuci\u00f3n fronteriza del agua<\/strong>&nbsp;pactada hace d\u00e9cadas entre M\u00e9xico y Estados Unidos est\u00e1<strong>afectada por la falta del l\u00edquido<\/strong>, pero prometi\u00f3 atender el problema tras el reclamo del gobierno de&nbsp;<strong>Texas<\/strong>.<\/p>\n\n\n\n<p>\u201cSe est\u00e1 atendiendo (&#8230;) porque sali\u00f3 ayer el gobernador de Texas (<strong>Greg Abbott<\/strong>) y se est\u00e1 atendiendo por parte de&nbsp;<strong>Conagua<\/strong>(Comisi\u00f3n Nacional del Agua) y CILA (Comisi\u00f3n Internacional de L\u00edmites y Aguas), que es quien se encarga de revisar este tratado entonces nada m\u00e1s para que sepan\u201d, se\u00f1al\u00f3 en su rueda de prensa matutina.<\/p>\n\n\n\n<p>No obstante, argument\u00f3 que en esa zona de la frontera, en los estados mexicanos que colindan con&nbsp;<strong>Texas<\/strong>, \u201cha habido menos agua, esa es parte del problema\u201d, pero asever\u00f3 que recientemente firm\u00f3 un acuerdo sobre el tema.<\/p>\n\n\n\n<p>\u201cSe va a atender, para que se conozca, ya se est\u00e1 atendiendo\u201d, reiter\u00f3.<\/p>\n\n\n\n<p>Las declaraciones de&nbsp;<strong>Sheinbaum<\/strong>&nbsp;ocurren tras trascender que legisladores&nbsp;<strong>texanos<\/strong>pidieron al presidente Donald Trump que incluya en las&nbsp;<strong>negociaciones arancelarias con M\u00e9xico<\/strong>&nbsp;presiones para que este pa\u00eds cumpla con la distribuci\u00f3n fronteriza del agua pactada hace d\u00e9cadas, ante la grave escasez del l\u00edquido que afronta el estado.<\/p>\n\n\n\n<p>En un documento presentado la semana pasada, los legisladores urgen al gobierno de&nbsp;<strong>Sheinbaum<\/strong>&nbsp;cumplir con el<strong>&nbsp;acuerdo bilateral<\/strong>&nbsp;firmado hace 80 a\u00f1os, ante p\u00e9rdidas que ascienden a unos 993 millones de d\u00f3lares anuales en el sur de Texas por la falta del l\u00edquido para la irrigaci\u00f3n, seg\u00fan datos de la universidad Texas A&amp;M.<\/p>\n\n\n\n<p>El decreto exige al Departamento de Estado de Estados Unidos&nbsp;y a la Comisi\u00f3n Internacional de L\u00edmites y Aguas adoptar medidas para garantizar que&nbsp;<strong>M\u00e9xico<\/strong>&nbsp;cumpla con el&nbsp;<strong>Tratado de Aguas de 1944<\/strong>, pues aseguran que el pa\u00eds no ha cumplido con sus obligaciones en las \u00faltimas tres d\u00e9cadas.<\/p>\n\n\n\n<p>Estos amagos se dan en medio de la<strong>amenaza de una imposici\u00f3n de aranceles\u00a0<\/strong>generalizados de 25% a productos mexicanos por parte del gobierno de Estados Unidos como una medida para que M\u00e9xico fortalezca el combate al\u00a0<strong>tr\u00e1fico del fentanilo<\/strong>\u00a0y de la migraci\u00f3n irregular.<br><br>No obstante, la presidenta\u00a0<strong>Sheinbaum<\/strong>\u00a0ha indicado que aguardar\u00e1 hasta el 2 de abril, cuando Estados Unidos tiene previsto aplicar los nuevos aranceles, antes de decidir sus acciones.<\/p>\n\n\n\n<p>Con informaci\u00f3n de EFE<\/p>\n","protected":false},"excerpt":{"rendered":"<p>Por Redacci\u00f3n QP Las declaraciones de la mandataria ocurren tras trascender que legisladores texanos pidieron&#8230;<\/p>\n","protected":false},"author":2,"featured_media":115440,"comment_status":"open","ping_status":"open","sticky":false,"template":"","format":"standard","meta":{"_monsterinsights_skip_tracking":false,"_monsterinsights_sitenote_active":false,"_monsterinsights_sitenote_note":"","_monsterinsights_sitenote_category":0,"footnotes":""},"categories":[280,2],"tags":[],"class_list":["post-115439","post","type-post","status-publish","format-standard","has-post-thumbnail","hentry","category-nacionales","category-noticias"],"yoast_head":"<!-- This site is optimized with the Yoast SEO plugin v27.3 - https:\/\/yoast.com\/product\/yoast-seo-wordpress\/ -->\n<title>&quot;Ya se est\u00e1 atendiendo&quot;, dice Sheinbaum sobre acusaci\u00f3n de Texas por incumplimiento del tratado de agua -<\/title>\n<meta name=\"robots\" content=\"index, follow, max-snippet:-1, max-image-preview:large, max-video-preview:-1\" \/>\n<link rel=\"canonical\" href=\"https:\/\/quehacerpolitico.mx\/?p=115439\" \/>\n<meta property=\"og:locale\" content=\"es_MX\" \/>\n<meta property=\"og:type\" content=\"article\" \/>\n<meta property=\"og:title\" content=\"&quot;Ya se est\u00e1 atendiendo&quot;, dice Sheinbaum sobre acusaci\u00f3n de Texas por incumplimiento del tratado de agua -\" \/>\n<meta property=\"og:description\" content=\"Por Redacci\u00f3n QP Las declaraciones de la mandataria ocurren tras trascender que legisladores texanos pidieron...\" \/>\n<meta property=\"og:url\" content=\"https:\/\/quehacerpolitico.mx\/?p=115439\" \/>\n<meta property=\"article:published_time\" content=\"2025-03-20T18:32:14+00:00\" \/>\n<meta property=\"article:modified_time\" content=\"2025-03-20T18:32:16+00:00\" \/>\n<meta property=\"og:image\" content=\"https:\/\/quehacerpolitico.mx\/wp-content\/uploads\/2025\/03\/IMG_1327.jpeg\" \/>\n\t<meta property=\"og:image:width\" content=\"1284\" \/>\n\t<meta property=\"og:image:height\" content=\"712\" \/>\n\t<meta property=\"og:image:type\" content=\"image\/jpeg\" \/>\n<meta name=\"author\" content=\"Redacci\u00f3n QP\" \/>\n<meta name=\"twitter:card\" content=\"summary_large_image\" \/>\n<meta name=\"twitter:label1\" content=\"Escrito por\" \/>\n\t<meta name=\"twitter:data1\" content=\"Redacci\u00f3n QP\" \/>\n\t<meta name=\"twitter:label2\" content=\"Tiempo de lectura\" \/>\n\t<meta name=\"twitter:data2\" content=\"2 minutos\" \/>\n<script type=\"application\/ld+json\" class=\"yoast-schema-graph\">{\"@context\":\"https:\\\/\\\/schema.org\",\"@graph\":[{\"@type\":\"Article\",\"@id\":\"https:\\\/\\\/quehacerpolitico.mx\\\/?p=115439#article\",\"isPartOf\":{\"@id\":\"https:\\\/\\\/quehacerpolitico.mx\\\/?p=115439\"},\"author\":{\"name\":\"Redacci\u00f3n QP\",\"@id\":\"https:\\\/\\\/quehacerpolitico.mx\\\/#\\\/schema\\\/person\\\/496d8ad2d1d3f8036101dca7ee39e585\"},\"headline\":\"&#8220;Ya se est\u00e1 atendiendo&#8221;, dice Sheinbaum sobre acusaci\u00f3n de Texas por incumplimiento del tratado de agua\",\"datePublished\":\"2025-03-20T18:32:14+00:00\",\"dateModified\":\"2025-03-20T18:32:16+00:00\",\"mainEntityOfPage\":{\"@id\":\"https:\\\/\\\/quehacerpolitico.mx\\\/?p=115439\"},\"wordCount\":470,\"commentCount\":0,\"image\":{\"@id\":\"https:\\\/\\\/quehacerpolitico.mx\\\/?p=115439#primaryimage\"},\"thumbnailUrl\":\"https:\\\/\\\/quehacerpolitico.mx\\\/wp-content\\\/uploads\\\/2025\\\/03\\\/IMG_1327.jpeg\",\"articleSection\":[\"Nacionales\",\"Noticias\"],\"inLanguage\":\"es\",\"potentialAction\":[{\"@type\":\"CommentAction\",\"name\":\"Comment\",\"target\":[\"https:\\\/\\\/quehacerpolitico.mx\\\/?p=115439#respond\"]}]},{\"@type\":\"WebPage\",\"@id\":\"https:\\\/\\\/quehacerpolitico.mx\\\/?p=115439\",\"url\":\"https:\\\/\\\/quehacerpolitico.mx\\\/?p=115439\",\"name\":\"\\\"Ya se est\u00e1 atendiendo\\\", dice Sheinbaum sobre acusaci\u00f3n de Texas por incumplimiento del tratado de agua -\",\"isPartOf\":{\"@id\":\"https:\\\/\\\/quehacerpolitico.mx\\\/#website\"},\"primaryImageOfPage\":{\"@id\":\"https:\\\/\\\/quehacerpolitico.mx\\\/?p=115439#primaryimage\"},\"image\":{\"@id\":\"https:\\\/\\\/quehacerpolitico.mx\\\/?p=115439#primaryimage\"},\"thumbnailUrl\":\"https:\\\/\\\/quehacerpolitico.mx\\\/wp-content\\\/uploads\\\/2025\\\/03\\\/IMG_1327.jpeg\",\"datePublished\":\"2025-03-20T18:32:14+00:00\",\"dateModified\":\"2025-03-20T18:32:16+00:00\",\"author\":{\"@id\":\"https:\\\/\\\/quehacerpolitico.mx\\\/#\\\/schema\\\/person\\\/496d8ad2d1d3f8036101dca7ee39e585\"},\"breadcrumb\":{\"@id\":\"https:\\\/\\\/quehacerpolitico.mx\\\/?p=115439#breadcrumb\"},\"inLanguage\":\"es\",\"potentialAction\":[{\"@type\":\"ReadAction\",\"target\":[\"https:\\\/\\\/quehacerpolitico.mx\\\/?p=115439\"]}]},{\"@type\":\"ImageObject\",\"inLanguage\":\"es\",\"@id\":\"https:\\\/\\\/quehacerpolitico.mx\\\/?p=115439#primaryimage\",\"url\":\"https:\\\/\\\/quehacerpolitico.mx\\\/wp-content\\\/uploads\\\/2025\\\/03\\\/IMG_1327.jpeg\",\"contentUrl\":\"https:\\\/\\\/quehacerpolitico.mx\\\/wp-content\\\/uploads\\\/2025\\\/03\\\/IMG_1327.jpeg\",\"width\":1284,\"height\":712,\"caption\":\"Screenshot\"},{\"@type\":\"BreadcrumbList\",\"@id\":\"https:\\\/\\\/quehacerpolitico.mx\\\/?p=115439#breadcrumb\",\"itemListElement\":[{\"@type\":\"ListItem\",\"position\":1,\"name\":\"Inicio\",\"item\":\"https:\\\/\\\/quehacerpolitico.mx\\\/\"},{\"@type\":\"ListItem\",\"position\":2,\"name\":\"&#8220;Ya se est\u00e1 atendiendo&#8221;, dice Sheinbaum sobre acusaci\u00f3n de Texas por incumplimiento del tratado de agua\"}]},{\"@type\":\"WebSite\",\"@id\":\"https:\\\/\\\/quehacerpolitico.mx\\\/#website\",\"url\":\"https:\\\/\\\/quehacerpolitico.mx\\\/\",\"name\":\"\",\"description\":\"\",\"potentialAction\":[{\"@type\":\"SearchAction\",\"target\":{\"@type\":\"EntryPoint\",\"urlTemplate\":\"https:\\\/\\\/quehacerpolitico.mx\\\/?s={search_term_string}\"},\"query-input\":{\"@type\":\"PropertyValueSpecification\",\"valueRequired\":true,\"valueName\":\"search_term_string\"}}],\"inLanguage\":\"es\"},{\"@type\":\"Person\",\"@id\":\"https:\\\/\\\/quehacerpolitico.mx\\\/#\\\/schema\\\/person\\\/496d8ad2d1d3f8036101dca7ee39e585\",\"name\":\"Redacci\u00f3n QP\",\"image\":{\"@type\":\"ImageObject\",\"inLanguage\":\"es\",\"@id\":\"https:\\\/\\\/secure.gravatar.com\\\/avatar\\\/c7164ed6fdec453195284ad24a5ae5b6e1eed2b848477fa2a4787ba9adf39a41?s=96&d=mm&r=g\",\"url\":\"https:\\\/\\\/secure.gravatar.com\\\/avatar\\\/c7164ed6fdec453195284ad24a5ae5b6e1eed2b848477fa2a4787ba9adf39a41?s=96&d=mm&r=g\",\"contentUrl\":\"https:\\\/\\\/secure.gravatar.com\\\/avatar\\\/c7164ed6fdec453195284ad24a5ae5b6e1eed2b848477fa2a4787ba9adf39a41?s=96&d=mm&r=g\",\"caption\":\"Redacci\u00f3n QP\"},\"url\":\"https:\\\/\\\/quehacerpolitico.mx\\\/?author=2\"}]}<\/script>\n<!-- \/ Yoast SEO plugin. -->","yoast_head_json":{"title":"\"Ya se est\u00e1 atendiendo\", dice Sheinbaum sobre acusaci\u00f3n de Texas por incumplimiento del tratado de agua -","robots":{"index":"index","follow":"follow","max-snippet":"max-snippet:-1","max-image-preview":"max-image-preview:large","max-video-preview":"max-video-preview:-1"},"canonical":"https:\/\/quehacerpolitico.mx\/?p=115439","og_locale":"es_MX","og_type":"article","og_title":"\"Ya se est\u00e1 atendiendo\", dice Sheinbaum sobre acusaci\u00f3n de Texas por incumplimiento del tratado de agua -","og_description":"Por Redacci\u00f3n QP Las declaraciones de la mandataria ocurren tras trascender que legisladores texanos pidieron...","og_url":"https:\/\/quehacerpolitico.mx\/?p=115439","article_published_time":"2025-03-20T18:32:14+00:00","article_modified_time":"2025-03-20T18:32:16+00:00","og_image":[{"width":1284,"height":712,"url":"https:\/\/quehacerpolitico.mx\/wp-content\/uploads\/2025\/03\/IMG_1327.jpeg","type":"image\/jpeg"}],"author":"Redacci\u00f3n QP","twitter_card":"summary_large_image","twitter_misc":{"Escrito por":"Redacci\u00f3n QP","Tiempo de lectura":"2 minutos"},"schema":{"@context":"https:\/\/schema.org","@graph":[{"@type":"Article","@id":"https:\/\/quehacerpolitico.mx\/?p=115439#article","isPartOf":{"@id":"https:\/\/quehacerpolitico.mx\/?p=115439"},"author":{"name":"Redacci\u00f3n QP","@id":"https:\/\/quehacerpolitico.mx\/#\/schema\/person\/496d8ad2d1d3f8036101dca7ee39e585"},"headline":"&#8220;Ya se est\u00e1 atendiendo&#8221;, dice Sheinbaum sobre acusaci\u00f3n de Texas por incumplimiento del tratado de agua","datePublished":"2025-03-20T18:32:14+00:00","dateModified":"2025-03-20T18:32:16+00:00","mainEntityOfPage":{"@id":"https:\/\/quehacerpolitico.mx\/?p=115439"},"wordCount":470,"commentCount":0,"image":{"@id":"https:\/\/quehacerpolitico.mx\/?p=115439#primaryimage"},"thumbnailUrl":"https:\/\/quehacerpolitico.mx\/wp-content\/uploads\/2025\/03\/IMG_1327.jpeg","articleSection":["Nacionales","Noticias"],"inLanguage":"es","potentialAction":[{"@type":"CommentAction","name":"Comment","target":["https:\/\/quehacerpolitico.mx\/?p=115439#respond"]}]},{"@type":"WebPage","@id":"https:\/\/quehacerpolitico.mx\/?p=115439","url":"https:\/\/quehacerpolitico.mx\/?p=115439","name":"\"Ya se est\u00e1 atendiendo\", dice Sheinbaum sobre acusaci\u00f3n de Texas por incumplimiento del tratado de agua -","isPartOf":{"@id":"https:\/\/quehacerpolitico.mx\/#website"},"primaryImageOfPage":{"@id":"https:\/\/quehacerpolitico.mx\/?p=115439#primaryimage"},"image":{"@id":"https:\/\/quehacerpolitico.mx\/?p=115439#primaryimage"},"thumbnailUrl":"https:\/\/quehacerpolitico.mx\/wp-content\/uploads\/2025\/03\/IMG_1327.jpeg","datePublished":"2025-03-20T18:32:14+00:00","dateModified":"2025-03-20T18:32:16+00:00","author":{"@id":"https:\/\/quehacerpolitico.mx\/#\/schema\/person\/496d8ad2d1d3f8036101dca7ee39e585"},"breadcrumb":{"@id":"https:\/\/quehacerpolitico.mx\/?p=115439#breadcrumb"},"inLanguage":"es","potentialAction":[{"@type":"ReadAction","target":["https:\/\/quehacerpolitico.mx\/?p=115439"]}]},{"@type":"ImageObject","inLanguage":"es","@id":"https:\/\/quehacerpolitico.mx\/?p=115439#primaryimage","url":"https:\/\/quehacerpolitico.mx\/wp-content\/uploads\/2025\/03\/IMG_1327.jpeg","contentUrl":"https:\/\/quehacerpolitico.mx\/wp-content\/uploads\/2025\/03\/IMG_1327.jpeg","width":1284,"height":712,"caption":"Screenshot"},{"@type":"BreadcrumbList","@id":"https:\/\/quehacerpolitico.mx\/?p=115439#breadcrumb","itemListElement":[{"@type":"ListItem","position":1,"name":"Inicio","item":"https:\/\/quehacerpolitico.mx\/"},{"@type":"ListItem","position":2,"name":"&#8220;Ya se est\u00e1 atendiendo&#8221;, dice Sheinbaum sobre acusaci\u00f3n de Texas por incumplimiento del tratado de agua"}]},{"@type":"WebSite","@id":"https:\/\/quehacerpolitico.mx\/#website","url":"https:\/\/quehacerpolitico.mx\/","name":"","description":"","potentialAction":[{"@type":"SearchAction","target":{"@type":"EntryPoint","urlTemplate":"https:\/\/quehacerpolitico.mx\/?s={search_term_string}"},"query-input":{"@type":"PropertyValueSpecification","valueRequired":true,"valueName":"search_term_string"}}],"inLanguage":"es"},{"@type":"Person","@id":"https:\/\/quehacerpolitico.mx\/#\/schema\/person\/496d8ad2d1d3f8036101dca7ee39e585","name":"Redacci\u00f3n QP","image":{"@type":"ImageObject","inLanguage":"es","@id":"https:\/\/secure.gravatar.com\/avatar\/c7164ed6fdec453195284ad24a5ae5b6e1eed2b848477fa2a4787ba9adf39a41?s=96&d=mm&r=g","url":"https:\/\/secure.gravatar.com\/avatar\/c7164ed6fdec453195284ad24a5ae5b6e1eed2b848477fa2a4787ba9adf39a41?s=96&d=mm&r=g","contentUrl":"https:\/\/secure.gravatar.com\/avatar\/c7164ed6fdec453195284ad24a5ae5b6e1eed2b848477fa2a4787ba9adf39a41?s=96&d=mm&r=g","caption":"Redacci\u00f3n QP"},"url":"https:\/\/quehacerpolitico.mx\/?author=2"}]}},"featured_image_urls":{"full":["https:\/\/quehacerpolitico.mx\/wp-content\/uploads\/2025\/03\/IMG_1327.jpeg",1284,712,false],"thumbnail":["https:\/\/quehacerpolitico.mx\/wp-content\/uploads\/2025\/03\/IMG_1327-150x150.jpeg",150,150,true],"medium":["https:\/\/quehacerpolitico.mx\/wp-content\/uploads\/2025\/03\/IMG_1327-300x166.jpeg",300,166,true],"medium_large":["https:\/\/quehacerpolitico.mx\/wp-content\/uploads\/2025\/03\/IMG_1327-768x426.jpeg",640,355,true],"large":["https:\/\/quehacerpolitico.mx\/wp-content\/uploads\/2025\/03\/IMG_1327-1024x568.jpeg",640,355,true],"1536x1536":["https:\/\/quehacerpolitico.mx\/wp-content\/uploads\/2025\/03\/IMG_1327.jpeg",1284,712,false],"2048x2048":["https:\/\/quehacerpolitico.mx\/wp-content\/uploads\/2025\/03\/IMG_1327.jpeg",1284,712,false],"covernews-featured":["https:\/\/quehacerpolitico.mx\/wp-content\/uploads\/2025\/03\/IMG_1327-1024x568.jpeg",1024,568,true],"covernews-medium":["https:\/\/quehacerpolitico.mx\/wp-content\/uploads\/2025\/03\/IMG_1327-540x340.jpeg",540,340,true]},"author_info":{"display_name":"Redacci\u00f3n QP","author_link":"https:\/\/quehacerpolitico.mx\/?author=2"},"category_info":"<a href=\"https:\/\/quehacerpolitico.mx\/?cat=280\" rel=\"category\">Nacionales<\/a> <a href=\"https:\/\/quehacerpolitico.mx\/?cat=2\" rel=\"category\">Noticias<\/a>","tag_info":"Noticias","comment_count":"0","_links":{"self":[{"href":"https:\/\/quehacerpolitico.mx\/index.php?rest_route=\/wp\/v2\/posts\/115439","targetHints":{"allow":["GET"]}}],"collection":[{"href":"https:\/\/quehacerpolitico.mx\/index.php?rest_route=\/wp\/v2\/posts"}],"about":[{"href":"https:\/\/quehacerpolitico.mx\/index.php?rest_route=\/wp\/v2\/types\/post"}],"author":[{"embeddable":true,"href":"https:\/\/quehacerpolitico.mx\/index.php?rest_route=\/wp\/v2\/users\/2"}],"replies":[{"embeddable":true,"href":"https:\/\/quehacerpolitico.mx\/index.php?rest_route=%2Fwp%2Fv2%2Fcomments&post=115439"}],"version-history":[{"count":1,"href":"https:\/\/quehacerpolitico.mx\/index.php?rest_route=\/wp\/v2\/posts\/115439\/revisions"}],"predecessor-version":[{"id":115441,"href":"https:\/\/quehacerpolitico.mx\/index.php?rest_route=\/wp\/v2\/posts\/115439\/revisions\/115441"}],"wp:featuredmedia":[{"embeddable":true,"href":"https:\/\/quehacerpolitico.mx\/index.php?rest_route=\/wp\/v2\/media\/115440"}],"wp:attachment":[{"href":"https:\/\/quehacerpolitico.mx\/index.php?rest_route=%2Fwp%2Fv2%2Fmedia&parent=115439"}],"wp:term":[{"taxonomy":"category","embeddable":true,"href":"https:\/\/quehacerpolitico.mx\/index.php?rest_route=%2Fwp%2Fv2%2Fcategories&post=115439"},{"taxonomy":"post_tag","embeddable":true,"href":"https:\/\/quehacerpolitico.mx\/index.php?rest_route=%2Fwp%2Fv2%2Ftags&post=115439"}],"curies":[{"name":"wp","href":"https:\/\/api.w.org\/{rel}","templated":true}]}}