{"id":115394,"date":"2025-03-18T12:28:21","date_gmt":"2025-03-18T18:28:21","guid":{"rendered":"https:\/\/quehacerpolitico.mx\/?p=115394"},"modified":"2025-03-18T12:28:24","modified_gmt":"2025-03-18T18:28:24","slug":"aprueban-corridas-de-toros-sin-violencia-en-cdmx-solo-un-diputado-de-morena-voto-en-contra","status":"publish","type":"post","link":"https:\/\/quehacerpolitico.mx\/?p=115394","title":{"rendered":"Aprueban corridas de toros sin violencia en CDMX; s\u00f3lo un diputado de Morena vot\u00f3 en contra"},"content":{"rendered":"\n<p>Por Redacci\u00f3n QP<\/p>\n\n\n\n<p>En lo particular se presentaron ocho\u00a0reservas, seis de ellas por parte del legislador Pedro Haces, quien buscaba que no se protegieran los cuernos de los toros<\/p>\n\n\n\n<p>El&nbsp;<strong>Congreso de la Ciudad de M\u00e9xico<\/strong>&nbsp;aprob\u00f3 las<strong>&nbsp;corridas de toros sin violencia<\/strong>, con 61 votos a favor y s\u00f3lo un voto en contra, el del morenista Pedro Haces Lago.<\/p>\n\n\n\n<figure class=\"wp-block-embed is-type-rich is-provider-twitter wp-block-embed-twitter\"><div class=\"wp-block-embed__wrapper\">\n<blockquote class=\"twitter-tweet\" data-width=\"550\" data-dnt=\"true\"><p lang=\"es\" dir=\"ltr\"><a href=\"https:\/\/twitter.com\/hashtag\/De%C3%BAltimahora?src=hash&amp;ref_src=twsrc%5Etfw\">#De\u00faltimahora<\/a> Con 61 votos a favor y solo uno en contra de <a href=\"https:\/\/twitter.com\/PedroHacesL?ref_src=twsrc%5Etfw\">@PedroHacesL<\/a> el <a href=\"https:\/\/twitter.com\/Congreso_CdMex?ref_src=twsrc%5Etfw\">@Congreso_CdMex<\/a> aprueba en lo general la reforma que proh\u00edbe la fiesta brava con violencia y establece la <a href=\"https:\/\/twitter.com\/hashtag\/CorridasSinSangre?src=hash&amp;ref_src=twsrc%5Etfw\">#CorridasSinSangre<\/a> <a href=\"https:\/\/twitter.com\/hashtag\/corridadetoros?src=hash&amp;ref_src=twsrc%5Etfw\">#corridadetoros<\/a>  \ud83c\udfa5 <a href=\"https:\/\/twitter.com\/cuenquita?ref_src=twsrc%5Etfw\">@cuenquita<\/a> <a href=\"https:\/\/t.co\/wjeaKMH9SS\">pic.twitter.com\/wjeaKMH9SS<\/a><\/p>&mdash; CapitalCDMX (@CapitalMX_) <a href=\"https:\/\/twitter.com\/CapitalMX_\/status\/1902029927890731497?ref_src=twsrc%5Etfw\">March 18, 2025<\/a><\/blockquote><script async src=\"https:\/\/platform.twitter.com\/widgets.js\" charset=\"utf-8\"><\/script>\n<\/div><\/figure>\n\n\n\n<figure class=\"wp-block-embed is-type-rich is-provider-twitter wp-block-embed-twitter\"><div class=\"wp-block-embed__wrapper\">\n<blockquote class=\"twitter-tweet\" data-width=\"550\" data-dnt=\"true\"><p lang=\"es\" dir=\"ltr\">\ud83d\udd34As\u00ed fueron aprobadas las <a href=\"https:\/\/twitter.com\/hashtag\/CorridasDeToros?src=hash&amp;ref_src=twsrc%5Etfw\">#CorridasDeToros<\/a> sin violencia en <a href=\"https:\/\/twitter.com\/hashtag\/CDMX?src=hash&amp;ref_src=twsrc%5Etfw\">#CDMX<\/a> \ud83d\udc02<br><br>Con 61 votos a favor, uno en contra y cero abstenciones, el Pleno del <a href=\"https:\/\/twitter.com\/Congreso_CdMex?ref_src=twsrc%5Etfw\">@Congreso_CdMex<\/a> lo dio por hecho. &quot;Se elimina la crueldad y muerte de los toros en la fiesta brava&quot;.<br><br>Laura\u00a0Cardoso v\u00eda <a href=\"https:\/\/twitter.com\/Radio_Formula?ref_src=twsrc%5Etfw\">@Radio_Formula<\/a> <a href=\"https:\/\/t.co\/wuRy2Oqqvb\">pic.twitter.com\/wuRy2Oqqvb<\/a><\/p>&mdash; Azucena Uresti (@azucenau) <a href=\"https:\/\/twitter.com\/azucenau\/status\/1902059859744555342?ref_src=twsrc%5Etfw\">March 18, 2025<\/a><\/blockquote><script async src=\"https:\/\/platform.twitter.com\/widgets.js\" charset=\"utf-8\"><\/script>\n<\/div><\/figure>\n\n\n\n<p>\u201cDesde mi trinchera y desde mi curul, seguir\u00e9 luchando por una modernizaci\u00f3n verdadera, justa y eficiente, por que la&nbsp;<strong>cultura<\/strong>&nbsp;no se&nbsp;censura, se entiende, porque la identidad no se borra, se transforma, por que el arte no se proh\u00edbe, se respeta\u201d, dijo&nbsp;<strong>Pedro Haces<\/strong>&nbsp;al razonar su voto.&nbsp;<\/p>\n\n\n\n<p>En lo particular se presentaron&nbsp;<strong>ocho&nbsp;reservas<\/strong>, seis de ellas por parte del legislador Haces, quien buscaba que no se protegieran los&nbsp;<strong>cuernos de los toros&nbsp;<\/strong>y que se prolongaran las<strong>&nbsp;corridas a 30 minutos<\/strong>, todas fueron rechazadas por el pleno.<\/p>\n\n\n\n<figure class=\"wp-block-embed is-type-rich is-provider-twitter wp-block-embed-twitter\"><div class=\"wp-block-embed__wrapper\">\n<blockquote class=\"twitter-tweet\" data-width=\"550\" data-dnt=\"true\"><p lang=\"es\" dir=\"ltr\">Aprobado ya en el <a href=\"https:\/\/twitter.com\/Congreso_CdMex?ref_src=twsrc%5Etfw\">@Congreso_CdMex<\/a> el decreto que limita la fiesta brava y sea <a href=\"https:\/\/twitter.com\/hashtag\/CorridasSinSangre?src=hash&amp;ref_src=twsrc%5Etfw\">#CorridasSinSangre<\/a>, <a href=\"https:\/\/twitter.com\/PedroHacesL?ref_src=twsrc%5Etfw\">@PedroHacesL<\/a> dijo que un grupo de protaurinos (ganaderos, matadores y empresarios) ser\u00e1n recibidos hoy en el <a href=\"https:\/\/twitter.com\/GobCDMX?ref_src=twsrc%5Etfw\">@GobCDMX<\/a> para comenzar a redactar el Reglamento \ud83c\udfa5 <a href=\"https:\/\/twitter.com\/cuenquita?ref_src=twsrc%5Etfw\">@cuenquita<\/a> <a href=\"https:\/\/t.co\/zB0rQCuzYP\">pic.twitter.com\/zB0rQCuzYP<\/a><\/p>&mdash; CapitalCDMX (@CapitalMX_) <a href=\"https:\/\/twitter.com\/CapitalMX_\/status\/1902044304580743265?ref_src=twsrc%5Etfw\">March 18, 2025<\/a><\/blockquote><script async src=\"https:\/\/platform.twitter.com\/widgets.js\" charset=\"utf-8\"><\/script>\n<\/div><\/figure>\n\n\n\n<p>Mientras que en las reservas que fueron aprobadas por mayor\u00eda se estableci\u00f3 que se aumenta de 10 a&nbsp;<strong>15 minutos por corrida&nbsp;<\/strong>y la&nbsp;<strong>prohibici\u00f3n del uso del rej\u00f3n&nbsp;<\/strong>para realizar dicho espect\u00e1culo.<\/p>\n\n\n\n<p>\u201cHoy damos un paso hacia una nueva relaci\u00f3n con los&nbsp;<strong>animales<\/strong>, donde la convivencia no se base en la dominaci\u00f3n, sino en el respeto. Esta&nbsp;<strong>reforma<\/strong>&nbsp;no pretende borrar la historia, sino escribir un nuevo capitulo en el que la&nbsp;<strong>tradici\u00f3n<\/strong>&nbsp;y compasi\u00f3n caminen juntas\u201d, dijo la panista Daniela \u00c1lvarez al subir a tribuna.&nbsp;<\/p>\n\n\n\n<p>En tanto, Movimiento Ciudadano asegur\u00f3 que no soltar\u00e1 el tema y avanzar\u00e1 para&nbsp;<strong>regularizar las peleas de gallos<\/strong>, que de momento, quedaron fuera del dictamen.<\/p>\n\n\n\n<p>\u201cTenemos que construir una ciudad m\u00e1s justa, una ciudad m\u00e1s equitativa y debemos seguir luchando por el&nbsp;<strong>derecho a un medio ambiente sano<\/strong>, que tambi\u00e9n se encuentra consagrado en nuestra Constituci\u00f3n y tenemos que respetar tambi\u00e9n los derechos de los animales que ya se encuentran plasmados y protegidos en nuestra constituci\u00f3n\u201d, se\u00f1al\u00f3 Royfid Torres, l\u00edder de la bancada emecista.<\/p>\n\n\n\n<p>Al mismo tiempo, a las afueras del Congreso local, cientos de\u00a0<strong>manifestantes protaurinos<\/strong> se enfrentaron con la polic\u00eda ante los diversos intentos de ingresar al recinto con el fin de interrumpir la sesi\u00f3n, lo que provoc\u00f3 que por varios minutos se cerrara con candados las puertas y se aumentara el n\u00famero de elementos desplegados para el operativo policial.<\/p>\n\n\n\n<figure class=\"wp-block-embed is-type-rich is-provider-twitter wp-block-embed-twitter\"><div class=\"wp-block-embed__wrapper\">\n<blockquote class=\"twitter-tweet\" data-width=\"550\" data-dnt=\"true\"><p lang=\"es\" dir=\"ltr\">Manifestantes taurinos se enfrentan con polic\u00edas que resguardan el <a href=\"https:\/\/twitter.com\/Congreso_CdMex?ref_src=twsrc%5Etfw\">@Congreso_CdMex<\/a>, momentos antes de iniciar la discusi\u00f3n de la iniciativa que impulsa las corridas de toros sin violencia. <a href=\"https:\/\/t.co\/1gmJ0kYAWN\">pic.twitter.com\/1gmJ0kYAWN<\/a><\/p>&mdash; Manuel Lopez San Martin (@MLopezSanMartin) <a href=\"https:\/\/twitter.com\/MLopezSanMartin\/status\/1902020853648302095?ref_src=twsrc%5Etfw\">March 18, 2025<\/a><\/blockquote><script async src=\"https:\/\/platform.twitter.com\/widgets.js\" charset=\"utf-8\"><\/script>\n<\/div><\/figure>\n","protected":false},"excerpt":{"rendered":"<p>Por Redacci\u00f3n QP En lo particular se presentaron ocho\u00a0reservas, seis de ellas por parte del&#8230;<\/p>\n","protected":false},"author":2,"featured_media":115395,"comment_status":"open","ping_status":"open","sticky":false,"template":"","format":"standard","meta":{"_monsterinsights_skip_tracking":false,"_monsterinsights_sitenote_active":false,"_monsterinsights_sitenote_note":"","_monsterinsights_sitenote_category":0,"footnotes":""},"categories":[55],"tags":[],"class_list":["post-115394","post","type-post","status-publish","format-standard","has-post-thumbnail","hentry","category-cdmx"],"yoast_head":"<!-- This site is optimized with the Yoast SEO plugin v27.3 - https:\/\/yoast.com\/product\/yoast-seo-wordpress\/ -->\n<title>Aprueban corridas de toros sin violencia en CDMX; s\u00f3lo un diputado de Morena vot\u00f3 en contra -<\/title>\n<meta name=\"robots\" content=\"index, follow, max-snippet:-1, max-image-preview:large, max-video-preview:-1\" \/>\n<link rel=\"canonical\" href=\"https:\/\/quehacerpolitico.mx\/?p=115394\" \/>\n<meta property=\"og:locale\" content=\"es_MX\" \/>\n<meta property=\"og:type\" content=\"article\" \/>\n<meta property=\"og:title\" content=\"Aprueban corridas de toros sin violencia en CDMX; s\u00f3lo un diputado de Morena vot\u00f3 en contra -\" \/>\n<meta property=\"og:description\" content=\"Por Redacci\u00f3n QP En lo particular se presentaron ocho\u00a0reservas, seis de ellas por parte del...\" \/>\n<meta property=\"og:url\" content=\"https:\/\/quehacerpolitico.mx\/?p=115394\" \/>\n<meta property=\"article:published_time\" content=\"2025-03-18T18:28:21+00:00\" \/>\n<meta property=\"article:modified_time\" content=\"2025-03-18T18:28:24+00:00\" \/>\n<meta property=\"og:image\" content=\"https:\/\/quehacerpolitico.mx\/wp-content\/uploads\/2025\/03\/IMG_1293.jpeg\" \/>\n\t<meta property=\"og:image:width\" content=\"1284\" \/>\n\t<meta property=\"og:image:height\" content=\"714\" \/>\n\t<meta property=\"og:image:type\" content=\"image\/jpeg\" \/>\n<meta name=\"author\" content=\"Redacci\u00f3n QP\" \/>\n<meta name=\"twitter:card\" content=\"summary_large_image\" \/>\n<meta name=\"twitter:label1\" content=\"Escrito por\" \/>\n\t<meta name=\"twitter:data1\" content=\"Redacci\u00f3n QP\" \/>\n\t<meta name=\"twitter:label2\" content=\"Tiempo de lectura\" \/>\n\t<meta name=\"twitter:data2\" content=\"2 minutos\" \/>\n<script type=\"application\/ld+json\" class=\"yoast-schema-graph\">{\"@context\":\"https:\\\/\\\/schema.org\",\"@graph\":[{\"@type\":\"Article\",\"@id\":\"https:\\\/\\\/quehacerpolitico.mx\\\/?p=115394#article\",\"isPartOf\":{\"@id\":\"https:\\\/\\\/quehacerpolitico.mx\\\/?p=115394\"},\"author\":{\"name\":\"Redacci\u00f3n QP\",\"@id\":\"https:\\\/\\\/quehacerpolitico.mx\\\/#\\\/schema\\\/person\\\/496d8ad2d1d3f8036101dca7ee39e585\"},\"headline\":\"Aprueban corridas de toros sin violencia en CDMX; s\u00f3lo un diputado de Morena vot\u00f3 en contra\",\"datePublished\":\"2025-03-18T18:28:21+00:00\",\"dateModified\":\"2025-03-18T18:28:24+00:00\",\"mainEntityOfPage\":{\"@id\":\"https:\\\/\\\/quehacerpolitico.mx\\\/?p=115394\"},\"wordCount\":487,\"commentCount\":0,\"image\":{\"@id\":\"https:\\\/\\\/quehacerpolitico.mx\\\/?p=115394#primaryimage\"},\"thumbnailUrl\":\"https:\\\/\\\/quehacerpolitico.mx\\\/wp-content\\\/uploads\\\/2025\\\/03\\\/IMG_1293.jpeg\",\"articleSection\":[\"CDMX\"],\"inLanguage\":\"es\",\"potentialAction\":[{\"@type\":\"CommentAction\",\"name\":\"Comment\",\"target\":[\"https:\\\/\\\/quehacerpolitico.mx\\\/?p=115394#respond\"]}]},{\"@type\":\"WebPage\",\"@id\":\"https:\\\/\\\/quehacerpolitico.mx\\\/?p=115394\",\"url\":\"https:\\\/\\\/quehacerpolitico.mx\\\/?p=115394\",\"name\":\"Aprueban corridas de toros sin violencia en CDMX; s\u00f3lo un diputado de Morena vot\u00f3 en contra -\",\"isPartOf\":{\"@id\":\"https:\\\/\\\/quehacerpolitico.mx\\\/#website\"},\"primaryImageOfPage\":{\"@id\":\"https:\\\/\\\/quehacerpolitico.mx\\\/?p=115394#primaryimage\"},\"image\":{\"@id\":\"https:\\\/\\\/quehacerpolitico.mx\\\/?p=115394#primaryimage\"},\"thumbnailUrl\":\"https:\\\/\\\/quehacerpolitico.mx\\\/wp-content\\\/uploads\\\/2025\\\/03\\\/IMG_1293.jpeg\",\"datePublished\":\"2025-03-18T18:28:21+00:00\",\"dateModified\":\"2025-03-18T18:28:24+00:00\",\"author\":{\"@id\":\"https:\\\/\\\/quehacerpolitico.mx\\\/#\\\/schema\\\/person\\\/496d8ad2d1d3f8036101dca7ee39e585\"},\"breadcrumb\":{\"@id\":\"https:\\\/\\\/quehacerpolitico.mx\\\/?p=115394#breadcrumb\"},\"inLanguage\":\"es\",\"potentialAction\":[{\"@type\":\"ReadAction\",\"target\":[\"https:\\\/\\\/quehacerpolitico.mx\\\/?p=115394\"]}]},{\"@type\":\"ImageObject\",\"inLanguage\":\"es\",\"@id\":\"https:\\\/\\\/quehacerpolitico.mx\\\/?p=115394#primaryimage\",\"url\":\"https:\\\/\\\/quehacerpolitico.mx\\\/wp-content\\\/uploads\\\/2025\\\/03\\\/IMG_1293.jpeg\",\"contentUrl\":\"https:\\\/\\\/quehacerpolitico.mx\\\/wp-content\\\/uploads\\\/2025\\\/03\\\/IMG_1293.jpeg\",\"width\":1284,\"height\":714,\"caption\":\"Screenshot\"},{\"@type\":\"BreadcrumbList\",\"@id\":\"https:\\\/\\\/quehacerpolitico.mx\\\/?p=115394#breadcrumb\",\"itemListElement\":[{\"@type\":\"ListItem\",\"position\":1,\"name\":\"Inicio\",\"item\":\"https:\\\/\\\/quehacerpolitico.mx\\\/\"},{\"@type\":\"ListItem\",\"position\":2,\"name\":\"Aprueban corridas de toros sin violencia en CDMX; s\u00f3lo un diputado de Morena vot\u00f3 en contra\"}]},{\"@type\":\"WebSite\",\"@id\":\"https:\\\/\\\/quehacerpolitico.mx\\\/#website\",\"url\":\"https:\\\/\\\/quehacerpolitico.mx\\\/\",\"name\":\"\",\"description\":\"\",\"potentialAction\":[{\"@type\":\"SearchAction\",\"target\":{\"@type\":\"EntryPoint\",\"urlTemplate\":\"https:\\\/\\\/quehacerpolitico.mx\\\/?s={search_term_string}\"},\"query-input\":{\"@type\":\"PropertyValueSpecification\",\"valueRequired\":true,\"valueName\":\"search_term_string\"}}],\"inLanguage\":\"es\"},{\"@type\":\"Person\",\"@id\":\"https:\\\/\\\/quehacerpolitico.mx\\\/#\\\/schema\\\/person\\\/496d8ad2d1d3f8036101dca7ee39e585\",\"name\":\"Redacci\u00f3n QP\",\"image\":{\"@type\":\"ImageObject\",\"inLanguage\":\"es\",\"@id\":\"https:\\\/\\\/secure.gravatar.com\\\/avatar\\\/c7164ed6fdec453195284ad24a5ae5b6e1eed2b848477fa2a4787ba9adf39a41?s=96&d=mm&r=g\",\"url\":\"https:\\\/\\\/secure.gravatar.com\\\/avatar\\\/c7164ed6fdec453195284ad24a5ae5b6e1eed2b848477fa2a4787ba9adf39a41?s=96&d=mm&r=g\",\"contentUrl\":\"https:\\\/\\\/secure.gravatar.com\\\/avatar\\\/c7164ed6fdec453195284ad24a5ae5b6e1eed2b848477fa2a4787ba9adf39a41?s=96&d=mm&r=g\",\"caption\":\"Redacci\u00f3n QP\"},\"url\":\"https:\\\/\\\/quehacerpolitico.mx\\\/?author=2\"}]}<\/script>\n<!-- \/ Yoast SEO plugin. -->","yoast_head_json":{"title":"Aprueban corridas de toros sin violencia en CDMX; s\u00f3lo un diputado de Morena vot\u00f3 en contra -","robots":{"index":"index","follow":"follow","max-snippet":"max-snippet:-1","max-image-preview":"max-image-preview:large","max-video-preview":"max-video-preview:-1"},"canonical":"https:\/\/quehacerpolitico.mx\/?p=115394","og_locale":"es_MX","og_type":"article","og_title":"Aprueban corridas de toros sin violencia en CDMX; s\u00f3lo un diputado de Morena vot\u00f3 en contra -","og_description":"Por Redacci\u00f3n QP En lo particular se presentaron ocho\u00a0reservas, seis de ellas por parte del...","og_url":"https:\/\/quehacerpolitico.mx\/?p=115394","article_published_time":"2025-03-18T18:28:21+00:00","article_modified_time":"2025-03-18T18:28:24+00:00","og_image":[{"width":1284,"height":714,"url":"https:\/\/quehacerpolitico.mx\/wp-content\/uploads\/2025\/03\/IMG_1293.jpeg","type":"image\/jpeg"}],"author":"Redacci\u00f3n QP","twitter_card":"summary_large_image","twitter_misc":{"Escrito por":"Redacci\u00f3n QP","Tiempo de lectura":"2 minutos"},"schema":{"@context":"https:\/\/schema.org","@graph":[{"@type":"Article","@id":"https:\/\/quehacerpolitico.mx\/?p=115394#article","isPartOf":{"@id":"https:\/\/quehacerpolitico.mx\/?p=115394"},"author":{"name":"Redacci\u00f3n QP","@id":"https:\/\/quehacerpolitico.mx\/#\/schema\/person\/496d8ad2d1d3f8036101dca7ee39e585"},"headline":"Aprueban corridas de toros sin violencia en CDMX; s\u00f3lo un diputado de Morena vot\u00f3 en contra","datePublished":"2025-03-18T18:28:21+00:00","dateModified":"2025-03-18T18:28:24+00:00","mainEntityOfPage":{"@id":"https:\/\/quehacerpolitico.mx\/?p=115394"},"wordCount":487,"commentCount":0,"image":{"@id":"https:\/\/quehacerpolitico.mx\/?p=115394#primaryimage"},"thumbnailUrl":"https:\/\/quehacerpolitico.mx\/wp-content\/uploads\/2025\/03\/IMG_1293.jpeg","articleSection":["CDMX"],"inLanguage":"es","potentialAction":[{"@type":"CommentAction","name":"Comment","target":["https:\/\/quehacerpolitico.mx\/?p=115394#respond"]}]},{"@type":"WebPage","@id":"https:\/\/quehacerpolitico.mx\/?p=115394","url":"https:\/\/quehacerpolitico.mx\/?p=115394","name":"Aprueban corridas de toros sin violencia en CDMX; s\u00f3lo un diputado de Morena vot\u00f3 en contra -","isPartOf":{"@id":"https:\/\/quehacerpolitico.mx\/#website"},"primaryImageOfPage":{"@id":"https:\/\/quehacerpolitico.mx\/?p=115394#primaryimage"},"image":{"@id":"https:\/\/quehacerpolitico.mx\/?p=115394#primaryimage"},"thumbnailUrl":"https:\/\/quehacerpolitico.mx\/wp-content\/uploads\/2025\/03\/IMG_1293.jpeg","datePublished":"2025-03-18T18:28:21+00:00","dateModified":"2025-03-18T18:28:24+00:00","author":{"@id":"https:\/\/quehacerpolitico.mx\/#\/schema\/person\/496d8ad2d1d3f8036101dca7ee39e585"},"breadcrumb":{"@id":"https:\/\/quehacerpolitico.mx\/?p=115394#breadcrumb"},"inLanguage":"es","potentialAction":[{"@type":"ReadAction","target":["https:\/\/quehacerpolitico.mx\/?p=115394"]}]},{"@type":"ImageObject","inLanguage":"es","@id":"https:\/\/quehacerpolitico.mx\/?p=115394#primaryimage","url":"https:\/\/quehacerpolitico.mx\/wp-content\/uploads\/2025\/03\/IMG_1293.jpeg","contentUrl":"https:\/\/quehacerpolitico.mx\/wp-content\/uploads\/2025\/03\/IMG_1293.jpeg","width":1284,"height":714,"caption":"Screenshot"},{"@type":"BreadcrumbList","@id":"https:\/\/quehacerpolitico.mx\/?p=115394#breadcrumb","itemListElement":[{"@type":"ListItem","position":1,"name":"Inicio","item":"https:\/\/quehacerpolitico.mx\/"},{"@type":"ListItem","position":2,"name":"Aprueban corridas de toros sin violencia en CDMX; s\u00f3lo un diputado de Morena vot\u00f3 en contra"}]},{"@type":"WebSite","@id":"https:\/\/quehacerpolitico.mx\/#website","url":"https:\/\/quehacerpolitico.mx\/","name":"","description":"","potentialAction":[{"@type":"SearchAction","target":{"@type":"EntryPoint","urlTemplate":"https:\/\/quehacerpolitico.mx\/?s={search_term_string}"},"query-input":{"@type":"PropertyValueSpecification","valueRequired":true,"valueName":"search_term_string"}}],"inLanguage":"es"},{"@type":"Person","@id":"https:\/\/quehacerpolitico.mx\/#\/schema\/person\/496d8ad2d1d3f8036101dca7ee39e585","name":"Redacci\u00f3n QP","image":{"@type":"ImageObject","inLanguage":"es","@id":"https:\/\/secure.gravatar.com\/avatar\/c7164ed6fdec453195284ad24a5ae5b6e1eed2b848477fa2a4787ba9adf39a41?s=96&d=mm&r=g","url":"https:\/\/secure.gravatar.com\/avatar\/c7164ed6fdec453195284ad24a5ae5b6e1eed2b848477fa2a4787ba9adf39a41?s=96&d=mm&r=g","contentUrl":"https:\/\/secure.gravatar.com\/avatar\/c7164ed6fdec453195284ad24a5ae5b6e1eed2b848477fa2a4787ba9adf39a41?s=96&d=mm&r=g","caption":"Redacci\u00f3n QP"},"url":"https:\/\/quehacerpolitico.mx\/?author=2"}]}},"featured_image_urls":{"full":["https:\/\/quehacerpolitico.mx\/wp-content\/uploads\/2025\/03\/IMG_1293.jpeg",1284,714,false],"thumbnail":["https:\/\/quehacerpolitico.mx\/wp-content\/uploads\/2025\/03\/IMG_1293-150x150.jpeg",150,150,true],"medium":["https:\/\/quehacerpolitico.mx\/wp-content\/uploads\/2025\/03\/IMG_1293-300x167.jpeg",300,167,true],"medium_large":["https:\/\/quehacerpolitico.mx\/wp-content\/uploads\/2025\/03\/IMG_1293-768x427.jpeg",640,356,true],"large":["https:\/\/quehacerpolitico.mx\/wp-content\/uploads\/2025\/03\/IMG_1293-1024x569.jpeg",640,356,true],"1536x1536":["https:\/\/quehacerpolitico.mx\/wp-content\/uploads\/2025\/03\/IMG_1293.jpeg",1284,714,false],"2048x2048":["https:\/\/quehacerpolitico.mx\/wp-content\/uploads\/2025\/03\/IMG_1293.jpeg",1284,714,false],"covernews-featured":["https:\/\/quehacerpolitico.mx\/wp-content\/uploads\/2025\/03\/IMG_1293-1024x569.jpeg",1024,569,true],"covernews-medium":["https:\/\/quehacerpolitico.mx\/wp-content\/uploads\/2025\/03\/IMG_1293-540x340.jpeg",540,340,true]},"author_info":{"display_name":"Redacci\u00f3n QP","author_link":"https:\/\/quehacerpolitico.mx\/?author=2"},"category_info":"<a href=\"https:\/\/quehacerpolitico.mx\/?cat=55\" rel=\"category\">CDMX<\/a>","tag_info":"CDMX","comment_count":"0","_links":{"self":[{"href":"https:\/\/quehacerpolitico.mx\/index.php?rest_route=\/wp\/v2\/posts\/115394","targetHints":{"allow":["GET"]}}],"collection":[{"href":"https:\/\/quehacerpolitico.mx\/index.php?rest_route=\/wp\/v2\/posts"}],"about":[{"href":"https:\/\/quehacerpolitico.mx\/index.php?rest_route=\/wp\/v2\/types\/post"}],"author":[{"embeddable":true,"href":"https:\/\/quehacerpolitico.mx\/index.php?rest_route=\/wp\/v2\/users\/2"}],"replies":[{"embeddable":true,"href":"https:\/\/quehacerpolitico.mx\/index.php?rest_route=%2Fwp%2Fv2%2Fcomments&post=115394"}],"version-history":[{"count":1,"href":"https:\/\/quehacerpolitico.mx\/index.php?rest_route=\/wp\/v2\/posts\/115394\/revisions"}],"predecessor-version":[{"id":115396,"href":"https:\/\/quehacerpolitico.mx\/index.php?rest_route=\/wp\/v2\/posts\/115394\/revisions\/115396"}],"wp:featuredmedia":[{"embeddable":true,"href":"https:\/\/quehacerpolitico.mx\/index.php?rest_route=\/wp\/v2\/media\/115395"}],"wp:attachment":[{"href":"https:\/\/quehacerpolitico.mx\/index.php?rest_route=%2Fwp%2Fv2%2Fmedia&parent=115394"}],"wp:term":[{"taxonomy":"category","embeddable":true,"href":"https:\/\/quehacerpolitico.mx\/index.php?rest_route=%2Fwp%2Fv2%2Fcategories&post=115394"},{"taxonomy":"post_tag","embeddable":true,"href":"https:\/\/quehacerpolitico.mx\/index.php?rest_route=%2Fwp%2Fv2%2Ftags&post=115394"}],"curies":[{"name":"wp","href":"https:\/\/api.w.org\/{rel}","templated":true}]}}