{"id":115355,"date":"2025-03-17T17:32:30","date_gmt":"2025-03-17T23:32:30","guid":{"rendered":"https:\/\/quehacerpolitico.mx\/?p=115355"},"modified":"2025-03-17T19:34:59","modified_gmt":"2025-03-18T01:34:59","slug":"el-quehacer-politico-a-traves-de-la-opinion-carolina-alonso-romei-trump-hara-publicos-80-mil-archivos-ineditos-sobre-el-asesinato-de-john-f-kennedy","status":"publish","type":"post","link":"https:\/\/quehacerpolitico.mx\/?p=115355","title":{"rendered":"El Quehacer Pol\u00edtico a trav\u00e9s de la opini\u00f3n\/\/\/Carolina Alonso Romei\/\/\/Trump har\u00e1 p\u00fablicos 80 mil archivos in\u00e9ditos sobre el asesinato de John F Kennedy"},"content":{"rendered":"\n<p>Por Carolina Alonso Romei<\/p>\n\n\n\n<p>Internacionalista <\/p>\n\n\n\n<p>El presidente de Estados Unidos, Donald Trump, firm\u00f3 una orden a principios de a\u00f1o para desclasificar una serie de archivos relacionados con el caso<\/p>\n\n\n\n<p>Este lunes, el jefe ejecutivo de Estados Unidos, Donald Trump, asegur\u00f3 que\u00a0<mark>el martes por la tarde revelar\u00e1 al p\u00fablico al menos 80 mil archivos in\u00e9ditos sobre el caso de asesinato del expresidente,<\/mark>\u00a0John F. Kennedy, quien estuvo al frente del pa\u00eds de 1961 a 1963.<\/p>\n\n\n\n<figure class=\"wp-block-embed is-type-rich is-provider-twitter wp-block-embed-twitter\"><div class=\"wp-block-embed__wrapper\">\n<blockquote class=\"twitter-tweet\" data-width=\"550\" data-dnt=\"true\"><p lang=\"es\" dir=\"ltr\">El presidente de los Estados Unidos, Donald <a href=\"https:\/\/twitter.com\/hashtag\/Trump?src=hash&amp;ref_src=twsrc%5Etfw\">#Trump<\/a>, declar\u00f3 en el Centro John F. <a href=\"https:\/\/twitter.com\/hashtag\/Kennedy?src=hash&amp;ref_src=twsrc%5Etfw\">#Kennedy<\/a> para las Artes Esc\u00e9nicas, que el d\u00eda de ma\u00f1ana se publicar\u00e1n 80 mil archivos in\u00e9ditos sobre el asesinato del expresidente.\ud83c\uddfa\ud83c\uddf8<br><br>\ud83d\udcf8C-Span v\u00eda <a href=\"https:\/\/twitter.com\/RapidResponse47?ref_src=twsrc%5Etfw\">@RapidResponse47<\/a>. <a href=\"https:\/\/t.co\/YPgLgzT9j5\">pic.twitter.com\/YPgLgzT9j5<\/a><\/p>&mdash; Azucena Uresti (@azucenau) <a href=\"https:\/\/twitter.com\/azucenau\/status\/1901762890618540508?ref_src=twsrc%5Etfw\">March 17, 2025<\/a><\/blockquote><script async src=\"https:\/\/platform.twitter.com\/widgets.js\" charset=\"utf-8\"><\/script>\n<\/div><\/figure>\n\n\n\n<p>De acuerdo con el comunicado del mandatario, los archivos saldr\u00e1n a la luz, en su totalidad, sin ning\u00fan tipo de censura o clasificaci\u00f3n, &nbsp;adem\u00e1s de detallar que dichos documentos son \u201cmuy interesantes\u201d.<\/p>\n\n\n\n<figure class=\"wp-block-embed is-type-video is-provider-youtube wp-block-embed-youtube wp-embed-aspect-16-9 wp-has-aspect-ratio\"><div class=\"wp-block-embed__wrapper\">\n<iframe loading=\"lazy\" title=\"JFK | Trump ordena la desclasificaci\u00f3n de archivos sobre el asesinato de Kennedy | EL PA\u00cdS\" width=\"640\" height=\"360\" src=\"https:\/\/www.youtube.com\/embed\/p_EN6Ecb4JM?feature=oembed\" frameborder=\"0\" allow=\"accelerometer; autoplay; clipboard-write; encrypted-media; gyroscope; picture-in-picture; web-share\" referrerpolicy=\"strict-origin-when-cross-origin\" allowfullscreen><\/iframe>\n<\/div><\/figure>\n\n\n\n<p>&#8220;Vamos a liberar los archivos de JFK&#8230; Han estado esperando eso por d\u00e9cadas, y durante la campa\u00f1a dije que los dar\u00eda a conocer y soy un hombre de palabra&#8221;, inform\u00f3 el mandatario el d\u00eda de hoy a la prensa mientras los guiaba por un recorrido por el Centro Kennedy.<\/p>\n\n\n\n<p>En enero de este a\u00f1o, el presidente de Estados Unidos<strong>&nbsp;firm\u00f3 una orden para desclasificar una serie de archivos relacionados con los casos de asesinato de personas de relevancia p\u00fablica para el pa\u00eds,&nbsp;<\/strong>como el expresidente John F. Kennedy, del exfiscal general Robert F. Kennedy, y del activista por los derechos civiles Martin Luther King Jr.<\/p>\n\n\n\n<p>Adem\u00e1s, durante su campa\u00f1a de 2024,&nbsp;<mark>Trump prometi\u00f3 desclasificar los documentos gubernamentales&nbsp;<\/mark>restantes sobre la muerte de Kennedy, que fue asesinado en 1963 por el exinfante de la marina estadounidense Lee Harvey Oswald.<\/p>\n\n\n\n<p>El FBI indic\u00f3 a mediados de febrero que hab\u00eda encontrado m\u00e1s de 2 mil 400 documentos nuevos relacionados con el asesinato de Kennedy en 1963 y durante el domingo, el presidente tambi\u00e9n anunci\u00f3 que se van a desclasificar nuevos archivos del caso del magnate Jeffrey Epstein.<\/p>\n\n\n\n<p>Con informaci\u00f3n de EFE<\/p>\n","protected":false},"excerpt":{"rendered":"<p>Por Carolina Alonso Romei Internacionalista El presidente de Estados Unidos, Donald Trump, firm\u00f3 una orden&#8230;<\/p>\n","protected":false},"author":2,"featured_media":115357,"comment_status":"open","ping_status":"open","sticky":false,"template":"","format":"standard","meta":{"_monsterinsights_skip_tracking":false,"_monsterinsights_sitenote_active":false,"_monsterinsights_sitenote_note":"","_monsterinsights_sitenote_category":0,"footnotes":""},"categories":[1],"tags":[],"class_list":["post-115355","post","type-post","status-publish","format-standard","has-post-thumbnail","hentry","category-sin-categoria"],"yoast_head":"<!-- This site is optimized with the Yoast SEO plugin v27.3 - https:\/\/yoast.com\/product\/yoast-seo-wordpress\/ -->\n<title>El Quehacer Pol\u00edtico a trav\u00e9s de la opini\u00f3n\/\/\/Carolina Alonso Romei\/\/\/Trump har\u00e1 p\u00fablicos 80 mil archivos in\u00e9ditos sobre el asesinato de John F Kennedy -<\/title>\n<meta name=\"robots\" content=\"index, follow, max-snippet:-1, max-image-preview:large, max-video-preview:-1\" \/>\n<link rel=\"canonical\" href=\"https:\/\/quehacerpolitico.mx\/?p=115355\" \/>\n<meta property=\"og:locale\" content=\"es_MX\" \/>\n<meta property=\"og:type\" content=\"article\" \/>\n<meta property=\"og:title\" content=\"El Quehacer Pol\u00edtico a trav\u00e9s de la opini\u00f3n\/\/\/Carolina Alonso Romei\/\/\/Trump har\u00e1 p\u00fablicos 80 mil archivos in\u00e9ditos sobre el asesinato de John F Kennedy -\" \/>\n<meta property=\"og:description\" content=\"Por Carolina Alonso Romei Internacionalista El presidente de Estados Unidos, Donald Trump, firm\u00f3 una orden...\" \/>\n<meta property=\"og:url\" content=\"https:\/\/quehacerpolitico.mx\/?p=115355\" \/>\n<meta property=\"article:published_time\" content=\"2025-03-17T23:32:30+00:00\" \/>\n<meta property=\"article:modified_time\" content=\"2025-03-18T01:34:59+00:00\" \/>\n<meta property=\"og:image\" content=\"https:\/\/quehacerpolitico.mx\/wp-content\/uploads\/2025\/03\/03fa6135-c3fe-44b7-8e96-c6ca323ffebb-7.jpeg\" \/>\n\t<meta property=\"og:image:width\" content=\"963\" \/>\n\t<meta property=\"og:image:height\" content=\"493\" \/>\n\t<meta property=\"og:image:type\" content=\"image\/jpeg\" \/>\n<meta name=\"author\" content=\"Redacci\u00f3n QP\" \/>\n<meta name=\"twitter:card\" content=\"summary_large_image\" \/>\n<meta name=\"twitter:label1\" content=\"Escrito por\" \/>\n\t<meta name=\"twitter:data1\" content=\"Redacci\u00f3n QP\" \/>\n\t<meta name=\"twitter:label2\" content=\"Tiempo de lectura\" \/>\n\t<meta name=\"twitter:data2\" content=\"2 minutos\" \/>\n<script type=\"application\/ld+json\" class=\"yoast-schema-graph\">{\"@context\":\"https:\\\/\\\/schema.org\",\"@graph\":[{\"@type\":\"Article\",\"@id\":\"https:\\\/\\\/quehacerpolitico.mx\\\/?p=115355#article\",\"isPartOf\":{\"@id\":\"https:\\\/\\\/quehacerpolitico.mx\\\/?p=115355\"},\"author\":{\"name\":\"Redacci\u00f3n QP\",\"@id\":\"https:\\\/\\\/quehacerpolitico.mx\\\/#\\\/schema\\\/person\\\/496d8ad2d1d3f8036101dca7ee39e585\"},\"headline\":\"El Quehacer Pol\u00edtico a trav\u00e9s de la opini\u00f3n\\\/\\\/\\\/Carolina Alonso Romei\\\/\\\/\\\/Trump har\u00e1 p\u00fablicos 80 mil archivos in\u00e9ditos sobre el asesinato de John F Kennedy\",\"datePublished\":\"2025-03-17T23:32:30+00:00\",\"dateModified\":\"2025-03-18T01:34:59+00:00\",\"mainEntityOfPage\":{\"@id\":\"https:\\\/\\\/quehacerpolitico.mx\\\/?p=115355\"},\"wordCount\":366,\"commentCount\":0,\"image\":{\"@id\":\"https:\\\/\\\/quehacerpolitico.mx\\\/?p=115355#primaryimage\"},\"thumbnailUrl\":\"https:\\\/\\\/quehacerpolitico.mx\\\/wp-content\\\/uploads\\\/2025\\\/03\\\/03fa6135-c3fe-44b7-8e96-c6ca323ffebb-7.jpeg\",\"articleSection\":[\"Internacionales\"],\"inLanguage\":\"es\",\"potentialAction\":[{\"@type\":\"CommentAction\",\"name\":\"Comment\",\"target\":[\"https:\\\/\\\/quehacerpolitico.mx\\\/?p=115355#respond\"]}]},{\"@type\":\"WebPage\",\"@id\":\"https:\\\/\\\/quehacerpolitico.mx\\\/?p=115355\",\"url\":\"https:\\\/\\\/quehacerpolitico.mx\\\/?p=115355\",\"name\":\"El Quehacer Pol\u00edtico a trav\u00e9s de la opini\u00f3n\\\/\\\/\\\/Carolina Alonso Romei\\\/\\\/\\\/Trump har\u00e1 p\u00fablicos 80 mil archivos in\u00e9ditos sobre el asesinato de John F Kennedy -\",\"isPartOf\":{\"@id\":\"https:\\\/\\\/quehacerpolitico.mx\\\/#website\"},\"primaryImageOfPage\":{\"@id\":\"https:\\\/\\\/quehacerpolitico.mx\\\/?p=115355#primaryimage\"},\"image\":{\"@id\":\"https:\\\/\\\/quehacerpolitico.mx\\\/?p=115355#primaryimage\"},\"thumbnailUrl\":\"https:\\\/\\\/quehacerpolitico.mx\\\/wp-content\\\/uploads\\\/2025\\\/03\\\/03fa6135-c3fe-44b7-8e96-c6ca323ffebb-7.jpeg\",\"datePublished\":\"2025-03-17T23:32:30+00:00\",\"dateModified\":\"2025-03-18T01:34:59+00:00\",\"author\":{\"@id\":\"https:\\\/\\\/quehacerpolitico.mx\\\/#\\\/schema\\\/person\\\/496d8ad2d1d3f8036101dca7ee39e585\"},\"breadcrumb\":{\"@id\":\"https:\\\/\\\/quehacerpolitico.mx\\\/?p=115355#breadcrumb\"},\"inLanguage\":\"es\",\"potentialAction\":[{\"@type\":\"ReadAction\",\"target\":[\"https:\\\/\\\/quehacerpolitico.mx\\\/?p=115355\"]}]},{\"@type\":\"ImageObject\",\"inLanguage\":\"es\",\"@id\":\"https:\\\/\\\/quehacerpolitico.mx\\\/?p=115355#primaryimage\",\"url\":\"https:\\\/\\\/quehacerpolitico.mx\\\/wp-content\\\/uploads\\\/2025\\\/03\\\/03fa6135-c3fe-44b7-8e96-c6ca323ffebb-7.jpeg\",\"contentUrl\":\"https:\\\/\\\/quehacerpolitico.mx\\\/wp-content\\\/uploads\\\/2025\\\/03\\\/03fa6135-c3fe-44b7-8e96-c6ca323ffebb-7.jpeg\",\"width\":963,\"height\":493},{\"@type\":\"BreadcrumbList\",\"@id\":\"https:\\\/\\\/quehacerpolitico.mx\\\/?p=115355#breadcrumb\",\"itemListElement\":[{\"@type\":\"ListItem\",\"position\":1,\"name\":\"Inicio\",\"item\":\"https:\\\/\\\/quehacerpolitico.mx\\\/\"},{\"@type\":\"ListItem\",\"position\":2,\"name\":\"El Quehacer Pol\u00edtico a trav\u00e9s de la opini\u00f3n\\\/\\\/\\\/Carolina Alonso Romei\\\/\\\/\\\/Trump har\u00e1 p\u00fablicos 80 mil archivos in\u00e9ditos sobre el asesinato de John F Kennedy\"}]},{\"@type\":\"WebSite\",\"@id\":\"https:\\\/\\\/quehacerpolitico.mx\\\/#website\",\"url\":\"https:\\\/\\\/quehacerpolitico.mx\\\/\",\"name\":\"\",\"description\":\"\",\"potentialAction\":[{\"@type\":\"SearchAction\",\"target\":{\"@type\":\"EntryPoint\",\"urlTemplate\":\"https:\\\/\\\/quehacerpolitico.mx\\\/?s={search_term_string}\"},\"query-input\":{\"@type\":\"PropertyValueSpecification\",\"valueRequired\":true,\"valueName\":\"search_term_string\"}}],\"inLanguage\":\"es\"},{\"@type\":\"Person\",\"@id\":\"https:\\\/\\\/quehacerpolitico.mx\\\/#\\\/schema\\\/person\\\/496d8ad2d1d3f8036101dca7ee39e585\",\"name\":\"Redacci\u00f3n QP\",\"image\":{\"@type\":\"ImageObject\",\"inLanguage\":\"es\",\"@id\":\"https:\\\/\\\/secure.gravatar.com\\\/avatar\\\/c7164ed6fdec453195284ad24a5ae5b6e1eed2b848477fa2a4787ba9adf39a41?s=96&d=mm&r=g\",\"url\":\"https:\\\/\\\/secure.gravatar.com\\\/avatar\\\/c7164ed6fdec453195284ad24a5ae5b6e1eed2b848477fa2a4787ba9adf39a41?s=96&d=mm&r=g\",\"contentUrl\":\"https:\\\/\\\/secure.gravatar.com\\\/avatar\\\/c7164ed6fdec453195284ad24a5ae5b6e1eed2b848477fa2a4787ba9adf39a41?s=96&d=mm&r=g\",\"caption\":\"Redacci\u00f3n QP\"},\"url\":\"https:\\\/\\\/quehacerpolitico.mx\\\/?author=2\"}]}<\/script>\n<!-- \/ Yoast SEO plugin. -->","yoast_head_json":{"title":"El Quehacer Pol\u00edtico a trav\u00e9s de la opini\u00f3n\/\/\/Carolina Alonso Romei\/\/\/Trump har\u00e1 p\u00fablicos 80 mil archivos in\u00e9ditos sobre el asesinato de John F Kennedy -","robots":{"index":"index","follow":"follow","max-snippet":"max-snippet:-1","max-image-preview":"max-image-preview:large","max-video-preview":"max-video-preview:-1"},"canonical":"https:\/\/quehacerpolitico.mx\/?p=115355","og_locale":"es_MX","og_type":"article","og_title":"El Quehacer Pol\u00edtico a trav\u00e9s de la opini\u00f3n\/\/\/Carolina Alonso Romei\/\/\/Trump har\u00e1 p\u00fablicos 80 mil archivos in\u00e9ditos sobre el asesinato de John F Kennedy -","og_description":"Por Carolina Alonso Romei Internacionalista El presidente de Estados Unidos, Donald Trump, firm\u00f3 una orden...","og_url":"https:\/\/quehacerpolitico.mx\/?p=115355","article_published_time":"2025-03-17T23:32:30+00:00","article_modified_time":"2025-03-18T01:34:59+00:00","og_image":[{"width":963,"height":493,"url":"https:\/\/quehacerpolitico.mx\/wp-content\/uploads\/2025\/03\/03fa6135-c3fe-44b7-8e96-c6ca323ffebb-7.jpeg","type":"image\/jpeg"}],"author":"Redacci\u00f3n QP","twitter_card":"summary_large_image","twitter_misc":{"Escrito por":"Redacci\u00f3n QP","Tiempo de lectura":"2 minutos"},"schema":{"@context":"https:\/\/schema.org","@graph":[{"@type":"Article","@id":"https:\/\/quehacerpolitico.mx\/?p=115355#article","isPartOf":{"@id":"https:\/\/quehacerpolitico.mx\/?p=115355"},"author":{"name":"Redacci\u00f3n QP","@id":"https:\/\/quehacerpolitico.mx\/#\/schema\/person\/496d8ad2d1d3f8036101dca7ee39e585"},"headline":"El Quehacer Pol\u00edtico a trav\u00e9s de la opini\u00f3n\/\/\/Carolina Alonso Romei\/\/\/Trump har\u00e1 p\u00fablicos 80 mil archivos in\u00e9ditos sobre el asesinato de John F Kennedy","datePublished":"2025-03-17T23:32:30+00:00","dateModified":"2025-03-18T01:34:59+00:00","mainEntityOfPage":{"@id":"https:\/\/quehacerpolitico.mx\/?p=115355"},"wordCount":366,"commentCount":0,"image":{"@id":"https:\/\/quehacerpolitico.mx\/?p=115355#primaryimage"},"thumbnailUrl":"https:\/\/quehacerpolitico.mx\/wp-content\/uploads\/2025\/03\/03fa6135-c3fe-44b7-8e96-c6ca323ffebb-7.jpeg","articleSection":["Internacionales"],"inLanguage":"es","potentialAction":[{"@type":"CommentAction","name":"Comment","target":["https:\/\/quehacerpolitico.mx\/?p=115355#respond"]}]},{"@type":"WebPage","@id":"https:\/\/quehacerpolitico.mx\/?p=115355","url":"https:\/\/quehacerpolitico.mx\/?p=115355","name":"El Quehacer Pol\u00edtico a trav\u00e9s de la opini\u00f3n\/\/\/Carolina Alonso Romei\/\/\/Trump har\u00e1 p\u00fablicos 80 mil archivos in\u00e9ditos sobre el asesinato de John F Kennedy -","isPartOf":{"@id":"https:\/\/quehacerpolitico.mx\/#website"},"primaryImageOfPage":{"@id":"https:\/\/quehacerpolitico.mx\/?p=115355#primaryimage"},"image":{"@id":"https:\/\/quehacerpolitico.mx\/?p=115355#primaryimage"},"thumbnailUrl":"https:\/\/quehacerpolitico.mx\/wp-content\/uploads\/2025\/03\/03fa6135-c3fe-44b7-8e96-c6ca323ffebb-7.jpeg","datePublished":"2025-03-17T23:32:30+00:00","dateModified":"2025-03-18T01:34:59+00:00","author":{"@id":"https:\/\/quehacerpolitico.mx\/#\/schema\/person\/496d8ad2d1d3f8036101dca7ee39e585"},"breadcrumb":{"@id":"https:\/\/quehacerpolitico.mx\/?p=115355#breadcrumb"},"inLanguage":"es","potentialAction":[{"@type":"ReadAction","target":["https:\/\/quehacerpolitico.mx\/?p=115355"]}]},{"@type":"ImageObject","inLanguage":"es","@id":"https:\/\/quehacerpolitico.mx\/?p=115355#primaryimage","url":"https:\/\/quehacerpolitico.mx\/wp-content\/uploads\/2025\/03\/03fa6135-c3fe-44b7-8e96-c6ca323ffebb-7.jpeg","contentUrl":"https:\/\/quehacerpolitico.mx\/wp-content\/uploads\/2025\/03\/03fa6135-c3fe-44b7-8e96-c6ca323ffebb-7.jpeg","width":963,"height":493},{"@type":"BreadcrumbList","@id":"https:\/\/quehacerpolitico.mx\/?p=115355#breadcrumb","itemListElement":[{"@type":"ListItem","position":1,"name":"Inicio","item":"https:\/\/quehacerpolitico.mx\/"},{"@type":"ListItem","position":2,"name":"El Quehacer Pol\u00edtico a trav\u00e9s de la opini\u00f3n\/\/\/Carolina Alonso Romei\/\/\/Trump har\u00e1 p\u00fablicos 80 mil archivos in\u00e9ditos sobre el asesinato de John F Kennedy"}]},{"@type":"WebSite","@id":"https:\/\/quehacerpolitico.mx\/#website","url":"https:\/\/quehacerpolitico.mx\/","name":"","description":"","potentialAction":[{"@type":"SearchAction","target":{"@type":"EntryPoint","urlTemplate":"https:\/\/quehacerpolitico.mx\/?s={search_term_string}"},"query-input":{"@type":"PropertyValueSpecification","valueRequired":true,"valueName":"search_term_string"}}],"inLanguage":"es"},{"@type":"Person","@id":"https:\/\/quehacerpolitico.mx\/#\/schema\/person\/496d8ad2d1d3f8036101dca7ee39e585","name":"Redacci\u00f3n QP","image":{"@type":"ImageObject","inLanguage":"es","@id":"https:\/\/secure.gravatar.com\/avatar\/c7164ed6fdec453195284ad24a5ae5b6e1eed2b848477fa2a4787ba9adf39a41?s=96&d=mm&r=g","url":"https:\/\/secure.gravatar.com\/avatar\/c7164ed6fdec453195284ad24a5ae5b6e1eed2b848477fa2a4787ba9adf39a41?s=96&d=mm&r=g","contentUrl":"https:\/\/secure.gravatar.com\/avatar\/c7164ed6fdec453195284ad24a5ae5b6e1eed2b848477fa2a4787ba9adf39a41?s=96&d=mm&r=g","caption":"Redacci\u00f3n QP"},"url":"https:\/\/quehacerpolitico.mx\/?author=2"}]}},"featured_image_urls":{"full":["https:\/\/quehacerpolitico.mx\/wp-content\/uploads\/2025\/03\/03fa6135-c3fe-44b7-8e96-c6ca323ffebb-7.jpeg",963,493,false],"thumbnail":["https:\/\/quehacerpolitico.mx\/wp-content\/uploads\/2025\/03\/03fa6135-c3fe-44b7-8e96-c6ca323ffebb-7-150x150.jpeg",150,150,true],"medium":["https:\/\/quehacerpolitico.mx\/wp-content\/uploads\/2025\/03\/03fa6135-c3fe-44b7-8e96-c6ca323ffebb-7-300x154.jpeg",300,154,true],"medium_large":["https:\/\/quehacerpolitico.mx\/wp-content\/uploads\/2025\/03\/03fa6135-c3fe-44b7-8e96-c6ca323ffebb-7-768x393.jpeg",640,328,true],"large":["https:\/\/quehacerpolitico.mx\/wp-content\/uploads\/2025\/03\/03fa6135-c3fe-44b7-8e96-c6ca323ffebb-7.jpeg",640,328,false],"1536x1536":["https:\/\/quehacerpolitico.mx\/wp-content\/uploads\/2025\/03\/03fa6135-c3fe-44b7-8e96-c6ca323ffebb-7.jpeg",963,493,false],"2048x2048":["https:\/\/quehacerpolitico.mx\/wp-content\/uploads\/2025\/03\/03fa6135-c3fe-44b7-8e96-c6ca323ffebb-7.jpeg",963,493,false],"covernews-featured":["https:\/\/quehacerpolitico.mx\/wp-content\/uploads\/2025\/03\/03fa6135-c3fe-44b7-8e96-c6ca323ffebb-7.jpeg",963,493,false],"covernews-medium":["https:\/\/quehacerpolitico.mx\/wp-content\/uploads\/2025\/03\/03fa6135-c3fe-44b7-8e96-c6ca323ffebb-7-540x340.jpeg",540,340,true]},"author_info":{"display_name":"Redacci\u00f3n QP","author_link":"https:\/\/quehacerpolitico.mx\/?author=2"},"category_info":"<a href=\"https:\/\/quehacerpolitico.mx\/?cat=1\" rel=\"category\">Internacionales<\/a>","tag_info":"Internacionales","comment_count":"0","_links":{"self":[{"href":"https:\/\/quehacerpolitico.mx\/index.php?rest_route=\/wp\/v2\/posts\/115355","targetHints":{"allow":["GET"]}}],"collection":[{"href":"https:\/\/quehacerpolitico.mx\/index.php?rest_route=\/wp\/v2\/posts"}],"about":[{"href":"https:\/\/quehacerpolitico.mx\/index.php?rest_route=\/wp\/v2\/types\/post"}],"author":[{"embeddable":true,"href":"https:\/\/quehacerpolitico.mx\/index.php?rest_route=\/wp\/v2\/users\/2"}],"replies":[{"embeddable":true,"href":"https:\/\/quehacerpolitico.mx\/index.php?rest_route=%2Fwp%2Fv2%2Fcomments&post=115355"}],"version-history":[{"count":2,"href":"https:\/\/quehacerpolitico.mx\/index.php?rest_route=\/wp\/v2\/posts\/115355\/revisions"}],"predecessor-version":[{"id":115365,"href":"https:\/\/quehacerpolitico.mx\/index.php?rest_route=\/wp\/v2\/posts\/115355\/revisions\/115365"}],"wp:featuredmedia":[{"embeddable":true,"href":"https:\/\/quehacerpolitico.mx\/index.php?rest_route=\/wp\/v2\/media\/115357"}],"wp:attachment":[{"href":"https:\/\/quehacerpolitico.mx\/index.php?rest_route=%2Fwp%2Fv2%2Fmedia&parent=115355"}],"wp:term":[{"taxonomy":"category","embeddable":true,"href":"https:\/\/quehacerpolitico.mx\/index.php?rest_route=%2Fwp%2Fv2%2Fcategories&post=115355"},{"taxonomy":"post_tag","embeddable":true,"href":"https:\/\/quehacerpolitico.mx\/index.php?rest_route=%2Fwp%2Fv2%2Ftags&post=115355"}],"curies":[{"name":"wp","href":"https:\/\/api.w.org\/{rel}","templated":true}]}}