{"id":115323,"date":"2025-03-17T10:56:12","date_gmt":"2025-03-17T16:56:12","guid":{"rendered":"https:\/\/quehacerpolitico.mx\/?p=115323"},"modified":"2025-03-17T10:56:16","modified_gmt":"2025-03-17T16:56:16","slug":"el-quehacer-politico-internacional-a-traves-de-la-opinion-carolina-alonso-romei-de-lopez-obrador-a-trump-el-ataque-populista-al-poder-judicial-y-la-amenaza-a-la-democracia","status":"publish","type":"post","link":"https:\/\/quehacerpolitico.mx\/?p=115323","title":{"rendered":"El Quehacer Pol\u00edtico Internacional a trav\u00e9s de la opini\u00f3n\/\/\/Carolina Alonso Romei\/\/\/De L\u00f3pez Obrador a Trump: el ataque populista al Poder Judicial y la amenaza a la democracia"},"content":{"rendered":"\n<p>Por Carolina Alonso Romei<\/p>\n\n\n\n<p>Internacionalista <\/p>\n\n\n\n<p>A pesar de la ret\u00f3rica, la administraci\u00f3n de Donald Trump sobre el Poder Judicial hasta ahora no ha desafiado abiertamente ninguna orden, y las decenas de casos presentados contra sus acciones han seguido el curso legal normal<\/p>\n\n\n\n<p>El nuevo presidente populista arremeti\u00f3 contra el<strong>&nbsp;Poder Judicial&nbsp;<\/strong>cuando trataron de impedir sus movimientos agresivos para&nbsp;<strong>reestructurar el gobierno<\/strong>&nbsp;y la econom\u00eda de su pa\u00eds.<\/p>\n\n\n\n<p>Esto ocurri\u00f3 en M\u00e9xico, donde el expresidente&nbsp;<strong>Andr\u00e9s Manuel L\u00f3pez Obrador<\/strong>&nbsp;al final impuls\u00f3 cambios que requer\u00edan que cada juez en su pa\u00eds fuera&nbsp;<strong>elegido<\/strong>&nbsp;en lugar de nombrado. Las reformas, y la promesa de m\u00e1s por parte de su sucesor, hicieron que los&nbsp;<strong>mercados perdieran confianza<\/strong>&nbsp;en la fiabilidad de su pa\u00eds como lugar para invertir, lo que llev\u00f3 a que su moneda se debilitara.<\/p>\n\n\n\n<p>Fue uno en una serie de ataques que los populistas de todo el mundo han lanzado contra los tribunales en los \u00faltimos a\u00f1os, y los observadores legales ahora se preguntan si&nbsp;<strong>Estados Unidos<\/strong>&nbsp;podr\u00eda ser el siguiente.<\/p>\n\n\n\n<p>A medida que los tribunales entregan una serie de reveses a su dram\u00e1tico intento de cambiar el gobierno federal sin la aprobaci\u00f3n del Congreso, los partidarios del presidente&nbsp;<strong>Donald Trump<\/strong>&nbsp;est\u00e1n repitiendo parte de la ret\u00f3rica y las acciones que en otros lugares han precedido a los ataques al Poder Judicial.<\/p>\n\n\n\n<p>El jefe de gabinete adjunto de Trump, Stephen Miller, public\u00f3 la semana pasada en la red social X: &#8220;Bajo los precedentes que ahora est\u00e1n siendo establecidos por&nbsp;<strong>jueces radicales<\/strong>&nbsp;y rebeldes, un tribunal de distrito en Hawaii&nbsp;podr\u00eda prohibir movimientos de tropas en Irak. Los jueces no tienen autoridad para administrar el Poder Ejecutivo. O para anular los resultados de una<strong>&nbsp;elecci\u00f3n nacional<\/strong>&#8220;.<\/p>\n\n\n\n<p>&#8220;Tenemos democracia&#8221;, dijo Miller, quien una vez dirigi\u00f3 un grupo legal que demand\u00f3 para que los jueces bloquearan las iniciativas del expresidente<strong>&nbsp;Joe Biden<\/strong>, &#8220;o no&#8221;.<\/p>\n\n\n\n<p>Los&nbsp;<strong>partidarios de Trump&nbsp;<\/strong>en el Congreso han levantado el espectro de<strong>&nbsp;destituir a jueces<\/strong>&nbsp;que han fallado en contra de la administraci\u00f3n. Elon Musk, el multimillonario partidario de Trump, cuyo Departamento de Eficiencia Gubernamental (DOGE) ha terminado en la mira de gran parte de la litigaci\u00f3n, ha llamado regularmente a&nbsp;<strong>destituir jueces<\/strong>&nbsp;en la red social X, propiedad de Musk.<\/p>\n\n\n\n<p>&#8220;No les gusta lo que ven en los tribunales, y esto est\u00e1 configurando lo que podr\u00eda ser una crisis constitucional sobre la independencia del poder judicial&#8221;, dijo Heidi Beirich, fundadora del Proyecto Global Contra el Odio y el Extremismo.<br>Amenazas contra el gobierno constitucional&nbsp;<\/p>\n\n\n\n<p>A pesar de la ret\u00f3rica, la administraci\u00f3n Trump hasta ahora no ha desafiado abiertamente ninguna&nbsp;<strong>orden judicial<\/strong>, y las decenas de casos presentados contra sus acciones han seguido el curso legal normal. Su administraci\u00f3n&nbsp;<strong>no ha hecho movimientos<\/strong>para buscar la&nbsp;<strong>destituci\u00f3n de jueces<\/strong>&nbsp;o impulsar<strong>&nbsp;reformas judiciales<\/strong>&nbsp;a trav\u00e9s del Congreso, controlado por los republicanos.&nbsp;<\/p>\n\n\n\n<p>Justin Levitt, profesor de derecho en la Universidad Loyola Marymount y experto en derechos de voto que anteriormente sirvi\u00f3 en la divisi\u00f3n de derechos civiles del Departamento de Justicia, dijo que no es fan de los movimientos de Trump. Pero afirm\u00f3 que la administraci\u00f3n ha estado siguiendo las&nbsp;<strong>normas legales<\/strong>&nbsp;al&nbsp;<strong>apelar decisiones&nbsp;<\/strong>que no le gustan.&nbsp;<\/p>\n\n\n\n<p>&#8220;Creo que la mayor parte de esto es ruido&#8221;, dijo Levitt, se\u00f1alando que los tribunales pueden encarcelar a quienes no obedecen \u00f3rdenes o imponer multas que se duplican a diario. &#8220;Si este es el enfoque que quiere tomar el ejecutivo, va a provocar una pelea. No todos van a estar contentos de ser un felpudo como lo est\u00e1 el Congreso.&#8221;&nbsp;<\/p>\n\n\n\n<p>Incluso si no hay movimientos firmes en marcha para&nbsp;<strong>destituir jueces&nbsp;<\/strong>o ignorar abiertamente sus fallos, la ret\u00f3rica no ha pasado desapercibida dentro del&nbsp;<strong>Poder Judicial<\/strong>. Dos jueces&nbsp;nombrados por los republicanos advirtieron la semana pasada sobre el creciente peligro de que el Poder Judicial sea atacado.&nbsp;<\/p>\n\n\n\n<p>&#8220;Las amenazas contra los<strong>&nbsp;jueces<\/strong>&nbsp;son amenazas contra el gobierno constitucional. Todos deber\u00edan tomar esto en serio&#8221;, dijo el juez Richard Sullivan, a quien&nbsp;<strong>Trump&nbsp;<\/strong>nombr\u00f3 en su<strong>&nbsp;primer mandato&nbsp;<\/strong>para el tribunal de apelaciones federal en&nbsp;<strong>Nueva York.<\/strong><\/p>\n\n\n\n<h2 class=\"wp-block-heading\">Atacar a los jueces un &#8220;instinto autoritario&#8221;<\/h2>\n\n\n\n<p>En M\u00e9xico, L\u00f3pez Obrador dej\u00f3 el cargo el a\u00f1o pasado. Pero varios otros aliados populistas de<strong>&nbsp;Trump<\/strong>&nbsp;que no han mostrado inclinaci\u00f3n a dejar el poder han convertido a sus poderes judiciales en un objetivo central.&nbsp;<\/p>\n\n\n\n<p>Viktor Orb\u00e1n de Hungr\u00eda<strong>&nbsp;redujo la edad de jubilaci\u00f3n&nbsp;<\/strong>obligatoria para los jueces para forzar la salida de algunos que podr\u00edan haber bloqueado su agenda. En Brasil, los partidarios del expresidente Jair Bolsonaro han tenido disputas con el tribunal supremo de ese pa\u00eds. Despu\u00e9s de que Bolsonaro fue acusado de intentar anular su derrota electoral de 2022, su partido espera ganar suficientes esca\u00f1os en las elecciones del pr\u00f3ximo a\u00f1o para destituir al menos a uno de los jueces. En&nbsp;<strong>El Salvador,<\/strong>&nbsp;el partido del presidente Nayib Bukele&nbsp;<strong>destituy\u00f3 a jueces&nbsp;<\/strong>de la Corte Suprema con los que hab\u00eda chocado.&nbsp;<\/p>\n\n\n\n<p>Bukele incluso ha instado a&nbsp;<strong>Trump&nbsp;<\/strong>a enfrentarse al Poder Judicial: &#8220;Si no se destituye a los jueces corruptos, no&nbsp;se puede arreglar el pa\u00eds&#8221;, escribi\u00f3 Bukele en X, tras una publicaci\u00f3n de<strong>&nbsp;Musk&nbsp;<\/strong>instando a Trump a seguir el ejemplo del presidente salvadore\u00f1o.&nbsp;<\/p>\n\n\n\n<p>&#8220;Este es un<strong>&nbsp;instinto autoritario&nbsp;<\/strong>b\u00e1sico&#8221;, dijo Steven Levitsky, coautor de &#8220;C\u00f3mo mueren las democracias&#8221; y cient\u00edfico pol\u00edtico de Harvard. &#8220;No puedes tener una democracia donde el gobierno electo puede hacer lo que quiera&#8221;.&nbsp;<\/p>\n\n\n\n<p>Se necesitar\u00edan dos tercios del Senado de Estados Unidos para<strong>&nbsp;destituir a un juez<\/strong>acusado. Con s\u00f3lo&nbsp;<strong>53 republicanos<\/strong>&nbsp;en la C\u00e1mara, es muy poco probable que se alcance esa mayor\u00eda. Sin embargo, la administraci\u00f3n&nbsp;<strong>Trump<\/strong>&nbsp;ha expresado exasperaci\u00f3n por la frecuencia con la que los tribunales inferiores est\u00e1n fallando en su contra.&nbsp;<\/p>\n\n\n\n<h2 class=\"wp-block-heading\">Los presidentes de Estados Unidos han chocado durante mucho tiempo con los tribunales<\/h2>\n\n\n\n<p>Justo el s\u00e1bado, un juez federal en Washington, D.C., bloque\u00f3 a la<strong>administraci\u00f3n Trump<\/strong>&nbsp;de&nbsp;<strong>deportar personas<\/strong>&nbsp;bajo la invocaci\u00f3n del presidente de una ley de guerra del siglo XVIII contra una pandilla venezolana. Otro juez en&nbsp;<strong>San Francisco<\/strong>&nbsp;requiri\u00f3 que la administraci\u00f3n&nbsp;<strong>recontratara&nbsp;<\/strong>a decenas de miles de trabajadores federales que \u00e9l dictamin\u00f3 hab\u00edan sido despedidos de manera improcedente.&nbsp;<\/p>\n\n\n\n<p>La administraci\u00f3n&nbsp;<strong>apel\u00f3 varios fallos&nbsp;<\/strong>que suspendieron su esfuerzo por poner fin a la garant\u00eda constitucional de la ciudadan\u00eda por nacimiento ante la Corte Suprema.&nbsp;<\/p>\n\n\n\n<p>Y la administraci\u00f3n a\u00fan est\u00e1 luchando con organizaciones de ayuda que sostienen que el gobierno no ha cumplido con la orden de un juez federal de pagarles por el trabajo realizado bajo contrato con la Agencia de Estados Unidos para el Desarrollo Internacional (USAID).&nbsp;<\/p>\n\n\n\n<p>&#8220;Tienes a estos jueces de nivel inferior que est\u00e1n tratando de&nbsp;<strong>bloquear la agenda del presidente<\/strong>. Es muy claro&#8221;, dijo la portavoz de Trump,&nbsp;<strong>Karoline Leavitt<\/strong>, el viernes, a\u00f1adiendo que los jueces han emitido&nbsp;<strong>16 \u00f3rdenes bloqueando<\/strong>&nbsp;iniciativas de Trump en comparaci\u00f3n con 14 contra&nbsp;<strong>Biden<\/strong>&nbsp;durante los cuatro a\u00f1os anteriores.&nbsp;<\/p>\n\n\n\n<p>Los presidentes se han quejado de ser controlados por los tribunales durante d\u00e9cadas. Biden se quej\u00f3 cuando los tribunales bloquearon sus esfuerzos para perdonar la deuda de&nbsp;<strong>pr\u00e9stamos estudiantiles<\/strong>. El expresidente Barack Obama advirti\u00f3 a la mayor\u00eda conservadora de la<strong>&nbsp;Corte Suprema&nbsp;<\/strong>de Estados Unidos que no anulara su expansi\u00f3n hist\u00f3rica de la atenci\u00f3n m\u00e9dica.&nbsp;<\/p>\n\n\n\n<p>En la d\u00e9cada de 1930, el entonces presidente Franklin Delano Roosevelt intent\u00f3 expandir el n\u00famero de asientos en la Corte Suprema para deshacerse de su mayor\u00eda conservadora, una idea que algunos dem\u00f3cratas quer\u00edan reconsiderar durante la presidencia de Biden.<\/p>\n\n\n\n<p>Con Informaci\u00f3n de AP<\/p>\n","protected":false},"excerpt":{"rendered":"<p>Por Carolina Alonso Romei Internacionalista A pesar de la ret\u00f3rica, la administraci\u00f3n de Donald Trump&#8230;<\/p>\n","protected":false},"author":2,"featured_media":115326,"comment_status":"open","ping_status":"open","sticky":false,"template":"","format":"standard","meta":{"_monsterinsights_skip_tracking":false,"_monsterinsights_sitenote_active":false,"_monsterinsights_sitenote_note":"","_monsterinsights_sitenote_category":0,"footnotes":""},"categories":[1],"tags":[],"class_list":["post-115323","post","type-post","status-publish","format-standard","has-post-thumbnail","hentry","category-sin-categoria"],"yoast_head":"<!-- This site is optimized with the Yoast SEO plugin v27.3 - https:\/\/yoast.com\/product\/yoast-seo-wordpress\/ -->\n<title>El Quehacer Pol\u00edtico Internacional a trav\u00e9s de la opini\u00f3n\/\/\/Carolina Alonso Romei\/\/\/De L\u00f3pez Obrador a Trump: el ataque populista al Poder Judicial y la amenaza a la democracia -<\/title>\n<meta name=\"robots\" content=\"index, follow, max-snippet:-1, max-image-preview:large, max-video-preview:-1\" \/>\n<link rel=\"canonical\" href=\"https:\/\/quehacerpolitico.mx\/?p=115323\" \/>\n<meta property=\"og:locale\" content=\"es_MX\" \/>\n<meta property=\"og:type\" content=\"article\" \/>\n<meta property=\"og:title\" content=\"El Quehacer Pol\u00edtico Internacional a trav\u00e9s de la opini\u00f3n\/\/\/Carolina Alonso Romei\/\/\/De L\u00f3pez Obrador a Trump: el ataque populista al Poder Judicial y la amenaza a la democracia -\" \/>\n<meta property=\"og:description\" content=\"Por Carolina Alonso Romei Internacionalista A pesar de la ret\u00f3rica, la administraci\u00f3n de Donald Trump...\" \/>\n<meta property=\"og:url\" content=\"https:\/\/quehacerpolitico.mx\/?p=115323\" \/>\n<meta property=\"article:published_time\" content=\"2025-03-17T16:56:12+00:00\" \/>\n<meta property=\"article:modified_time\" content=\"2025-03-17T16:56:16+00:00\" \/>\n<meta property=\"og:image\" content=\"https:\/\/quehacerpolitico.mx\/wp-content\/uploads\/2025\/03\/03fa6135-c3fe-44b7-8e96-c6ca323ffebb-5.jpeg\" \/>\n\t<meta property=\"og:image:width\" content=\"963\" \/>\n\t<meta property=\"og:image:height\" content=\"493\" \/>\n\t<meta property=\"og:image:type\" content=\"image\/jpeg\" \/>\n<meta name=\"author\" content=\"Redacci\u00f3n QP\" \/>\n<meta name=\"twitter:card\" content=\"summary_large_image\" \/>\n<meta name=\"twitter:label1\" content=\"Escrito por\" \/>\n\t<meta name=\"twitter:data1\" content=\"Redacci\u00f3n QP\" \/>\n\t<meta name=\"twitter:label2\" content=\"Tiempo de lectura\" \/>\n\t<meta name=\"twitter:data2\" content=\"7 minutos\" \/>\n<script type=\"application\/ld+json\" class=\"yoast-schema-graph\">{\"@context\":\"https:\\\/\\\/schema.org\",\"@graph\":[{\"@type\":\"Article\",\"@id\":\"https:\\\/\\\/quehacerpolitico.mx\\\/?p=115323#article\",\"isPartOf\":{\"@id\":\"https:\\\/\\\/quehacerpolitico.mx\\\/?p=115323\"},\"author\":{\"name\":\"Redacci\u00f3n QP\",\"@id\":\"https:\\\/\\\/quehacerpolitico.mx\\\/#\\\/schema\\\/person\\\/496d8ad2d1d3f8036101dca7ee39e585\"},\"headline\":\"El Quehacer Pol\u00edtico Internacional a trav\u00e9s de la opini\u00f3n\\\/\\\/\\\/Carolina Alonso Romei\\\/\\\/\\\/De L\u00f3pez Obrador a Trump: el ataque populista al Poder Judicial y la amenaza a la democracia\",\"datePublished\":\"2025-03-17T16:56:12+00:00\",\"dateModified\":\"2025-03-17T16:56:16+00:00\",\"mainEntityOfPage\":{\"@id\":\"https:\\\/\\\/quehacerpolitico.mx\\\/?p=115323\"},\"wordCount\":1452,\"commentCount\":0,\"image\":{\"@id\":\"https:\\\/\\\/quehacerpolitico.mx\\\/?p=115323#primaryimage\"},\"thumbnailUrl\":\"https:\\\/\\\/quehacerpolitico.mx\\\/wp-content\\\/uploads\\\/2025\\\/03\\\/03fa6135-c3fe-44b7-8e96-c6ca323ffebb-5.jpeg\",\"articleSection\":[\"Internacionales\"],\"inLanguage\":\"es\",\"potentialAction\":[{\"@type\":\"CommentAction\",\"name\":\"Comment\",\"target\":[\"https:\\\/\\\/quehacerpolitico.mx\\\/?p=115323#respond\"]}]},{\"@type\":\"WebPage\",\"@id\":\"https:\\\/\\\/quehacerpolitico.mx\\\/?p=115323\",\"url\":\"https:\\\/\\\/quehacerpolitico.mx\\\/?p=115323\",\"name\":\"El Quehacer Pol\u00edtico Internacional a trav\u00e9s de la opini\u00f3n\\\/\\\/\\\/Carolina Alonso Romei\\\/\\\/\\\/De L\u00f3pez Obrador a Trump: el ataque populista al Poder Judicial y la amenaza a la democracia -\",\"isPartOf\":{\"@id\":\"https:\\\/\\\/quehacerpolitico.mx\\\/#website\"},\"primaryImageOfPage\":{\"@id\":\"https:\\\/\\\/quehacerpolitico.mx\\\/?p=115323#primaryimage\"},\"image\":{\"@id\":\"https:\\\/\\\/quehacerpolitico.mx\\\/?p=115323#primaryimage\"},\"thumbnailUrl\":\"https:\\\/\\\/quehacerpolitico.mx\\\/wp-content\\\/uploads\\\/2025\\\/03\\\/03fa6135-c3fe-44b7-8e96-c6ca323ffebb-5.jpeg\",\"datePublished\":\"2025-03-17T16:56:12+00:00\",\"dateModified\":\"2025-03-17T16:56:16+00:00\",\"author\":{\"@id\":\"https:\\\/\\\/quehacerpolitico.mx\\\/#\\\/schema\\\/person\\\/496d8ad2d1d3f8036101dca7ee39e585\"},\"breadcrumb\":{\"@id\":\"https:\\\/\\\/quehacerpolitico.mx\\\/?p=115323#breadcrumb\"},\"inLanguage\":\"es\",\"potentialAction\":[{\"@type\":\"ReadAction\",\"target\":[\"https:\\\/\\\/quehacerpolitico.mx\\\/?p=115323\"]}]},{\"@type\":\"ImageObject\",\"inLanguage\":\"es\",\"@id\":\"https:\\\/\\\/quehacerpolitico.mx\\\/?p=115323#primaryimage\",\"url\":\"https:\\\/\\\/quehacerpolitico.mx\\\/wp-content\\\/uploads\\\/2025\\\/03\\\/03fa6135-c3fe-44b7-8e96-c6ca323ffebb-5.jpeg\",\"contentUrl\":\"https:\\\/\\\/quehacerpolitico.mx\\\/wp-content\\\/uploads\\\/2025\\\/03\\\/03fa6135-c3fe-44b7-8e96-c6ca323ffebb-5.jpeg\",\"width\":963,\"height\":493},{\"@type\":\"BreadcrumbList\",\"@id\":\"https:\\\/\\\/quehacerpolitico.mx\\\/?p=115323#breadcrumb\",\"itemListElement\":[{\"@type\":\"ListItem\",\"position\":1,\"name\":\"Inicio\",\"item\":\"https:\\\/\\\/quehacerpolitico.mx\\\/\"},{\"@type\":\"ListItem\",\"position\":2,\"name\":\"El Quehacer Pol\u00edtico Internacional a trav\u00e9s de la opini\u00f3n\\\/\\\/\\\/Carolina Alonso Romei\\\/\\\/\\\/De L\u00f3pez Obrador a Trump: el ataque populista al Poder Judicial y la amenaza a la democracia\"}]},{\"@type\":\"WebSite\",\"@id\":\"https:\\\/\\\/quehacerpolitico.mx\\\/#website\",\"url\":\"https:\\\/\\\/quehacerpolitico.mx\\\/\",\"name\":\"\",\"description\":\"\",\"potentialAction\":[{\"@type\":\"SearchAction\",\"target\":{\"@type\":\"EntryPoint\",\"urlTemplate\":\"https:\\\/\\\/quehacerpolitico.mx\\\/?s={search_term_string}\"},\"query-input\":{\"@type\":\"PropertyValueSpecification\",\"valueRequired\":true,\"valueName\":\"search_term_string\"}}],\"inLanguage\":\"es\"},{\"@type\":\"Person\",\"@id\":\"https:\\\/\\\/quehacerpolitico.mx\\\/#\\\/schema\\\/person\\\/496d8ad2d1d3f8036101dca7ee39e585\",\"name\":\"Redacci\u00f3n QP\",\"image\":{\"@type\":\"ImageObject\",\"inLanguage\":\"es\",\"@id\":\"https:\\\/\\\/secure.gravatar.com\\\/avatar\\\/c7164ed6fdec453195284ad24a5ae5b6e1eed2b848477fa2a4787ba9adf39a41?s=96&d=mm&r=g\",\"url\":\"https:\\\/\\\/secure.gravatar.com\\\/avatar\\\/c7164ed6fdec453195284ad24a5ae5b6e1eed2b848477fa2a4787ba9adf39a41?s=96&d=mm&r=g\",\"contentUrl\":\"https:\\\/\\\/secure.gravatar.com\\\/avatar\\\/c7164ed6fdec453195284ad24a5ae5b6e1eed2b848477fa2a4787ba9adf39a41?s=96&d=mm&r=g\",\"caption\":\"Redacci\u00f3n QP\"},\"url\":\"https:\\\/\\\/quehacerpolitico.mx\\\/?author=2\"}]}<\/script>\n<!-- \/ Yoast SEO plugin. -->","yoast_head_json":{"title":"El Quehacer Pol\u00edtico Internacional a trav\u00e9s de la opini\u00f3n\/\/\/Carolina Alonso Romei\/\/\/De L\u00f3pez Obrador a Trump: el ataque populista al Poder Judicial y la amenaza a la democracia -","robots":{"index":"index","follow":"follow","max-snippet":"max-snippet:-1","max-image-preview":"max-image-preview:large","max-video-preview":"max-video-preview:-1"},"canonical":"https:\/\/quehacerpolitico.mx\/?p=115323","og_locale":"es_MX","og_type":"article","og_title":"El Quehacer Pol\u00edtico Internacional a trav\u00e9s de la opini\u00f3n\/\/\/Carolina Alonso Romei\/\/\/De L\u00f3pez Obrador a Trump: el ataque populista al Poder Judicial y la amenaza a la democracia -","og_description":"Por Carolina Alonso Romei Internacionalista A pesar de la ret\u00f3rica, la administraci\u00f3n de Donald Trump...","og_url":"https:\/\/quehacerpolitico.mx\/?p=115323","article_published_time":"2025-03-17T16:56:12+00:00","article_modified_time":"2025-03-17T16:56:16+00:00","og_image":[{"width":963,"height":493,"url":"https:\/\/quehacerpolitico.mx\/wp-content\/uploads\/2025\/03\/03fa6135-c3fe-44b7-8e96-c6ca323ffebb-5.jpeg","type":"image\/jpeg"}],"author":"Redacci\u00f3n QP","twitter_card":"summary_large_image","twitter_misc":{"Escrito por":"Redacci\u00f3n QP","Tiempo de lectura":"7 minutos"},"schema":{"@context":"https:\/\/schema.org","@graph":[{"@type":"Article","@id":"https:\/\/quehacerpolitico.mx\/?p=115323#article","isPartOf":{"@id":"https:\/\/quehacerpolitico.mx\/?p=115323"},"author":{"name":"Redacci\u00f3n QP","@id":"https:\/\/quehacerpolitico.mx\/#\/schema\/person\/496d8ad2d1d3f8036101dca7ee39e585"},"headline":"El Quehacer Pol\u00edtico Internacional a trav\u00e9s de la opini\u00f3n\/\/\/Carolina Alonso Romei\/\/\/De L\u00f3pez Obrador a Trump: el ataque populista al Poder Judicial y la amenaza a la democracia","datePublished":"2025-03-17T16:56:12+00:00","dateModified":"2025-03-17T16:56:16+00:00","mainEntityOfPage":{"@id":"https:\/\/quehacerpolitico.mx\/?p=115323"},"wordCount":1452,"commentCount":0,"image":{"@id":"https:\/\/quehacerpolitico.mx\/?p=115323#primaryimage"},"thumbnailUrl":"https:\/\/quehacerpolitico.mx\/wp-content\/uploads\/2025\/03\/03fa6135-c3fe-44b7-8e96-c6ca323ffebb-5.jpeg","articleSection":["Internacionales"],"inLanguage":"es","potentialAction":[{"@type":"CommentAction","name":"Comment","target":["https:\/\/quehacerpolitico.mx\/?p=115323#respond"]}]},{"@type":"WebPage","@id":"https:\/\/quehacerpolitico.mx\/?p=115323","url":"https:\/\/quehacerpolitico.mx\/?p=115323","name":"El Quehacer Pol\u00edtico Internacional a trav\u00e9s de la opini\u00f3n\/\/\/Carolina Alonso Romei\/\/\/De L\u00f3pez Obrador a Trump: el ataque populista al Poder Judicial y la amenaza a la democracia -","isPartOf":{"@id":"https:\/\/quehacerpolitico.mx\/#website"},"primaryImageOfPage":{"@id":"https:\/\/quehacerpolitico.mx\/?p=115323#primaryimage"},"image":{"@id":"https:\/\/quehacerpolitico.mx\/?p=115323#primaryimage"},"thumbnailUrl":"https:\/\/quehacerpolitico.mx\/wp-content\/uploads\/2025\/03\/03fa6135-c3fe-44b7-8e96-c6ca323ffebb-5.jpeg","datePublished":"2025-03-17T16:56:12+00:00","dateModified":"2025-03-17T16:56:16+00:00","author":{"@id":"https:\/\/quehacerpolitico.mx\/#\/schema\/person\/496d8ad2d1d3f8036101dca7ee39e585"},"breadcrumb":{"@id":"https:\/\/quehacerpolitico.mx\/?p=115323#breadcrumb"},"inLanguage":"es","potentialAction":[{"@type":"ReadAction","target":["https:\/\/quehacerpolitico.mx\/?p=115323"]}]},{"@type":"ImageObject","inLanguage":"es","@id":"https:\/\/quehacerpolitico.mx\/?p=115323#primaryimage","url":"https:\/\/quehacerpolitico.mx\/wp-content\/uploads\/2025\/03\/03fa6135-c3fe-44b7-8e96-c6ca323ffebb-5.jpeg","contentUrl":"https:\/\/quehacerpolitico.mx\/wp-content\/uploads\/2025\/03\/03fa6135-c3fe-44b7-8e96-c6ca323ffebb-5.jpeg","width":963,"height":493},{"@type":"BreadcrumbList","@id":"https:\/\/quehacerpolitico.mx\/?p=115323#breadcrumb","itemListElement":[{"@type":"ListItem","position":1,"name":"Inicio","item":"https:\/\/quehacerpolitico.mx\/"},{"@type":"ListItem","position":2,"name":"El Quehacer Pol\u00edtico Internacional a trav\u00e9s de la opini\u00f3n\/\/\/Carolina Alonso Romei\/\/\/De L\u00f3pez Obrador a Trump: el ataque populista al Poder Judicial y la amenaza a la democracia"}]},{"@type":"WebSite","@id":"https:\/\/quehacerpolitico.mx\/#website","url":"https:\/\/quehacerpolitico.mx\/","name":"","description":"","potentialAction":[{"@type":"SearchAction","target":{"@type":"EntryPoint","urlTemplate":"https:\/\/quehacerpolitico.mx\/?s={search_term_string}"},"query-input":{"@type":"PropertyValueSpecification","valueRequired":true,"valueName":"search_term_string"}}],"inLanguage":"es"},{"@type":"Person","@id":"https:\/\/quehacerpolitico.mx\/#\/schema\/person\/496d8ad2d1d3f8036101dca7ee39e585","name":"Redacci\u00f3n QP","image":{"@type":"ImageObject","inLanguage":"es","@id":"https:\/\/secure.gravatar.com\/avatar\/c7164ed6fdec453195284ad24a5ae5b6e1eed2b848477fa2a4787ba9adf39a41?s=96&d=mm&r=g","url":"https:\/\/secure.gravatar.com\/avatar\/c7164ed6fdec453195284ad24a5ae5b6e1eed2b848477fa2a4787ba9adf39a41?s=96&d=mm&r=g","contentUrl":"https:\/\/secure.gravatar.com\/avatar\/c7164ed6fdec453195284ad24a5ae5b6e1eed2b848477fa2a4787ba9adf39a41?s=96&d=mm&r=g","caption":"Redacci\u00f3n QP"},"url":"https:\/\/quehacerpolitico.mx\/?author=2"}]}},"featured_image_urls":{"full":["https:\/\/quehacerpolitico.mx\/wp-content\/uploads\/2025\/03\/03fa6135-c3fe-44b7-8e96-c6ca323ffebb-5.jpeg",963,493,false],"thumbnail":["https:\/\/quehacerpolitico.mx\/wp-content\/uploads\/2025\/03\/03fa6135-c3fe-44b7-8e96-c6ca323ffebb-5-150x150.jpeg",150,150,true],"medium":["https:\/\/quehacerpolitico.mx\/wp-content\/uploads\/2025\/03\/03fa6135-c3fe-44b7-8e96-c6ca323ffebb-5-300x154.jpeg",300,154,true],"medium_large":["https:\/\/quehacerpolitico.mx\/wp-content\/uploads\/2025\/03\/03fa6135-c3fe-44b7-8e96-c6ca323ffebb-5-768x393.jpeg",640,328,true],"large":["https:\/\/quehacerpolitico.mx\/wp-content\/uploads\/2025\/03\/03fa6135-c3fe-44b7-8e96-c6ca323ffebb-5.jpeg",640,328,false],"1536x1536":["https:\/\/quehacerpolitico.mx\/wp-content\/uploads\/2025\/03\/03fa6135-c3fe-44b7-8e96-c6ca323ffebb-5.jpeg",963,493,false],"2048x2048":["https:\/\/quehacerpolitico.mx\/wp-content\/uploads\/2025\/03\/03fa6135-c3fe-44b7-8e96-c6ca323ffebb-5.jpeg",963,493,false],"covernews-featured":["https:\/\/quehacerpolitico.mx\/wp-content\/uploads\/2025\/03\/03fa6135-c3fe-44b7-8e96-c6ca323ffebb-5.jpeg",963,493,false],"covernews-medium":["https:\/\/quehacerpolitico.mx\/wp-content\/uploads\/2025\/03\/03fa6135-c3fe-44b7-8e96-c6ca323ffebb-5-540x340.jpeg",540,340,true]},"author_info":{"display_name":"Redacci\u00f3n QP","author_link":"https:\/\/quehacerpolitico.mx\/?author=2"},"category_info":"<a href=\"https:\/\/quehacerpolitico.mx\/?cat=1\" rel=\"category\">Internacionales<\/a>","tag_info":"Internacionales","comment_count":"0","_links":{"self":[{"href":"https:\/\/quehacerpolitico.mx\/index.php?rest_route=\/wp\/v2\/posts\/115323","targetHints":{"allow":["GET"]}}],"collection":[{"href":"https:\/\/quehacerpolitico.mx\/index.php?rest_route=\/wp\/v2\/posts"}],"about":[{"href":"https:\/\/quehacerpolitico.mx\/index.php?rest_route=\/wp\/v2\/types\/post"}],"author":[{"embeddable":true,"href":"https:\/\/quehacerpolitico.mx\/index.php?rest_route=\/wp\/v2\/users\/2"}],"replies":[{"embeddable":true,"href":"https:\/\/quehacerpolitico.mx\/index.php?rest_route=%2Fwp%2Fv2%2Fcomments&post=115323"}],"version-history":[{"count":1,"href":"https:\/\/quehacerpolitico.mx\/index.php?rest_route=\/wp\/v2\/posts\/115323\/revisions"}],"predecessor-version":[{"id":115327,"href":"https:\/\/quehacerpolitico.mx\/index.php?rest_route=\/wp\/v2\/posts\/115323\/revisions\/115327"}],"wp:featuredmedia":[{"embeddable":true,"href":"https:\/\/quehacerpolitico.mx\/index.php?rest_route=\/wp\/v2\/media\/115326"}],"wp:attachment":[{"href":"https:\/\/quehacerpolitico.mx\/index.php?rest_route=%2Fwp%2Fv2%2Fmedia&parent=115323"}],"wp:term":[{"taxonomy":"category","embeddable":true,"href":"https:\/\/quehacerpolitico.mx\/index.php?rest_route=%2Fwp%2Fv2%2Fcategories&post=115323"},{"taxonomy":"post_tag","embeddable":true,"href":"https:\/\/quehacerpolitico.mx\/index.php?rest_route=%2Fwp%2Fv2%2Ftags&post=115323"}],"curies":[{"name":"wp","href":"https:\/\/api.w.org\/{rel}","templated":true}]}}