{"id":115303,"date":"2025-03-15T20:12:05","date_gmt":"2025-03-16T02:12:05","guid":{"rendered":"https:\/\/quehacerpolitico.mx\/?p=115303"},"modified":"2025-03-15T20:12:08","modified_gmt":"2025-03-16T02:12:08","slug":"no-nos-mueve-un-proyecto-politico-ni-favorable-ni-contrario-al-suyo-pero-es-hora-de-que-nos-mire-de-frente-y-asuma-la-responsabilidad-gritando-en-palacio-entre-zapatos-y-velas-por-las-v","status":"publish","type":"post","link":"https:\/\/quehacerpolitico.mx\/?p=115303","title":{"rendered":"&#8220;No nos mueve un proyecto pol\u00edtico ni favorable ni contrario al suyo (\u2026) pero es hora de que nos mire de frente y asuma la responsabilidad gritando en palacio entre zapatos y velas, por las v\u00edctimas de Teuchitl\u00e1n"},"content":{"rendered":"\n<p>Por Redacci\u00f3n QP<\/p>\n\n\n\n<p>A la convocatoria respondieron personas en todo el pa\u00eds; cabe resaltar que en la CDMX, familiares de desaparecidos, adem\u00e1s de activistas y colectivos, agradecieron al Colectivo Guerreros Buscadores de Jalisco, quienes dieron cuenta de los hallazgos en el rancho Izaguirre<\/p>\n\n\n\n<figure class=\"wp-block-embed is-type-rich is-provider-twitter wp-block-embed-twitter\"><div class=\"wp-block-embed__wrapper\">\n<blockquote class=\"twitter-tweet\" data-width=\"550\" data-dnt=\"true\"><p lang=\"es\" dir=\"ltr\">Hoy desde el <a href=\"https:\/\/twitter.com\/hashtag\/Z%C3%B3calo?src=hash&amp;ref_src=twsrc%5Etfw\">#Z\u00f3calo<\/a> en <a href=\"https:\/\/twitter.com\/hashtag\/CDMX?src=hash&amp;ref_src=twsrc%5Etfw\">#CDMX<\/a> \ud83d\udd34\ud83d\udc47<br><br>Familiares de personas desaparecidas y manifestantes rinden un emotivo aplauso al colectivo Guerreros Buscadores de Jalisco, por su invaluable labor al descubrir el campo de exterminio en <a href=\"https:\/\/twitter.com\/hashtag\/Teuchitl%C3%A1n?src=hash&amp;ref_src=twsrc%5Etfw\">#Teuchitl\u00e1n<\/a>.<br><br>\ud83d\udcf9 <a href=\"https:\/\/twitter.com\/El_Universal_Mx?ref_src=twsrc%5Etfw\">@El_Universal_Mx<\/a> <a href=\"https:\/\/t.co\/YdX10rGvFb\">pic.twitter.com\/YdX10rGvFb<\/a><\/p>&mdash; Azucena Uresti (@azucenau) <a href=\"https:\/\/twitter.com\/azucenau\/status\/1901067861596188738?ref_src=twsrc%5Etfw\">March 16, 2025<\/a><\/blockquote><script async src=\"https:\/\/platform.twitter.com\/widgets.js\" charset=\"utf-8\"><\/script>\n<\/div><\/figure>\n\n\n\n<p>Cientos de personas se congregaron la tarde de este 15 de marzo en el&nbsp;<strong>Z\u00f3calo capitalino<\/strong>&nbsp;para realizar una&nbsp;<strong>vigilia<\/strong>&nbsp;tras los hallazgos realizados en el rancho Izaguirre, en&nbsp;<strong>Teuchitl\u00e1n<\/strong>,&nbsp;<strong>Jalisco<\/strong>, a inicios de mes.<\/p>\n\n\n\n<p>Decenas de personas dieron un aplauso a las v\u00edctimas del presunto campo de exterminio encontrado, lugar que se hab\u00eda asegurado en septiembre de 2024 por la fiscal\u00eda de Jalisco.<\/p>\n\n\n\n<figure class=\"wp-block-embed is-type-rich is-provider-twitter wp-block-embed-twitter\"><div class=\"wp-block-embed__wrapper\">\n<blockquote class=\"twitter-tweet\" data-width=\"550\" data-dnt=\"true\"><p lang=\"es\" dir=\"ltr\"><a href=\"https:\/\/twitter.com\/hashtag\/QPMX?src=hash&amp;ref_src=twsrc%5Etfw\">#QPMX<\/a> <a href=\"https:\/\/twitter.com\/hashtag\/QuehacerPolitico?src=hash&amp;ref_src=twsrc%5Etfw\">#QuehacerPolitico<\/a> <a href=\"https:\/\/twitter.com\/hashtag\/InquiriendoLaNoticia?src=hash&amp;ref_src=twsrc%5Etfw\">#InquiriendoLaNoticia<\/a> <br><br>Mosaico de zapatos son colocados en la plancha del <a href=\"https:\/\/twitter.com\/hashtag\/Z%C3%B3calo?src=hash&amp;ref_src=twsrc%5Etfw\">#Z\u00f3calo<\/a> de la <a href=\"https:\/\/twitter.com\/hashtag\/CDMX?src=hash&amp;ref_src=twsrc%5Etfw\">#CDMX<\/a> por los hechos ocurridos en <a href=\"https:\/\/twitter.com\/hashtag\/Teuchitlan?src=hash&amp;ref_src=twsrc%5Etfw\">#Teuchitlan<\/a> <a href=\"https:\/\/twitter.com\/hashtag\/Jalisco?src=hash&amp;ref_src=twsrc%5Etfw\">#Jalisco<\/a> un hecho abominable y de Lesa Humanidad.<br><br>V\u00eda <a href=\"https:\/\/twitter.com\/ObturadorMX_?ref_src=twsrc%5Etfw\">@ObturadorMX_<\/a> <a href=\"https:\/\/t.co\/w0MwFwWzT9\">pic.twitter.com\/w0MwFwWzT9<\/a><\/p>&mdash; Quehacer Pol\u00edtico (@QueHacerPolitic) <a href=\"https:\/\/twitter.com\/QueHacerPolitic\/status\/1901063357555249596?ref_src=twsrc%5Etfw\">March 16, 2025<\/a><\/blockquote><script async src=\"https:\/\/platform.twitter.com\/widgets.js\" charset=\"utf-8\"><\/script>\n<\/div><\/figure>\n\n\n\n<p>Frente a&nbsp;<strong>Palacio Nacional<\/strong>, los asistentes a la vigilia, entre los que se contabilizan familiares de desaparecidos, adem\u00e1s de activistas y colectivos, agradecieron al colectivo&nbsp;<strong>Guerreros Buscadores de Jalisco<\/strong>, quienes dieron cuenta de los hallazgos en el rancho.<\/p>\n\n\n\n<figure class=\"wp-block-embed is-type-rich is-provider-twitter wp-block-embed-twitter\"><div class=\"wp-block-embed__wrapper\">\n<blockquote class=\"twitter-tweet\" data-width=\"550\" data-dnt=\"true\"><p lang=\"es\" dir=\"ltr\">En el <a href=\"https:\/\/twitter.com\/hashtag\/Z%C3%B3calo?src=hash&amp;ref_src=twsrc%5Etfw\">#Z\u00f3calo<\/a> de <a href=\"https:\/\/twitter.com\/hashtag\/CDMX?src=hash&amp;ref_src=twsrc%5Etfw\">#CDMX<\/a>, <a href=\"https:\/\/twitter.com\/hashtag\/MadresBuscadoras?src=hash&amp;ref_src=twsrc%5Etfw\">#MadresBuscadoras<\/a> alzan consignas, rodeadas de zapatos, veladoras e incienso, exigiendo a las autoridades la pronta localizaci\u00f3n de sus seres queridos. \ud83d\udc47<br><br>\ud83d\udcf9 Sharon Mercado <a href=\"https:\/\/twitter.com\/El_Universal_Mx?ref_src=twsrc%5Etfw\">@El_Universal_Mx<\/a> <a href=\"https:\/\/t.co\/ZDfWVB2r2T\">pic.twitter.com\/ZDfWVB2r2T<\/a><\/p>&mdash; Azucena Uresti (@azucenau) <a href=\"https:\/\/twitter.com\/azucenau\/status\/1901069030649208997?ref_src=twsrc%5Etfw\">March 16, 2025<\/a><\/blockquote><script async src=\"https:\/\/platform.twitter.com\/widgets.js\" charset=\"utf-8\"><\/script>\n<\/div><\/figure>\n\n\n\n<p>&#8220;Presidenta, que no la enga\u00f1en, ni se enga\u00f1e. No pertenecemos a ning\u00fan partido pol\u00edtico, ni tenemos otras banderas que no sean la verdad y la justicia&#8221;, dijeron desde el\u00a0<strong>Z\u00f3calo de la Ciudad de M\u00e9xico<\/strong>.<\/p>\n\n\n\n<figure class=\"wp-block-embed is-type-rich is-provider-twitter wp-block-embed-twitter\"><div class=\"wp-block-embed__wrapper\">\n<blockquote class=\"twitter-tweet\" data-width=\"550\" data-dnt=\"true\"><p lang=\"es\" dir=\"ltr\">Familiares de desaparecidos env\u00edan mensaje a Claudia Sheinbaum desde el Z\u00f3calo.<br><br>&quot;No nos mueve un proyecto pol\u00edtico ni favorable ni contrario al suyo (&#8230;) pero es hora de que nos mire de frente y asuma la responsabilidad de buscar a los desaparecidos y parar las desapariciones&quot; <a href=\"https:\/\/t.co\/lkldwULE0G\">pic.twitter.com\/lkldwULE0G<\/a><\/p>&mdash; Manuel Lopez San Martin (@MLopezSanMartin) <a href=\"https:\/\/twitter.com\/MLopezSanMartin\/status\/1901079013382119568?ref_src=twsrc%5Etfw\">March 16, 2025<\/a><\/blockquote><script async src=\"https:\/\/platform.twitter.com\/widgets.js\" charset=\"utf-8\"><\/script>\n<\/div><\/figure>\n\n\n\n<p>La vigilia, en donde se pidi\u00f3 llevar velas y cientos de zapatos, como los 400 pares hallados en&nbsp;<strong>Teuchitl\u00e1n<\/strong>, se realiz\u00f3 en varias partes del pa\u00eds, entre las que destaca la Ciudad de M\u00e9xico,&nbsp;Colima y Jalisco.&nbsp;<\/p>\n\n\n\n<p>Durante la tarde, cientos de personas llegaron frente al Palacio de Gobierno de Jalisco, estado en el que se registr\u00f3 el hallazgo, para protestar contra las autoridades al grito de &#8220;Alfaro s\u00ed sab\u00eda&#8221; y &#8220;Se ve, se siente, gobierno delincuente&#8221;.<\/p>\n\n\n\n<figure class=\"wp-block-embed is-type-rich is-provider-twitter wp-block-embed-twitter\"><div class=\"wp-block-embed__wrapper\">\n<blockquote class=\"twitter-tweet\" data-width=\"550\" data-dnt=\"true\"><p lang=\"es\" dir=\"ltr\">Env\u00edan polic\u00edas despu\u00e9s de que manifestantes retiraran las vallas de Palacio Nacional, tras la vigilia por las personas desaparecidas en el Z\u00f3calo.<br><br>[\ud83d\udcf9<a href=\"https:\/\/twitter.com\/El_Universal_Mx?ref_src=twsrc%5Etfw\">@El_Universal_Mx<\/a>] <a href=\"https:\/\/t.co\/DCxf0Ms31v\">pic.twitter.com\/DCxf0Ms31v<\/a><\/p>&mdash; Manuel Lopez San Martin (@MLopezSanMartin) <a href=\"https:\/\/twitter.com\/MLopezSanMartin\/status\/1901082978295418881?ref_src=twsrc%5Etfw\">March 16, 2025<\/a><\/blockquote><script async src=\"https:\/\/platform.twitter.com\/widgets.js\" charset=\"utf-8\"><\/script>\n<\/div><\/figure>\n\n\n\n<p>Asimismo, la invitaci\u00f3n para la vigilia, compartida en redes sociales, se\u00f1al\u00f3 que se realizar\u00eda tambi\u00e9n en varias ciudades de Aguascalientes, Michoac\u00e1n, Ciudad Ju\u00e1rez, Zacatecas, Nuevo Le\u00f3n, Hidalgo, Coahuila, Quer\u00e9taro, Tampico y Baja California.&nbsp;<\/p>\n\n\n\n<p>El&nbsp;<strong>rancho Izaguirre<\/strong>&nbsp;ha sido el foco de atenci\u00f3n desde que el<strong>&nbsp;colectivo Guerreros Buscadores de Jalisco<\/strong>&nbsp;denunci\u00f3, a trav\u00e9s de una transmisi\u00f3n en vivo el pasado&nbsp;7 de marzo,&nbsp;la existencia de hornos clandestinos utilizados para calcinar cuerpos humanos.&nbsp;<\/p>\n\n\n\n<p>Durante su intervenci\u00f3n, los activistas exhibieron prendas de ropa, maletas y objetos personales que podr\u00edan pertenecer a las v\u00edctimas.<\/p>\n\n\n\n<figure class=\"wp-block-image size-large\"><img loading=\"lazy\" decoding=\"async\" width=\"647\" height=\"1024\" src=\"https:\/\/quehacerpolitico.mx\/wp-content\/uploads\/2025\/03\/image-16-647x1024.jpeg\" alt=\"\" class=\"wp-image-115304\" srcset=\"https:\/\/quehacerpolitico.mx\/wp-content\/uploads\/2025\/03\/image-16-647x1024.jpeg 647w, https:\/\/quehacerpolitico.mx\/wp-content\/uploads\/2025\/03\/image-16-190x300.jpeg 190w, https:\/\/quehacerpolitico.mx\/wp-content\/uploads\/2025\/03\/image-16-768x1215.jpeg 768w, https:\/\/quehacerpolitico.mx\/wp-content\/uploads\/2025\/03\/image-16-971x1536.jpeg 971w, https:\/\/quehacerpolitico.mx\/wp-content\/uploads\/2025\/03\/image-16-1024x1620.jpeg 1024w, https:\/\/quehacerpolitico.mx\/wp-content\/uploads\/2025\/03\/image-16.jpeg 1284w\" sizes=\"auto, (max-width: 647px) 100vw, 647px\" \/><figcaption class=\"wp-element-caption\">Screenshot<\/figcaption><\/figure>\n","protected":false},"excerpt":{"rendered":"<p>Por Redacci\u00f3n QP A la convocatoria respondieron personas en todo el pa\u00eds; cabe resaltar que&#8230;<\/p>\n","protected":false},"author":2,"featured_media":115305,"comment_status":"open","ping_status":"open","sticky":false,"template":"","format":"standard","meta":{"_monsterinsights_skip_tracking":false,"_monsterinsights_sitenote_active":false,"_monsterinsights_sitenote_note":"","_monsterinsights_sitenote_category":0,"footnotes":""},"categories":[280,2],"tags":[],"class_list":["post-115303","post","type-post","status-publish","format-standard","has-post-thumbnail","hentry","category-nacionales","category-noticias"],"yoast_head":"<!-- This site is optimized with the Yoast SEO plugin v27.3 - https:\/\/yoast.com\/product\/yoast-seo-wordpress\/ -->\n<title>&quot;No nos mueve un proyecto pol\u00edtico ni favorable ni contrario al suyo (\u2026) pero es hora de que nos mire de frente y asuma la responsabilidad gritando en palacio entre zapatos y velas, por las v\u00edctimas de Teuchitl\u00e1n -<\/title>\n<meta name=\"robots\" content=\"index, follow, max-snippet:-1, max-image-preview:large, max-video-preview:-1\" \/>\n<link rel=\"canonical\" href=\"https:\/\/quehacerpolitico.mx\/?p=115303\" \/>\n<meta property=\"og:locale\" content=\"es_MX\" \/>\n<meta property=\"og:type\" content=\"article\" \/>\n<meta property=\"og:title\" content=\"&quot;No nos mueve un proyecto pol\u00edtico ni favorable ni contrario al suyo (\u2026) pero es hora de que nos mire de frente y asuma la responsabilidad gritando en palacio entre zapatos y velas, por las v\u00edctimas de Teuchitl\u00e1n -\" \/>\n<meta property=\"og:description\" content=\"Por Redacci\u00f3n QP A la convocatoria respondieron personas en todo el pa\u00eds; cabe resaltar que...\" \/>\n<meta property=\"og:url\" content=\"https:\/\/quehacerpolitico.mx\/?p=115303\" \/>\n<meta property=\"article:published_time\" content=\"2025-03-16T02:12:05+00:00\" \/>\n<meta property=\"article:modified_time\" content=\"2025-03-16T02:12:08+00:00\" \/>\n<meta property=\"og:image\" content=\"https:\/\/quehacerpolitico.mx\/wp-content\/uploads\/2025\/03\/IMG_1227.webp\" \/>\n\t<meta property=\"og:image:width\" content=\"960\" \/>\n\t<meta property=\"og:image:height\" content=\"540\" \/>\n\t<meta property=\"og:image:type\" content=\"image\/webp\" \/>\n<meta name=\"author\" content=\"Redacci\u00f3n QP\" \/>\n<meta name=\"twitter:card\" content=\"summary_large_image\" \/>\n<meta name=\"twitter:label1\" content=\"Escrito por\" \/>\n\t<meta name=\"twitter:data1\" content=\"Redacci\u00f3n QP\" \/>\n\t<meta name=\"twitter:label2\" content=\"Tiempo de lectura\" \/>\n\t<meta name=\"twitter:data2\" content=\"2 minutos\" \/>\n<script type=\"application\/ld+json\" class=\"yoast-schema-graph\">{\"@context\":\"https:\\\/\\\/schema.org\",\"@graph\":[{\"@type\":\"Article\",\"@id\":\"https:\\\/\\\/quehacerpolitico.mx\\\/?p=115303#article\",\"isPartOf\":{\"@id\":\"https:\\\/\\\/quehacerpolitico.mx\\\/?p=115303\"},\"author\":{\"name\":\"Redacci\u00f3n QP\",\"@id\":\"https:\\\/\\\/quehacerpolitico.mx\\\/#\\\/schema\\\/person\\\/496d8ad2d1d3f8036101dca7ee39e585\"},\"headline\":\"&#8220;No nos mueve un proyecto pol\u00edtico ni favorable ni contrario al suyo (\u2026) pero es hora de que nos mire de frente y asuma la responsabilidad gritando en palacio entre zapatos y velas, por las v\u00edctimas de Teuchitl\u00e1n\",\"datePublished\":\"2025-03-16T02:12:05+00:00\",\"dateModified\":\"2025-03-16T02:12:08+00:00\",\"mainEntityOfPage\":{\"@id\":\"https:\\\/\\\/quehacerpolitico.mx\\\/?p=115303\"},\"wordCount\":493,\"commentCount\":0,\"image\":{\"@id\":\"https:\\\/\\\/quehacerpolitico.mx\\\/?p=115303#primaryimage\"},\"thumbnailUrl\":\"https:\\\/\\\/quehacerpolitico.mx\\\/wp-content\\\/uploads\\\/2025\\\/03\\\/IMG_1227.webp\",\"articleSection\":[\"Nacionales\",\"Noticias\"],\"inLanguage\":\"es\",\"potentialAction\":[{\"@type\":\"CommentAction\",\"name\":\"Comment\",\"target\":[\"https:\\\/\\\/quehacerpolitico.mx\\\/?p=115303#respond\"]}]},{\"@type\":\"WebPage\",\"@id\":\"https:\\\/\\\/quehacerpolitico.mx\\\/?p=115303\",\"url\":\"https:\\\/\\\/quehacerpolitico.mx\\\/?p=115303\",\"name\":\"\\\"No nos mueve un proyecto pol\u00edtico ni favorable ni contrario al suyo (\u2026) pero es hora de que nos mire de frente y asuma la responsabilidad gritando en palacio entre zapatos y velas, por las v\u00edctimas de Teuchitl\u00e1n -\",\"isPartOf\":{\"@id\":\"https:\\\/\\\/quehacerpolitico.mx\\\/#website\"},\"primaryImageOfPage\":{\"@id\":\"https:\\\/\\\/quehacerpolitico.mx\\\/?p=115303#primaryimage\"},\"image\":{\"@id\":\"https:\\\/\\\/quehacerpolitico.mx\\\/?p=115303#primaryimage\"},\"thumbnailUrl\":\"https:\\\/\\\/quehacerpolitico.mx\\\/wp-content\\\/uploads\\\/2025\\\/03\\\/IMG_1227.webp\",\"datePublished\":\"2025-03-16T02:12:05+00:00\",\"dateModified\":\"2025-03-16T02:12:08+00:00\",\"author\":{\"@id\":\"https:\\\/\\\/quehacerpolitico.mx\\\/#\\\/schema\\\/person\\\/496d8ad2d1d3f8036101dca7ee39e585\"},\"breadcrumb\":{\"@id\":\"https:\\\/\\\/quehacerpolitico.mx\\\/?p=115303#breadcrumb\"},\"inLanguage\":\"es\",\"potentialAction\":[{\"@type\":\"ReadAction\",\"target\":[\"https:\\\/\\\/quehacerpolitico.mx\\\/?p=115303\"]}]},{\"@type\":\"ImageObject\",\"inLanguage\":\"es\",\"@id\":\"https:\\\/\\\/quehacerpolitico.mx\\\/?p=115303#primaryimage\",\"url\":\"https:\\\/\\\/quehacerpolitico.mx\\\/wp-content\\\/uploads\\\/2025\\\/03\\\/IMG_1227.webp\",\"contentUrl\":\"https:\\\/\\\/quehacerpolitico.mx\\\/wp-content\\\/uploads\\\/2025\\\/03\\\/IMG_1227.webp\",\"width\":960,\"height\":540},{\"@type\":\"BreadcrumbList\",\"@id\":\"https:\\\/\\\/quehacerpolitico.mx\\\/?p=115303#breadcrumb\",\"itemListElement\":[{\"@type\":\"ListItem\",\"position\":1,\"name\":\"Inicio\",\"item\":\"https:\\\/\\\/quehacerpolitico.mx\\\/\"},{\"@type\":\"ListItem\",\"position\":2,\"name\":\"&#8220;No nos mueve un proyecto pol\u00edtico ni favorable ni contrario al suyo (\u2026) pero es hora de que nos mire de frente y asuma la responsabilidad gritando en palacio entre zapatos y velas, por las v\u00edctimas de Teuchitl\u00e1n\"}]},{\"@type\":\"WebSite\",\"@id\":\"https:\\\/\\\/quehacerpolitico.mx\\\/#website\",\"url\":\"https:\\\/\\\/quehacerpolitico.mx\\\/\",\"name\":\"\",\"description\":\"\",\"potentialAction\":[{\"@type\":\"SearchAction\",\"target\":{\"@type\":\"EntryPoint\",\"urlTemplate\":\"https:\\\/\\\/quehacerpolitico.mx\\\/?s={search_term_string}\"},\"query-input\":{\"@type\":\"PropertyValueSpecification\",\"valueRequired\":true,\"valueName\":\"search_term_string\"}}],\"inLanguage\":\"es\"},{\"@type\":\"Person\",\"@id\":\"https:\\\/\\\/quehacerpolitico.mx\\\/#\\\/schema\\\/person\\\/496d8ad2d1d3f8036101dca7ee39e585\",\"name\":\"Redacci\u00f3n QP\",\"image\":{\"@type\":\"ImageObject\",\"inLanguage\":\"es\",\"@id\":\"https:\\\/\\\/secure.gravatar.com\\\/avatar\\\/c7164ed6fdec453195284ad24a5ae5b6e1eed2b848477fa2a4787ba9adf39a41?s=96&d=mm&r=g\",\"url\":\"https:\\\/\\\/secure.gravatar.com\\\/avatar\\\/c7164ed6fdec453195284ad24a5ae5b6e1eed2b848477fa2a4787ba9adf39a41?s=96&d=mm&r=g\",\"contentUrl\":\"https:\\\/\\\/secure.gravatar.com\\\/avatar\\\/c7164ed6fdec453195284ad24a5ae5b6e1eed2b848477fa2a4787ba9adf39a41?s=96&d=mm&r=g\",\"caption\":\"Redacci\u00f3n QP\"},\"url\":\"https:\\\/\\\/quehacerpolitico.mx\\\/?author=2\"}]}<\/script>\n<!-- \/ Yoast SEO plugin. -->","yoast_head_json":{"title":"\"No nos mueve un proyecto pol\u00edtico ni favorable ni contrario al suyo (\u2026) pero es hora de que nos mire de frente y asuma la responsabilidad gritando en palacio entre zapatos y velas, por las v\u00edctimas de Teuchitl\u00e1n -","robots":{"index":"index","follow":"follow","max-snippet":"max-snippet:-1","max-image-preview":"max-image-preview:large","max-video-preview":"max-video-preview:-1"},"canonical":"https:\/\/quehacerpolitico.mx\/?p=115303","og_locale":"es_MX","og_type":"article","og_title":"\"No nos mueve un proyecto pol\u00edtico ni favorable ni contrario al suyo (\u2026) pero es hora de que nos mire de frente y asuma la responsabilidad gritando en palacio entre zapatos y velas, por las v\u00edctimas de Teuchitl\u00e1n -","og_description":"Por Redacci\u00f3n QP A la convocatoria respondieron personas en todo el pa\u00eds; cabe resaltar que...","og_url":"https:\/\/quehacerpolitico.mx\/?p=115303","article_published_time":"2025-03-16T02:12:05+00:00","article_modified_time":"2025-03-16T02:12:08+00:00","og_image":[{"width":960,"height":540,"url":"https:\/\/quehacerpolitico.mx\/wp-content\/uploads\/2025\/03\/IMG_1227.webp","type":"image\/webp"}],"author":"Redacci\u00f3n QP","twitter_card":"summary_large_image","twitter_misc":{"Escrito por":"Redacci\u00f3n QP","Tiempo de lectura":"2 minutos"},"schema":{"@context":"https:\/\/schema.org","@graph":[{"@type":"Article","@id":"https:\/\/quehacerpolitico.mx\/?p=115303#article","isPartOf":{"@id":"https:\/\/quehacerpolitico.mx\/?p=115303"},"author":{"name":"Redacci\u00f3n QP","@id":"https:\/\/quehacerpolitico.mx\/#\/schema\/person\/496d8ad2d1d3f8036101dca7ee39e585"},"headline":"&#8220;No nos mueve un proyecto pol\u00edtico ni favorable ni contrario al suyo (\u2026) pero es hora de que nos mire de frente y asuma la responsabilidad gritando en palacio entre zapatos y velas, por las v\u00edctimas de Teuchitl\u00e1n","datePublished":"2025-03-16T02:12:05+00:00","dateModified":"2025-03-16T02:12:08+00:00","mainEntityOfPage":{"@id":"https:\/\/quehacerpolitico.mx\/?p=115303"},"wordCount":493,"commentCount":0,"image":{"@id":"https:\/\/quehacerpolitico.mx\/?p=115303#primaryimage"},"thumbnailUrl":"https:\/\/quehacerpolitico.mx\/wp-content\/uploads\/2025\/03\/IMG_1227.webp","articleSection":["Nacionales","Noticias"],"inLanguage":"es","potentialAction":[{"@type":"CommentAction","name":"Comment","target":["https:\/\/quehacerpolitico.mx\/?p=115303#respond"]}]},{"@type":"WebPage","@id":"https:\/\/quehacerpolitico.mx\/?p=115303","url":"https:\/\/quehacerpolitico.mx\/?p=115303","name":"\"No nos mueve un proyecto pol\u00edtico ni favorable ni contrario al suyo (\u2026) pero es hora de que nos mire de frente y asuma la responsabilidad gritando en palacio entre zapatos y velas, por las v\u00edctimas de Teuchitl\u00e1n -","isPartOf":{"@id":"https:\/\/quehacerpolitico.mx\/#website"},"primaryImageOfPage":{"@id":"https:\/\/quehacerpolitico.mx\/?p=115303#primaryimage"},"image":{"@id":"https:\/\/quehacerpolitico.mx\/?p=115303#primaryimage"},"thumbnailUrl":"https:\/\/quehacerpolitico.mx\/wp-content\/uploads\/2025\/03\/IMG_1227.webp","datePublished":"2025-03-16T02:12:05+00:00","dateModified":"2025-03-16T02:12:08+00:00","author":{"@id":"https:\/\/quehacerpolitico.mx\/#\/schema\/person\/496d8ad2d1d3f8036101dca7ee39e585"},"breadcrumb":{"@id":"https:\/\/quehacerpolitico.mx\/?p=115303#breadcrumb"},"inLanguage":"es","potentialAction":[{"@type":"ReadAction","target":["https:\/\/quehacerpolitico.mx\/?p=115303"]}]},{"@type":"ImageObject","inLanguage":"es","@id":"https:\/\/quehacerpolitico.mx\/?p=115303#primaryimage","url":"https:\/\/quehacerpolitico.mx\/wp-content\/uploads\/2025\/03\/IMG_1227.webp","contentUrl":"https:\/\/quehacerpolitico.mx\/wp-content\/uploads\/2025\/03\/IMG_1227.webp","width":960,"height":540},{"@type":"BreadcrumbList","@id":"https:\/\/quehacerpolitico.mx\/?p=115303#breadcrumb","itemListElement":[{"@type":"ListItem","position":1,"name":"Inicio","item":"https:\/\/quehacerpolitico.mx\/"},{"@type":"ListItem","position":2,"name":"&#8220;No nos mueve un proyecto pol\u00edtico ni favorable ni contrario al suyo (\u2026) pero es hora de que nos mire de frente y asuma la responsabilidad gritando en palacio entre zapatos y velas, por las v\u00edctimas de Teuchitl\u00e1n"}]},{"@type":"WebSite","@id":"https:\/\/quehacerpolitico.mx\/#website","url":"https:\/\/quehacerpolitico.mx\/","name":"","description":"","potentialAction":[{"@type":"SearchAction","target":{"@type":"EntryPoint","urlTemplate":"https:\/\/quehacerpolitico.mx\/?s={search_term_string}"},"query-input":{"@type":"PropertyValueSpecification","valueRequired":true,"valueName":"search_term_string"}}],"inLanguage":"es"},{"@type":"Person","@id":"https:\/\/quehacerpolitico.mx\/#\/schema\/person\/496d8ad2d1d3f8036101dca7ee39e585","name":"Redacci\u00f3n QP","image":{"@type":"ImageObject","inLanguage":"es","@id":"https:\/\/secure.gravatar.com\/avatar\/c7164ed6fdec453195284ad24a5ae5b6e1eed2b848477fa2a4787ba9adf39a41?s=96&d=mm&r=g","url":"https:\/\/secure.gravatar.com\/avatar\/c7164ed6fdec453195284ad24a5ae5b6e1eed2b848477fa2a4787ba9adf39a41?s=96&d=mm&r=g","contentUrl":"https:\/\/secure.gravatar.com\/avatar\/c7164ed6fdec453195284ad24a5ae5b6e1eed2b848477fa2a4787ba9adf39a41?s=96&d=mm&r=g","caption":"Redacci\u00f3n QP"},"url":"https:\/\/quehacerpolitico.mx\/?author=2"}]}},"featured_image_urls":{"full":["https:\/\/quehacerpolitico.mx\/wp-content\/uploads\/2025\/03\/IMG_1227.webp",960,540,false],"thumbnail":["https:\/\/quehacerpolitico.mx\/wp-content\/uploads\/2025\/03\/IMG_1227-150x150.webp",150,150,true],"medium":["https:\/\/quehacerpolitico.mx\/wp-content\/uploads\/2025\/03\/IMG_1227-300x169.webp",300,169,true],"medium_large":["https:\/\/quehacerpolitico.mx\/wp-content\/uploads\/2025\/03\/IMG_1227-768x432.webp",640,360,true],"large":["https:\/\/quehacerpolitico.mx\/wp-content\/uploads\/2025\/03\/IMG_1227.webp",640,360,false],"1536x1536":["https:\/\/quehacerpolitico.mx\/wp-content\/uploads\/2025\/03\/IMG_1227.webp",960,540,false],"2048x2048":["https:\/\/quehacerpolitico.mx\/wp-content\/uploads\/2025\/03\/IMG_1227.webp",960,540,false],"covernews-featured":["https:\/\/quehacerpolitico.mx\/wp-content\/uploads\/2025\/03\/IMG_1227.webp",960,540,false],"covernews-medium":["https:\/\/quehacerpolitico.mx\/wp-content\/uploads\/2025\/03\/IMG_1227-540x340.webp",540,340,true]},"author_info":{"display_name":"Redacci\u00f3n QP","author_link":"https:\/\/quehacerpolitico.mx\/?author=2"},"category_info":"<a href=\"https:\/\/quehacerpolitico.mx\/?cat=280\" rel=\"category\">Nacionales<\/a> <a href=\"https:\/\/quehacerpolitico.mx\/?cat=2\" rel=\"category\">Noticias<\/a>","tag_info":"Noticias","comment_count":"0","_links":{"self":[{"href":"https:\/\/quehacerpolitico.mx\/index.php?rest_route=\/wp\/v2\/posts\/115303","targetHints":{"allow":["GET"]}}],"collection":[{"href":"https:\/\/quehacerpolitico.mx\/index.php?rest_route=\/wp\/v2\/posts"}],"about":[{"href":"https:\/\/quehacerpolitico.mx\/index.php?rest_route=\/wp\/v2\/types\/post"}],"author":[{"embeddable":true,"href":"https:\/\/quehacerpolitico.mx\/index.php?rest_route=\/wp\/v2\/users\/2"}],"replies":[{"embeddable":true,"href":"https:\/\/quehacerpolitico.mx\/index.php?rest_route=%2Fwp%2Fv2%2Fcomments&post=115303"}],"version-history":[{"count":1,"href":"https:\/\/quehacerpolitico.mx\/index.php?rest_route=\/wp\/v2\/posts\/115303\/revisions"}],"predecessor-version":[{"id":115306,"href":"https:\/\/quehacerpolitico.mx\/index.php?rest_route=\/wp\/v2\/posts\/115303\/revisions\/115306"}],"wp:featuredmedia":[{"embeddable":true,"href":"https:\/\/quehacerpolitico.mx\/index.php?rest_route=\/wp\/v2\/media\/115305"}],"wp:attachment":[{"href":"https:\/\/quehacerpolitico.mx\/index.php?rest_route=%2Fwp%2Fv2%2Fmedia&parent=115303"}],"wp:term":[{"taxonomy":"category","embeddable":true,"href":"https:\/\/quehacerpolitico.mx\/index.php?rest_route=%2Fwp%2Fv2%2Fcategories&post=115303"},{"taxonomy":"post_tag","embeddable":true,"href":"https:\/\/quehacerpolitico.mx\/index.php?rest_route=%2Fwp%2Fv2%2Ftags&post=115303"}],"curies":[{"name":"wp","href":"https:\/\/api.w.org\/{rel}","templated":true}]}}