{"id":115297,"date":"2025-03-14T11:17:53","date_gmt":"2025-03-14T17:17:53","guid":{"rendered":"https:\/\/quehacerpolitico.mx\/?p=115297"},"modified":"2025-03-14T11:17:56","modified_gmt":"2025-03-14T17:17:56","slug":"sheinbaum-acusa-especulacion-sobre-campo-de-exterminio-en-teuchitlan-y-pide-basarse-en-informacion-cientifica","status":"publish","type":"post","link":"https:\/\/quehacerpolitico.mx\/?p=115297","title":{"rendered":"Sheinbaum acusa especulaci\u00f3n sobre campo de exterminio en Teuchitl\u00e1n y pide basarse en informaci\u00f3n cient\u00edfica"},"content":{"rendered":"\n<p>Por Redacci\u00f3n QP<\/p>\n\n\n\n<p>Claudia Sheinbaum afirm\u00f3 que la Fiscal\u00eda General de la Rep\u00fablica har\u00e1 una investigaci\u00f3n cient\u00edfica sobre los hechos ocurridos desde septiembre, cuando se detuvo\u00a0a personas en el rancho, hasta la fecha, para as\u00ed deslindar responsabilidades<\/p>\n\n\n\n<p>La presidenta\u00a0<strong>Claudia<\/strong>\u00a0<strong>Sheinbaum<\/strong>\u00a0acus\u00f3 que\u00a0<strong>especulaci\u00f3n<\/strong>\u00a0en torno a los hallazgos del\u00a0<strong>Rancho Izaguirre en Teuchitl\u00e1n<\/strong>, Jalisco, y pidi\u00f3 esperar\u00a0<strong>pruebas cient\u00edficas para<\/strong> determinar que fue lo que pas\u00f3 en torno al presunto campo de exterminio.<\/p>\n\n\n\n<figure class=\"wp-block-embed is-type-rich is-provider-twitter wp-block-embed-twitter\"><div class=\"wp-block-embed__wrapper\">\n<blockquote class=\"twitter-tweet\" data-width=\"550\" data-dnt=\"true\"><p lang=\"es\" dir=\"ltr\"><a href=\"https:\/\/twitter.com\/hashtag\/Ma%C3%B1aneraDelPueblo?src=hash&amp;ref_src=twsrc%5Etfw\">#Ma\u00f1aneraDelPueblo<\/a>\ud83d\udcf0| La presidenta <a href=\"https:\/\/twitter.com\/Claudiashein?ref_src=twsrc%5Etfw\">@Claudiashein<\/a> critic\u00f3 a la oposici\u00f3n y a los medios de comunicaci\u00f3n por cuestionar los hallazgos en el rancho de <a href=\"https:\/\/twitter.com\/hashtag\/Teuchitl%C3%A1n?src=hash&amp;ref_src=twsrc%5Etfw\">#Teuchitl\u00e1n<\/a>, <a href=\"https:\/\/twitter.com\/hashtag\/Jalisco?src=hash&amp;ref_src=twsrc%5Etfw\">#Jalisco<\/a>, \u201ca partir de una fotograf\u00eda y de algunos testimonios\u201d. <br><br>Asimismo se\u00f1al\u00f3 que con este asunto, se revivi\u00f3 el\u2026 <a href=\"https:\/\/t.co\/za4qXrICPb\">pic.twitter.com\/za4qXrICPb<\/a><\/p>&mdash; Azucena Uresti (@azucenau) <a href=\"https:\/\/twitter.com\/azucenau\/status\/1900559055002988836?ref_src=twsrc%5Etfw\">March 14, 2025<\/a><\/blockquote><script async src=\"https:\/\/platform.twitter.com\/widgets.js\" charset=\"utf-8\"><\/script>\n<\/div><\/figure>\n\n\n\n<p>&#8220;Esp\u00e9rense a la informaci\u00f3n, ayer estuvo ah\u00ed la Comisi\u00f3n de B\u00fasqueda de la Secretar\u00eda de Gobernaci\u00f3n y ya entr\u00f3 la Fiscal\u00eda General de la Rep\u00fablica en coordinaci\u00f3n con la fiscal\u00eda estatal y le ped\u00ed al fiscal (Alejandro Gertz Manero)&nbsp;que la pr\u00f3xima semana venga aqu\u00ed a la ma\u00f1anera a informar qu\u00e9 es lo que encontraron ah\u00ed&#8221;, dijo la mandataria este viernes.<\/p>\n\n\n\n<p>Sheinbaum afirm\u00f3 que la FGR har\u00e1 la\u00a0<strong>investigaci\u00f3n<\/strong>\u00a0<strong>cient\u00edfica<\/strong>\u00a0para deslindar responsabilidades desde septiembre, cuando se detuvo\u00a0a personas en el rancho, hasta el d\u00eda en que el colectivo de Guerreros Buscadores de Jalisco revel\u00f3 que hab\u00eda tres crematorios y cientos de prendas en el predio.<\/p>\n\n\n\n<p>&#8220;\u00bfCu\u00e1ntos d\u00edas llevamos con un tema donde ya hay todas las especulaciones y&nbsp;campo de exterminio?, que se d\u00e9 la informaci\u00f3n basada en evidencia cient\u00edfica&#8221;, afirm\u00f3, y record\u00f3 que en el caso de Tamaulipas se trat\u00f3 de un&nbsp;<strong>crematorio con licencia para trabajar.&nbsp;<\/strong><\/p>\n\n\n\n<p>&#8220;Repito, nuestra solidaridad siempre con las v\u00edctimas de familiares desaparecidos y el trabajo que estamos haciendo para poder apoyar en la b\u00fasqueda y al mismo tiempo que este delito tan terrible, pues disminuya&#8221;, declar\u00f3 Claudia Sheinbaum.<\/p>\n\n\n\n<figure class=\"wp-block-embed is-type-rich is-provider-twitter wp-block-embed-twitter\"><div class=\"wp-block-embed__wrapper\">\n<blockquote class=\"twitter-tweet\" data-width=\"550\" data-dnt=\"true\"><p lang=\"es\" dir=\"ltr\"><a href=\"https:\/\/twitter.com\/hashtag\/Ma%C3%B1aneraDelPueblo?src=hash&amp;ref_src=twsrc%5Etfw\">#Ma\u00f1aneraDelPueblo<\/a> \ud83d\udcf0| La presidenta <a href=\"https:\/\/twitter.com\/Claudiashein?ref_src=twsrc%5Etfw\">@Claudiashein<\/a> dijo que mantendr\u00e1 siempre su solidaridad con las v\u00edctimas de familiares de desaparecidos. <br><br>Neg\u00f3 que haya m\u00e1s desaparecidos que homicidios. Y sobre el caso de Teuchitl\u00e1n, dijo que toda la informaci\u00f3n se dar\u00e1 a conocer la pr\u00f3xima\u2026 <a href=\"https:\/\/t.co\/0iRjGh8i6e\">pic.twitter.com\/0iRjGh8i6e<\/a><\/p>&mdash; Azucena Uresti (@azucenau) <a href=\"https:\/\/twitter.com\/azucenau\/status\/1900562373733167292?ref_src=twsrc%5Etfw\">March 14, 2025<\/a><\/blockquote><script async src=\"https:\/\/platform.twitter.com\/widgets.js\" charset=\"utf-8\"><\/script>\n<\/div><\/figure>\n\n\n\n<p>De acuerdo con una plataforma digital creada por activistas, fueron localizados&nbsp;495 art\u00edculos en el<strong>&nbsp;Rancho de&nbsp;Izaguirre<\/strong>, las cuales podr\u00edan corresponder a personas que desaparecieron en la regi\u00f3n de&nbsp;<strong>Jalisco<\/strong>.&nbsp;<\/p>\n\n\n\n<p>El colectivo<strong>&nbsp;Guerreros Buscadores de Jalisco&nbsp;<\/strong>hizo una transmisi\u00f3n en vivo en sus redes sociales el pasado 7 de marzo, en el que mostraban diversas prendas, zapatos y art\u00edculos de valor, as\u00ed como&nbsp;listados de apodos agrupados en 12 bloques de 10 personas y acus\u00f3 que se tratara de un centro de adiestramiento.&nbsp;<\/p>\n\n\n\n<p>El colectivo denunci\u00f3&nbsp;que el rancho ubicado a una hora de Guadalajara era usado como un&nbsp;<strong>centro de adiestramiento<\/strong>&nbsp;para nuevos reclutas del&nbsp;C\u00e1rtel Jalisco Nueva Generaci\u00f3n, y en caso de no pasar las pruebas, eran asesinados.<\/p>\n","protected":false},"excerpt":{"rendered":"<p>Por Redacci\u00f3n QP Claudia Sheinbaum afirm\u00f3 que la Fiscal\u00eda General de la Rep\u00fablica har\u00e1 una&#8230;<\/p>\n","protected":false},"author":2,"featured_media":115298,"comment_status":"open","ping_status":"open","sticky":false,"template":"","format":"standard","meta":{"_monsterinsights_skip_tracking":false,"_monsterinsights_sitenote_active":false,"_monsterinsights_sitenote_note":"","_monsterinsights_sitenote_category":0,"footnotes":""},"categories":[280,2],"tags":[],"class_list":["post-115297","post","type-post","status-publish","format-standard","has-post-thumbnail","hentry","category-nacionales","category-noticias"],"yoast_head":"<!-- This site is optimized with the Yoast SEO plugin v27.3 - https:\/\/yoast.com\/product\/yoast-seo-wordpress\/ -->\n<title>Sheinbaum acusa especulaci\u00f3n sobre campo de exterminio en Teuchitl\u00e1n y pide basarse en informaci\u00f3n cient\u00edfica -<\/title>\n<meta name=\"robots\" content=\"index, follow, max-snippet:-1, max-image-preview:large, max-video-preview:-1\" \/>\n<link rel=\"canonical\" href=\"https:\/\/quehacerpolitico.mx\/?p=115297\" \/>\n<meta property=\"og:locale\" content=\"es_MX\" \/>\n<meta property=\"og:type\" content=\"article\" \/>\n<meta property=\"og:title\" content=\"Sheinbaum acusa especulaci\u00f3n sobre campo de exterminio en Teuchitl\u00e1n y pide basarse en informaci\u00f3n cient\u00edfica -\" \/>\n<meta property=\"og:description\" content=\"Por Redacci\u00f3n QP Claudia Sheinbaum afirm\u00f3 que la Fiscal\u00eda General de la Rep\u00fablica har\u00e1 una...\" \/>\n<meta property=\"og:url\" content=\"https:\/\/quehacerpolitico.mx\/?p=115297\" \/>\n<meta property=\"article:published_time\" content=\"2025-03-14T17:17:53+00:00\" \/>\n<meta property=\"article:modified_time\" content=\"2025-03-14T17:17:56+00:00\" \/>\n<meta property=\"og:image\" content=\"https:\/\/quehacerpolitico.mx\/wp-content\/uploads\/2025\/03\/IMG_1204.jpeg\" \/>\n\t<meta property=\"og:image:width\" content=\"1284\" \/>\n\t<meta property=\"og:image:height\" content=\"710\" \/>\n\t<meta property=\"og:image:type\" content=\"image\/jpeg\" \/>\n<meta name=\"author\" content=\"Redacci\u00f3n QP\" \/>\n<meta name=\"twitter:card\" content=\"summary_large_image\" \/>\n<meta name=\"twitter:label1\" content=\"Escrito por\" \/>\n\t<meta name=\"twitter:data1\" content=\"Redacci\u00f3n QP\" \/>\n\t<meta name=\"twitter:label2\" content=\"Tiempo de lectura\" \/>\n\t<meta name=\"twitter:data2\" content=\"2 minutos\" \/>\n<script type=\"application\/ld+json\" class=\"yoast-schema-graph\">{\"@context\":\"https:\\\/\\\/schema.org\",\"@graph\":[{\"@type\":\"Article\",\"@id\":\"https:\\\/\\\/quehacerpolitico.mx\\\/?p=115297#article\",\"isPartOf\":{\"@id\":\"https:\\\/\\\/quehacerpolitico.mx\\\/?p=115297\"},\"author\":{\"name\":\"Redacci\u00f3n QP\",\"@id\":\"https:\\\/\\\/quehacerpolitico.mx\\\/#\\\/schema\\\/person\\\/496d8ad2d1d3f8036101dca7ee39e585\"},\"headline\":\"Sheinbaum acusa especulaci\u00f3n sobre campo de exterminio en Teuchitl\u00e1n y pide basarse en informaci\u00f3n cient\u00edfica\",\"datePublished\":\"2025-03-14T17:17:53+00:00\",\"dateModified\":\"2025-03-14T17:17:56+00:00\",\"mainEntityOfPage\":{\"@id\":\"https:\\\/\\\/quehacerpolitico.mx\\\/?p=115297\"},\"wordCount\":473,\"commentCount\":0,\"image\":{\"@id\":\"https:\\\/\\\/quehacerpolitico.mx\\\/?p=115297#primaryimage\"},\"thumbnailUrl\":\"https:\\\/\\\/quehacerpolitico.mx\\\/wp-content\\\/uploads\\\/2025\\\/03\\\/IMG_1204.jpeg\",\"articleSection\":[\"Nacionales\",\"Noticias\"],\"inLanguage\":\"es\",\"potentialAction\":[{\"@type\":\"CommentAction\",\"name\":\"Comment\",\"target\":[\"https:\\\/\\\/quehacerpolitico.mx\\\/?p=115297#respond\"]}]},{\"@type\":\"WebPage\",\"@id\":\"https:\\\/\\\/quehacerpolitico.mx\\\/?p=115297\",\"url\":\"https:\\\/\\\/quehacerpolitico.mx\\\/?p=115297\",\"name\":\"Sheinbaum acusa especulaci\u00f3n sobre campo de exterminio en Teuchitl\u00e1n y pide basarse en informaci\u00f3n cient\u00edfica -\",\"isPartOf\":{\"@id\":\"https:\\\/\\\/quehacerpolitico.mx\\\/#website\"},\"primaryImageOfPage\":{\"@id\":\"https:\\\/\\\/quehacerpolitico.mx\\\/?p=115297#primaryimage\"},\"image\":{\"@id\":\"https:\\\/\\\/quehacerpolitico.mx\\\/?p=115297#primaryimage\"},\"thumbnailUrl\":\"https:\\\/\\\/quehacerpolitico.mx\\\/wp-content\\\/uploads\\\/2025\\\/03\\\/IMG_1204.jpeg\",\"datePublished\":\"2025-03-14T17:17:53+00:00\",\"dateModified\":\"2025-03-14T17:17:56+00:00\",\"author\":{\"@id\":\"https:\\\/\\\/quehacerpolitico.mx\\\/#\\\/schema\\\/person\\\/496d8ad2d1d3f8036101dca7ee39e585\"},\"breadcrumb\":{\"@id\":\"https:\\\/\\\/quehacerpolitico.mx\\\/?p=115297#breadcrumb\"},\"inLanguage\":\"es\",\"potentialAction\":[{\"@type\":\"ReadAction\",\"target\":[\"https:\\\/\\\/quehacerpolitico.mx\\\/?p=115297\"]}]},{\"@type\":\"ImageObject\",\"inLanguage\":\"es\",\"@id\":\"https:\\\/\\\/quehacerpolitico.mx\\\/?p=115297#primaryimage\",\"url\":\"https:\\\/\\\/quehacerpolitico.mx\\\/wp-content\\\/uploads\\\/2025\\\/03\\\/IMG_1204.jpeg\",\"contentUrl\":\"https:\\\/\\\/quehacerpolitico.mx\\\/wp-content\\\/uploads\\\/2025\\\/03\\\/IMG_1204.jpeg\",\"width\":1284,\"height\":710,\"caption\":\"Screenshot\"},{\"@type\":\"BreadcrumbList\",\"@id\":\"https:\\\/\\\/quehacerpolitico.mx\\\/?p=115297#breadcrumb\",\"itemListElement\":[{\"@type\":\"ListItem\",\"position\":1,\"name\":\"Inicio\",\"item\":\"https:\\\/\\\/quehacerpolitico.mx\\\/\"},{\"@type\":\"ListItem\",\"position\":2,\"name\":\"Sheinbaum acusa especulaci\u00f3n sobre campo de exterminio en Teuchitl\u00e1n y pide basarse en informaci\u00f3n cient\u00edfica\"}]},{\"@type\":\"WebSite\",\"@id\":\"https:\\\/\\\/quehacerpolitico.mx\\\/#website\",\"url\":\"https:\\\/\\\/quehacerpolitico.mx\\\/\",\"name\":\"\",\"description\":\"\",\"potentialAction\":[{\"@type\":\"SearchAction\",\"target\":{\"@type\":\"EntryPoint\",\"urlTemplate\":\"https:\\\/\\\/quehacerpolitico.mx\\\/?s={search_term_string}\"},\"query-input\":{\"@type\":\"PropertyValueSpecification\",\"valueRequired\":true,\"valueName\":\"search_term_string\"}}],\"inLanguage\":\"es\"},{\"@type\":\"Person\",\"@id\":\"https:\\\/\\\/quehacerpolitico.mx\\\/#\\\/schema\\\/person\\\/496d8ad2d1d3f8036101dca7ee39e585\",\"name\":\"Redacci\u00f3n QP\",\"image\":{\"@type\":\"ImageObject\",\"inLanguage\":\"es\",\"@id\":\"https:\\\/\\\/secure.gravatar.com\\\/avatar\\\/c7164ed6fdec453195284ad24a5ae5b6e1eed2b848477fa2a4787ba9adf39a41?s=96&d=mm&r=g\",\"url\":\"https:\\\/\\\/secure.gravatar.com\\\/avatar\\\/c7164ed6fdec453195284ad24a5ae5b6e1eed2b848477fa2a4787ba9adf39a41?s=96&d=mm&r=g\",\"contentUrl\":\"https:\\\/\\\/secure.gravatar.com\\\/avatar\\\/c7164ed6fdec453195284ad24a5ae5b6e1eed2b848477fa2a4787ba9adf39a41?s=96&d=mm&r=g\",\"caption\":\"Redacci\u00f3n QP\"},\"url\":\"https:\\\/\\\/quehacerpolitico.mx\\\/?author=2\"}]}<\/script>\n<!-- \/ Yoast SEO plugin. -->","yoast_head_json":{"title":"Sheinbaum acusa especulaci\u00f3n sobre campo de exterminio en Teuchitl\u00e1n y pide basarse en informaci\u00f3n cient\u00edfica -","robots":{"index":"index","follow":"follow","max-snippet":"max-snippet:-1","max-image-preview":"max-image-preview:large","max-video-preview":"max-video-preview:-1"},"canonical":"https:\/\/quehacerpolitico.mx\/?p=115297","og_locale":"es_MX","og_type":"article","og_title":"Sheinbaum acusa especulaci\u00f3n sobre campo de exterminio en Teuchitl\u00e1n y pide basarse en informaci\u00f3n cient\u00edfica -","og_description":"Por Redacci\u00f3n QP Claudia Sheinbaum afirm\u00f3 que la Fiscal\u00eda General de la Rep\u00fablica har\u00e1 una...","og_url":"https:\/\/quehacerpolitico.mx\/?p=115297","article_published_time":"2025-03-14T17:17:53+00:00","article_modified_time":"2025-03-14T17:17:56+00:00","og_image":[{"width":1284,"height":710,"url":"https:\/\/quehacerpolitico.mx\/wp-content\/uploads\/2025\/03\/IMG_1204.jpeg","type":"image\/jpeg"}],"author":"Redacci\u00f3n QP","twitter_card":"summary_large_image","twitter_misc":{"Escrito por":"Redacci\u00f3n QP","Tiempo de lectura":"2 minutos"},"schema":{"@context":"https:\/\/schema.org","@graph":[{"@type":"Article","@id":"https:\/\/quehacerpolitico.mx\/?p=115297#article","isPartOf":{"@id":"https:\/\/quehacerpolitico.mx\/?p=115297"},"author":{"name":"Redacci\u00f3n QP","@id":"https:\/\/quehacerpolitico.mx\/#\/schema\/person\/496d8ad2d1d3f8036101dca7ee39e585"},"headline":"Sheinbaum acusa especulaci\u00f3n sobre campo de exterminio en Teuchitl\u00e1n y pide basarse en informaci\u00f3n cient\u00edfica","datePublished":"2025-03-14T17:17:53+00:00","dateModified":"2025-03-14T17:17:56+00:00","mainEntityOfPage":{"@id":"https:\/\/quehacerpolitico.mx\/?p=115297"},"wordCount":473,"commentCount":0,"image":{"@id":"https:\/\/quehacerpolitico.mx\/?p=115297#primaryimage"},"thumbnailUrl":"https:\/\/quehacerpolitico.mx\/wp-content\/uploads\/2025\/03\/IMG_1204.jpeg","articleSection":["Nacionales","Noticias"],"inLanguage":"es","potentialAction":[{"@type":"CommentAction","name":"Comment","target":["https:\/\/quehacerpolitico.mx\/?p=115297#respond"]}]},{"@type":"WebPage","@id":"https:\/\/quehacerpolitico.mx\/?p=115297","url":"https:\/\/quehacerpolitico.mx\/?p=115297","name":"Sheinbaum acusa especulaci\u00f3n sobre campo de exterminio en Teuchitl\u00e1n y pide basarse en informaci\u00f3n cient\u00edfica -","isPartOf":{"@id":"https:\/\/quehacerpolitico.mx\/#website"},"primaryImageOfPage":{"@id":"https:\/\/quehacerpolitico.mx\/?p=115297#primaryimage"},"image":{"@id":"https:\/\/quehacerpolitico.mx\/?p=115297#primaryimage"},"thumbnailUrl":"https:\/\/quehacerpolitico.mx\/wp-content\/uploads\/2025\/03\/IMG_1204.jpeg","datePublished":"2025-03-14T17:17:53+00:00","dateModified":"2025-03-14T17:17:56+00:00","author":{"@id":"https:\/\/quehacerpolitico.mx\/#\/schema\/person\/496d8ad2d1d3f8036101dca7ee39e585"},"breadcrumb":{"@id":"https:\/\/quehacerpolitico.mx\/?p=115297#breadcrumb"},"inLanguage":"es","potentialAction":[{"@type":"ReadAction","target":["https:\/\/quehacerpolitico.mx\/?p=115297"]}]},{"@type":"ImageObject","inLanguage":"es","@id":"https:\/\/quehacerpolitico.mx\/?p=115297#primaryimage","url":"https:\/\/quehacerpolitico.mx\/wp-content\/uploads\/2025\/03\/IMG_1204.jpeg","contentUrl":"https:\/\/quehacerpolitico.mx\/wp-content\/uploads\/2025\/03\/IMG_1204.jpeg","width":1284,"height":710,"caption":"Screenshot"},{"@type":"BreadcrumbList","@id":"https:\/\/quehacerpolitico.mx\/?p=115297#breadcrumb","itemListElement":[{"@type":"ListItem","position":1,"name":"Inicio","item":"https:\/\/quehacerpolitico.mx\/"},{"@type":"ListItem","position":2,"name":"Sheinbaum acusa especulaci\u00f3n sobre campo de exterminio en Teuchitl\u00e1n y pide basarse en informaci\u00f3n cient\u00edfica"}]},{"@type":"WebSite","@id":"https:\/\/quehacerpolitico.mx\/#website","url":"https:\/\/quehacerpolitico.mx\/","name":"","description":"","potentialAction":[{"@type":"SearchAction","target":{"@type":"EntryPoint","urlTemplate":"https:\/\/quehacerpolitico.mx\/?s={search_term_string}"},"query-input":{"@type":"PropertyValueSpecification","valueRequired":true,"valueName":"search_term_string"}}],"inLanguage":"es"},{"@type":"Person","@id":"https:\/\/quehacerpolitico.mx\/#\/schema\/person\/496d8ad2d1d3f8036101dca7ee39e585","name":"Redacci\u00f3n QP","image":{"@type":"ImageObject","inLanguage":"es","@id":"https:\/\/secure.gravatar.com\/avatar\/c7164ed6fdec453195284ad24a5ae5b6e1eed2b848477fa2a4787ba9adf39a41?s=96&d=mm&r=g","url":"https:\/\/secure.gravatar.com\/avatar\/c7164ed6fdec453195284ad24a5ae5b6e1eed2b848477fa2a4787ba9adf39a41?s=96&d=mm&r=g","contentUrl":"https:\/\/secure.gravatar.com\/avatar\/c7164ed6fdec453195284ad24a5ae5b6e1eed2b848477fa2a4787ba9adf39a41?s=96&d=mm&r=g","caption":"Redacci\u00f3n QP"},"url":"https:\/\/quehacerpolitico.mx\/?author=2"}]}},"featured_image_urls":{"full":["https:\/\/quehacerpolitico.mx\/wp-content\/uploads\/2025\/03\/IMG_1204.jpeg",1284,710,false],"thumbnail":["https:\/\/quehacerpolitico.mx\/wp-content\/uploads\/2025\/03\/IMG_1204-150x150.jpeg",150,150,true],"medium":["https:\/\/quehacerpolitico.mx\/wp-content\/uploads\/2025\/03\/IMG_1204-300x166.jpeg",300,166,true],"medium_large":["https:\/\/quehacerpolitico.mx\/wp-content\/uploads\/2025\/03\/IMG_1204-768x425.jpeg",640,354,true],"large":["https:\/\/quehacerpolitico.mx\/wp-content\/uploads\/2025\/03\/IMG_1204-1024x566.jpeg",640,354,true],"1536x1536":["https:\/\/quehacerpolitico.mx\/wp-content\/uploads\/2025\/03\/IMG_1204.jpeg",1284,710,false],"2048x2048":["https:\/\/quehacerpolitico.mx\/wp-content\/uploads\/2025\/03\/IMG_1204.jpeg",1284,710,false],"covernews-featured":["https:\/\/quehacerpolitico.mx\/wp-content\/uploads\/2025\/03\/IMG_1204-1024x566.jpeg",1024,566,true],"covernews-medium":["https:\/\/quehacerpolitico.mx\/wp-content\/uploads\/2025\/03\/IMG_1204-540x340.jpeg",540,340,true]},"author_info":{"display_name":"Redacci\u00f3n QP","author_link":"https:\/\/quehacerpolitico.mx\/?author=2"},"category_info":"<a href=\"https:\/\/quehacerpolitico.mx\/?cat=280\" rel=\"category\">Nacionales<\/a> <a href=\"https:\/\/quehacerpolitico.mx\/?cat=2\" rel=\"category\">Noticias<\/a>","tag_info":"Noticias","comment_count":"0","_links":{"self":[{"href":"https:\/\/quehacerpolitico.mx\/index.php?rest_route=\/wp\/v2\/posts\/115297","targetHints":{"allow":["GET"]}}],"collection":[{"href":"https:\/\/quehacerpolitico.mx\/index.php?rest_route=\/wp\/v2\/posts"}],"about":[{"href":"https:\/\/quehacerpolitico.mx\/index.php?rest_route=\/wp\/v2\/types\/post"}],"author":[{"embeddable":true,"href":"https:\/\/quehacerpolitico.mx\/index.php?rest_route=\/wp\/v2\/users\/2"}],"replies":[{"embeddable":true,"href":"https:\/\/quehacerpolitico.mx\/index.php?rest_route=%2Fwp%2Fv2%2Fcomments&post=115297"}],"version-history":[{"count":1,"href":"https:\/\/quehacerpolitico.mx\/index.php?rest_route=\/wp\/v2\/posts\/115297\/revisions"}],"predecessor-version":[{"id":115299,"href":"https:\/\/quehacerpolitico.mx\/index.php?rest_route=\/wp\/v2\/posts\/115297\/revisions\/115299"}],"wp:featuredmedia":[{"embeddable":true,"href":"https:\/\/quehacerpolitico.mx\/index.php?rest_route=\/wp\/v2\/media\/115298"}],"wp:attachment":[{"href":"https:\/\/quehacerpolitico.mx\/index.php?rest_route=%2Fwp%2Fv2%2Fmedia&parent=115297"}],"wp:term":[{"taxonomy":"category","embeddable":true,"href":"https:\/\/quehacerpolitico.mx\/index.php?rest_route=%2Fwp%2Fv2%2Fcategories&post=115297"},{"taxonomy":"post_tag","embeddable":true,"href":"https:\/\/quehacerpolitico.mx\/index.php?rest_route=%2Fwp%2Fv2%2Ftags&post=115297"}],"curies":[{"name":"wp","href":"https:\/\/api.w.org\/{rel}","templated":true}]}}