{"id":115293,"date":"2025-03-14T10:25:14","date_gmt":"2025-03-14T16:25:14","guid":{"rendered":"https:\/\/quehacerpolitico.mx\/?p=115293"},"modified":"2025-03-14T10:25:40","modified_gmt":"2025-03-14T16:25:40","slug":"no-esta-sobre-la-mesa-sheinbaum-rechaza-postura-de-estados-unidos-sobre-posibles-acciones-militares-contra-carteles","status":"publish","type":"post","link":"https:\/\/quehacerpolitico.mx\/?p=115293","title":{"rendered":"&#8220;No est\u00e1 sobre la mesa&#8221;: Sheinbaum rechaza postura de Estados Unidos sobre posibles acciones militares contra c\u00e1rteles"},"content":{"rendered":"\n<p>Por Redacci\u00f3n QP<\/p>\n\n\n\n<p>La presidenta respondi\u00f3 a las declaraciones del pr\u00f3ximo embajador del vecino pa\u00eds en M\u00e9xico, quien dijo que trat\u00e1ndose de la seguridad de los ciudadanos, &#8220;todas las cartas est\u00e1n sobre la mesa&#8221;<\/p>\n\n\n\n<p>La presidenta&nbsp;<strong>Claudia Sheinbaum<\/strong>&nbsp;rechaz\u00f3 las declaraciones del pr\u00f3ximo embajador de Estados Unidos en M\u00e9xico,&nbsp;<strong>Ronald Jhonson<\/strong>, quien no descart\u00f3&nbsp;<strong>acciones militares contra los c\u00e1rteles mexicanos&nbsp;<\/strong>y dijo que trat\u00e1ndose de la seguridad de los ciudadanos, &#8220;todas las cartas est\u00e1n sobre la mesa&#8221;.<\/p>\n\n\n\n<p>Al respecto, la mandataria dijo: &#8220;Pues&nbsp;<strong>no estamos de acuerdo<\/strong>. \u00c9l dijo&nbsp;&#8216;todo est\u00e1 sobre la mesa&#8217;,&nbsp;pues no, eso&nbsp;<strong>no est\u00e1 sobre la mesa, ni sobre la silla, ni sobre el piso<\/strong>, ni sobre ning\u00fan lado.&nbsp;Eso no&#8221;.<\/p>\n\n\n\n<figure class=\"wp-block-embed is-type-rich is-provider-twitter wp-block-embed-twitter\"><div class=\"wp-block-embed__wrapper\">\n<blockquote class=\"twitter-tweet\" data-width=\"550\" data-dnt=\"true\"><p lang=\"es\" dir=\"ltr\">Revira <a href=\"https:\/\/twitter.com\/Claudiashein?ref_src=twsrc%5Etfw\">@Claudiashein<\/a> al pr\u00f3ximo embajador de EU en M\u00e9xico.<br><br>La intervenci\u00f3n militar de <a href=\"https:\/\/twitter.com\/hashtag\/EU?src=hash&amp;ref_src=twsrc%5Etfw\">#EU<\/a> contra los c\u00e1rteles en M\u00e9xico &quot;no est\u00e1 sobre la mesa, ni sobre la silla, ni sobre el piso, ni sobre ning\u00fan lado, eso no&quot;, le dice a Ronald Johnson. <a href=\"https:\/\/t.co\/CqFyvYH1m1\">pic.twitter.com\/CqFyvYH1m1<\/a><\/p>&mdash; Manuel Lopez San Martin (@MLopezSanMartin) <a href=\"https:\/\/twitter.com\/MLopezSanMartin\/status\/1900559684815519979?ref_src=twsrc%5Etfw\">March 14, 2025<\/a><\/blockquote><script async src=\"https:\/\/platform.twitter.com\/widgets.js\" charset=\"utf-8\"><\/script>\n<\/div><\/figure>\n\n\n\n<p>Agreg\u00f3 que entre ambos pa\u00edses hay colaboraci\u00f3n &#8220;en un marco de respeto, nos coordinamos&#8221;.<\/p>\n\n\n\n<p>Entonces, prosigui\u00f3, &#8220;vamos a seguir colaborando, coordin\u00e1ndonos; de ratificarse en el Senado, pues habr\u00e1 buena relaci\u00f3n con el embajador, pero pues como hemos dicho,&nbsp;<strong>a M\u00e9xico se le respeta<\/strong>&#8220;.<\/p>\n\n\n\n<p>Ayer, Ronald Johnson,&nbsp;nominado del presidente&nbsp;<strong>Donald Trump&nbsp;<\/strong>como embajador de Estados Unidos en el pa\u00eds, no descart\u00f3&nbsp;acciones militares contra los c\u00e1rteles, reci\u00e9n declarados como&nbsp;<strong>organizaciones terroristas<\/strong>, aunque&nbsp;confi\u00f3 en mantener la colaboraci\u00f3n con \u201cnuestros socios mexicanos\u201d.&nbsp;<\/p>\n\n\n\n<p>&#8220;Creo que cualquier decisi\u00f3n de tomar medidas contra el c\u00e1rtel en M\u00e9xico, nuestro primer deseo ser\u00eda que se hiciera&nbsp;<strong>en colaboraci\u00f3n con M\u00e9xico<\/strong>&#8220;, dijo durante su comparecencia ante&nbsp;el&nbsp;<strong>Comit\u00e9 de Relaciones Exteriores&nbsp;<\/strong>del Senado.<\/p>\n\n\n\n<p>Sin embargo, tambi\u00e9n consider\u00f3 que &#8220;si llegara el caso de que la vida de los ciudadanos estadounidenses estuviera en riesgo,&nbsp;<strong>creo que&nbsp;todas las cartas est\u00e1n sobre la mesa<\/strong>&#8220;.&nbsp;<\/p>\n\n\n\n<p>Respecto a la reciente reuni\u00f3n entre el canciller&nbsp;<strong>Juan Ram\u00f3n de la Fuente&nbsp;<\/strong>y el secretario de Estado estadounidense,&nbsp;<strong>Marco Rubio<\/strong>, dijo que se habl\u00f3&nbsp;de una coordinaci\u00f3n y colaboraci\u00f3n en informaci\u00f3n en inteligencia y en investigaci\u00f3n en el marco de nuestras soberan\u00edas, &#8220;que nos permita a cada quien actuar dentro de sus pa\u00edses, como lo hemos dicho&#8221;.&nbsp;<\/p>\n\n\n\n<p>Se\u00f1al\u00f3 que &#8220;nosotros actuamos,&nbsp;<strong>trabajamos todos los d\u00edas por la seguridad de nuestro pa\u00eds y por la construcci\u00f3n de la paz<\/strong>, y a ellos les toca tambi\u00e9n de su lado actuar. Como lo hemos dicho muchas veces, la distribuci\u00f3n de droga en Estados Unidos se hace all\u00e1 y&nbsp;ese es un delito&#8221;.&nbsp;<\/p>\n\n\n\n<p>Dijo que en los acuerdos con el vecino pa\u00eds &#8220;tambi\u00e9n se habla de la parte de prevenci\u00f3n, de c\u00f3mo hacer campa\u00f1as, atender a los j\u00f3venes para evitar que caiga en las adicciones, que caigan en los grupos delictivos, y tambi\u00e9n se habla, lo dijo ayer&nbsp;<strong>Marco Rubio<\/strong>&nbsp;en una entrevista, y eso es bueno porque otras veces no se hab\u00eda reconocido como se reconoce ahora, de&nbsp;<strong>controlar el tr\u00e1fico de armas de Estados Unidos a M\u00e9xico<\/strong>&#8220;.<\/p>\n","protected":false},"excerpt":{"rendered":"<p>Por Redacci\u00f3n QP La presidenta respondi\u00f3 a las declaraciones del pr\u00f3ximo embajador del vecino pa\u00eds&#8230;<\/p>\n","protected":false},"author":2,"featured_media":115294,"comment_status":"open","ping_status":"open","sticky":false,"template":"","format":"standard","meta":{"_monsterinsights_skip_tracking":false,"_monsterinsights_sitenote_active":false,"_monsterinsights_sitenote_note":"","_monsterinsights_sitenote_category":0,"footnotes":""},"categories":[280,2],"tags":[],"class_list":["post-115293","post","type-post","status-publish","format-standard","has-post-thumbnail","hentry","category-nacionales","category-noticias"],"yoast_head":"<!-- This site is optimized with the Yoast SEO plugin v27.3 - https:\/\/yoast.com\/product\/yoast-seo-wordpress\/ -->\n<title>&quot;No est\u00e1 sobre la mesa&quot;: Sheinbaum rechaza postura de Estados Unidos sobre posibles acciones militares contra c\u00e1rteles -<\/title>\n<meta name=\"robots\" content=\"index, follow, max-snippet:-1, max-image-preview:large, max-video-preview:-1\" \/>\n<link rel=\"canonical\" href=\"https:\/\/quehacerpolitico.mx\/?p=115293\" \/>\n<meta property=\"og:locale\" content=\"es_MX\" \/>\n<meta property=\"og:type\" content=\"article\" \/>\n<meta property=\"og:title\" content=\"&quot;No est\u00e1 sobre la mesa&quot;: Sheinbaum rechaza postura de Estados Unidos sobre posibles acciones militares contra c\u00e1rteles -\" \/>\n<meta property=\"og:description\" content=\"Por Redacci\u00f3n QP La presidenta respondi\u00f3 a las declaraciones del pr\u00f3ximo embajador del vecino pa\u00eds...\" \/>\n<meta property=\"og:url\" content=\"https:\/\/quehacerpolitico.mx\/?p=115293\" \/>\n<meta property=\"article:published_time\" content=\"2025-03-14T16:25:14+00:00\" \/>\n<meta property=\"article:modified_time\" content=\"2025-03-14T16:25:40+00:00\" \/>\n<meta property=\"og:image\" content=\"https:\/\/quehacerpolitico.mx\/wp-content\/uploads\/2025\/03\/IMG_1201.jpeg\" \/>\n\t<meta property=\"og:image:width\" content=\"1284\" \/>\n\t<meta property=\"og:image:height\" content=\"703\" \/>\n\t<meta property=\"og:image:type\" content=\"image\/jpeg\" \/>\n<meta name=\"author\" content=\"Redacci\u00f3n QP\" \/>\n<meta name=\"twitter:card\" content=\"summary_large_image\" \/>\n<meta name=\"twitter:label1\" content=\"Escrito por\" \/>\n\t<meta name=\"twitter:data1\" content=\"Redacci\u00f3n QP\" \/>\n\t<meta name=\"twitter:label2\" content=\"Tiempo de lectura\" \/>\n\t<meta name=\"twitter:data2\" content=\"3 minutos\" \/>\n<script type=\"application\/ld+json\" class=\"yoast-schema-graph\">{\"@context\":\"https:\\\/\\\/schema.org\",\"@graph\":[{\"@type\":\"Article\",\"@id\":\"https:\\\/\\\/quehacerpolitico.mx\\\/?p=115293#article\",\"isPartOf\":{\"@id\":\"https:\\\/\\\/quehacerpolitico.mx\\\/?p=115293\"},\"author\":{\"name\":\"Redacci\u00f3n QP\",\"@id\":\"https:\\\/\\\/quehacerpolitico.mx\\\/#\\\/schema\\\/person\\\/496d8ad2d1d3f8036101dca7ee39e585\"},\"headline\":\"&#8220;No est\u00e1 sobre la mesa&#8221;: Sheinbaum rechaza postura de Estados Unidos sobre posibles acciones militares contra c\u00e1rteles\",\"datePublished\":\"2025-03-14T16:25:14+00:00\",\"dateModified\":\"2025-03-14T16:25:40+00:00\",\"mainEntityOfPage\":{\"@id\":\"https:\\\/\\\/quehacerpolitico.mx\\\/?p=115293\"},\"wordCount\":565,\"commentCount\":0,\"image\":{\"@id\":\"https:\\\/\\\/quehacerpolitico.mx\\\/?p=115293#primaryimage\"},\"thumbnailUrl\":\"https:\\\/\\\/quehacerpolitico.mx\\\/wp-content\\\/uploads\\\/2025\\\/03\\\/IMG_1201.jpeg\",\"articleSection\":[\"Nacionales\",\"Noticias\"],\"inLanguage\":\"es\",\"potentialAction\":[{\"@type\":\"CommentAction\",\"name\":\"Comment\",\"target\":[\"https:\\\/\\\/quehacerpolitico.mx\\\/?p=115293#respond\"]}]},{\"@type\":\"WebPage\",\"@id\":\"https:\\\/\\\/quehacerpolitico.mx\\\/?p=115293\",\"url\":\"https:\\\/\\\/quehacerpolitico.mx\\\/?p=115293\",\"name\":\"\\\"No est\u00e1 sobre la mesa\\\": Sheinbaum rechaza postura de Estados Unidos sobre posibles acciones militares contra c\u00e1rteles -\",\"isPartOf\":{\"@id\":\"https:\\\/\\\/quehacerpolitico.mx\\\/#website\"},\"primaryImageOfPage\":{\"@id\":\"https:\\\/\\\/quehacerpolitico.mx\\\/?p=115293#primaryimage\"},\"image\":{\"@id\":\"https:\\\/\\\/quehacerpolitico.mx\\\/?p=115293#primaryimage\"},\"thumbnailUrl\":\"https:\\\/\\\/quehacerpolitico.mx\\\/wp-content\\\/uploads\\\/2025\\\/03\\\/IMG_1201.jpeg\",\"datePublished\":\"2025-03-14T16:25:14+00:00\",\"dateModified\":\"2025-03-14T16:25:40+00:00\",\"author\":{\"@id\":\"https:\\\/\\\/quehacerpolitico.mx\\\/#\\\/schema\\\/person\\\/496d8ad2d1d3f8036101dca7ee39e585\"},\"breadcrumb\":{\"@id\":\"https:\\\/\\\/quehacerpolitico.mx\\\/?p=115293#breadcrumb\"},\"inLanguage\":\"es\",\"potentialAction\":[{\"@type\":\"ReadAction\",\"target\":[\"https:\\\/\\\/quehacerpolitico.mx\\\/?p=115293\"]}]},{\"@type\":\"ImageObject\",\"inLanguage\":\"es\",\"@id\":\"https:\\\/\\\/quehacerpolitico.mx\\\/?p=115293#primaryimage\",\"url\":\"https:\\\/\\\/quehacerpolitico.mx\\\/wp-content\\\/uploads\\\/2025\\\/03\\\/IMG_1201.jpeg\",\"contentUrl\":\"https:\\\/\\\/quehacerpolitico.mx\\\/wp-content\\\/uploads\\\/2025\\\/03\\\/IMG_1201.jpeg\",\"width\":1284,\"height\":703,\"caption\":\"Screenshot\"},{\"@type\":\"BreadcrumbList\",\"@id\":\"https:\\\/\\\/quehacerpolitico.mx\\\/?p=115293#breadcrumb\",\"itemListElement\":[{\"@type\":\"ListItem\",\"position\":1,\"name\":\"Inicio\",\"item\":\"https:\\\/\\\/quehacerpolitico.mx\\\/\"},{\"@type\":\"ListItem\",\"position\":2,\"name\":\"&#8220;No est\u00e1 sobre la mesa&#8221;: Sheinbaum rechaza postura de Estados Unidos sobre posibles acciones militares contra c\u00e1rteles\"}]},{\"@type\":\"WebSite\",\"@id\":\"https:\\\/\\\/quehacerpolitico.mx\\\/#website\",\"url\":\"https:\\\/\\\/quehacerpolitico.mx\\\/\",\"name\":\"\",\"description\":\"\",\"potentialAction\":[{\"@type\":\"SearchAction\",\"target\":{\"@type\":\"EntryPoint\",\"urlTemplate\":\"https:\\\/\\\/quehacerpolitico.mx\\\/?s={search_term_string}\"},\"query-input\":{\"@type\":\"PropertyValueSpecification\",\"valueRequired\":true,\"valueName\":\"search_term_string\"}}],\"inLanguage\":\"es\"},{\"@type\":\"Person\",\"@id\":\"https:\\\/\\\/quehacerpolitico.mx\\\/#\\\/schema\\\/person\\\/496d8ad2d1d3f8036101dca7ee39e585\",\"name\":\"Redacci\u00f3n QP\",\"image\":{\"@type\":\"ImageObject\",\"inLanguage\":\"es\",\"@id\":\"https:\\\/\\\/secure.gravatar.com\\\/avatar\\\/c7164ed6fdec453195284ad24a5ae5b6e1eed2b848477fa2a4787ba9adf39a41?s=96&d=mm&r=g\",\"url\":\"https:\\\/\\\/secure.gravatar.com\\\/avatar\\\/c7164ed6fdec453195284ad24a5ae5b6e1eed2b848477fa2a4787ba9adf39a41?s=96&d=mm&r=g\",\"contentUrl\":\"https:\\\/\\\/secure.gravatar.com\\\/avatar\\\/c7164ed6fdec453195284ad24a5ae5b6e1eed2b848477fa2a4787ba9adf39a41?s=96&d=mm&r=g\",\"caption\":\"Redacci\u00f3n QP\"},\"url\":\"https:\\\/\\\/quehacerpolitico.mx\\\/?author=2\"}]}<\/script>\n<!-- \/ Yoast SEO plugin. -->","yoast_head_json":{"title":"\"No est\u00e1 sobre la mesa\": Sheinbaum rechaza postura de Estados Unidos sobre posibles acciones militares contra c\u00e1rteles -","robots":{"index":"index","follow":"follow","max-snippet":"max-snippet:-1","max-image-preview":"max-image-preview:large","max-video-preview":"max-video-preview:-1"},"canonical":"https:\/\/quehacerpolitico.mx\/?p=115293","og_locale":"es_MX","og_type":"article","og_title":"\"No est\u00e1 sobre la mesa\": Sheinbaum rechaza postura de Estados Unidos sobre posibles acciones militares contra c\u00e1rteles -","og_description":"Por Redacci\u00f3n QP La presidenta respondi\u00f3 a las declaraciones del pr\u00f3ximo embajador del vecino pa\u00eds...","og_url":"https:\/\/quehacerpolitico.mx\/?p=115293","article_published_time":"2025-03-14T16:25:14+00:00","article_modified_time":"2025-03-14T16:25:40+00:00","og_image":[{"width":1284,"height":703,"url":"https:\/\/quehacerpolitico.mx\/wp-content\/uploads\/2025\/03\/IMG_1201.jpeg","type":"image\/jpeg"}],"author":"Redacci\u00f3n QP","twitter_card":"summary_large_image","twitter_misc":{"Escrito por":"Redacci\u00f3n QP","Tiempo de lectura":"3 minutos"},"schema":{"@context":"https:\/\/schema.org","@graph":[{"@type":"Article","@id":"https:\/\/quehacerpolitico.mx\/?p=115293#article","isPartOf":{"@id":"https:\/\/quehacerpolitico.mx\/?p=115293"},"author":{"name":"Redacci\u00f3n QP","@id":"https:\/\/quehacerpolitico.mx\/#\/schema\/person\/496d8ad2d1d3f8036101dca7ee39e585"},"headline":"&#8220;No est\u00e1 sobre la mesa&#8221;: Sheinbaum rechaza postura de Estados Unidos sobre posibles acciones militares contra c\u00e1rteles","datePublished":"2025-03-14T16:25:14+00:00","dateModified":"2025-03-14T16:25:40+00:00","mainEntityOfPage":{"@id":"https:\/\/quehacerpolitico.mx\/?p=115293"},"wordCount":565,"commentCount":0,"image":{"@id":"https:\/\/quehacerpolitico.mx\/?p=115293#primaryimage"},"thumbnailUrl":"https:\/\/quehacerpolitico.mx\/wp-content\/uploads\/2025\/03\/IMG_1201.jpeg","articleSection":["Nacionales","Noticias"],"inLanguage":"es","potentialAction":[{"@type":"CommentAction","name":"Comment","target":["https:\/\/quehacerpolitico.mx\/?p=115293#respond"]}]},{"@type":"WebPage","@id":"https:\/\/quehacerpolitico.mx\/?p=115293","url":"https:\/\/quehacerpolitico.mx\/?p=115293","name":"\"No est\u00e1 sobre la mesa\": Sheinbaum rechaza postura de Estados Unidos sobre posibles acciones militares contra c\u00e1rteles -","isPartOf":{"@id":"https:\/\/quehacerpolitico.mx\/#website"},"primaryImageOfPage":{"@id":"https:\/\/quehacerpolitico.mx\/?p=115293#primaryimage"},"image":{"@id":"https:\/\/quehacerpolitico.mx\/?p=115293#primaryimage"},"thumbnailUrl":"https:\/\/quehacerpolitico.mx\/wp-content\/uploads\/2025\/03\/IMG_1201.jpeg","datePublished":"2025-03-14T16:25:14+00:00","dateModified":"2025-03-14T16:25:40+00:00","author":{"@id":"https:\/\/quehacerpolitico.mx\/#\/schema\/person\/496d8ad2d1d3f8036101dca7ee39e585"},"breadcrumb":{"@id":"https:\/\/quehacerpolitico.mx\/?p=115293#breadcrumb"},"inLanguage":"es","potentialAction":[{"@type":"ReadAction","target":["https:\/\/quehacerpolitico.mx\/?p=115293"]}]},{"@type":"ImageObject","inLanguage":"es","@id":"https:\/\/quehacerpolitico.mx\/?p=115293#primaryimage","url":"https:\/\/quehacerpolitico.mx\/wp-content\/uploads\/2025\/03\/IMG_1201.jpeg","contentUrl":"https:\/\/quehacerpolitico.mx\/wp-content\/uploads\/2025\/03\/IMG_1201.jpeg","width":1284,"height":703,"caption":"Screenshot"},{"@type":"BreadcrumbList","@id":"https:\/\/quehacerpolitico.mx\/?p=115293#breadcrumb","itemListElement":[{"@type":"ListItem","position":1,"name":"Inicio","item":"https:\/\/quehacerpolitico.mx\/"},{"@type":"ListItem","position":2,"name":"&#8220;No est\u00e1 sobre la mesa&#8221;: Sheinbaum rechaza postura de Estados Unidos sobre posibles acciones militares contra c\u00e1rteles"}]},{"@type":"WebSite","@id":"https:\/\/quehacerpolitico.mx\/#website","url":"https:\/\/quehacerpolitico.mx\/","name":"","description":"","potentialAction":[{"@type":"SearchAction","target":{"@type":"EntryPoint","urlTemplate":"https:\/\/quehacerpolitico.mx\/?s={search_term_string}"},"query-input":{"@type":"PropertyValueSpecification","valueRequired":true,"valueName":"search_term_string"}}],"inLanguage":"es"},{"@type":"Person","@id":"https:\/\/quehacerpolitico.mx\/#\/schema\/person\/496d8ad2d1d3f8036101dca7ee39e585","name":"Redacci\u00f3n QP","image":{"@type":"ImageObject","inLanguage":"es","@id":"https:\/\/secure.gravatar.com\/avatar\/c7164ed6fdec453195284ad24a5ae5b6e1eed2b848477fa2a4787ba9adf39a41?s=96&d=mm&r=g","url":"https:\/\/secure.gravatar.com\/avatar\/c7164ed6fdec453195284ad24a5ae5b6e1eed2b848477fa2a4787ba9adf39a41?s=96&d=mm&r=g","contentUrl":"https:\/\/secure.gravatar.com\/avatar\/c7164ed6fdec453195284ad24a5ae5b6e1eed2b848477fa2a4787ba9adf39a41?s=96&d=mm&r=g","caption":"Redacci\u00f3n QP"},"url":"https:\/\/quehacerpolitico.mx\/?author=2"}]}},"featured_image_urls":{"full":["https:\/\/quehacerpolitico.mx\/wp-content\/uploads\/2025\/03\/IMG_1201.jpeg",1284,703,false],"thumbnail":["https:\/\/quehacerpolitico.mx\/wp-content\/uploads\/2025\/03\/IMG_1201-150x150.jpeg",150,150,true],"medium":["https:\/\/quehacerpolitico.mx\/wp-content\/uploads\/2025\/03\/IMG_1201-300x164.jpeg",300,164,true],"medium_large":["https:\/\/quehacerpolitico.mx\/wp-content\/uploads\/2025\/03\/IMG_1201-768x420.jpeg",640,350,true],"large":["https:\/\/quehacerpolitico.mx\/wp-content\/uploads\/2025\/03\/IMG_1201-1024x561.jpeg",640,351,true],"1536x1536":["https:\/\/quehacerpolitico.mx\/wp-content\/uploads\/2025\/03\/IMG_1201.jpeg",1284,703,false],"2048x2048":["https:\/\/quehacerpolitico.mx\/wp-content\/uploads\/2025\/03\/IMG_1201.jpeg",1284,703,false],"covernews-featured":["https:\/\/quehacerpolitico.mx\/wp-content\/uploads\/2025\/03\/IMG_1201-1024x561.jpeg",1024,561,true],"covernews-medium":["https:\/\/quehacerpolitico.mx\/wp-content\/uploads\/2025\/03\/IMG_1201-540x340.jpeg",540,340,true]},"author_info":{"display_name":"Redacci\u00f3n QP","author_link":"https:\/\/quehacerpolitico.mx\/?author=2"},"category_info":"<a href=\"https:\/\/quehacerpolitico.mx\/?cat=280\" rel=\"category\">Nacionales<\/a> <a href=\"https:\/\/quehacerpolitico.mx\/?cat=2\" rel=\"category\">Noticias<\/a>","tag_info":"Noticias","comment_count":"0","_links":{"self":[{"href":"https:\/\/quehacerpolitico.mx\/index.php?rest_route=\/wp\/v2\/posts\/115293","targetHints":{"allow":["GET"]}}],"collection":[{"href":"https:\/\/quehacerpolitico.mx\/index.php?rest_route=\/wp\/v2\/posts"}],"about":[{"href":"https:\/\/quehacerpolitico.mx\/index.php?rest_route=\/wp\/v2\/types\/post"}],"author":[{"embeddable":true,"href":"https:\/\/quehacerpolitico.mx\/index.php?rest_route=\/wp\/v2\/users\/2"}],"replies":[{"embeddable":true,"href":"https:\/\/quehacerpolitico.mx\/index.php?rest_route=%2Fwp%2Fv2%2Fcomments&post=115293"}],"version-history":[{"count":1,"href":"https:\/\/quehacerpolitico.mx\/index.php?rest_route=\/wp\/v2\/posts\/115293\/revisions"}],"predecessor-version":[{"id":115295,"href":"https:\/\/quehacerpolitico.mx\/index.php?rest_route=\/wp\/v2\/posts\/115293\/revisions\/115295"}],"wp:featuredmedia":[{"embeddable":true,"href":"https:\/\/quehacerpolitico.mx\/index.php?rest_route=\/wp\/v2\/media\/115294"}],"wp:attachment":[{"href":"https:\/\/quehacerpolitico.mx\/index.php?rest_route=%2Fwp%2Fv2%2Fmedia&parent=115293"}],"wp:term":[{"taxonomy":"category","embeddable":true,"href":"https:\/\/quehacerpolitico.mx\/index.php?rest_route=%2Fwp%2Fv2%2Fcategories&post=115293"},{"taxonomy":"post_tag","embeddable":true,"href":"https:\/\/quehacerpolitico.mx\/index.php?rest_route=%2Fwp%2Fv2%2Ftags&post=115293"}],"curies":[{"name":"wp","href":"https:\/\/api.w.org\/{rel}","templated":true}]}}