{"id":115270,"date":"2025-03-12T12:53:13","date_gmt":"2025-03-12T18:53:13","guid":{"rendered":"https:\/\/quehacerpolitico.mx\/?p=115270"},"modified":"2025-03-12T12:53:16","modified_gmt":"2025-03-12T18:53:16","slug":"las-marchas-en-la-cdmx-para-hoy-12-de-marzo-del-2025","status":"publish","type":"post","link":"https:\/\/quehacerpolitico.mx\/?p=115270","title":{"rendered":"Las marchas en la CDMX para hoy 12 de marzo del 2025"},"content":{"rendered":"\n<p>Por Redacci\u00f3n QP<\/p>\n\n\n\n<p>Se invita a los ciudadanos capitalinos a tomar precauciones<\/p>\n\n\n\n<p>A trav\u00e9s del Centro de Comando, Control, C\u00f3mputo, Comunicaciones y Contacto Ciudadano de la Ciudad de M\u00e9xico (C5), se dio a conocer que&nbsp;<mark><strong>este mi\u00e9rcoles 12 de marzo se prev\u00e9n manifestaciones en la Ciudad de M\u00e9xico,<\/strong><\/mark>&nbsp;por lo que se invita a los ciudadanos capitalinos a tomar precauciones.<\/p>\n\n\n\n<figure class=\"wp-block-embed is-type-rich is-provider-twitter wp-block-embed-twitter\"><div class=\"wp-block-embed__wrapper\">\n<blockquote class=\"twitter-tweet\" data-width=\"550\" data-dnt=\"true\"><p lang=\"es\" dir=\"ltr\">\u26a0\ud83d\uddd3 <a href=\"https:\/\/twitter.com\/hashtag\/ENT%C3%89RATE?src=hash&amp;ref_src=twsrc%5Etfw\">#ENT\u00c9RATE<\/a> | Para hoy, 12 de marzo 2025, estas son las movilizaciones sociales previstas en la Ciudad de M\u00e9xico. <a href=\"https:\/\/twitter.com\/hashtag\/C5ConConfianza?src=hash&amp;ref_src=twsrc%5Etfw\">#C5ConConfianza<\/a> <a href=\"https:\/\/twitter.com\/hashtag\/MovilidadCDMX?src=hash&amp;ref_src=twsrc%5Etfw\">#MovilidadCDMX<\/a> <a href=\"https:\/\/twitter.com\/hashtag\/C5OjosDeLaCDMX?src=hash&amp;ref_src=twsrc%5Etfw\">#C5OjosDeLaCDMX<\/a> \ud83d\udc40 <a href=\"https:\/\/twitter.com\/hashtag\/C5Coraz%C3%B3nDeLaCDMX?src=hash&amp;ref_src=twsrc%5Etfw\">#C5Coraz\u00f3nDeLaCDMX<\/a> <a href=\"https:\/\/t.co\/AKu2pUx2c1\">pic.twitter.com\/AKu2pUx2c1<\/a><\/p>&mdash; C5 CDMX (@C5_CDMX) <a href=\"https:\/\/twitter.com\/C5_CDMX\/status\/1899800498401665271?ref_src=twsrc%5Etfw\">March 12, 2025<\/a><\/blockquote><script async src=\"https:\/\/platform.twitter.com\/widgets.js\" charset=\"utf-8\"><\/script>\n<\/div><\/figure>\n\n\n\n<h2 class=\"wp-block-heading\">\u00bfEn d\u00f3nde y a qu\u00e9 hora habr\u00e1 marchas?<\/h2>\n\n\n\n<p><strong>Uni\u00f3n 300<\/strong><\/p>\n\n\n\n<p>Esta marcha, llevada a cabo a las 6:00 a.m., tuvo la finalidad de<strong>\u00a0protestar en contra de las acusaciones falsas, extorsi\u00f3n y fabricaci\u00f3n de infracciones por parte de las autoridades,<\/strong>\u00a0lo que vulnera el derecho de trabajar segura y dignamente en los distintos tramos carreteros donde circulan.<\/p>\n\n\n\n<ul class=\"wp-block-list\">\n<li><strong>Ejidatarios y campesinos de San Francisco Tlaltenco<\/strong><\/li>\n<\/ul>\n\n\n\n<p>La manifestaci\u00f3n ser\u00e1 en&nbsp;<mark><strong>contra de la invasi\u00f3n de 120 hect\u00e1reas de tierra<\/strong><\/mark>, que los campesinos utilizaban para sembrar ma\u00edz y frijol. Adem\u00e1s, tambi\u00e9n se denunciar\u00e1 la falta de agua en la zona, as\u00ed como defender sus derechos patrimoniales.<\/p>\n\n\n\n<p>La marcha comenz\u00f3 a las 11:00 a.m., de Plaza Centenario (Centenario y Cj\u00f3n. Francisco Javier Mina, Col. San Francisco Tlaltenco, Alc. Tl\u00e1huac) a la Comisi\u00f3n de Recursos Naturales y Desarrollo Rural (CORENADR\/Av. A\u00f1o Ju\u00e1rez No. 9700, Col. Pueblo de San Luis Tlaxialtemalco, Alc. Xochimilco).<\/p>\n\n\n\n<ul class=\"wp-block-list\">\n<li><strong>Estudiantes de la facultad de medicina de la UNAM<\/strong><\/li>\n<\/ul>\n\n\n\n<p><mark><strong>Esta manifestaci\u00f3n ser\u00e1 en contra del acoso sexual y la violencia de g\u00e9nero sistem\u00e1tico<\/strong><\/mark>&nbsp;que persisten dentro de la instituci\u00f3n educativa. Dio inicio a las 10:00 a.m. en la Estaci\u00f3n \u201cCopilco\u201d L\u00ednea 3 del Sistema de Transporte Colectivo Metro (STCM) Eje 10 Sur s\/n, Col. Copilco Universidad, Alc. Coyoac\u00e1n.<\/p>\n\n\n\n<ul class=\"wp-block-list\">\n<li><strong>Comit\u00e9 por la defensa y recuperaci\u00f3n de la ciudad deportiva \u201cMagdalena Mixiuhca\u201d<\/strong><\/li>\n<\/ul>\n\n\n\n<p><mark><strong>Exigiendo un alto al ecocidio y la privatizaci\u00f3n de loa espacios recreativos<\/strong><\/mark>, se solicita la apertura de todos los puntos de acceso a la Ciudad Deportiva Magdalena Mixiuhca. La manifestaci\u00f3n se llevar\u00e1 a cabo a las 4:30 p.m. en la puerta 13 de la Ciudad Deportiva \u201cMagdalena Mixiuhca\u201d Eje 4 Oriente Av. R\u00edo Churubusco y Vainilla, Col. Ex-Ejido de Magdalena Mixiuhca, Alc. Iztacalco.<\/p>\n\n\n\n<ul class=\"wp-block-list\">\n<li><strong>Personal de diversos hospitales del IMSS Bienestar<\/strong><\/li>\n<\/ul>\n\n\n\n<p>Se exigir\u00e1 la basificaci\u00f3n para todo el personal de honorarios, n\u00f3mina 8 e interinos. Comenzar\u00e1 a las 6:00 p.m. en las Oficinas Centrales del IMSS-BIENESTAR Gustavo E. Campa No. 54, Col. Guadalupe Inn, Alc. \u00c1lvaro Obreg\u00f3n.<\/p>\n\n\n\n<ul class=\"wp-block-list\">\n<li><strong>Estudiantes del CINVESTAV<\/strong><\/li>\n<\/ul>\n\n\n\n<p>Se denuncia que\u00a0<strong>desde hace 3 meses no han recibido la beca de manutenci\u00f3n \u201cElisa Acu\u00f1a\u201d<\/strong>. Comenz\u00f3 a las 11:00 a.m. en el Centro Integrador de Bienestar B\u00e9lgica No. 207, Col. Portales Norte, Alc. Benito Ju\u00e1rez.<\/p>\n\n\n\n<h2 class=\"wp-block-heading\">Otras manifestaciones<\/h2>\n\n\n\n<p>Se llevar\u00e1n a cabo otras manifestaciones dentro de la ciudad:<\/p>\n\n\n\n<ul class=\"wp-block-list\">\n<li><strong>Movimiento Ind\u00edgena Artesano Originario de M\u00e9xico A.C.<\/strong><\/li>\n<\/ul>\n\n\n\n<p>A las 2:00 p.m. en el nstituto de Vivienda de la Ciudad de M\u00e9xico (INVI) Canela No. 660, Col. Granjas M\u00e9xico, Alc. Iztacalco.<\/p>\n\n\n\n<ul class=\"wp-block-list\">\n<li><strong>Locatarios del mercado \u201cIng. Conzalo Pe\u00f1a Manterola\u201d<\/strong><\/li>\n<\/ul>\n\n\n\n<p>A las 4:00 p.m. en el Mercado \u201cIng. Gonzalo Pe\u00f1a Manterola\u201d (Cartagena) Arq. Luis Ruiz No. 175, Col. Tacubaya, Alc. Miguel Hidalgo.<\/p>\n\n\n\n<ul class=\"wp-block-list\">\n<li><strong>Frente Nacional de Movimientos y Organizaciones Populares<\/strong><\/li>\n<\/ul>\n\n\n\n<p>A las 6:00 p.m. en la Secretar\u00eda de Gesti\u00f3n Integral del Agua (SEGIAGUA) R\u00edo de la Plata No. 48, Col. Cuauht\u00e9moc, Alc. Cuauht\u00e9moc.<\/p>\n\n\n\n<ul class=\"wp-block-list\">\n<li><strong>Vecinos de la colonia Nonoalco Tlatelolco<\/strong><\/li>\n<\/ul>\n\n\n\n<p>A las 6:00 p.m. en la Escuela Primaria \u201cJos\u00e9 Antonio Torres\u201d Nonoalco No. 247, Col. Tlatelolco, Alc. Cuauht\u00e9moc.<\/p>\n\n\n\n<p>Adem\u00e1s, est\u00e1 llev\u00e1ndose a cabo el Carnaval 8 Barrios a las 9:00 a.m., el cual dio inicio el 4 de marzo y termina el 6 de abril.<\/p>\n\n\n\n<h2 class=\"wp-block-heading\">Alternativas viales<\/h2>\n\n\n\n<p>El Centro de Orientaci\u00f3n Vial (OVIAL) de la Secretar\u00eda de Seguridad Ciudadana (SSC),<mark><strong>&nbsp;anunci\u00f3 algunas alternativas viales<\/strong><\/mark>&nbsp;para quienes transitar\u00e1n por las calles y alcald\u00edas de la CDMX este mi\u00e9rcoles.<\/p>\n\n\n\n<p>Debido al mantenimiento en la L\u00ednea 1 del Metro, hay un desv\u00edo en Av. Arcos de Bel\u00e9n desde Dr. Andrade hasta Balderas en la alcald\u00eda Cuauht\u00e9moc, por lo que OVIAL recomienda tomar como alternativas viales:<\/p>\n\n\n\n<ul class=\"wp-block-list\">\n<li><strong>Avenida Hidalgo, Avenida Ju\u00e1rez,\u00a0<\/strong>Eje 1 Poniente, Doctor R\u00edo de la Loza, Cluadio Bernard y Eje Central L\u00e1zaro C\u00e1rdenas<\/li>\n<\/ul>\n\n\n\n<p>Contin\u00faa cerrada la circulaci\u00f3n en Alejandro Dumas entre Horacio y Presidente Masaryk, colonia Polanco, alcald\u00eda Miguel Hidalgo, por manifestantes.<\/p>\n\n\n\n<p>Servicios de emergencia se dirigen hacia Medell\u00edn y Av. Chapultepec.<\/p>\n\n\n\n<ul class=\"wp-block-list\">\n<li><strong>Salamanca.<\/strong><\/li>\n<\/ul>\n\n\n\n<p>Cerrada la circulaci\u00f3n en Alejandro Dumas entre Horacio y Presidente Masaryk, colonia Polanco, alcald\u00eda Miguel Hidalgo<\/p>\n\n\n\n<ul class=\"wp-block-list\">\n<li><strong>Arqu\u00edmedes y Mariano Escobedo.<\/strong><\/li>\n<\/ul>\n\n\n\n<p>Considera afectaci\u00f3n vial en Calz. de Guadalupe, por el arribo de peregrinos a la Bas\u00edlica de Guadalupe<\/p>\n\n\n\n<ul class=\"wp-block-list\">\n<li><strong>H. Congreso de la Uni\u00f3n.<\/strong><\/li>\n<\/ul>\n\n\n\n<p>Cierre de carriles en el bloque izquierdo de Av. Arcos de Bel\u00e9n desde Dr. Andrade hacia Av. Ni\u00f1os H\u00e9roes.<\/p>\n\n\n\n<ul class=\"wp-block-list\">\n<li><strong>Bloque derecho.<\/strong><\/li>\n<\/ul>\n\n\n\n<p>Cierre de carriles en Dr. Jos\u00e9 Mar\u00eda V\u00e9rtiz desde Dr. R\u00edo de la Loza hacia Av. Arcos de Bel\u00e9n.<\/p>\n\n\n\n<ul class=\"wp-block-list\">\n<li><strong>Dr. Andrade.<\/strong><\/li>\n<\/ul>\n\n\n\n<p>Cierre de carriles en Calz. San Antonio Abad desde Fernando de Alva Ixtlilx\u00f3chitl hacia Cerrada Fray Servando al Norte.<\/p>\n\n\n\n<ul class=\"wp-block-list\">\n<li><strong>Isabel la Cat\u00f3lica.<\/strong><\/li>\n<\/ul>\n\n\n\n<p>Cierre de carriles en Eje 2 Norte desde Av. Insurgentes hacia calle Geranio.<\/p>\n\n\n\n<ul class=\"wp-block-list\">\n<li><strong>Calle Eligio Ancona.<\/strong><\/li>\n<\/ul>\n\n\n\n<p>Reducci\u00f3n de carriles en el cuerpo izquierdo de Florencia desde Hamburgo hacia Paseo de la Reforma.<\/p>\n\n\n\n<ul class=\"wp-block-list\">\n<li><strong>Calle Praga.<\/strong><\/li>\n<\/ul>\n","protected":false},"excerpt":{"rendered":"<p>Por Redacci\u00f3n QP Se invita a los ciudadanos capitalinos a tomar precauciones A trav\u00e9s del&#8230;<\/p>\n","protected":false},"author":2,"featured_media":115271,"comment_status":"open","ping_status":"open","sticky":false,"template":"","format":"standard","meta":{"_monsterinsights_skip_tracking":false,"_monsterinsights_sitenote_active":false,"_monsterinsights_sitenote_note":"","_monsterinsights_sitenote_category":0,"footnotes":""},"categories":[55],"tags":[],"class_list":["post-115270","post","type-post","status-publish","format-standard","has-post-thumbnail","hentry","category-cdmx"],"yoast_head":"<!-- This site is optimized with the Yoast SEO plugin v27.3 - https:\/\/yoast.com\/product\/yoast-seo-wordpress\/ -->\n<title>Las marchas en la CDMX para hoy 12 de marzo del 2025 -<\/title>\n<meta name=\"robots\" content=\"index, follow, max-snippet:-1, max-image-preview:large, max-video-preview:-1\" \/>\n<link rel=\"canonical\" href=\"https:\/\/quehacerpolitico.mx\/?p=115270\" \/>\n<meta property=\"og:locale\" content=\"es_MX\" \/>\n<meta property=\"og:type\" content=\"article\" \/>\n<meta property=\"og:title\" content=\"Las marchas en la CDMX para hoy 12 de marzo del 2025 -\" \/>\n<meta property=\"og:description\" content=\"Por Redacci\u00f3n QP Se invita a los ciudadanos capitalinos a tomar precauciones A trav\u00e9s del...\" \/>\n<meta property=\"og:url\" content=\"https:\/\/quehacerpolitico.mx\/?p=115270\" \/>\n<meta property=\"article:published_time\" content=\"2025-03-12T18:53:13+00:00\" \/>\n<meta property=\"article:modified_time\" content=\"2025-03-12T18:53:16+00:00\" \/>\n<meta property=\"og:image\" content=\"https:\/\/quehacerpolitico.mx\/wp-content\/uploads\/2025\/03\/IMG_1158.jpeg\" \/>\n\t<meta property=\"og:image:width\" content=\"739\" \/>\n\t<meta property=\"og:image:height\" content=\"415\" \/>\n\t<meta property=\"og:image:type\" content=\"image\/jpeg\" \/>\n<meta name=\"author\" content=\"Redacci\u00f3n QP\" \/>\n<meta name=\"twitter:card\" content=\"summary_large_image\" \/>\n<meta name=\"twitter:label1\" content=\"Escrito por\" \/>\n\t<meta name=\"twitter:data1\" content=\"Redacci\u00f3n QP\" \/>\n\t<meta name=\"twitter:label2\" content=\"Tiempo de lectura\" \/>\n\t<meta name=\"twitter:data2\" content=\"5 minutos\" \/>\n<script type=\"application\/ld+json\" class=\"yoast-schema-graph\">{\"@context\":\"https:\\\/\\\/schema.org\",\"@graph\":[{\"@type\":\"Article\",\"@id\":\"https:\\\/\\\/quehacerpolitico.mx\\\/?p=115270#article\",\"isPartOf\":{\"@id\":\"https:\\\/\\\/quehacerpolitico.mx\\\/?p=115270\"},\"author\":{\"name\":\"Redacci\u00f3n QP\",\"@id\":\"https:\\\/\\\/quehacerpolitico.mx\\\/#\\\/schema\\\/person\\\/496d8ad2d1d3f8036101dca7ee39e585\"},\"headline\":\"Las marchas en la CDMX para hoy 12 de marzo del 2025\",\"datePublished\":\"2025-03-12T18:53:13+00:00\",\"dateModified\":\"2025-03-12T18:53:16+00:00\",\"mainEntityOfPage\":{\"@id\":\"https:\\\/\\\/quehacerpolitico.mx\\\/?p=115270\"},\"wordCount\":928,\"commentCount\":0,\"image\":{\"@id\":\"https:\\\/\\\/quehacerpolitico.mx\\\/?p=115270#primaryimage\"},\"thumbnailUrl\":\"https:\\\/\\\/quehacerpolitico.mx\\\/wp-content\\\/uploads\\\/2025\\\/03\\\/IMG_1158.jpeg\",\"articleSection\":[\"CDMX\"],\"inLanguage\":\"es\",\"potentialAction\":[{\"@type\":\"CommentAction\",\"name\":\"Comment\",\"target\":[\"https:\\\/\\\/quehacerpolitico.mx\\\/?p=115270#respond\"]}]},{\"@type\":\"WebPage\",\"@id\":\"https:\\\/\\\/quehacerpolitico.mx\\\/?p=115270\",\"url\":\"https:\\\/\\\/quehacerpolitico.mx\\\/?p=115270\",\"name\":\"Las marchas en la CDMX para hoy 12 de marzo del 2025 -\",\"isPartOf\":{\"@id\":\"https:\\\/\\\/quehacerpolitico.mx\\\/#website\"},\"primaryImageOfPage\":{\"@id\":\"https:\\\/\\\/quehacerpolitico.mx\\\/?p=115270#primaryimage\"},\"image\":{\"@id\":\"https:\\\/\\\/quehacerpolitico.mx\\\/?p=115270#primaryimage\"},\"thumbnailUrl\":\"https:\\\/\\\/quehacerpolitico.mx\\\/wp-content\\\/uploads\\\/2025\\\/03\\\/IMG_1158.jpeg\",\"datePublished\":\"2025-03-12T18:53:13+00:00\",\"dateModified\":\"2025-03-12T18:53:16+00:00\",\"author\":{\"@id\":\"https:\\\/\\\/quehacerpolitico.mx\\\/#\\\/schema\\\/person\\\/496d8ad2d1d3f8036101dca7ee39e585\"},\"breadcrumb\":{\"@id\":\"https:\\\/\\\/quehacerpolitico.mx\\\/?p=115270#breadcrumb\"},\"inLanguage\":\"es\",\"potentialAction\":[{\"@type\":\"ReadAction\",\"target\":[\"https:\\\/\\\/quehacerpolitico.mx\\\/?p=115270\"]}]},{\"@type\":\"ImageObject\",\"inLanguage\":\"es\",\"@id\":\"https:\\\/\\\/quehacerpolitico.mx\\\/?p=115270#primaryimage\",\"url\":\"https:\\\/\\\/quehacerpolitico.mx\\\/wp-content\\\/uploads\\\/2025\\\/03\\\/IMG_1158.jpeg\",\"contentUrl\":\"https:\\\/\\\/quehacerpolitico.mx\\\/wp-content\\\/uploads\\\/2025\\\/03\\\/IMG_1158.jpeg\",\"width\":739,\"height\":415},{\"@type\":\"BreadcrumbList\",\"@id\":\"https:\\\/\\\/quehacerpolitico.mx\\\/?p=115270#breadcrumb\",\"itemListElement\":[{\"@type\":\"ListItem\",\"position\":1,\"name\":\"Inicio\",\"item\":\"https:\\\/\\\/quehacerpolitico.mx\\\/\"},{\"@type\":\"ListItem\",\"position\":2,\"name\":\"Las marchas en la CDMX para hoy 12 de marzo del 2025\"}]},{\"@type\":\"WebSite\",\"@id\":\"https:\\\/\\\/quehacerpolitico.mx\\\/#website\",\"url\":\"https:\\\/\\\/quehacerpolitico.mx\\\/\",\"name\":\"\",\"description\":\"\",\"potentialAction\":[{\"@type\":\"SearchAction\",\"target\":{\"@type\":\"EntryPoint\",\"urlTemplate\":\"https:\\\/\\\/quehacerpolitico.mx\\\/?s={search_term_string}\"},\"query-input\":{\"@type\":\"PropertyValueSpecification\",\"valueRequired\":true,\"valueName\":\"search_term_string\"}}],\"inLanguage\":\"es\"},{\"@type\":\"Person\",\"@id\":\"https:\\\/\\\/quehacerpolitico.mx\\\/#\\\/schema\\\/person\\\/496d8ad2d1d3f8036101dca7ee39e585\",\"name\":\"Redacci\u00f3n QP\",\"image\":{\"@type\":\"ImageObject\",\"inLanguage\":\"es\",\"@id\":\"https:\\\/\\\/secure.gravatar.com\\\/avatar\\\/c7164ed6fdec453195284ad24a5ae5b6e1eed2b848477fa2a4787ba9adf39a41?s=96&d=mm&r=g\",\"url\":\"https:\\\/\\\/secure.gravatar.com\\\/avatar\\\/c7164ed6fdec453195284ad24a5ae5b6e1eed2b848477fa2a4787ba9adf39a41?s=96&d=mm&r=g\",\"contentUrl\":\"https:\\\/\\\/secure.gravatar.com\\\/avatar\\\/c7164ed6fdec453195284ad24a5ae5b6e1eed2b848477fa2a4787ba9adf39a41?s=96&d=mm&r=g\",\"caption\":\"Redacci\u00f3n QP\"},\"url\":\"https:\\\/\\\/quehacerpolitico.mx\\\/?author=2\"}]}<\/script>\n<!-- \/ Yoast SEO plugin. -->","yoast_head_json":{"title":"Las marchas en la CDMX para hoy 12 de marzo del 2025 -","robots":{"index":"index","follow":"follow","max-snippet":"max-snippet:-1","max-image-preview":"max-image-preview:large","max-video-preview":"max-video-preview:-1"},"canonical":"https:\/\/quehacerpolitico.mx\/?p=115270","og_locale":"es_MX","og_type":"article","og_title":"Las marchas en la CDMX para hoy 12 de marzo del 2025 -","og_description":"Por Redacci\u00f3n QP Se invita a los ciudadanos capitalinos a tomar precauciones A trav\u00e9s del...","og_url":"https:\/\/quehacerpolitico.mx\/?p=115270","article_published_time":"2025-03-12T18:53:13+00:00","article_modified_time":"2025-03-12T18:53:16+00:00","og_image":[{"width":739,"height":415,"url":"https:\/\/quehacerpolitico.mx\/wp-content\/uploads\/2025\/03\/IMG_1158.jpeg","type":"image\/jpeg"}],"author":"Redacci\u00f3n QP","twitter_card":"summary_large_image","twitter_misc":{"Escrito por":"Redacci\u00f3n QP","Tiempo de lectura":"5 minutos"},"schema":{"@context":"https:\/\/schema.org","@graph":[{"@type":"Article","@id":"https:\/\/quehacerpolitico.mx\/?p=115270#article","isPartOf":{"@id":"https:\/\/quehacerpolitico.mx\/?p=115270"},"author":{"name":"Redacci\u00f3n QP","@id":"https:\/\/quehacerpolitico.mx\/#\/schema\/person\/496d8ad2d1d3f8036101dca7ee39e585"},"headline":"Las marchas en la CDMX para hoy 12 de marzo del 2025","datePublished":"2025-03-12T18:53:13+00:00","dateModified":"2025-03-12T18:53:16+00:00","mainEntityOfPage":{"@id":"https:\/\/quehacerpolitico.mx\/?p=115270"},"wordCount":928,"commentCount":0,"image":{"@id":"https:\/\/quehacerpolitico.mx\/?p=115270#primaryimage"},"thumbnailUrl":"https:\/\/quehacerpolitico.mx\/wp-content\/uploads\/2025\/03\/IMG_1158.jpeg","articleSection":["CDMX"],"inLanguage":"es","potentialAction":[{"@type":"CommentAction","name":"Comment","target":["https:\/\/quehacerpolitico.mx\/?p=115270#respond"]}]},{"@type":"WebPage","@id":"https:\/\/quehacerpolitico.mx\/?p=115270","url":"https:\/\/quehacerpolitico.mx\/?p=115270","name":"Las marchas en la CDMX para hoy 12 de marzo del 2025 -","isPartOf":{"@id":"https:\/\/quehacerpolitico.mx\/#website"},"primaryImageOfPage":{"@id":"https:\/\/quehacerpolitico.mx\/?p=115270#primaryimage"},"image":{"@id":"https:\/\/quehacerpolitico.mx\/?p=115270#primaryimage"},"thumbnailUrl":"https:\/\/quehacerpolitico.mx\/wp-content\/uploads\/2025\/03\/IMG_1158.jpeg","datePublished":"2025-03-12T18:53:13+00:00","dateModified":"2025-03-12T18:53:16+00:00","author":{"@id":"https:\/\/quehacerpolitico.mx\/#\/schema\/person\/496d8ad2d1d3f8036101dca7ee39e585"},"breadcrumb":{"@id":"https:\/\/quehacerpolitico.mx\/?p=115270#breadcrumb"},"inLanguage":"es","potentialAction":[{"@type":"ReadAction","target":["https:\/\/quehacerpolitico.mx\/?p=115270"]}]},{"@type":"ImageObject","inLanguage":"es","@id":"https:\/\/quehacerpolitico.mx\/?p=115270#primaryimage","url":"https:\/\/quehacerpolitico.mx\/wp-content\/uploads\/2025\/03\/IMG_1158.jpeg","contentUrl":"https:\/\/quehacerpolitico.mx\/wp-content\/uploads\/2025\/03\/IMG_1158.jpeg","width":739,"height":415},{"@type":"BreadcrumbList","@id":"https:\/\/quehacerpolitico.mx\/?p=115270#breadcrumb","itemListElement":[{"@type":"ListItem","position":1,"name":"Inicio","item":"https:\/\/quehacerpolitico.mx\/"},{"@type":"ListItem","position":2,"name":"Las marchas en la CDMX para hoy 12 de marzo del 2025"}]},{"@type":"WebSite","@id":"https:\/\/quehacerpolitico.mx\/#website","url":"https:\/\/quehacerpolitico.mx\/","name":"","description":"","potentialAction":[{"@type":"SearchAction","target":{"@type":"EntryPoint","urlTemplate":"https:\/\/quehacerpolitico.mx\/?s={search_term_string}"},"query-input":{"@type":"PropertyValueSpecification","valueRequired":true,"valueName":"search_term_string"}}],"inLanguage":"es"},{"@type":"Person","@id":"https:\/\/quehacerpolitico.mx\/#\/schema\/person\/496d8ad2d1d3f8036101dca7ee39e585","name":"Redacci\u00f3n QP","image":{"@type":"ImageObject","inLanguage":"es","@id":"https:\/\/secure.gravatar.com\/avatar\/c7164ed6fdec453195284ad24a5ae5b6e1eed2b848477fa2a4787ba9adf39a41?s=96&d=mm&r=g","url":"https:\/\/secure.gravatar.com\/avatar\/c7164ed6fdec453195284ad24a5ae5b6e1eed2b848477fa2a4787ba9adf39a41?s=96&d=mm&r=g","contentUrl":"https:\/\/secure.gravatar.com\/avatar\/c7164ed6fdec453195284ad24a5ae5b6e1eed2b848477fa2a4787ba9adf39a41?s=96&d=mm&r=g","caption":"Redacci\u00f3n QP"},"url":"https:\/\/quehacerpolitico.mx\/?author=2"}]}},"featured_image_urls":{"full":["https:\/\/quehacerpolitico.mx\/wp-content\/uploads\/2025\/03\/IMG_1158.jpeg",739,415,false],"thumbnail":["https:\/\/quehacerpolitico.mx\/wp-content\/uploads\/2025\/03\/IMG_1158-150x150.jpeg",150,150,true],"medium":["https:\/\/quehacerpolitico.mx\/wp-content\/uploads\/2025\/03\/IMG_1158-300x168.jpeg",300,168,true],"medium_large":["https:\/\/quehacerpolitico.mx\/wp-content\/uploads\/2025\/03\/IMG_1158.jpeg",640,359,false],"large":["https:\/\/quehacerpolitico.mx\/wp-content\/uploads\/2025\/03\/IMG_1158.jpeg",640,359,false],"1536x1536":["https:\/\/quehacerpolitico.mx\/wp-content\/uploads\/2025\/03\/IMG_1158.jpeg",739,415,false],"2048x2048":["https:\/\/quehacerpolitico.mx\/wp-content\/uploads\/2025\/03\/IMG_1158.jpeg",739,415,false],"covernews-featured":["https:\/\/quehacerpolitico.mx\/wp-content\/uploads\/2025\/03\/IMG_1158.jpeg",739,415,false],"covernews-medium":["https:\/\/quehacerpolitico.mx\/wp-content\/uploads\/2025\/03\/IMG_1158-540x340.jpeg",540,340,true]},"author_info":{"display_name":"Redacci\u00f3n QP","author_link":"https:\/\/quehacerpolitico.mx\/?author=2"},"category_info":"<a href=\"https:\/\/quehacerpolitico.mx\/?cat=55\" rel=\"category\">CDMX<\/a>","tag_info":"CDMX","comment_count":"0","_links":{"self":[{"href":"https:\/\/quehacerpolitico.mx\/index.php?rest_route=\/wp\/v2\/posts\/115270","targetHints":{"allow":["GET"]}}],"collection":[{"href":"https:\/\/quehacerpolitico.mx\/index.php?rest_route=\/wp\/v2\/posts"}],"about":[{"href":"https:\/\/quehacerpolitico.mx\/index.php?rest_route=\/wp\/v2\/types\/post"}],"author":[{"embeddable":true,"href":"https:\/\/quehacerpolitico.mx\/index.php?rest_route=\/wp\/v2\/users\/2"}],"replies":[{"embeddable":true,"href":"https:\/\/quehacerpolitico.mx\/index.php?rest_route=%2Fwp%2Fv2%2Fcomments&post=115270"}],"version-history":[{"count":1,"href":"https:\/\/quehacerpolitico.mx\/index.php?rest_route=\/wp\/v2\/posts\/115270\/revisions"}],"predecessor-version":[{"id":115272,"href":"https:\/\/quehacerpolitico.mx\/index.php?rest_route=\/wp\/v2\/posts\/115270\/revisions\/115272"}],"wp:featuredmedia":[{"embeddable":true,"href":"https:\/\/quehacerpolitico.mx\/index.php?rest_route=\/wp\/v2\/media\/115271"}],"wp:attachment":[{"href":"https:\/\/quehacerpolitico.mx\/index.php?rest_route=%2Fwp%2Fv2%2Fmedia&parent=115270"}],"wp:term":[{"taxonomy":"category","embeddable":true,"href":"https:\/\/quehacerpolitico.mx\/index.php?rest_route=%2Fwp%2Fv2%2Fcategories&post=115270"},{"taxonomy":"post_tag","embeddable":true,"href":"https:\/\/quehacerpolitico.mx\/index.php?rest_route=%2Fwp%2Fv2%2Ftags&post=115270"}],"curies":[{"name":"wp","href":"https:\/\/api.w.org\/{rel}","templated":true}]}}