{"id":115263,"date":"2025-03-12T12:15:38","date_gmt":"2025-03-12T18:15:38","guid":{"rendered":"https:\/\/quehacerpolitico.mx\/?p=115263"},"modified":"2025-03-12T12:15:40","modified_gmt":"2025-03-12T18:15:40","slug":"mexico-anuncia-millonaria-inversion-en-proyectos-hidricos-hasta-2030","status":"publish","type":"post","link":"https:\/\/quehacerpolitico.mx\/?p=115263","title":{"rendered":"M\u00e9xico anuncia millonaria inversi\u00f3n en proyectos h\u00eddricos hasta 2030"},"content":{"rendered":"\n<p>Por Redacci\u00f3n QP<\/p>\n\n\n\n<p>Los trabajos ser\u00e1n destinados a fortalecer el suministro y manejo del agua, se\u00f1alaron este mi\u00e9rcoles las autoridades en &#8220;La Ma\u00f1anera del Pueblo&#8221;<\/p>\n\n\n\n<p>El&nbsp;Gobierno de M\u00e9xico anunci\u00f3 este mi\u00e9rcoles que invertir\u00e1 122 mil 600 millones de pesos en proyectos h\u00eddricos durante todo el sexenio de la Presidenta&nbsp;Claudica a Sheinbaum (2024-2030), los cuales ser\u00e1n destinados a&nbsp;<strong>fortalecer el suministro y manejo del agua<\/strong>, se\u00f1alaron este mi\u00e9rcoles las autoridades.<\/p>\n\n\n\n<p>El director de la Comisi\u00f3n Nacional del Agua&nbsp;(Conagua), Efra\u00edn Morales, se\u00f1al\u00f3 en &#8220;La Ma\u00f1anera del Pueblo&#8221; de este mi\u00e9rcoles que el&nbsp;<strong>Plan de Infraestructura H\u00eddrica<\/strong>&nbsp;se dividir\u00e1 en dos ramas: una conformada por 17 proyectos estrat\u00e9gicos seleccionados a partir de regiones con mayor escasez de agua, y, la otra, con un Plan Maestro que parte de las necesidades del pa\u00eds a nivel municipal.<\/p>\n\n\n\n<figure class=\"wp-block-embed is-type-rich is-provider-twitter wp-block-embed-twitter\"><div class=\"wp-block-embed__wrapper\">\n<blockquote class=\"twitter-tweet\" data-width=\"550\" data-dnt=\"true\"><p lang=\"es\" dir=\"ltr\"><a href=\"https:\/\/twitter.com\/hashtag\/EnLaMa%C3%B1anera?src=hash&amp;ref_src=twsrc%5Etfw\">#EnLaMa\u00f1anera<\/a> | Efra\u00edn Morales, director de Conagua, detall\u00f3 el Plan Nacional H\u00eddrico: se desarrollar\u00e1n al menos 17 proyectos estrat\u00e9gicos contra la escasez de agua y para garantizar el acceso en todo el pa\u00eds <a href=\"https:\/\/t.co\/f3vjkscE3T\">pic.twitter.com\/f3vjkscE3T<\/a><\/p>&mdash; El Financiero (@ElFinanciero_Mx) <a href=\"https:\/\/twitter.com\/ElFinanciero_Mx\/status\/1899832641794301992?ref_src=twsrc%5Etfw\">March 12, 2025<\/a><\/blockquote><script async src=\"https:\/\/platform.twitter.com\/widgets.js\" charset=\"utf-8\"><\/script>\n<\/div><\/figure>\n\n\n\n<p>En la conferencia diaria del Gobierno, el funcionario explic\u00f3 que tan solo este a\u00f1o se invertir\u00e1n 15 mil millones de pesos en proyectos que beneficiar\u00e1n a unos 36 millones de personas.<\/p>\n\n\n\n<p>Entre estos proyectos de la millonaria inversi\u00f3n, detall\u00f3, est\u00e1n la&nbsp;<strong>desaladora de Rosarito<\/strong>, en Baja California (noroeste); la&nbsp;<strong>presa del Novillo<\/strong>, en Baja California Sur (noroeste), la<strong>&nbsp;presa El Tunal 2<\/strong>, en Durango (norte) y la construcci\u00f3n de la&nbsp;<strong>presa de Milpillas<\/strong>, en Zacatecas (centro).<\/p>\n\n\n\n<p>Aunado a ello, dijo, est\u00e1 el proyecto de la Zona Metropolitana del Valle de M\u00e9xico, el cual tiene como objetivo principal &#8220;desarrollar proyectos para el&nbsp;<strong>abastecimiento de agua de la Ciudad de M\u00e9xico<\/strong>, el estado de M\u00e9xico e Hidalgo, en el cual se invertir\u00e1n 50 mil millones de pesos en todo el sexenio.<\/p>\n\n\n\n<p><strong>Adem\u00e1s, se realizar\u00e1n proyectos en estados sure\u00f1os como Guerrero, Oaxaca, Campeche, Tabasco y Veracruz.<\/strong><\/p>\n\n\n\n<p>Los proyectos se desarrollan luego de que la crisis del&nbsp;agua&nbsp;jugara un rol central en las campa\u00f1as de las elecciones de junio pasado, cuando ambientalistas advert\u00edan de la pr\u00f3xima llegada del &#8220;d\u00eda cero&#8221; en la capital mexicana, es decir, la fecha en la que no podr\u00eda garantizar el l\u00edquido para consumo humano.<\/p>\n\n\n\n<p>En mayo, cuando se rompieron decenas de r\u00e9cords de calor en el pa\u00eds,&nbsp;<mark><strong>m\u00e1s de dos tercios de la superficie nacional afrontaban alg\u00fan grado de sequ\u00eda, seg\u00fan la Conagua, que ahora reporta que la afectaci\u00f3n est\u00e1 en casi en el 45% del territorio.<\/strong><\/mark><\/p>\n\n\n\n<p>Al respecto, la Presidenta de M\u00e9xico, Claudia Sheinbaum, se\u00f1al\u00f3 en &#8220;La Ma\u00f1anera del Pueblo&#8221; que estos proyectos h\u00eddricos se suman al programa de tecnificaci\u00f3n de riego agr\u00edcola que va a permitir liberar agua de riego para consumo humano.<\/p>\n\n\n\n<figure class=\"wp-block-embed is-type-video is-provider-youtube wp-block-embed-youtube wp-embed-aspect-16-9 wp-has-aspect-ratio\"><div class=\"wp-block-embed__wrapper\">\n<iframe loading=\"lazy\" title=\"Detectan 7 mil inconsistencias en concesiones de agua\" width=\"640\" height=\"360\" src=\"https:\/\/www.youtube.com\/embed\/_GK8mCE2wKU?feature=oembed\" frameborder=\"0\" allow=\"accelerometer; autoplay; clipboard-write; encrypted-media; gyroscope; picture-in-picture; web-share\" referrerpolicy=\"strict-origin-when-cross-origin\" allowfullscreen><\/iframe>\n<\/div><\/figure>\n\n\n\n<p>Con informaci\u00f3n de EFE<\/p>\n","protected":false},"excerpt":{"rendered":"<p>Por Redacci\u00f3n QP Los trabajos ser\u00e1n destinados a fortalecer el suministro y manejo del agua,&#8230;<\/p>\n","protected":false},"author":2,"featured_media":115265,"comment_status":"open","ping_status":"open","sticky":false,"template":"","format":"standard","meta":{"_monsterinsights_skip_tracking":false,"_monsterinsights_sitenote_active":false,"_monsterinsights_sitenote_note":"","_monsterinsights_sitenote_category":0,"footnotes":""},"categories":[280,2],"tags":[],"class_list":["post-115263","post","type-post","status-publish","format-standard","has-post-thumbnail","hentry","category-nacionales","category-noticias"],"yoast_head":"<!-- This site is optimized with the Yoast SEO plugin v27.3 - https:\/\/yoast.com\/product\/yoast-seo-wordpress\/ -->\n<title>M\u00e9xico anuncia millonaria inversi\u00f3n en proyectos h\u00eddricos hasta 2030 -<\/title>\n<meta name=\"robots\" content=\"index, follow, max-snippet:-1, max-image-preview:large, max-video-preview:-1\" \/>\n<link rel=\"canonical\" href=\"https:\/\/quehacerpolitico.mx\/?p=115263\" \/>\n<meta property=\"og:locale\" content=\"es_MX\" \/>\n<meta property=\"og:type\" content=\"article\" \/>\n<meta property=\"og:title\" content=\"M\u00e9xico anuncia millonaria inversi\u00f3n en proyectos h\u00eddricos hasta 2030 -\" \/>\n<meta property=\"og:description\" content=\"Por Redacci\u00f3n QP Los trabajos ser\u00e1n destinados a fortalecer el suministro y manejo del agua,...\" \/>\n<meta property=\"og:url\" content=\"https:\/\/quehacerpolitico.mx\/?p=115263\" \/>\n<meta property=\"article:published_time\" content=\"2025-03-12T18:15:38+00:00\" \/>\n<meta property=\"article:modified_time\" content=\"2025-03-12T18:15:40+00:00\" \/>\n<meta property=\"og:image\" content=\"https:\/\/quehacerpolitico.mx\/wp-content\/uploads\/2025\/03\/IMG_1156-1.jpeg\" \/>\n\t<meta property=\"og:image:width\" content=\"1079\" \/>\n\t<meta property=\"og:image:height\" content=\"769\" \/>\n\t<meta property=\"og:image:type\" content=\"image\/jpeg\" \/>\n<meta name=\"author\" content=\"Redacci\u00f3n QP\" \/>\n<meta name=\"twitter:card\" content=\"summary_large_image\" \/>\n<meta name=\"twitter:label1\" content=\"Escrito por\" \/>\n\t<meta name=\"twitter:data1\" content=\"Redacci\u00f3n QP\" \/>\n\t<meta name=\"twitter:label2\" content=\"Tiempo de lectura\" \/>\n\t<meta name=\"twitter:data2\" content=\"2 minutos\" \/>\n<script type=\"application\/ld+json\" class=\"yoast-schema-graph\">{\"@context\":\"https:\\\/\\\/schema.org\",\"@graph\":[{\"@type\":\"Article\",\"@id\":\"https:\\\/\\\/quehacerpolitico.mx\\\/?p=115263#article\",\"isPartOf\":{\"@id\":\"https:\\\/\\\/quehacerpolitico.mx\\\/?p=115263\"},\"author\":{\"name\":\"Redacci\u00f3n QP\",\"@id\":\"https:\\\/\\\/quehacerpolitico.mx\\\/#\\\/schema\\\/person\\\/496d8ad2d1d3f8036101dca7ee39e585\"},\"headline\":\"M\u00e9xico anuncia millonaria inversi\u00f3n en proyectos h\u00eddricos hasta 2030\",\"datePublished\":\"2025-03-12T18:15:38+00:00\",\"dateModified\":\"2025-03-12T18:15:40+00:00\",\"mainEntityOfPage\":{\"@id\":\"https:\\\/\\\/quehacerpolitico.mx\\\/?p=115263\"},\"wordCount\":506,\"commentCount\":0,\"image\":{\"@id\":\"https:\\\/\\\/quehacerpolitico.mx\\\/?p=115263#primaryimage\"},\"thumbnailUrl\":\"https:\\\/\\\/quehacerpolitico.mx\\\/wp-content\\\/uploads\\\/2025\\\/03\\\/IMG_1156-1.jpeg\",\"articleSection\":[\"Nacionales\",\"Noticias\"],\"inLanguage\":\"es\",\"potentialAction\":[{\"@type\":\"CommentAction\",\"name\":\"Comment\",\"target\":[\"https:\\\/\\\/quehacerpolitico.mx\\\/?p=115263#respond\"]}]},{\"@type\":\"WebPage\",\"@id\":\"https:\\\/\\\/quehacerpolitico.mx\\\/?p=115263\",\"url\":\"https:\\\/\\\/quehacerpolitico.mx\\\/?p=115263\",\"name\":\"M\u00e9xico anuncia millonaria inversi\u00f3n en proyectos h\u00eddricos hasta 2030 -\",\"isPartOf\":{\"@id\":\"https:\\\/\\\/quehacerpolitico.mx\\\/#website\"},\"primaryImageOfPage\":{\"@id\":\"https:\\\/\\\/quehacerpolitico.mx\\\/?p=115263#primaryimage\"},\"image\":{\"@id\":\"https:\\\/\\\/quehacerpolitico.mx\\\/?p=115263#primaryimage\"},\"thumbnailUrl\":\"https:\\\/\\\/quehacerpolitico.mx\\\/wp-content\\\/uploads\\\/2025\\\/03\\\/IMG_1156-1.jpeg\",\"datePublished\":\"2025-03-12T18:15:38+00:00\",\"dateModified\":\"2025-03-12T18:15:40+00:00\",\"author\":{\"@id\":\"https:\\\/\\\/quehacerpolitico.mx\\\/#\\\/schema\\\/person\\\/496d8ad2d1d3f8036101dca7ee39e585\"},\"breadcrumb\":{\"@id\":\"https:\\\/\\\/quehacerpolitico.mx\\\/?p=115263#breadcrumb\"},\"inLanguage\":\"es\",\"potentialAction\":[{\"@type\":\"ReadAction\",\"target\":[\"https:\\\/\\\/quehacerpolitico.mx\\\/?p=115263\"]}]},{\"@type\":\"ImageObject\",\"inLanguage\":\"es\",\"@id\":\"https:\\\/\\\/quehacerpolitico.mx\\\/?p=115263#primaryimage\",\"url\":\"https:\\\/\\\/quehacerpolitico.mx\\\/wp-content\\\/uploads\\\/2025\\\/03\\\/IMG_1156-1.jpeg\",\"contentUrl\":\"https:\\\/\\\/quehacerpolitico.mx\\\/wp-content\\\/uploads\\\/2025\\\/03\\\/IMG_1156-1.jpeg\",\"width\":1079,\"height\":769},{\"@type\":\"BreadcrumbList\",\"@id\":\"https:\\\/\\\/quehacerpolitico.mx\\\/?p=115263#breadcrumb\",\"itemListElement\":[{\"@type\":\"ListItem\",\"position\":1,\"name\":\"Inicio\",\"item\":\"https:\\\/\\\/quehacerpolitico.mx\\\/\"},{\"@type\":\"ListItem\",\"position\":2,\"name\":\"M\u00e9xico anuncia millonaria inversi\u00f3n en proyectos h\u00eddricos hasta 2030\"}]},{\"@type\":\"WebSite\",\"@id\":\"https:\\\/\\\/quehacerpolitico.mx\\\/#website\",\"url\":\"https:\\\/\\\/quehacerpolitico.mx\\\/\",\"name\":\"\",\"description\":\"\",\"potentialAction\":[{\"@type\":\"SearchAction\",\"target\":{\"@type\":\"EntryPoint\",\"urlTemplate\":\"https:\\\/\\\/quehacerpolitico.mx\\\/?s={search_term_string}\"},\"query-input\":{\"@type\":\"PropertyValueSpecification\",\"valueRequired\":true,\"valueName\":\"search_term_string\"}}],\"inLanguage\":\"es\"},{\"@type\":\"Person\",\"@id\":\"https:\\\/\\\/quehacerpolitico.mx\\\/#\\\/schema\\\/person\\\/496d8ad2d1d3f8036101dca7ee39e585\",\"name\":\"Redacci\u00f3n QP\",\"image\":{\"@type\":\"ImageObject\",\"inLanguage\":\"es\",\"@id\":\"https:\\\/\\\/secure.gravatar.com\\\/avatar\\\/c7164ed6fdec453195284ad24a5ae5b6e1eed2b848477fa2a4787ba9adf39a41?s=96&d=mm&r=g\",\"url\":\"https:\\\/\\\/secure.gravatar.com\\\/avatar\\\/c7164ed6fdec453195284ad24a5ae5b6e1eed2b848477fa2a4787ba9adf39a41?s=96&d=mm&r=g\",\"contentUrl\":\"https:\\\/\\\/secure.gravatar.com\\\/avatar\\\/c7164ed6fdec453195284ad24a5ae5b6e1eed2b848477fa2a4787ba9adf39a41?s=96&d=mm&r=g\",\"caption\":\"Redacci\u00f3n QP\"},\"url\":\"https:\\\/\\\/quehacerpolitico.mx\\\/?author=2\"}]}<\/script>\n<!-- \/ Yoast SEO plugin. -->","yoast_head_json":{"title":"M\u00e9xico anuncia millonaria inversi\u00f3n en proyectos h\u00eddricos hasta 2030 -","robots":{"index":"index","follow":"follow","max-snippet":"max-snippet:-1","max-image-preview":"max-image-preview:large","max-video-preview":"max-video-preview:-1"},"canonical":"https:\/\/quehacerpolitico.mx\/?p=115263","og_locale":"es_MX","og_type":"article","og_title":"M\u00e9xico anuncia millonaria inversi\u00f3n en proyectos h\u00eddricos hasta 2030 -","og_description":"Por Redacci\u00f3n QP Los trabajos ser\u00e1n destinados a fortalecer el suministro y manejo del agua,...","og_url":"https:\/\/quehacerpolitico.mx\/?p=115263","article_published_time":"2025-03-12T18:15:38+00:00","article_modified_time":"2025-03-12T18:15:40+00:00","og_image":[{"width":1079,"height":769,"url":"https:\/\/quehacerpolitico.mx\/wp-content\/uploads\/2025\/03\/IMG_1156-1.jpeg","type":"image\/jpeg"}],"author":"Redacci\u00f3n QP","twitter_card":"summary_large_image","twitter_misc":{"Escrito por":"Redacci\u00f3n QP","Tiempo de lectura":"2 minutos"},"schema":{"@context":"https:\/\/schema.org","@graph":[{"@type":"Article","@id":"https:\/\/quehacerpolitico.mx\/?p=115263#article","isPartOf":{"@id":"https:\/\/quehacerpolitico.mx\/?p=115263"},"author":{"name":"Redacci\u00f3n QP","@id":"https:\/\/quehacerpolitico.mx\/#\/schema\/person\/496d8ad2d1d3f8036101dca7ee39e585"},"headline":"M\u00e9xico anuncia millonaria inversi\u00f3n en proyectos h\u00eddricos hasta 2030","datePublished":"2025-03-12T18:15:38+00:00","dateModified":"2025-03-12T18:15:40+00:00","mainEntityOfPage":{"@id":"https:\/\/quehacerpolitico.mx\/?p=115263"},"wordCount":506,"commentCount":0,"image":{"@id":"https:\/\/quehacerpolitico.mx\/?p=115263#primaryimage"},"thumbnailUrl":"https:\/\/quehacerpolitico.mx\/wp-content\/uploads\/2025\/03\/IMG_1156-1.jpeg","articleSection":["Nacionales","Noticias"],"inLanguage":"es","potentialAction":[{"@type":"CommentAction","name":"Comment","target":["https:\/\/quehacerpolitico.mx\/?p=115263#respond"]}]},{"@type":"WebPage","@id":"https:\/\/quehacerpolitico.mx\/?p=115263","url":"https:\/\/quehacerpolitico.mx\/?p=115263","name":"M\u00e9xico anuncia millonaria inversi\u00f3n en proyectos h\u00eddricos hasta 2030 -","isPartOf":{"@id":"https:\/\/quehacerpolitico.mx\/#website"},"primaryImageOfPage":{"@id":"https:\/\/quehacerpolitico.mx\/?p=115263#primaryimage"},"image":{"@id":"https:\/\/quehacerpolitico.mx\/?p=115263#primaryimage"},"thumbnailUrl":"https:\/\/quehacerpolitico.mx\/wp-content\/uploads\/2025\/03\/IMG_1156-1.jpeg","datePublished":"2025-03-12T18:15:38+00:00","dateModified":"2025-03-12T18:15:40+00:00","author":{"@id":"https:\/\/quehacerpolitico.mx\/#\/schema\/person\/496d8ad2d1d3f8036101dca7ee39e585"},"breadcrumb":{"@id":"https:\/\/quehacerpolitico.mx\/?p=115263#breadcrumb"},"inLanguage":"es","potentialAction":[{"@type":"ReadAction","target":["https:\/\/quehacerpolitico.mx\/?p=115263"]}]},{"@type":"ImageObject","inLanguage":"es","@id":"https:\/\/quehacerpolitico.mx\/?p=115263#primaryimage","url":"https:\/\/quehacerpolitico.mx\/wp-content\/uploads\/2025\/03\/IMG_1156-1.jpeg","contentUrl":"https:\/\/quehacerpolitico.mx\/wp-content\/uploads\/2025\/03\/IMG_1156-1.jpeg","width":1079,"height":769},{"@type":"BreadcrumbList","@id":"https:\/\/quehacerpolitico.mx\/?p=115263#breadcrumb","itemListElement":[{"@type":"ListItem","position":1,"name":"Inicio","item":"https:\/\/quehacerpolitico.mx\/"},{"@type":"ListItem","position":2,"name":"M\u00e9xico anuncia millonaria inversi\u00f3n en proyectos h\u00eddricos hasta 2030"}]},{"@type":"WebSite","@id":"https:\/\/quehacerpolitico.mx\/#website","url":"https:\/\/quehacerpolitico.mx\/","name":"","description":"","potentialAction":[{"@type":"SearchAction","target":{"@type":"EntryPoint","urlTemplate":"https:\/\/quehacerpolitico.mx\/?s={search_term_string}"},"query-input":{"@type":"PropertyValueSpecification","valueRequired":true,"valueName":"search_term_string"}}],"inLanguage":"es"},{"@type":"Person","@id":"https:\/\/quehacerpolitico.mx\/#\/schema\/person\/496d8ad2d1d3f8036101dca7ee39e585","name":"Redacci\u00f3n QP","image":{"@type":"ImageObject","inLanguage":"es","@id":"https:\/\/secure.gravatar.com\/avatar\/c7164ed6fdec453195284ad24a5ae5b6e1eed2b848477fa2a4787ba9adf39a41?s=96&d=mm&r=g","url":"https:\/\/secure.gravatar.com\/avatar\/c7164ed6fdec453195284ad24a5ae5b6e1eed2b848477fa2a4787ba9adf39a41?s=96&d=mm&r=g","contentUrl":"https:\/\/secure.gravatar.com\/avatar\/c7164ed6fdec453195284ad24a5ae5b6e1eed2b848477fa2a4787ba9adf39a41?s=96&d=mm&r=g","caption":"Redacci\u00f3n QP"},"url":"https:\/\/quehacerpolitico.mx\/?author=2"}]}},"featured_image_urls":{"full":["https:\/\/quehacerpolitico.mx\/wp-content\/uploads\/2025\/03\/IMG_1156-1.jpeg",1079,769,false],"thumbnail":["https:\/\/quehacerpolitico.mx\/wp-content\/uploads\/2025\/03\/IMG_1156-1-150x150.jpeg",150,150,true],"medium":["https:\/\/quehacerpolitico.mx\/wp-content\/uploads\/2025\/03\/IMG_1156-1-300x214.jpeg",300,214,true],"medium_large":["https:\/\/quehacerpolitico.mx\/wp-content\/uploads\/2025\/03\/IMG_1156-1-768x547.jpeg",640,456,true],"large":["https:\/\/quehacerpolitico.mx\/wp-content\/uploads\/2025\/03\/IMG_1156-1-1024x730.jpeg",640,456,true],"1536x1536":["https:\/\/quehacerpolitico.mx\/wp-content\/uploads\/2025\/03\/IMG_1156-1.jpeg",1079,769,false],"2048x2048":["https:\/\/quehacerpolitico.mx\/wp-content\/uploads\/2025\/03\/IMG_1156-1.jpeg",1079,769,false],"covernews-featured":["https:\/\/quehacerpolitico.mx\/wp-content\/uploads\/2025\/03\/IMG_1156-1-1024x730.jpeg",1024,730,true],"covernews-medium":["https:\/\/quehacerpolitico.mx\/wp-content\/uploads\/2025\/03\/IMG_1156-1-540x340.jpeg",540,340,true]},"author_info":{"display_name":"Redacci\u00f3n QP","author_link":"https:\/\/quehacerpolitico.mx\/?author=2"},"category_info":"<a href=\"https:\/\/quehacerpolitico.mx\/?cat=280\" rel=\"category\">Nacionales<\/a> <a href=\"https:\/\/quehacerpolitico.mx\/?cat=2\" rel=\"category\">Noticias<\/a>","tag_info":"Noticias","comment_count":"0","_links":{"self":[{"href":"https:\/\/quehacerpolitico.mx\/index.php?rest_route=\/wp\/v2\/posts\/115263","targetHints":{"allow":["GET"]}}],"collection":[{"href":"https:\/\/quehacerpolitico.mx\/index.php?rest_route=\/wp\/v2\/posts"}],"about":[{"href":"https:\/\/quehacerpolitico.mx\/index.php?rest_route=\/wp\/v2\/types\/post"}],"author":[{"embeddable":true,"href":"https:\/\/quehacerpolitico.mx\/index.php?rest_route=\/wp\/v2\/users\/2"}],"replies":[{"embeddable":true,"href":"https:\/\/quehacerpolitico.mx\/index.php?rest_route=%2Fwp%2Fv2%2Fcomments&post=115263"}],"version-history":[{"count":1,"href":"https:\/\/quehacerpolitico.mx\/index.php?rest_route=\/wp\/v2\/posts\/115263\/revisions"}],"predecessor-version":[{"id":115266,"href":"https:\/\/quehacerpolitico.mx\/index.php?rest_route=\/wp\/v2\/posts\/115263\/revisions\/115266"}],"wp:featuredmedia":[{"embeddable":true,"href":"https:\/\/quehacerpolitico.mx\/index.php?rest_route=\/wp\/v2\/media\/115265"}],"wp:attachment":[{"href":"https:\/\/quehacerpolitico.mx\/index.php?rest_route=%2Fwp%2Fv2%2Fmedia&parent=115263"}],"wp:term":[{"taxonomy":"category","embeddable":true,"href":"https:\/\/quehacerpolitico.mx\/index.php?rest_route=%2Fwp%2Fv2%2Fcategories&post=115263"},{"taxonomy":"post_tag","embeddable":true,"href":"https:\/\/quehacerpolitico.mx\/index.php?rest_route=%2Fwp%2Fv2%2Ftags&post=115263"}],"curies":[{"name":"wp","href":"https:\/\/api.w.org\/{rel}","templated":true}]}}