{"id":115242,"date":"2025-03-10T13:10:19","date_gmt":"2025-03-10T19:10:19","guid":{"rendered":"https:\/\/quehacerpolitico.mx\/?p=115242"},"modified":"2025-03-10T13:10:22","modified_gmt":"2025-03-10T19:10:22","slug":"sheinbaum-dice-estar-del-lado-de-las-victimas-de-desaparicion-y-feminicidio-tras-marchas-del-8m","status":"publish","type":"post","link":"https:\/\/quehacerpolitico.mx\/?p=115242","title":{"rendered":"Sheinbaum dice estar del lado de las v\u00edctimas de desaparici\u00f3n y feminicidio tras marchas del 8M"},"content":{"rendered":"\n<p>Por Redacci\u00f3n QP<\/p>\n\n\n\n<p>La mandatario dijo que en su administraci\u00f3n est\u00e1n trabajando en distintas \u00e1reas para avanzar en la localizaci\u00f3n de personas desaparecidas, como mejorar las bases de datos<\/p>\n\n\n\n<p><strong>La presidenta Claudia Sheinbaum&nbsp;se comprometi\u00f3 a estar siempre del lado de las v\u00edctimas<\/strong>, tras&nbsp;los reclamos de familiares de v\u00edctimas de feminicidio y desaparici\u00f3n que en la&nbsp;<strong>marcha del 8M&nbsp;<\/strong>cuestionaron a la mandataria que en su gobierno &#8220;<strong>no llegaron todas<\/strong>&#8220;.<\/p>\n\n\n\n<p>En la conferencia matutina de hoy, cuestionada sobre las demandas de&nbsp;<strong>madres y familiares de v\u00edctimas de violencia&nbsp;<\/strong>que no han sido recibidos en Palacio Nacional, dijo que&nbsp;tanto la&nbsp;<strong>Secretar\u00eda de Gobernaci\u00f3n&nbsp;<\/strong>como la&nbsp;<strong>Comisi\u00f3n de B\u00fasqueda<\/strong>&nbsp;han sostenido reuniones con algunos grupos de madres y familias buscadoras.<\/p>\n\n\n\n<p>&#8220;Se han estado reuniendo, a lo mejor no con estos colectivos, pero con otros, y nuestra apertura (es) para&nbsp;<strong>reunirnos con todos los colectivos<\/strong>&#8220;, sostuvo la mandataria.<\/p>\n\n\n\n<p>Sheinbaum a\u00f1adi\u00f3 que en su administraci\u00f3n est\u00e1n trabajando en distintas \u00e1reas para avanzar en la&nbsp;<strong>localizaci\u00f3n de personas desaparecidas<\/strong>, como mejorar las bases de datos, donde persisten las&nbsp;<strong>deficiencias de informaci\u00f3n<\/strong>.<\/p>\n\n\n\n<p>Argument\u00f3 que muchas personas que estaban consideradas como desaparecidas durante el sexenio anterior&nbsp;<strong>regresaron a sus casas sin haber avisado a la fiscal\u00eda&nbsp;<\/strong>correspondiente, pero fueron identificadas y visitadas en sus domicilios luego de cotejar datos durante la vacunaci\u00f3n contra la&nbsp;<strong>Covid-19<\/strong>.<\/p>\n\n\n\n<p>Sheinbaum tambi\u00e9n consider\u00f3 prioritario seguir avanzando en el&nbsp;<strong>an\u00e1lisis del contexto de las desapariciones<\/strong>, el trabajo de las comisiones de b\u00fasqueda y profesionalizar m\u00e1s el trabajo de las fiscal\u00edas.<\/p>\n\n\n\n<p>&#8220;Este es un trabajo que estamos desarrollando y obviamente, pues la Secretaria de Gobernaci\u00f3n que trabaje con los colectivos de desaparecidas, y no,&nbsp;<strong>nunca nos vamos a confrontar con una madre que su hijo, su hija, su hermano, un familiar,&nbsp;desapareci\u00f3<\/strong>. Podemos tener puntos de vista distintos, eso s\u00ed, pero nosotros no nos vamos a confrontar con ellos&#8221;, asegur\u00f3.<\/p>\n\n\n\n<p>En M\u00e9xico, a la fecha suman m\u00e1s de 120 mil&nbsp;personas desaparecidas, seg\u00fan datos del Registro Nacional de Personas Desaparecidas y No localizadas (RNPDNO).&nbsp;<\/p>\n\n\n\n<p>No obstante, durante el gobierno del expresidente Andr\u00e9s Manuel L\u00f3pez Obrador (2018-2024),&nbsp;<strong>madres y familias buscadoras denunciaron el borrado al menos 15 mil personas desaparecidas&nbsp;<\/strong>del censo oficial.&nbsp;<\/p>\n\n\n\n<p>Las declaraciones de Sheinbaum ocurren en medio de los reclamos de familiares de&nbsp;<strong>v\u00edctimas de feminicidio&nbsp;<\/strong>en M\u00e9xico que desde el lunes pasado se plantaron a las afueras de&nbsp;<strong>Palacio Nacional&nbsp;<\/strong>en espera de una reuni\u00f3n con la presidenta, y denunciaron encapsulamiento por parte de las autoridades durante la asamblea informativa del domingo en el Z\u00f3calo.&nbsp;<\/p>\n\n\n\n<p>En 2024&nbsp;se registraron 3 mil 403 asesinatos de mujeres en el pa\u00eds, de los que 839 se investigan como&nbsp;<strong>feminicidios<\/strong>,&nbsp;cr\u00edmenes por razones de g\u00e9nero, y 2 mil 564 como&nbsp;<strong>homicidios dolosos<\/strong>, seg\u00fan el \u00faltimo reporte del Secretariado Ejecutivo del Sistema Nacional de Seguridad P\u00fablica (SESNSP).<\/p>\n\n\n\n<p>Con informaci\u00f3n de EFE<\/p>\n","protected":false},"excerpt":{"rendered":"<p>Por Redacci\u00f3n QP La mandatario dijo que en su administraci\u00f3n est\u00e1n trabajando en distintas \u00e1reas&#8230;<\/p>\n","protected":false},"author":2,"featured_media":115244,"comment_status":"open","ping_status":"open","sticky":false,"template":"","format":"standard","meta":{"_monsterinsights_skip_tracking":false,"_monsterinsights_sitenote_active":false,"_monsterinsights_sitenote_note":"","_monsterinsights_sitenote_category":0,"footnotes":""},"categories":[280,2],"tags":[],"class_list":["post-115242","post","type-post","status-publish","format-standard","has-post-thumbnail","hentry","category-nacionales","category-noticias"],"yoast_head":"<!-- This site is optimized with the Yoast SEO plugin v27.3 - https:\/\/yoast.com\/product\/yoast-seo-wordpress\/ -->\n<title>Sheinbaum dice estar del lado de las v\u00edctimas de desaparici\u00f3n y feminicidio tras marchas del 8M -<\/title>\n<meta name=\"robots\" content=\"index, follow, max-snippet:-1, max-image-preview:large, max-video-preview:-1\" \/>\n<link rel=\"canonical\" href=\"https:\/\/quehacerpolitico.mx\/?p=115242\" \/>\n<meta property=\"og:locale\" content=\"es_MX\" \/>\n<meta property=\"og:type\" content=\"article\" \/>\n<meta property=\"og:title\" content=\"Sheinbaum dice estar del lado de las v\u00edctimas de desaparici\u00f3n y feminicidio tras marchas del 8M -\" \/>\n<meta property=\"og:description\" content=\"Por Redacci\u00f3n QP La mandatario dijo que en su administraci\u00f3n est\u00e1n trabajando en distintas \u00e1reas...\" \/>\n<meta property=\"og:url\" content=\"https:\/\/quehacerpolitico.mx\/?p=115242\" \/>\n<meta property=\"article:published_time\" content=\"2025-03-10T19:10:19+00:00\" \/>\n<meta property=\"article:modified_time\" content=\"2025-03-10T19:10:22+00:00\" \/>\n<meta property=\"og:image\" content=\"https:\/\/quehacerpolitico.mx\/wp-content\/uploads\/2025\/03\/IMG_1110-1.jpeg\" \/>\n\t<meta property=\"og:image:width\" content=\"1284\" \/>\n\t<meta property=\"og:image:height\" content=\"716\" \/>\n\t<meta property=\"og:image:type\" content=\"image\/jpeg\" \/>\n<meta name=\"author\" content=\"Redacci\u00f3n QP\" \/>\n<meta name=\"twitter:card\" content=\"summary_large_image\" \/>\n<meta name=\"twitter:label1\" content=\"Escrito por\" \/>\n\t<meta name=\"twitter:data1\" content=\"Redacci\u00f3n QP\" \/>\n\t<meta name=\"twitter:label2\" content=\"Tiempo de lectura\" \/>\n\t<meta name=\"twitter:data2\" content=\"3 minutos\" \/>\n<script type=\"application\/ld+json\" class=\"yoast-schema-graph\">{\"@context\":\"https:\\\/\\\/schema.org\",\"@graph\":[{\"@type\":\"Article\",\"@id\":\"https:\\\/\\\/quehacerpolitico.mx\\\/?p=115242#article\",\"isPartOf\":{\"@id\":\"https:\\\/\\\/quehacerpolitico.mx\\\/?p=115242\"},\"author\":{\"name\":\"Redacci\u00f3n QP\",\"@id\":\"https:\\\/\\\/quehacerpolitico.mx\\\/#\\\/schema\\\/person\\\/496d8ad2d1d3f8036101dca7ee39e585\"},\"headline\":\"Sheinbaum dice estar del lado de las v\u00edctimas de desaparici\u00f3n y feminicidio tras marchas del 8M\",\"datePublished\":\"2025-03-10T19:10:19+00:00\",\"dateModified\":\"2025-03-10T19:10:22+00:00\",\"mainEntityOfPage\":{\"@id\":\"https:\\\/\\\/quehacerpolitico.mx\\\/?p=115242\"},\"wordCount\":551,\"commentCount\":0,\"image\":{\"@id\":\"https:\\\/\\\/quehacerpolitico.mx\\\/?p=115242#primaryimage\"},\"thumbnailUrl\":\"https:\\\/\\\/quehacerpolitico.mx\\\/wp-content\\\/uploads\\\/2025\\\/03\\\/IMG_1110-1.jpeg\",\"articleSection\":[\"Nacionales\",\"Noticias\"],\"inLanguage\":\"es\",\"potentialAction\":[{\"@type\":\"CommentAction\",\"name\":\"Comment\",\"target\":[\"https:\\\/\\\/quehacerpolitico.mx\\\/?p=115242#respond\"]}]},{\"@type\":\"WebPage\",\"@id\":\"https:\\\/\\\/quehacerpolitico.mx\\\/?p=115242\",\"url\":\"https:\\\/\\\/quehacerpolitico.mx\\\/?p=115242\",\"name\":\"Sheinbaum dice estar del lado de las v\u00edctimas de desaparici\u00f3n y feminicidio tras marchas del 8M -\",\"isPartOf\":{\"@id\":\"https:\\\/\\\/quehacerpolitico.mx\\\/#website\"},\"primaryImageOfPage\":{\"@id\":\"https:\\\/\\\/quehacerpolitico.mx\\\/?p=115242#primaryimage\"},\"image\":{\"@id\":\"https:\\\/\\\/quehacerpolitico.mx\\\/?p=115242#primaryimage\"},\"thumbnailUrl\":\"https:\\\/\\\/quehacerpolitico.mx\\\/wp-content\\\/uploads\\\/2025\\\/03\\\/IMG_1110-1.jpeg\",\"datePublished\":\"2025-03-10T19:10:19+00:00\",\"dateModified\":\"2025-03-10T19:10:22+00:00\",\"author\":{\"@id\":\"https:\\\/\\\/quehacerpolitico.mx\\\/#\\\/schema\\\/person\\\/496d8ad2d1d3f8036101dca7ee39e585\"},\"breadcrumb\":{\"@id\":\"https:\\\/\\\/quehacerpolitico.mx\\\/?p=115242#breadcrumb\"},\"inLanguage\":\"es\",\"potentialAction\":[{\"@type\":\"ReadAction\",\"target\":[\"https:\\\/\\\/quehacerpolitico.mx\\\/?p=115242\"]}]},{\"@type\":\"ImageObject\",\"inLanguage\":\"es\",\"@id\":\"https:\\\/\\\/quehacerpolitico.mx\\\/?p=115242#primaryimage\",\"url\":\"https:\\\/\\\/quehacerpolitico.mx\\\/wp-content\\\/uploads\\\/2025\\\/03\\\/IMG_1110-1.jpeg\",\"contentUrl\":\"https:\\\/\\\/quehacerpolitico.mx\\\/wp-content\\\/uploads\\\/2025\\\/03\\\/IMG_1110-1.jpeg\",\"width\":1284,\"height\":716,\"caption\":\"Screenshot\"},{\"@type\":\"BreadcrumbList\",\"@id\":\"https:\\\/\\\/quehacerpolitico.mx\\\/?p=115242#breadcrumb\",\"itemListElement\":[{\"@type\":\"ListItem\",\"position\":1,\"name\":\"Inicio\",\"item\":\"https:\\\/\\\/quehacerpolitico.mx\\\/\"},{\"@type\":\"ListItem\",\"position\":2,\"name\":\"Sheinbaum dice estar del lado de las v\u00edctimas de desaparici\u00f3n y feminicidio tras marchas del 8M\"}]},{\"@type\":\"WebSite\",\"@id\":\"https:\\\/\\\/quehacerpolitico.mx\\\/#website\",\"url\":\"https:\\\/\\\/quehacerpolitico.mx\\\/\",\"name\":\"\",\"description\":\"\",\"potentialAction\":[{\"@type\":\"SearchAction\",\"target\":{\"@type\":\"EntryPoint\",\"urlTemplate\":\"https:\\\/\\\/quehacerpolitico.mx\\\/?s={search_term_string}\"},\"query-input\":{\"@type\":\"PropertyValueSpecification\",\"valueRequired\":true,\"valueName\":\"search_term_string\"}}],\"inLanguage\":\"es\"},{\"@type\":\"Person\",\"@id\":\"https:\\\/\\\/quehacerpolitico.mx\\\/#\\\/schema\\\/person\\\/496d8ad2d1d3f8036101dca7ee39e585\",\"name\":\"Redacci\u00f3n QP\",\"image\":{\"@type\":\"ImageObject\",\"inLanguage\":\"es\",\"@id\":\"https:\\\/\\\/secure.gravatar.com\\\/avatar\\\/c7164ed6fdec453195284ad24a5ae5b6e1eed2b848477fa2a4787ba9adf39a41?s=96&d=mm&r=g\",\"url\":\"https:\\\/\\\/secure.gravatar.com\\\/avatar\\\/c7164ed6fdec453195284ad24a5ae5b6e1eed2b848477fa2a4787ba9adf39a41?s=96&d=mm&r=g\",\"contentUrl\":\"https:\\\/\\\/secure.gravatar.com\\\/avatar\\\/c7164ed6fdec453195284ad24a5ae5b6e1eed2b848477fa2a4787ba9adf39a41?s=96&d=mm&r=g\",\"caption\":\"Redacci\u00f3n QP\"},\"url\":\"https:\\\/\\\/quehacerpolitico.mx\\\/?author=2\"}]}<\/script>\n<!-- \/ Yoast SEO plugin. -->","yoast_head_json":{"title":"Sheinbaum dice estar del lado de las v\u00edctimas de desaparici\u00f3n y feminicidio tras marchas del 8M -","robots":{"index":"index","follow":"follow","max-snippet":"max-snippet:-1","max-image-preview":"max-image-preview:large","max-video-preview":"max-video-preview:-1"},"canonical":"https:\/\/quehacerpolitico.mx\/?p=115242","og_locale":"es_MX","og_type":"article","og_title":"Sheinbaum dice estar del lado de las v\u00edctimas de desaparici\u00f3n y feminicidio tras marchas del 8M -","og_description":"Por Redacci\u00f3n QP La mandatario dijo que en su administraci\u00f3n est\u00e1n trabajando en distintas \u00e1reas...","og_url":"https:\/\/quehacerpolitico.mx\/?p=115242","article_published_time":"2025-03-10T19:10:19+00:00","article_modified_time":"2025-03-10T19:10:22+00:00","og_image":[{"width":1284,"height":716,"url":"https:\/\/quehacerpolitico.mx\/wp-content\/uploads\/2025\/03\/IMG_1110-1.jpeg","type":"image\/jpeg"}],"author":"Redacci\u00f3n QP","twitter_card":"summary_large_image","twitter_misc":{"Escrito por":"Redacci\u00f3n QP","Tiempo de lectura":"3 minutos"},"schema":{"@context":"https:\/\/schema.org","@graph":[{"@type":"Article","@id":"https:\/\/quehacerpolitico.mx\/?p=115242#article","isPartOf":{"@id":"https:\/\/quehacerpolitico.mx\/?p=115242"},"author":{"name":"Redacci\u00f3n QP","@id":"https:\/\/quehacerpolitico.mx\/#\/schema\/person\/496d8ad2d1d3f8036101dca7ee39e585"},"headline":"Sheinbaum dice estar del lado de las v\u00edctimas de desaparici\u00f3n y feminicidio tras marchas del 8M","datePublished":"2025-03-10T19:10:19+00:00","dateModified":"2025-03-10T19:10:22+00:00","mainEntityOfPage":{"@id":"https:\/\/quehacerpolitico.mx\/?p=115242"},"wordCount":551,"commentCount":0,"image":{"@id":"https:\/\/quehacerpolitico.mx\/?p=115242#primaryimage"},"thumbnailUrl":"https:\/\/quehacerpolitico.mx\/wp-content\/uploads\/2025\/03\/IMG_1110-1.jpeg","articleSection":["Nacionales","Noticias"],"inLanguage":"es","potentialAction":[{"@type":"CommentAction","name":"Comment","target":["https:\/\/quehacerpolitico.mx\/?p=115242#respond"]}]},{"@type":"WebPage","@id":"https:\/\/quehacerpolitico.mx\/?p=115242","url":"https:\/\/quehacerpolitico.mx\/?p=115242","name":"Sheinbaum dice estar del lado de las v\u00edctimas de desaparici\u00f3n y feminicidio tras marchas del 8M -","isPartOf":{"@id":"https:\/\/quehacerpolitico.mx\/#website"},"primaryImageOfPage":{"@id":"https:\/\/quehacerpolitico.mx\/?p=115242#primaryimage"},"image":{"@id":"https:\/\/quehacerpolitico.mx\/?p=115242#primaryimage"},"thumbnailUrl":"https:\/\/quehacerpolitico.mx\/wp-content\/uploads\/2025\/03\/IMG_1110-1.jpeg","datePublished":"2025-03-10T19:10:19+00:00","dateModified":"2025-03-10T19:10:22+00:00","author":{"@id":"https:\/\/quehacerpolitico.mx\/#\/schema\/person\/496d8ad2d1d3f8036101dca7ee39e585"},"breadcrumb":{"@id":"https:\/\/quehacerpolitico.mx\/?p=115242#breadcrumb"},"inLanguage":"es","potentialAction":[{"@type":"ReadAction","target":["https:\/\/quehacerpolitico.mx\/?p=115242"]}]},{"@type":"ImageObject","inLanguage":"es","@id":"https:\/\/quehacerpolitico.mx\/?p=115242#primaryimage","url":"https:\/\/quehacerpolitico.mx\/wp-content\/uploads\/2025\/03\/IMG_1110-1.jpeg","contentUrl":"https:\/\/quehacerpolitico.mx\/wp-content\/uploads\/2025\/03\/IMG_1110-1.jpeg","width":1284,"height":716,"caption":"Screenshot"},{"@type":"BreadcrumbList","@id":"https:\/\/quehacerpolitico.mx\/?p=115242#breadcrumb","itemListElement":[{"@type":"ListItem","position":1,"name":"Inicio","item":"https:\/\/quehacerpolitico.mx\/"},{"@type":"ListItem","position":2,"name":"Sheinbaum dice estar del lado de las v\u00edctimas de desaparici\u00f3n y feminicidio tras marchas del 8M"}]},{"@type":"WebSite","@id":"https:\/\/quehacerpolitico.mx\/#website","url":"https:\/\/quehacerpolitico.mx\/","name":"","description":"","potentialAction":[{"@type":"SearchAction","target":{"@type":"EntryPoint","urlTemplate":"https:\/\/quehacerpolitico.mx\/?s={search_term_string}"},"query-input":{"@type":"PropertyValueSpecification","valueRequired":true,"valueName":"search_term_string"}}],"inLanguage":"es"},{"@type":"Person","@id":"https:\/\/quehacerpolitico.mx\/#\/schema\/person\/496d8ad2d1d3f8036101dca7ee39e585","name":"Redacci\u00f3n QP","image":{"@type":"ImageObject","inLanguage":"es","@id":"https:\/\/secure.gravatar.com\/avatar\/c7164ed6fdec453195284ad24a5ae5b6e1eed2b848477fa2a4787ba9adf39a41?s=96&d=mm&r=g","url":"https:\/\/secure.gravatar.com\/avatar\/c7164ed6fdec453195284ad24a5ae5b6e1eed2b848477fa2a4787ba9adf39a41?s=96&d=mm&r=g","contentUrl":"https:\/\/secure.gravatar.com\/avatar\/c7164ed6fdec453195284ad24a5ae5b6e1eed2b848477fa2a4787ba9adf39a41?s=96&d=mm&r=g","caption":"Redacci\u00f3n QP"},"url":"https:\/\/quehacerpolitico.mx\/?author=2"}]}},"featured_image_urls":{"full":["https:\/\/quehacerpolitico.mx\/wp-content\/uploads\/2025\/03\/IMG_1110-1.jpeg",1284,716,false],"thumbnail":["https:\/\/quehacerpolitico.mx\/wp-content\/uploads\/2025\/03\/IMG_1110-1-150x150.jpeg",150,150,true],"medium":["https:\/\/quehacerpolitico.mx\/wp-content\/uploads\/2025\/03\/IMG_1110-1-300x167.jpeg",300,167,true],"medium_large":["https:\/\/quehacerpolitico.mx\/wp-content\/uploads\/2025\/03\/IMG_1110-1-768x428.jpeg",640,357,true],"large":["https:\/\/quehacerpolitico.mx\/wp-content\/uploads\/2025\/03\/IMG_1110-1-1024x571.jpeg",640,357,true],"1536x1536":["https:\/\/quehacerpolitico.mx\/wp-content\/uploads\/2025\/03\/IMG_1110-1.jpeg",1284,716,false],"2048x2048":["https:\/\/quehacerpolitico.mx\/wp-content\/uploads\/2025\/03\/IMG_1110-1.jpeg",1284,716,false],"covernews-featured":["https:\/\/quehacerpolitico.mx\/wp-content\/uploads\/2025\/03\/IMG_1110-1-1024x571.jpeg",1024,571,true],"covernews-medium":["https:\/\/quehacerpolitico.mx\/wp-content\/uploads\/2025\/03\/IMG_1110-1-540x340.jpeg",540,340,true]},"author_info":{"display_name":"Redacci\u00f3n QP","author_link":"https:\/\/quehacerpolitico.mx\/?author=2"},"category_info":"<a href=\"https:\/\/quehacerpolitico.mx\/?cat=280\" rel=\"category\">Nacionales<\/a> <a href=\"https:\/\/quehacerpolitico.mx\/?cat=2\" rel=\"category\">Noticias<\/a>","tag_info":"Noticias","comment_count":"0","_links":{"self":[{"href":"https:\/\/quehacerpolitico.mx\/index.php?rest_route=\/wp\/v2\/posts\/115242","targetHints":{"allow":["GET"]}}],"collection":[{"href":"https:\/\/quehacerpolitico.mx\/index.php?rest_route=\/wp\/v2\/posts"}],"about":[{"href":"https:\/\/quehacerpolitico.mx\/index.php?rest_route=\/wp\/v2\/types\/post"}],"author":[{"embeddable":true,"href":"https:\/\/quehacerpolitico.mx\/index.php?rest_route=\/wp\/v2\/users\/2"}],"replies":[{"embeddable":true,"href":"https:\/\/quehacerpolitico.mx\/index.php?rest_route=%2Fwp%2Fv2%2Fcomments&post=115242"}],"version-history":[{"count":1,"href":"https:\/\/quehacerpolitico.mx\/index.php?rest_route=\/wp\/v2\/posts\/115242\/revisions"}],"predecessor-version":[{"id":115245,"href":"https:\/\/quehacerpolitico.mx\/index.php?rest_route=\/wp\/v2\/posts\/115242\/revisions\/115245"}],"wp:featuredmedia":[{"embeddable":true,"href":"https:\/\/quehacerpolitico.mx\/index.php?rest_route=\/wp\/v2\/media\/115244"}],"wp:attachment":[{"href":"https:\/\/quehacerpolitico.mx\/index.php?rest_route=%2Fwp%2Fv2%2Fmedia&parent=115242"}],"wp:term":[{"taxonomy":"category","embeddable":true,"href":"https:\/\/quehacerpolitico.mx\/index.php?rest_route=%2Fwp%2Fv2%2Fcategories&post=115242"},{"taxonomy":"post_tag","embeddable":true,"href":"https:\/\/quehacerpolitico.mx\/index.php?rest_route=%2Fwp%2Fv2%2Ftags&post=115242"}],"curies":[{"name":"wp","href":"https:\/\/api.w.org\/{rel}","templated":true}]}}